{"id":86012,"date":"2022-08-17T18:07:16","date_gmt":"2022-08-17T21:07:16","guid":{"rendered":"https:\/\/www.gaveanews.com\/?p=86012"},"modified":"2024-01-28T11:28:15","modified_gmt":"2024-01-28T14:28:15","slug":"saiu-veja-a-escalacao-do-flamengo-para-o-jogo-contra-o-athletico-pr-pela-copa-do-brasil-2","status":"publish","type":"post","link":"https:\/\/www.gaveanews.com\/index.php\/2022\/08\/17\/saiu-veja-a-escalacao-do-flamengo-para-o-jogo-contra-o-athletico-pr-pela-copa-do-brasil-2\/","title":{"rendered":"Saiu! Veja a escala\u00e7\u00e3o do Flamengo para o jogo contra o Athletico-PR pela Copa do Brasil"},"content":{"rendered":"\r\n<p>Nesta noite Flamengo e Athletico-PR se enfrentam no duelo decisivo pelas quartas de final da Copa do Brasil. A bola rola para os rubro-negros \u00e0s 21h30 (hor\u00e1rio de Bras\u00edlia), na Arena da Baixada.<\/p>\r\n\r\n\r\n\r\n<p>Apesar da anima\u00e7\u00e3o com a goleada por 5 a 0 do \u00faltimo final de semana, vale destacar que o duelo desta noite ter\u00e1 um cen\u00e1rio bem diferente. No jogo passado os clubes se enfrentaram com times alternativos, e desta vez ser\u00e1 o momento dos elencos principais.<\/p>\r\n\r\n\r\n\r\n<p>A Arena da Baixada estar\u00e1 em sua capacidade m\u00e1xima. As cargas de ingressos para atleticanos e flamenguistas foi esgotada na v\u00e9spera do jogo. O G\u00e1vea News preparou um resumo com todas as principais informa\u00e7\u00f5es da partida. Leia abaixo:<\/p>\r\n\r\n\r\n\r\n<h2 class=\"wp-block-heading\" id=\"h-transmissao\">Transmiss\u00e3o:<\/h2>\r\n\r\n\r\n\r\n<p>A TV\u00a0Globo disponibiliza a cobertura do evento para quase todo o Brasil. As exce\u00e7\u00f5es s\u00e3o os estados de S\u00e3o Paulo e Goi\u00e1s, onde ser\u00e1 transmitido Corinthians x Atl\u00e9tico-GO. A narra\u00e7\u00e3o ser\u00e1 de Lu\u00eds Roberto e coment\u00e1rios de Junior, Roger Flores e Sandro Meira Ricci.<\/p>\r\n\r\n\r\n\r\n<p>No SporTV a transmiss\u00e3o fica por conta de Gustavo Villani, com coment\u00e1rios de L\u00e9dio Carmona, Pedrinho e Fernanda Colombo.<\/p>\r\n\r\n\r\n\r\n<h2 class=\"wp-block-heading\" id=\"h-momento-do-athletico-pr\">Momento do Athletico-PR:<\/h2>\r\n\r\n\r\n\r\n<p>Um dos \u00fanicos brasileiros vivos nas tr\u00eas principais competi\u00e7\u00f5es, o Athletico tenta se manter em alta em meio \u00e0 agenda cheia. A equipe enfrenta o Palmeiras nas semifinais da Libertadores e foi ultrapassada pelo Flamengo no Brasileir\u00e3o na rodada passada, quando foi goleada por 5 a 0 no Maracan\u00e3.<\/p>\r\n\r\n\r\n\r\n<h2 class=\"wp-block-heading\" id=\"h-desfalques\">Desfalques:<\/h2>\r\n\r\n\r\n\r\n<p>David Luiz e Thiago Maia est\u00e3o suspensos, Rodrigo Caio e Bruno Henrique se recuperam de les\u00f5es no joelho e Diego Alves est\u00e1 em fase final de condicionamento f\u00edsico.<\/p>\r\n\r\n\r\n\r\n<h2 class=\"wp-block-heading\" id=\"h-pendurados\">Pendurados:<\/h2>\r\n\r\n\r\n\r\n<p>O Flamengo entra em campo com dois jogadores a um cart\u00e3o amarelo de serem suspensos. S\u00e3o eles: Gabigol e Everton Ribeiro.<\/p>\r\n\r\n\r\n\r\n\r\n\r\n\r\n\r\n<h2 class=\"wp-block-heading\" id=\"h-escalacao-do-flamengo\">Escala\u00e7\u00e3o do Flamengo:<\/h2>\r\n\r\n\r\n\r\n<p>Santos, Rodinei, Fabr\u00edcio Bruno, L\u00e9o Pereira e Filipe Lu\u00eds; Jo\u00e3o Gomes, Vidal, Everton Ribeiro e Arrascaeta; Gabigol e Pedro.<\/p>\r\n\r\n\r\n\r\n<h2 class=\"wp-block-heading\" id=\"h-banco-de-reservas\">Banco de reservas:<\/h2>\r\n\r\n\r\n\r\n<p><em>Em instantes.<\/em><\/p>\r\n\r\n\r\n\r\n<h2 class=\"wp-block-heading\" id=\"h-escalacao-do-athletico-pr\">Escala\u00e7\u00e3o do Athletico-PR:<\/h2>\r\n\r\n\r\n\r\n<p><em>Em instantes.<\/em><\/p>\r\n\r\n\r\n\r\n<h2 class=\"wp-block-heading\" id=\"h-arbitragem\">Arbitragem<\/h2>\r\n\r\n\r\n\r\n<ul class=\"wp-block-list\">\r\n<li><strong>\u00c1rbitro:\u00a0<\/strong>Raphael Claus (FIFA-SP)<\/li>\r\n<li><strong>Assistente 1:<\/strong>\u00a0Danilo Ricardo Simon Manis (FIFA-SP)<\/li>\r\n<li><strong>Assistente 2: <\/strong>Neuza In\u00eas Back (FIFA-SP)<\/li>\r\n<li><strong>Quarto \u00e1rbitro:<\/strong>\u00a0Lucas Paulo Torezin (PR)<\/li>\r\n<li><strong>VAR:<\/strong>\u00a0Rodrigo Guarizo Ferreira do Amaral (FIFA-SP)<\/li>\r\n<\/ul>\r\n\r\n\r\n\r\n<h2 class=\"wp-block-heading\" id=\"h-sua-opiniao\">Sua opini\u00e3o!<\/h2>\r\n\r\n\r\n\r\n<p>Confiante no Flamengo com a escala\u00e7\u00e3o desta noite, torcedor? Conte sua opini\u00e3o sobre o confronto decisivo nos coment\u00e1rios abaixo!<\/p>\r\n","protected":false},"excerpt":{"rendered":"<p>Nesta noite Flamengo e Athletico-PR se enfrentam no duelo decisivo pelas quartas de final da Copa do Brasil. A bola rola para os rubro-negros \u00e0s 21h30 (hor\u00e1rio de Bras\u00edlia), na Arena da Baixada. Apesar da anima\u00e7\u00e3o com a goleada por 5 a 0 do \u00faltimo final de semana, vale destacar que o duelo desta noite [&hellip;]<\/p>\n","protected":false},"author":4,"featured_media":83199,"comment_status":"open","ping_status":"closed","sticky":false,"template":"","format":"standard","meta":{"footnotes":""},"categories":[1],"tags":[],"class_list":["post-86012","post","type-post","status-publish","format-standard","has-post-thumbnail","hentry","category-flamengo"],"yoast_head":"<!-- This site is optimized with the Yoast SEO Premium plugin v24.2 (Yoast SEO v26.9) - https:\/\/yoast.com\/product\/yoast-seo-premium-wordpress\/ -->\n<title>Saiu! Veja a escala\u00e7\u00e3o do Flamengo para o jogo contra o Athletico-PR pela Copa do Brasil<\/title>\n<meta name=\"robots\" content=\"index, follow, max-snippet:-1, max-image-preview:large, max-video-preview:-1\" \/>\n<link rel=\"canonical\" href=\"https:\/\/www.gaveanews.com\/index.php\/2022\/08\/17\/saiu-veja-a-escalacao-do-flamengo-para-o-jogo-contra-o-athletico-pr-pela-copa-do-brasil-2\/\" \/>\n<meta property=\"og:locale\" content=\"pt_BR\" \/>\n<meta property=\"og:type\" content=\"article\" \/>\n<meta property=\"og:title\" content=\"Saiu! Veja a escala\u00e7\u00e3o do Flamengo para o jogo contra o Athletico-PR pela Copa do Brasil\" \/>\n<meta property=\"og:description\" content=\"Nesta noite Flamengo e Athletico-PR se enfrentam no duelo decisivo pelas quartas de final da Copa do Brasil. A bola rola para os rubro-negros \u00e0s 21h30 (hor\u00e1rio de Bras\u00edlia), na Arena da Baixada. Apesar da anima\u00e7\u00e3o com a goleada por 5 a 0 do \u00faltimo final de semana, vale destacar que o duelo desta noite [&hellip;]\" \/>\n<meta property=\"og:url\" content=\"https:\/\/www.gaveanews.com\/index.php\/2022\/08\/17\/saiu-veja-a-escalacao-do-flamengo-para-o-jogo-contra-o-athletico-pr-pela-copa-do-brasil-2\/\" \/>\n<meta property=\"og:site_name\" content=\"G\u00e1vea News\" \/>\n<meta property=\"article:publisher\" content=\"https:\/\/facebook.com\/gaveaNews\/\" \/>\n<meta property=\"article:published_time\" content=\"2022-08-17T21:07:16+00:00\" \/>\n<meta property=\"article:modified_time\" content=\"2024-01-28T14:28:15+00:00\" \/>\n<meta property=\"og:image\" content=\"https:\/\/www.gaveanews.com\/wp-content\/uploads\/Escalacao-oficial-do-Flamengo.webp\" \/>\n\t<meta property=\"og:image:width\" content=\"2048\" \/>\n\t<meta property=\"og:image:height\" content=\"1363\" \/>\n\t<meta property=\"og:image:type\" content=\"image\/webp\" \/>\n<meta name=\"author\" content=\"Let\u00edcia Gerheim\" \/>\n<meta name=\"twitter:card\" content=\"summary_large_image\" \/>\n<meta name=\"twitter:label1\" content=\"Escrito por\" \/>\n\t<meta name=\"twitter:data1\" content=\"Let\u00edcia Gerheim\" \/>\n\t<meta name=\"twitter:label2\" content=\"Est. tempo de leitura\" \/>\n\t<meta name=\"twitter:data2\" content=\"3 minutos\" \/>\n<script type=\"application\/ld+json\" class=\"yoast-schema-graph\">{\"@context\":\"https:\/\/schema.org\",\"@graph\":[{\"@type\":\"NewsArticle\",\"@id\":\"https:\/\/www.gaveanews.com\/index.php\/2022\/08\/17\/saiu-veja-a-escalacao-do-flamengo-para-o-jogo-contra-o-athletico-pr-pela-copa-do-brasil-2\/#article\",\"isPartOf\":{\"@id\":\"https:\/\/www.gaveanews.com\/index.php\/2022\/08\/17\/saiu-veja-a-escalacao-do-flamengo-para-o-jogo-contra-o-athletico-pr-pela-copa-do-brasil-2\/\"},\"author\":{\"name\":\"Let\u00edcia Gerheim\",\"@id\":\"https:\/\/www.gaveanews.com\/#\/schema\/person\/714c67050b836198af2450ba1c142a67\"},\"headline\":\"Saiu! Veja a escala\u00e7\u00e3o do Flamengo para o jogo contra o Athletico-PR pela Copa do Brasil\",\"datePublished\":\"2022-08-17T21:07:16+00:00\",\"dateModified\":\"2024-01-28T14:28:15+00:00\",\"mainEntityOfPage\":{\"@id\":\"https:\/\/www.gaveanews.com\/index.php\/2022\/08\/17\/saiu-veja-a-escalacao-do-flamengo-para-o-jogo-contra-o-athletico-pr-pela-copa-do-brasil-2\/\"},\"wordCount\":418,\"commentCount\":0,\"image\":{\"@id\":\"https:\/\/www.gaveanews.com\/index.php\/2022\/08\/17\/saiu-veja-a-escalacao-do-flamengo-para-o-jogo-contra-o-athletico-pr-pela-copa-do-brasil-2\/#primaryimage\"},\"thumbnailUrl\":\"https:\/\/www.gaveanews.com\/wp-content\/uploads\/Escalacao-oficial-do-Flamengo.webp\",\"articleSection\":[\"Flamengo\"],\"inLanguage\":\"pt-BR\",\"potentialAction\":[{\"@type\":\"CommentAction\",\"name\":\"Comment\",\"target\":[\"https:\/\/www.gaveanews.com\/index.php\/2022\/08\/17\/saiu-veja-a-escalacao-do-flamengo-para-o-jogo-contra-o-athletico-pr-pela-copa-do-brasil-2\/#respond\"]}],\"copyrightYear\":\"2022\",\"copyrightHolder\":{\"@id\":\"https:\/\/www.gaveanews.com\/#organization\"}},{\"@type\":\"WebPage\",\"@id\":\"https:\/\/www.gaveanews.com\/index.php\/2022\/08\/17\/saiu-veja-a-escalacao-do-flamengo-para-o-jogo-contra-o-athletico-pr-pela-copa-do-brasil-2\/\",\"url\":\"https:\/\/www.gaveanews.com\/index.php\/2022\/08\/17\/saiu-veja-a-escalacao-do-flamengo-para-o-jogo-contra-o-athletico-pr-pela-copa-do-brasil-2\/\",\"name\":\"Saiu! Veja a escala\u00e7\u00e3o do Flamengo para o jogo contra o Athletico-PR pela Copa do Brasil\",\"isPartOf\":{\"@id\":\"https:\/\/www.gaveanews.com\/#website\"},\"primaryImageOfPage\":{\"@id\":\"https:\/\/www.gaveanews.com\/index.php\/2022\/08\/17\/saiu-veja-a-escalacao-do-flamengo-para-o-jogo-contra-o-athletico-pr-pela-copa-do-brasil-2\/#primaryimage\"},\"image\":{\"@id\":\"https:\/\/www.gaveanews.com\/index.php\/2022\/08\/17\/saiu-veja-a-escalacao-do-flamengo-para-o-jogo-contra-o-athletico-pr-pela-copa-do-brasil-2\/#primaryimage\"},\"thumbnailUrl\":\"https:\/\/www.gaveanews.com\/wp-content\/uploads\/Escalacao-oficial-do-Flamengo.webp\",\"datePublished\":\"2022-08-17T21:07:16+00:00\",\"dateModified\":\"2024-01-28T14:28:15+00:00\",\"author\":{\"@id\":\"https:\/\/www.gaveanews.com\/#\/schema\/person\/714c67050b836198af2450ba1c142a67\"},\"breadcrumb\":{\"@id\":\"https:\/\/www.gaveanews.com\/index.php\/2022\/08\/17\/saiu-veja-a-escalacao-do-flamengo-para-o-jogo-contra-o-athletico-pr-pela-copa-do-brasil-2\/#breadcrumb\"},\"inLanguage\":\"pt-BR\",\"potentialAction\":[{\"@type\":\"ReadAction\",\"target\":[\"https:\/\/www.gaveanews.com\/index.php\/2022\/08\/17\/saiu-veja-a-escalacao-do-flamengo-para-o-jogo-contra-o-athletico-pr-pela-copa-do-brasil-2\/\"]}]},{\"@type\":\"ImageObject\",\"inLanguage\":\"pt-BR\",\"@id\":\"https:\/\/www.gaveanews.com\/index.php\/2022\/08\/17\/saiu-veja-a-escalacao-do-flamengo-para-o-jogo-contra-o-athletico-pr-pela-copa-do-brasil-2\/#primaryimage\",\"url\":\"https:\/\/www.gaveanews.com\/wp-content\/uploads\/Escalacao-oficial-do-Flamengo.webp\",\"contentUrl\":\"https:\/\/www.gaveanews.com\/wp-content\/uploads\/Escalacao-oficial-do-Flamengo.webp\",\"width\":2048,\"height\":1363,\"caption\":\"Escala\u00e7\u00e3o oficial do Flamengo (Ilustra\u00e7\u00e3o: Editoria de Arte\/GaveaNews.com)\"},{\"@type\":\"BreadcrumbList\",\"@id\":\"https:\/\/www.gaveanews.com\/index.php\/2022\/08\/17\/saiu-veja-a-escalacao-do-flamengo-para-o-jogo-contra-o-athletico-pr-pela-copa-do-brasil-2\/#breadcrumb\",\"itemListElement\":[{\"@type\":\"ListItem\",\"position\":1,\"name\":\"Home\",\"item\":\"https:\/\/www.gaveanews.com\/\"},{\"@type\":\"ListItem\",\"position\":2,\"name\":\"Saiu! Veja a escala\u00e7\u00e3o do Flamengo para o jogo contra o Athletico-PR pela Copa do Brasil\"}]},{\"@type\":\"WebSite\",\"@id\":\"https:\/\/www.gaveanews.com\/#website\",\"url\":\"https:\/\/www.gaveanews.com\/\",\"name\":\"G\u00e1vea News\",\"description\":\"Veja todas as not\u00edcias sobre o Flamengo: Contrata\u00e7\u00f5es, categorias de base, resultados das partidas, tabela de classifica\u00e7\u00e3o, pr\u00f3ximos jogos!\",\"potentialAction\":[{\"@type\":\"SearchAction\",\"target\":{\"@type\":\"EntryPoint\",\"urlTemplate\":\"https:\/\/www.gaveanews.com\/?s={search_term_string}\"},\"query-input\":{\"@type\":\"PropertyValueSpecification\",\"valueRequired\":true,\"valueName\":\"search_term_string\"}}],\"inLanguage\":\"pt-BR\"},{\"@type\":\"Person\",\"@id\":\"https:\/\/www.gaveanews.com\/#\/schema\/person\/714c67050b836198af2450ba1c142a67\",\"name\":\"Let\u00edcia Gerheim\",\"image\":{\"@type\":\"ImageObject\",\"inLanguage\":\"pt-BR\",\"@id\":\"https:\/\/www.gaveanews.com\/#\/schema\/person\/image\/\",\"url\":\"https:\/\/secure.gravatar.com\/avatar\/60734739c50fcebfbac509e2a826ccd0ff405c019bc73aab9354f19ecad1dcb4?s=96&d=mm&r=g\",\"contentUrl\":\"https:\/\/secure.gravatar.com\/avatar\/60734739c50fcebfbac509e2a826ccd0ff405c019bc73aab9354f19ecad1dcb4?s=96&d=mm&r=g\",\"caption\":\"Let\u00edcia Gerheim\"}}]}<\/script>\n<!-- \/ Yoast SEO Premium plugin. -->","yoast_head_json":{"title":"Saiu! Veja a escala\u00e7\u00e3o do Flamengo para o jogo contra o Athletico-PR pela Copa do Brasil","robots":{"index":"index","follow":"follow","max-snippet":"max-snippet:-1","max-image-preview":"max-image-preview:large","max-video-preview":"max-video-preview:-1"},"canonical":"https:\/\/www.gaveanews.com\/index.php\/2022\/08\/17\/saiu-veja-a-escalacao-do-flamengo-para-o-jogo-contra-o-athletico-pr-pela-copa-do-brasil-2\/","og_locale":"pt_BR","og_type":"article","og_title":"Saiu! Veja a escala\u00e7\u00e3o do Flamengo para o jogo contra o Athletico-PR pela Copa do Brasil","og_description":"Nesta noite Flamengo e Athletico-PR se enfrentam no duelo decisivo pelas quartas de final da Copa do Brasil. A bola rola para os rubro-negros \u00e0s 21h30 (hor\u00e1rio de Bras\u00edlia), na Arena da Baixada. Apesar da anima\u00e7\u00e3o com a goleada por 5 a 0 do \u00faltimo final de semana, vale destacar que o duelo desta noite [&hellip;]","og_url":"https:\/\/www.gaveanews.com\/index.php\/2022\/08\/17\/saiu-veja-a-escalacao-do-flamengo-para-o-jogo-contra-o-athletico-pr-pela-copa-do-brasil-2\/","og_site_name":"G\u00e1vea News","article_publisher":"https:\/\/facebook.com\/gaveaNews\/","article_published_time":"2022-08-17T21:07:16+00:00","article_modified_time":"2024-01-28T14:28:15+00:00","og_image":[{"width":2048,"height":1363,"url":"https:\/\/www.gaveanews.com\/wp-content\/uploads\/Escalacao-oficial-do-Flamengo.webp","type":"image\/webp"}],"author":"Let\u00edcia Gerheim","twitter_card":"summary_large_image","twitter_misc":{"Escrito por":"Let\u00edcia Gerheim","Est. tempo de leitura":"3 minutos"},"schema":{"@context":"https:\/\/schema.org","@graph":[{"@type":"NewsArticle","@id":"https:\/\/www.gaveanews.com\/index.php\/2022\/08\/17\/saiu-veja-a-escalacao-do-flamengo-para-o-jogo-contra-o-athletico-pr-pela-copa-do-brasil-2\/#article","isPartOf":{"@id":"https:\/\/www.gaveanews.com\/index.php\/2022\/08\/17\/saiu-veja-a-escalacao-do-flamengo-para-o-jogo-contra-o-athletico-pr-pela-copa-do-brasil-2\/"},"author":{"name":"Let\u00edcia Gerheim","@id":"https:\/\/www.gaveanews.com\/#\/schema\/person\/714c67050b836198af2450ba1c142a67"},"headline":"Saiu! Veja a escala\u00e7\u00e3o do Flamengo para o jogo contra o Athletico-PR pela Copa do Brasil","datePublished":"2022-08-17T21:07:16+00:00","dateModified":"2024-01-28T14:28:15+00:00","mainEntityOfPage":{"@id":"https:\/\/www.gaveanews.com\/index.php\/2022\/08\/17\/saiu-veja-a-escalacao-do-flamengo-para-o-jogo-contra-o-athletico-pr-pela-copa-do-brasil-2\/"},"wordCount":418,"commentCount":0,"image":{"@id":"https:\/\/www.gaveanews.com\/index.php\/2022\/08\/17\/saiu-veja-a-escalacao-do-flamengo-para-o-jogo-contra-o-athletico-pr-pela-copa-do-brasil-2\/#primaryimage"},"thumbnailUrl":"https:\/\/www.gaveanews.com\/wp-content\/uploads\/Escalacao-oficial-do-Flamengo.webp","articleSection":["Flamengo"],"inLanguage":"pt-BR","potentialAction":[{"@type":"CommentAction","name":"Comment","target":["https:\/\/www.gaveanews.com\/index.php\/2022\/08\/17\/saiu-veja-a-escalacao-do-flamengo-para-o-jogo-contra-o-athletico-pr-pela-copa-do-brasil-2\/#respond"]}],"copyrightYear":"2022","copyrightHolder":{"@id":"https:\/\/www.gaveanews.com\/#organization"}},{"@type":"WebPage","@id":"https:\/\/www.gaveanews.com\/index.php\/2022\/08\/17\/saiu-veja-a-escalacao-do-flamengo-para-o-jogo-contra-o-athletico-pr-pela-copa-do-brasil-2\/","url":"https:\/\/www.gaveanews.com\/index.php\/2022\/08\/17\/saiu-veja-a-escalacao-do-flamengo-para-o-jogo-contra-o-athletico-pr-pela-copa-do-brasil-2\/","name":"Saiu! Veja a escala\u00e7\u00e3o do Flamengo para o jogo contra o Athletico-PR pela Copa do Brasil","isPartOf":{"@id":"https:\/\/www.gaveanews.com\/#website"},"primaryImageOfPage":{"@id":"https:\/\/www.gaveanews.com\/index.php\/2022\/08\/17\/saiu-veja-a-escalacao-do-flamengo-para-o-jogo-contra-o-athletico-pr-pela-copa-do-brasil-2\/#primaryimage"},"image":{"@id":"https:\/\/www.gaveanews.com\/index.php\/2022\/08\/17\/saiu-veja-a-escalacao-do-flamengo-para-o-jogo-contra-o-athletico-pr-pela-copa-do-brasil-2\/#primaryimage"},"thumbnailUrl":"https:\/\/www.gaveanews.com\/wp-content\/uploads\/Escalacao-oficial-do-Flamengo.webp","datePublished":"2022-08-17T21:07:16+00:00","dateModified":"2024-01-28T14:28:15+00:00","author":{"@id":"https:\/\/www.gaveanews.com\/#\/schema\/person\/714c67050b836198af2450ba1c142a67"},"breadcrumb":{"@id":"https:\/\/www.gaveanews.com\/index.php\/2022\/08\/17\/saiu-veja-a-escalacao-do-flamengo-para-o-jogo-contra-o-athletico-pr-pela-copa-do-brasil-2\/#breadcrumb"},"inLanguage":"pt-BR","potentialAction":[{"@type":"ReadAction","target":["https:\/\/www.gaveanews.com\/index.php\/2022\/08\/17\/saiu-veja-a-escalacao-do-flamengo-para-o-jogo-contra-o-athletico-pr-pela-copa-do-brasil-2\/"]}]},{"@type":"ImageObject","inLanguage":"pt-BR","@id":"https:\/\/www.gaveanews.com\/index.php\/2022\/08\/17\/saiu-veja-a-escalacao-do-flamengo-para-o-jogo-contra-o-athletico-pr-pela-copa-do-brasil-2\/#primaryimage","url":"https:\/\/www.gaveanews.com\/wp-content\/uploads\/Escalacao-oficial-do-Flamengo.webp","contentUrl":"https:\/\/www.gaveanews.com\/wp-content\/uploads\/Escalacao-oficial-do-Flamengo.webp","width":2048,"height":1363,"caption":"Escala\u00e7\u00e3o oficial do Flamengo (Ilustra\u00e7\u00e3o: Editoria de Arte\/GaveaNews.com)"},{"@type":"BreadcrumbList","@id":"https:\/\/www.gaveanews.com\/index.php\/2022\/08\/17\/saiu-veja-a-escalacao-do-flamengo-para-o-jogo-contra-o-athletico-pr-pela-copa-do-brasil-2\/#breadcrumb","itemListElement":[{"@type":"ListItem","position":1,"name":"Home","item":"https:\/\/www.gaveanews.com\/"},{"@type":"ListItem","position":2,"name":"Saiu! Veja a escala\u00e7\u00e3o do Flamengo para o jogo contra o Athletico-PR pela Copa do Brasil"}]},{"@type":"WebSite","@id":"https:\/\/www.gaveanews.com\/#website","url":"https:\/\/www.gaveanews.com\/","name":"G\u00e1vea News","description":"Veja todas as not\u00edcias sobre o Flamengo: Contrata\u00e7\u00f5es, categorias de base, resultados das partidas, tabela de classifica\u00e7\u00e3o, pr\u00f3ximos jogos!","potentialAction":[{"@type":"SearchAction","target":{"@type":"EntryPoint","urlTemplate":"https:\/\/www.gaveanews.com\/?s={search_term_string}"},"query-input":{"@type":"PropertyValueSpecification","valueRequired":true,"valueName":"search_term_string"}}],"inLanguage":"pt-BR"},{"@type":"Person","@id":"https:\/\/www.gaveanews.com\/#\/schema\/person\/714c67050b836198af2450ba1c142a67","name":"Let\u00edcia Gerheim","image":{"@type":"ImageObject","inLanguage":"pt-BR","@id":"https:\/\/www.gaveanews.com\/#\/schema\/person\/image\/","url":"https:\/\/secure.gravatar.com\/avatar\/60734739c50fcebfbac509e2a826ccd0ff405c019bc73aab9354f19ecad1dcb4?s=96&d=mm&r=g","contentUrl":"https:\/\/secure.gravatar.com\/avatar\/60734739c50fcebfbac509e2a826ccd0ff405c019bc73aab9354f19ecad1dcb4?s=96&d=mm&r=g","caption":"Let\u00edcia Gerheim"}}]}},"_links":{"self":[{"href":"https:\/\/www.gaveanews.com\/index.php\/wp-json\/wp\/v2\/posts\/86012","targetHints":{"allow":["GET"]}}],"collection":[{"href":"https:\/\/www.gaveanews.com\/index.php\/wp-json\/wp\/v2\/posts"}],"about":[{"href":"https:\/\/www.gaveanews.com\/index.php\/wp-json\/wp\/v2\/types\/post"}],"author":[{"embeddable":true,"href":"https:\/\/www.gaveanews.com\/index.php\/wp-json\/wp\/v2\/users\/4"}],"replies":[{"embeddable":true,"href":"https:\/\/www.gaveanews.com\/index.php\/wp-json\/wp\/v2\/comments?post=86012"}],"version-history":[{"count":0,"href":"https:\/\/www.gaveanews.com\/index.php\/wp-json\/wp\/v2\/posts\/86012\/revisions"}],"wp:featuredmedia":[{"embeddable":true,"href":"https:\/\/www.gaveanews.com\/index.php\/wp-json\/wp\/v2\/media\/83199"}],"wp:attachment":[{"href":"https:\/\/www.gaveanews.com\/index.php\/wp-json\/wp\/v2\/media?parent=86012"}],"wp:term":[{"taxonomy":"category","embeddable":true,"href":"https:\/\/www.gaveanews.com\/index.php\/wp-json\/wp\/v2\/categories?post=86012"},{"taxonomy":"post_tag","embeddable":true,"href":"https:\/\/www.gaveanews.com\/index.php\/wp-json\/wp\/v2\/tags?post=86012"}],"curies":[{"name":"wp","href":"https:\/\/api.w.org\/{rel}","templated":true}]}}