{"id":86037,"date":"2022-08-17T20:18:29","date_gmt":"2022-08-17T23:18:29","guid":{"rendered":"https:\/\/www.gaveanews.com\/?p=86037"},"modified":"2022-08-17T20:18:33","modified_gmt":"2022-08-17T23:18:33","slug":"flamengo-monitora-revelacao-do-vasco-barcelona-ja-apresentou-2-propostas","status":"publish","type":"post","link":"https:\/\/www.gaveanews.com\/index.php\/2022\/08\/17\/flamengo-monitora-revelacao-do-vasco-barcelona-ja-apresentou-2-propostas\/","title":{"rendered":"Flamengo monitora revela\u00e7\u00e3o do Vasco; Barcelona j\u00e1 apresentou 2 propostas"},"content":{"rendered":"\n<p>O Flamengo deu uma olhadinha para o lado em busca da chamada &#8220;oportunidade de neg\u00f3cio&#8221; no rival e fez uma consulta sobre a situa\u00e7\u00e3o de Andrey Santos, revela\u00e7\u00e3o do Vasco.<\/p>\n\n\n\n<p>Diante do impasse para renova\u00e7\u00e3o do contrato do jovem volante de 18 anos, que avan\u00e7ou positivamente para os vasca\u00ednos recentemente, os rubro-negros fizeram contato para saber dos n\u00fameros que envolvem as tratativas e monitoram \u00e0 dist\u00e2ncia o desenrolar dos fatos. Caso Vasco e Andrey n\u00e3o cheguem a um acordo, o Flamengo j\u00e1 se posicionou como um dos clubes \u00e0 espera de uma brecha.<\/p>\n\n\n\n<p>As informa\u00e7\u00f5es s\u00e3o de que o clube da G\u00e1vea n\u00e3o formalizou qualquer tipo de proposta e v\u00ea a situa\u00e7\u00e3o com cuidado para evitar conflitos com o rival, mas a boa rela\u00e7\u00e3o com Giuliano Bertolucci abriu o caminho para a consulta. O empres\u00e1rio, que gere a carreira do garoto de 18 anos, tem bom tr\u00e2nsito com os dirigentes rubro-negros desde o in\u00edcio da gest\u00e3o Rodolfo Landim.<\/p>\n\n\n\n<figure class=\"wp-block-image size-large\"><img decoding=\"async\" src=\"https:\/\/s2.glbimg.com\/-p-uE-mWoYhrKXBRhCFSRykZBqU=\/0x0:1280x1024\/984x0\/smart\/filters:strip_icc()\/i.s3.glbimg.com\/v1\/AUTH_bc8228b6673f488aa253bbcb03c80ec5\/internal_photos\/bs\/2022\/d\/F\/sp1OccQnAThf5mhPWDZw\/fpdsbm4xiauwgbp.webp\" alt=\"\"\/><figcaption>Andrey Santos, do Vasco, em atua\u00e7\u00e3o pela sele\u00e7\u00e3o brasileira sub-20 (Foto: Reprodu\u00e7\u00e3o\/Twitter)<\/figcaption><\/figure>\n\n\n\n<p>O Flamengo tem relat\u00f3rios e \u00f3timas avalia\u00e7\u00f5es de Andrey desde as categorias de base e viu uma oportunidade no entrave recente nas tratativas pela renova\u00e7\u00e3o com o Vasco. Destaque da equipe na S\u00e9rie B, com cinco gols marcados, o volante tem apenas mais um ano de contrato com o clube e multa considerada baixa para os padr\u00f5es rubro-negros no mercado interno: R$ 14 milh\u00f5es.<\/p>\n\n\n\n<p>Pessoas pr\u00f3ximas ao jogador consideram a op\u00e7\u00e3o do Flamengo sedutora financeiramente, mas deixam claro que qualquer negocia\u00e7\u00e3o com outro clube brasileiro s\u00f3 acontecer\u00e1 ap\u00f3s se esgotarem todas as possibilidades com o Vasco. Recentemente, as conversas evolu\u00edram para um final feliz pela renova\u00e7\u00e3o, com a participa\u00e7\u00e3o da 777 Partners, empresa que assumiu a SAF vasca\u00edna.<\/p>\n\n\n\n<p>O clima \u00e9 de otimismo por um desfecho positivo nas pr\u00f3ximas semanas. A mais recente proposta do Vasco foi apresentada na semana passada. O estafe de Andrey n\u00e3o respondeu at\u00e9 o momento, mas o ge apurou que as condi\u00e7\u00f5es ainda n\u00e3o s\u00e3o consideradas ideais. A tend\u00eancia \u00e9 de que novas conversas aconte\u00e7am, com a possibilidade de envio de uma contraproposta dos empres\u00e1rios.<\/p>\n\n\n\n<p>Andrey Santos tem contrato com o Vasco at\u00e9 agosto de 2023, e sua renova\u00e7\u00e3o \u00e9 tratada como prioridade absoluta dentro do clube. At\u00e9 agora, o principal motivo que travou sua renova\u00e7\u00e3o foi a discord\u00e2ncia sobre o valor da multa rescis\u00f3ria para clubes do exterior. Os empres\u00e1rios do volante pediam algo em torno de 12 e 15 milh\u00f5es de euros, enquanto a diretoria vasca\u00edna n\u00e3o abria m\u00e3o de que o novo contrato estipulasse um valor bem mais alto.<\/p>\n\n\n\n<p>Com a chegada dos executivos da 777, \u00e9 como se a negocia\u00e7\u00e3o recome\u00e7asse do zero. A aproxima\u00e7\u00e3o do grupo norte-americano do estafe do jogador, com reuni\u00e3o presencial realizada em julho, na Barra da Tijuca, d\u00e1 \u00e0 situa\u00e7\u00e3o contornos amig\u00e1veis. J\u00e1 havia sido dada a sinaliza\u00e7\u00e3o de que v\u00e3o chegar a um acordo que seja bom para todos, incluindo o valor da nova multa rescis\u00f3ria.<\/p>\n\n\n\n<figure class=\"wp-block-image size-large\"><img decoding=\"async\" src=\"https:\/\/s2.glbimg.com\/FUN__tb1VoIlbF1wdmxugqvpPME=\/0x0:3000x2000\/984x0\/smart\/filters:strip_icc()\/i.s3.glbimg.com\/v1\/AUTH_bc8228b6673f488aa253bbcb03c80ec5\/internal_photos\/bs\/2022\/Y\/6\/I4V5StQnSLFeAr6a9RFA\/agif22061514140832.webp\" alt=\"\"\/><figcaption>Andrey Santos \u00e9 considerado uma das maiores joias do Vasco nos \u00faltimos anos (Foto: Thiago Ribeiro\/AGIF)<\/figcaption><\/figure>\n\n\n\n<p>Pesa muito a favor de um desfecho positivo o desejo de Andrey de renovar com o Vasco, clube ao qual chegou muito novo e com o qual tem bastante identifica\u00e7\u00e3o. Alguns clubes de dentro e fora do Brasil procuraram os empres\u00e1rios do volante nos \u00faltimos meses para colher informa\u00e7\u00f5es e demonstrar interesse. O Barcelona apresentou duas propostas, ambas recusadas.<\/p>\n\n\n\n<p>Pelo v\u00ednculo atual, com validade at\u00e9 1\u00ba de agosto de 2023, a multa rescis\u00f3ria de Andrey \u00e9 de 30 milh\u00f5es de euros (R$ 166,1 milh\u00f5es) para clubes do exterior e R$ 14 milh\u00f5es para o mercado interno.<\/p>\n\n\n\n<p>Andrey Santos chegou ao Vasco com 6 anos. Na adolesc\u00eancia, sempre foi tratado como uma das grandes joias das divis\u00f5es de base do clube neste s\u00e9culo. Estreou no profissional no Carioca de 2021, contra o Volta Redonda, quando tinha apenas 16 anos.<\/p>\n\n\n\n<p>Na atual temporada, o jovem se firmou como titular absoluto da equipe e nas \u00faltimas rodadas tornou-se o principal jogador do time que est\u00e1 no G-4 da S\u00e9rie B. Em 2022, Andrey marcou cinco gols em 22 partidas pelo profissional do Vasco.<\/p>\n\n\n\n<p>Ele \u00e9 figurinha carimbada nas convoca\u00e7\u00f5es das sele\u00e7\u00f5es de base. Mesmo em seu primeiro ano na categoria, nesta temporada ele j\u00e1 foi capit\u00e3o da sele\u00e7\u00e3o sub-20.<\/p>\n\n\n\n<p>Retirado de: Globo Esporte<\/p>\n","protected":false},"excerpt":{"rendered":"<p>O Flamengo deu uma olhadinha para o lado em busca da chamada &#8220;oportunidade de neg\u00f3cio&#8221; no rival e fez uma consulta sobre a situa\u00e7\u00e3o de Andrey Santos, revela\u00e7\u00e3o do Vasco. Diante do impasse para renova\u00e7\u00e3o do contrato do jovem volante de 18 anos, que avan\u00e7ou positivamente para os vasca\u00ednos recentemente, os rubro-negros fizeram contato para [&hellip;]<\/p>\n","protected":false},"author":1,"featured_media":66783,"comment_status":"open","ping_status":"closed","sticky":false,"template":"","format":"standard","meta":{"footnotes":""},"categories":[48],"tags":[],"class_list":["post-86037","post","type-post","status-publish","format-standard","has-post-thumbnail","hentry","category-negociacoes"],"yoast_head":"<!-- This site is optimized with the Yoast SEO Premium plugin v24.2 (Yoast SEO v26.9) - https:\/\/yoast.com\/product\/yoast-seo-premium-wordpress\/ -->\n<title>Flamengo monitora revela\u00e7\u00e3o do Vasco; Barcelona j\u00e1 apresentou 2 propostas<\/title>\n<meta name=\"robots\" content=\"index, follow, max-snippet:-1, max-image-preview:large, max-video-preview:-1\" \/>\n<link rel=\"canonical\" href=\"https:\/\/www.gaveanews.com\/index.php\/2022\/08\/17\/flamengo-monitora-revelacao-do-vasco-barcelona-ja-apresentou-2-propostas\/\" \/>\n<meta property=\"og:locale\" content=\"pt_BR\" \/>\n<meta property=\"og:type\" content=\"article\" \/>\n<meta property=\"og:title\" content=\"Flamengo monitora revela\u00e7\u00e3o do Vasco; Barcelona j\u00e1 apresentou 2 propostas\" \/>\n<meta property=\"og:description\" content=\"O Flamengo deu uma olhadinha para o lado em busca da chamada &#8220;oportunidade de neg\u00f3cio&#8221; no rival e fez uma consulta sobre a situa\u00e7\u00e3o de Andrey Santos, revela\u00e7\u00e3o do Vasco. Diante do impasse para renova\u00e7\u00e3o do contrato do jovem volante de 18 anos, que avan\u00e7ou positivamente para os vasca\u00ednos recentemente, os rubro-negros fizeram contato para [&hellip;]\" \/>\n<meta property=\"og:url\" content=\"https:\/\/www.gaveanews.com\/index.php\/2022\/08\/17\/flamengo-monitora-revelacao-do-vasco-barcelona-ja-apresentou-2-propostas\/\" \/>\n<meta property=\"og:site_name\" content=\"G\u00e1vea News\" \/>\n<meta property=\"article:publisher\" content=\"https:\/\/facebook.com\/gaveaNews\/\" \/>\n<meta property=\"article:published_time\" content=\"2022-08-17T23:18:29+00:00\" \/>\n<meta property=\"article:modified_time\" content=\"2022-08-17T23:18:33+00:00\" \/>\n<meta property=\"og:image\" content=\"https:\/\/www.gaveanews.com\/wp-content\/uploads\/Marcos-Braz-em-entrevista-coletiva-no-Ninho-do-Urubu-1.webp\" \/>\n\t<meta property=\"og:image:width\" content=\"799\" \/>\n\t<meta property=\"og:image:height\" content=\"532\" \/>\n\t<meta property=\"og:image:type\" content=\"image\/jpeg\" \/>\n<meta name=\"author\" content=\"Equipe G\u00e1vea News\" \/>\n<meta name=\"twitter:card\" content=\"summary_large_image\" \/>\n<meta name=\"twitter:label1\" content=\"Escrito por\" \/>\n\t<meta name=\"twitter:data1\" content=\"Equipe G\u00e1vea News\" \/>\n\t<meta name=\"twitter:label2\" content=\"Est. tempo de leitura\" \/>\n\t<meta name=\"twitter:data2\" content=\"5 minutos\" \/>\n<script type=\"application\/ld+json\" class=\"yoast-schema-graph\">{\"@context\":\"https:\/\/schema.org\",\"@graph\":[{\"@type\":\"NewsArticle\",\"@id\":\"https:\/\/www.gaveanews.com\/index.php\/2022\/08\/17\/flamengo-monitora-revelacao-do-vasco-barcelona-ja-apresentou-2-propostas\/#article\",\"isPartOf\":{\"@id\":\"https:\/\/www.gaveanews.com\/index.php\/2022\/08\/17\/flamengo-monitora-revelacao-do-vasco-barcelona-ja-apresentou-2-propostas\/\"},\"author\":{\"name\":\"Equipe G\u00e1vea News\",\"@id\":\"https:\/\/www.gaveanews.com\/#\/schema\/person\/2ec14f73fb96be2caf28f91afb14749d\"},\"headline\":\"Flamengo monitora revela\u00e7\u00e3o do Vasco; Barcelona j\u00e1 apresentou 2 propostas\",\"datePublished\":\"2022-08-17T23:18:29+00:00\",\"dateModified\":\"2022-08-17T23:18:33+00:00\",\"mainEntityOfPage\":{\"@id\":\"https:\/\/www.gaveanews.com\/index.php\/2022\/08\/17\/flamengo-monitora-revelacao-do-vasco-barcelona-ja-apresentou-2-propostas\/\"},\"wordCount\":779,\"commentCount\":0,\"image\":{\"@id\":\"https:\/\/www.gaveanews.com\/index.php\/2022\/08\/17\/flamengo-monitora-revelacao-do-vasco-barcelona-ja-apresentou-2-propostas\/#primaryimage\"},\"thumbnailUrl\":\"https:\/\/www.gaveanews.com\/wp-content\/uploads\/Marcos-Braz-em-entrevista-coletiva-no-Ninho-do-Urubu-1.webp\",\"articleSection\":[\"Negocia\u00e7\u00f5es\"],\"inLanguage\":\"pt-BR\",\"potentialAction\":[{\"@type\":\"CommentAction\",\"name\":\"Comment\",\"target\":[\"https:\/\/www.gaveanews.com\/index.php\/2022\/08\/17\/flamengo-monitora-revelacao-do-vasco-barcelona-ja-apresentou-2-propostas\/#respond\"]}],\"copyrightYear\":\"2022\",\"copyrightHolder\":{\"@id\":\"https:\/\/www.gaveanews.com\/#organization\"}},{\"@type\":\"WebPage\",\"@id\":\"https:\/\/www.gaveanews.com\/index.php\/2022\/08\/17\/flamengo-monitora-revelacao-do-vasco-barcelona-ja-apresentou-2-propostas\/\",\"url\":\"https:\/\/www.gaveanews.com\/index.php\/2022\/08\/17\/flamengo-monitora-revelacao-do-vasco-barcelona-ja-apresentou-2-propostas\/\",\"name\":\"Flamengo monitora revela\u00e7\u00e3o do Vasco; Barcelona j\u00e1 apresentou 2 propostas\",\"isPartOf\":{\"@id\":\"https:\/\/www.gaveanews.com\/#website\"},\"primaryImageOfPage\":{\"@id\":\"https:\/\/www.gaveanews.com\/index.php\/2022\/08\/17\/flamengo-monitora-revelacao-do-vasco-barcelona-ja-apresentou-2-propostas\/#primaryimage\"},\"image\":{\"@id\":\"https:\/\/www.gaveanews.com\/index.php\/2022\/08\/17\/flamengo-monitora-revelacao-do-vasco-barcelona-ja-apresentou-2-propostas\/#primaryimage\"},\"thumbnailUrl\":\"https:\/\/www.gaveanews.com\/wp-content\/uploads\/Marcos-Braz-em-entrevista-coletiva-no-Ninho-do-Urubu-1.webp\",\"datePublished\":\"2022-08-17T23:18:29+00:00\",\"dateModified\":\"2022-08-17T23:18:33+00:00\",\"author\":{\"@id\":\"https:\/\/www.gaveanews.com\/#\/schema\/person\/2ec14f73fb96be2caf28f91afb14749d\"},\"breadcrumb\":{\"@id\":\"https:\/\/www.gaveanews.com\/index.php\/2022\/08\/17\/flamengo-monitora-revelacao-do-vasco-barcelona-ja-apresentou-2-propostas\/#breadcrumb\"},\"inLanguage\":\"pt-BR\",\"potentialAction\":[{\"@type\":\"ReadAction\",\"target\":[\"https:\/\/www.gaveanews.com\/index.php\/2022\/08\/17\/flamengo-monitora-revelacao-do-vasco-barcelona-ja-apresentou-2-propostas\/\"]}]},{\"@type\":\"ImageObject\",\"inLanguage\":\"pt-BR\",\"@id\":\"https:\/\/www.gaveanews.com\/index.php\/2022\/08\/17\/flamengo-monitora-revelacao-do-vasco-barcelona-ja-apresentou-2-propostas\/#primaryimage\",\"url\":\"https:\/\/www.gaveanews.com\/wp-content\/uploads\/Marcos-Braz-em-entrevista-coletiva-no-Ninho-do-Urubu-1.webp\",\"contentUrl\":\"https:\/\/www.gaveanews.com\/wp-content\/uploads\/Marcos-Braz-em-entrevista-coletiva-no-Ninho-do-Urubu-1.webp\",\"width\":799,\"height\":532,\"caption\":\"Marcos Braz em entrevista coletiva no Ninho do Urubu (Foto: Alexandre Vidal\/Flamengo)\"},{\"@type\":\"BreadcrumbList\",\"@id\":\"https:\/\/www.gaveanews.com\/index.php\/2022\/08\/17\/flamengo-monitora-revelacao-do-vasco-barcelona-ja-apresentou-2-propostas\/#breadcrumb\",\"itemListElement\":[{\"@type\":\"ListItem\",\"position\":1,\"name\":\"Home\",\"item\":\"https:\/\/www.gaveanews.com\/\"},{\"@type\":\"ListItem\",\"position\":2,\"name\":\"Flamengo monitora revela\u00e7\u00e3o do Vasco; Barcelona j\u00e1 apresentou 2 propostas\"}]},{\"@type\":\"WebSite\",\"@id\":\"https:\/\/www.gaveanews.com\/#website\",\"url\":\"https:\/\/www.gaveanews.com\/\",\"name\":\"G\u00e1vea News\",\"description\":\"Veja todas as not\u00edcias sobre o Flamengo: Contrata\u00e7\u00f5es, categorias de base, resultados das partidas, tabela de classifica\u00e7\u00e3o, pr\u00f3ximos jogos!\",\"potentialAction\":[{\"@type\":\"SearchAction\",\"target\":{\"@type\":\"EntryPoint\",\"urlTemplate\":\"https:\/\/www.gaveanews.com\/?s={search_term_string}\"},\"query-input\":{\"@type\":\"PropertyValueSpecification\",\"valueRequired\":true,\"valueName\":\"search_term_string\"}}],\"inLanguage\":\"pt-BR\"},{\"@type\":\"Person\",\"@id\":\"https:\/\/www.gaveanews.com\/#\/schema\/person\/2ec14f73fb96be2caf28f91afb14749d\",\"name\":\"Equipe G\u00e1vea News\",\"image\":{\"@type\":\"ImageObject\",\"inLanguage\":\"pt-BR\",\"@id\":\"https:\/\/www.gaveanews.com\/#\/schema\/person\/image\/\",\"url\":\"https:\/\/secure.gravatar.com\/avatar\/1e1956f1facbffd3f8fa53a326721950116b3b9dc9bd44939c01180fd4a745a9?s=96&d=mm&r=g\",\"contentUrl\":\"https:\/\/secure.gravatar.com\/avatar\/1e1956f1facbffd3f8fa53a326721950116b3b9dc9bd44939c01180fd4a745a9?s=96&d=mm&r=g\",\"caption\":\"Equipe G\u00e1vea News\"}}]}<\/script>\n<!-- \/ Yoast SEO Premium plugin. -->","yoast_head_json":{"title":"Flamengo monitora revela\u00e7\u00e3o do Vasco; Barcelona j\u00e1 apresentou 2 propostas","robots":{"index":"index","follow":"follow","max-snippet":"max-snippet:-1","max-image-preview":"max-image-preview:large","max-video-preview":"max-video-preview:-1"},"canonical":"https:\/\/www.gaveanews.com\/index.php\/2022\/08\/17\/flamengo-monitora-revelacao-do-vasco-barcelona-ja-apresentou-2-propostas\/","og_locale":"pt_BR","og_type":"article","og_title":"Flamengo monitora revela\u00e7\u00e3o do Vasco; Barcelona j\u00e1 apresentou 2 propostas","og_description":"O Flamengo deu uma olhadinha para o lado em busca da chamada &#8220;oportunidade de neg\u00f3cio&#8221; no rival e fez uma consulta sobre a situa\u00e7\u00e3o de Andrey Santos, revela\u00e7\u00e3o do Vasco. Diante do impasse para renova\u00e7\u00e3o do contrato do jovem volante de 18 anos, que avan\u00e7ou positivamente para os vasca\u00ednos recentemente, os rubro-negros fizeram contato para [&hellip;]","og_url":"https:\/\/www.gaveanews.com\/index.php\/2022\/08\/17\/flamengo-monitora-revelacao-do-vasco-barcelona-ja-apresentou-2-propostas\/","og_site_name":"G\u00e1vea News","article_publisher":"https:\/\/facebook.com\/gaveaNews\/","article_published_time":"2022-08-17T23:18:29+00:00","article_modified_time":"2022-08-17T23:18:33+00:00","og_image":[{"width":799,"height":532,"url":"https:\/\/www.gaveanews.com\/wp-content\/uploads\/Marcos-Braz-em-entrevista-coletiva-no-Ninho-do-Urubu-1.webp","type":"image\/jpeg"}],"author":"Equipe G\u00e1vea News","twitter_card":"summary_large_image","twitter_misc":{"Escrito por":"Equipe G\u00e1vea News","Est. tempo de leitura":"5 minutos"},"schema":{"@context":"https:\/\/schema.org","@graph":[{"@type":"NewsArticle","@id":"https:\/\/www.gaveanews.com\/index.php\/2022\/08\/17\/flamengo-monitora-revelacao-do-vasco-barcelona-ja-apresentou-2-propostas\/#article","isPartOf":{"@id":"https:\/\/www.gaveanews.com\/index.php\/2022\/08\/17\/flamengo-monitora-revelacao-do-vasco-barcelona-ja-apresentou-2-propostas\/"},"author":{"name":"Equipe G\u00e1vea News","@id":"https:\/\/www.gaveanews.com\/#\/schema\/person\/2ec14f73fb96be2caf28f91afb14749d"},"headline":"Flamengo monitora revela\u00e7\u00e3o do Vasco; Barcelona j\u00e1 apresentou 2 propostas","datePublished":"2022-08-17T23:18:29+00:00","dateModified":"2022-08-17T23:18:33+00:00","mainEntityOfPage":{"@id":"https:\/\/www.gaveanews.com\/index.php\/2022\/08\/17\/flamengo-monitora-revelacao-do-vasco-barcelona-ja-apresentou-2-propostas\/"},"wordCount":779,"commentCount":0,"image":{"@id":"https:\/\/www.gaveanews.com\/index.php\/2022\/08\/17\/flamengo-monitora-revelacao-do-vasco-barcelona-ja-apresentou-2-propostas\/#primaryimage"},"thumbnailUrl":"https:\/\/www.gaveanews.com\/wp-content\/uploads\/Marcos-Braz-em-entrevista-coletiva-no-Ninho-do-Urubu-1.webp","articleSection":["Negocia\u00e7\u00f5es"],"inLanguage":"pt-BR","potentialAction":[{"@type":"CommentAction","name":"Comment","target":["https:\/\/www.gaveanews.com\/index.php\/2022\/08\/17\/flamengo-monitora-revelacao-do-vasco-barcelona-ja-apresentou-2-propostas\/#respond"]}],"copyrightYear":"2022","copyrightHolder":{"@id":"https:\/\/www.gaveanews.com\/#organization"}},{"@type":"WebPage","@id":"https:\/\/www.gaveanews.com\/index.php\/2022\/08\/17\/flamengo-monitora-revelacao-do-vasco-barcelona-ja-apresentou-2-propostas\/","url":"https:\/\/www.gaveanews.com\/index.php\/2022\/08\/17\/flamengo-monitora-revelacao-do-vasco-barcelona-ja-apresentou-2-propostas\/","name":"Flamengo monitora revela\u00e7\u00e3o do Vasco; Barcelona j\u00e1 apresentou 2 propostas","isPartOf":{"@id":"https:\/\/www.gaveanews.com\/#website"},"primaryImageOfPage":{"@id":"https:\/\/www.gaveanews.com\/index.php\/2022\/08\/17\/flamengo-monitora-revelacao-do-vasco-barcelona-ja-apresentou-2-propostas\/#primaryimage"},"image":{"@id":"https:\/\/www.gaveanews.com\/index.php\/2022\/08\/17\/flamengo-monitora-revelacao-do-vasco-barcelona-ja-apresentou-2-propostas\/#primaryimage"},"thumbnailUrl":"https:\/\/www.gaveanews.com\/wp-content\/uploads\/Marcos-Braz-em-entrevista-coletiva-no-Ninho-do-Urubu-1.webp","datePublished":"2022-08-17T23:18:29+00:00","dateModified":"2022-08-17T23:18:33+00:00","author":{"@id":"https:\/\/www.gaveanews.com\/#\/schema\/person\/2ec14f73fb96be2caf28f91afb14749d"},"breadcrumb":{"@id":"https:\/\/www.gaveanews.com\/index.php\/2022\/08\/17\/flamengo-monitora-revelacao-do-vasco-barcelona-ja-apresentou-2-propostas\/#breadcrumb"},"inLanguage":"pt-BR","potentialAction":[{"@type":"ReadAction","target":["https:\/\/www.gaveanews.com\/index.php\/2022\/08\/17\/flamengo-monitora-revelacao-do-vasco-barcelona-ja-apresentou-2-propostas\/"]}]},{"@type":"ImageObject","inLanguage":"pt-BR","@id":"https:\/\/www.gaveanews.com\/index.php\/2022\/08\/17\/flamengo-monitora-revelacao-do-vasco-barcelona-ja-apresentou-2-propostas\/#primaryimage","url":"https:\/\/www.gaveanews.com\/wp-content\/uploads\/Marcos-Braz-em-entrevista-coletiva-no-Ninho-do-Urubu-1.webp","contentUrl":"https:\/\/www.gaveanews.com\/wp-content\/uploads\/Marcos-Braz-em-entrevista-coletiva-no-Ninho-do-Urubu-1.webp","width":799,"height":532,"caption":"Marcos Braz em entrevista coletiva no Ninho do Urubu (Foto: Alexandre Vidal\/Flamengo)"},{"@type":"BreadcrumbList","@id":"https:\/\/www.gaveanews.com\/index.php\/2022\/08\/17\/flamengo-monitora-revelacao-do-vasco-barcelona-ja-apresentou-2-propostas\/#breadcrumb","itemListElement":[{"@type":"ListItem","position":1,"name":"Home","item":"https:\/\/www.gaveanews.com\/"},{"@type":"ListItem","position":2,"name":"Flamengo monitora revela\u00e7\u00e3o do Vasco; Barcelona j\u00e1 apresentou 2 propostas"}]},{"@type":"WebSite","@id":"https:\/\/www.gaveanews.com\/#website","url":"https:\/\/www.gaveanews.com\/","name":"G\u00e1vea News","description":"Veja todas as not\u00edcias sobre o Flamengo: Contrata\u00e7\u00f5es, categorias de base, resultados das partidas, tabela de classifica\u00e7\u00e3o, pr\u00f3ximos jogos!","potentialAction":[{"@type":"SearchAction","target":{"@type":"EntryPoint","urlTemplate":"https:\/\/www.gaveanews.com\/?s={search_term_string}"},"query-input":{"@type":"PropertyValueSpecification","valueRequired":true,"valueName":"search_term_string"}}],"inLanguage":"pt-BR"},{"@type":"Person","@id":"https:\/\/www.gaveanews.com\/#\/schema\/person\/2ec14f73fb96be2caf28f91afb14749d","name":"Equipe G\u00e1vea News","image":{"@type":"ImageObject","inLanguage":"pt-BR","@id":"https:\/\/www.gaveanews.com\/#\/schema\/person\/image\/","url":"https:\/\/secure.gravatar.com\/avatar\/1e1956f1facbffd3f8fa53a326721950116b3b9dc9bd44939c01180fd4a745a9?s=96&d=mm&r=g","contentUrl":"https:\/\/secure.gravatar.com\/avatar\/1e1956f1facbffd3f8fa53a326721950116b3b9dc9bd44939c01180fd4a745a9?s=96&d=mm&r=g","caption":"Equipe G\u00e1vea News"}}]}},"_links":{"self":[{"href":"https:\/\/www.gaveanews.com\/index.php\/wp-json\/wp\/v2\/posts\/86037","targetHints":{"allow":["GET"]}}],"collection":[{"href":"https:\/\/www.gaveanews.com\/index.php\/wp-json\/wp\/v2\/posts"}],"about":[{"href":"https:\/\/www.gaveanews.com\/index.php\/wp-json\/wp\/v2\/types\/post"}],"author":[{"embeddable":true,"href":"https:\/\/www.gaveanews.com\/index.php\/wp-json\/wp\/v2\/users\/1"}],"replies":[{"embeddable":true,"href":"https:\/\/www.gaveanews.com\/index.php\/wp-json\/wp\/v2\/comments?post=86037"}],"version-history":[{"count":0,"href":"https:\/\/www.gaveanews.com\/index.php\/wp-json\/wp\/v2\/posts\/86037\/revisions"}],"wp:featuredmedia":[{"embeddable":true,"href":"https:\/\/www.gaveanews.com\/index.php\/wp-json\/wp\/v2\/media\/66783"}],"wp:attachment":[{"href":"https:\/\/www.gaveanews.com\/index.php\/wp-json\/wp\/v2\/media?parent=86037"}],"wp:term":[{"taxonomy":"category","embeddable":true,"href":"https:\/\/www.gaveanews.com\/index.php\/wp-json\/wp\/v2\/categories?post=86037"},{"taxonomy":"post_tag","embeddable":true,"href":"https:\/\/www.gaveanews.com\/index.php\/wp-json\/wp\/v2\/tags?post=86037"}],"curies":[{"name":"wp","href":"https:\/\/api.w.org\/{rel}","templated":true}]}}