{"id":86059,"date":"2022-08-18T13:59:31","date_gmt":"2022-08-18T16:59:31","guid":{"rendered":"https:\/\/www.gaveanews.com\/?p=86059"},"modified":"2022-08-18T13:59:33","modified_gmt":"2022-08-18T16:59:33","slug":"felipao-justifica-retranca-do-athletico-pr-contra-o-flamengo-nao-e-um-time-comum","status":"publish","type":"post","link":"https:\/\/www.gaveanews.com\/index.php\/2022\/08\/18\/felipao-justifica-retranca-do-athletico-pr-contra-o-flamengo-nao-e-um-time-comum\/","title":{"rendered":"Felip\u00e3o justifica retranca do Athletico-PR contra o Flamengo: &#8220;N\u00e3o \u00e9 um time comum&#8221;"},"content":{"rendered":"\n<p>O Athletico-PR recebeu o Flamengo na Arena da Baixada com o objetivo de vencer dentro de casa e se classificar para as semifinais da Copa do Brasil. A estrat\u00e9gia adotada por Felip\u00e3o foi de atrasar suas linhas e tentar se proteger defensivamente. Neste caso, o ataque foi uma ideia secund\u00e1ria do time.<\/p>\n\n\n\n<p>O sistema adotado, contudo, al\u00e9m de n\u00e3o produzir ofensivamente, n\u00e3o foi perfeito na defesa e acabou abrindo espa\u00e7o para o Flamengo, que conseguiu se infiltrar, trazer bastante perigo e marcar o gol que trouxe a vit\u00f3ria e a classifica\u00e7\u00e3o.<\/p>\n\n\n\n<p>Na coletiva p\u00f3s-jogo, Felip\u00e3o foi questionado sobre a estrat\u00e9gia utilizada no jogo. O t\u00e9cnico afirmou que o Flamengo \u00e9 um time muito habilidoso e que n\u00e3o \u00e9 f\u00e1cil de ser enfrentado.<\/p>\n\n\n\n<p><em>&#8211; Porque \u00e9 o Flamengo. N\u00e3o \u00e9 um time comum. \u00c9 um time que tem boa qualidade. A gente depois que perde ou antes, vai analisar: o Flamengo \u00e9 um time comum? N\u00e3o \u00e9 comum. Para voc\u00eas pode ser que seja comum. Para n\u00f3s, que analisamos para que monte uma equipe, monta a equipe pensando em ganhar, mas tamb\u00e9m em ter uma postura que fa\u00e7a com que o advers\u00e1rio tenha dificuldades para chegar at\u00e9 o nosso gol. Foi isso que fizemos.<\/em><\/p>\n\n\n\n<p>O t\u00e9cnico tentou corrigir o que n\u00e3o funcionou no primeiro tempo com substitui\u00e7\u00f5es na segunda metade da partida. Mas as altera\u00e7\u00f5es n\u00e3o surtiram efeito e o Flamengo continuou criando e dificultando a vida do Athletico.<\/p>\n\n\n\n<p><em>&#8211; Criamos algumas situa\u00e7\u00f5es, mas est\u00e1vamos jogando contra o Flamengo. N\u00e3o \u00e9 contra um time de bairro, da esquina. Flamengo tem muito boa qualidade, tamb\u00e9m dificultou nossas a\u00e7\u00f5es. Na minha opini\u00e3o foi um jogo muito equilibrado, um jogo que a oportunidade maior surgiu, e eles t\u00eam um jogador de grande qualidade tamb\u00e9m, que \u00e9 o Pedro, conseguiu fazer o gol. <\/em><\/p>\n\n\n\n<p><em>&#8211; N\u00e3o vi tanta diferen\u00e7a t\u00e9cnica, n\u00e3o vi superioridade em termos de chances de uma ou outra equipe. Minha equipe jogou dentro daquilo que \u00e9 organizado, que sabemos e temos como equipe. Tanto n\u00f3s como eles poder\u00edamos ter vencido o jogo.<\/em><\/p>\n","protected":false},"excerpt":{"rendered":"<p>O Athletico-PR recebeu o Flamengo na Arena da Baixada com o objetivo de vencer dentro de casa e se classificar para as semifinais da Copa do Brasil. A estrat\u00e9gia adotada por Felip\u00e3o foi de atrasar suas linhas e tentar se proteger defensivamente. Neste caso, o ataque foi uma ideia secund\u00e1ria do time. O sistema adotado, [&hellip;]<\/p>\n","protected":false},"author":4,"featured_media":85950,"comment_status":"open","ping_status":"closed","sticky":false,"template":"","format":"standard","meta":{"footnotes":""},"categories":[1],"tags":[],"class_list":["post-86059","post","type-post","status-publish","format-standard","has-post-thumbnail","hentry","category-flamengo"],"yoast_head":"<!-- This site is optimized with the Yoast SEO Premium plugin v24.2 (Yoast SEO v26.9) - https:\/\/yoast.com\/product\/yoast-seo-premium-wordpress\/ -->\n<title>Felip\u00e3o justifica retranca do Athletico-PR contra o Flamengo: &quot;N\u00e3o \u00e9 um time comum&quot;<\/title>\n<meta name=\"robots\" content=\"index, follow, max-snippet:-1, max-image-preview:large, max-video-preview:-1\" \/>\n<link rel=\"canonical\" href=\"https:\/\/www.gaveanews.com\/index.php\/2022\/08\/18\/felipao-justifica-retranca-do-athletico-pr-contra-o-flamengo-nao-e-um-time-comum\/\" \/>\n<meta property=\"og:locale\" content=\"pt_BR\" \/>\n<meta property=\"og:type\" content=\"article\" \/>\n<meta property=\"og:title\" content=\"Felip\u00e3o justifica retranca do Athletico-PR contra o Flamengo: &quot;N\u00e3o \u00e9 um time comum&quot;\" \/>\n<meta property=\"og:description\" content=\"O Athletico-PR recebeu o Flamengo na Arena da Baixada com o objetivo de vencer dentro de casa e se classificar para as semifinais da Copa do Brasil. A estrat\u00e9gia adotada por Felip\u00e3o foi de atrasar suas linhas e tentar se proteger defensivamente. Neste caso, o ataque foi uma ideia secund\u00e1ria do time. O sistema adotado, [&hellip;]\" \/>\n<meta property=\"og:url\" content=\"https:\/\/www.gaveanews.com\/index.php\/2022\/08\/18\/felipao-justifica-retranca-do-athletico-pr-contra-o-flamengo-nao-e-um-time-comum\/\" \/>\n<meta property=\"og:site_name\" content=\"G\u00e1vea News\" \/>\n<meta property=\"article:publisher\" content=\"https:\/\/facebook.com\/gaveaNews\/\" \/>\n<meta property=\"article:published_time\" content=\"2022-08-18T16:59:31+00:00\" \/>\n<meta property=\"article:modified_time\" content=\"2022-08-18T16:59:33+00:00\" \/>\n<meta property=\"og:image\" content=\"https:\/\/www.gaveanews.com\/wp-content\/uploads\/Felipao-em-jogo-do-Athletico-contra-o-Flamengo.webp\" \/>\n\t<meta property=\"og:image:width\" content=\"1000\" \/>\n\t<meta property=\"og:image:height\" content=\"723\" \/>\n\t<meta property=\"og:image:type\" content=\"image\/webp\" \/>\n<meta name=\"author\" content=\"Let\u00edcia Gerheim\" \/>\n<meta name=\"twitter:card\" content=\"summary_large_image\" \/>\n<meta name=\"twitter:label1\" content=\"Escrito por\" \/>\n\t<meta name=\"twitter:data1\" content=\"Let\u00edcia Gerheim\" \/>\n\t<meta name=\"twitter:label2\" content=\"Est. tempo de leitura\" \/>\n\t<meta name=\"twitter:data2\" content=\"2 minutos\" \/>\n<script type=\"application\/ld+json\" class=\"yoast-schema-graph\">{\"@context\":\"https:\/\/schema.org\",\"@graph\":[{\"@type\":\"NewsArticle\",\"@id\":\"https:\/\/www.gaveanews.com\/index.php\/2022\/08\/18\/felipao-justifica-retranca-do-athletico-pr-contra-o-flamengo-nao-e-um-time-comum\/#article\",\"isPartOf\":{\"@id\":\"https:\/\/www.gaveanews.com\/index.php\/2022\/08\/18\/felipao-justifica-retranca-do-athletico-pr-contra-o-flamengo-nao-e-um-time-comum\/\"},\"author\":{\"name\":\"Let\u00edcia Gerheim\",\"@id\":\"https:\/\/www.gaveanews.com\/#\/schema\/person\/714c67050b836198af2450ba1c142a67\"},\"headline\":\"Felip\u00e3o justifica retranca do Athletico-PR contra o Flamengo: &#8220;N\u00e3o \u00e9 um time comum&#8221;\",\"datePublished\":\"2022-08-18T16:59:31+00:00\",\"dateModified\":\"2022-08-18T16:59:33+00:00\",\"mainEntityOfPage\":{\"@id\":\"https:\/\/www.gaveanews.com\/index.php\/2022\/08\/18\/felipao-justifica-retranca-do-athletico-pr-contra-o-flamengo-nao-e-um-time-comum\/\"},\"wordCount\":384,\"commentCount\":0,\"image\":{\"@id\":\"https:\/\/www.gaveanews.com\/index.php\/2022\/08\/18\/felipao-justifica-retranca-do-athletico-pr-contra-o-flamengo-nao-e-um-time-comum\/#primaryimage\"},\"thumbnailUrl\":\"https:\/\/www.gaveanews.com\/wp-content\/uploads\/Felipao-em-jogo-do-Athletico-contra-o-Flamengo.webp\",\"articleSection\":[\"Flamengo\"],\"inLanguage\":\"pt-BR\",\"potentialAction\":[{\"@type\":\"CommentAction\",\"name\":\"Comment\",\"target\":[\"https:\/\/www.gaveanews.com\/index.php\/2022\/08\/18\/felipao-justifica-retranca-do-athletico-pr-contra-o-flamengo-nao-e-um-time-comum\/#respond\"]}],\"copyrightYear\":\"2022\",\"copyrightHolder\":{\"@id\":\"https:\/\/www.gaveanews.com\/#organization\"}},{\"@type\":\"WebPage\",\"@id\":\"https:\/\/www.gaveanews.com\/index.php\/2022\/08\/18\/felipao-justifica-retranca-do-athletico-pr-contra-o-flamengo-nao-e-um-time-comum\/\",\"url\":\"https:\/\/www.gaveanews.com\/index.php\/2022\/08\/18\/felipao-justifica-retranca-do-athletico-pr-contra-o-flamengo-nao-e-um-time-comum\/\",\"name\":\"Felip\u00e3o justifica retranca do Athletico-PR contra o Flamengo: \\\"N\u00e3o \u00e9 um time comum\\\"\",\"isPartOf\":{\"@id\":\"https:\/\/www.gaveanews.com\/#website\"},\"primaryImageOfPage\":{\"@id\":\"https:\/\/www.gaveanews.com\/index.php\/2022\/08\/18\/felipao-justifica-retranca-do-athletico-pr-contra-o-flamengo-nao-e-um-time-comum\/#primaryimage\"},\"image\":{\"@id\":\"https:\/\/www.gaveanews.com\/index.php\/2022\/08\/18\/felipao-justifica-retranca-do-athletico-pr-contra-o-flamengo-nao-e-um-time-comum\/#primaryimage\"},\"thumbnailUrl\":\"https:\/\/www.gaveanews.com\/wp-content\/uploads\/Felipao-em-jogo-do-Athletico-contra-o-Flamengo.webp\",\"datePublished\":\"2022-08-18T16:59:31+00:00\",\"dateModified\":\"2022-08-18T16:59:33+00:00\",\"author\":{\"@id\":\"https:\/\/www.gaveanews.com\/#\/schema\/person\/714c67050b836198af2450ba1c142a67\"},\"breadcrumb\":{\"@id\":\"https:\/\/www.gaveanews.com\/index.php\/2022\/08\/18\/felipao-justifica-retranca-do-athletico-pr-contra-o-flamengo-nao-e-um-time-comum\/#breadcrumb\"},\"inLanguage\":\"pt-BR\",\"potentialAction\":[{\"@type\":\"ReadAction\",\"target\":[\"https:\/\/www.gaveanews.com\/index.php\/2022\/08\/18\/felipao-justifica-retranca-do-athletico-pr-contra-o-flamengo-nao-e-um-time-comum\/\"]}]},{\"@type\":\"ImageObject\",\"inLanguage\":\"pt-BR\",\"@id\":\"https:\/\/www.gaveanews.com\/index.php\/2022\/08\/18\/felipao-justifica-retranca-do-athletico-pr-contra-o-flamengo-nao-e-um-time-comum\/#primaryimage\",\"url\":\"https:\/\/www.gaveanews.com\/wp-content\/uploads\/Felipao-em-jogo-do-Athletico-contra-o-Flamengo.webp\",\"contentUrl\":\"https:\/\/www.gaveanews.com\/wp-content\/uploads\/Felipao-em-jogo-do-Athletico-contra-o-Flamengo.webp\",\"width\":1000,\"height\":723,\"caption\":\"Felip\u00e3o em jogo do Athletico contra o Flamengo (Foto: Andr\u00e9 Dur\u00e3o)\"},{\"@type\":\"BreadcrumbList\",\"@id\":\"https:\/\/www.gaveanews.com\/index.php\/2022\/08\/18\/felipao-justifica-retranca-do-athletico-pr-contra-o-flamengo-nao-e-um-time-comum\/#breadcrumb\",\"itemListElement\":[{\"@type\":\"ListItem\",\"position\":1,\"name\":\"Home\",\"item\":\"https:\/\/www.gaveanews.com\/\"},{\"@type\":\"ListItem\",\"position\":2,\"name\":\"Felip\u00e3o justifica retranca do Athletico-PR contra o Flamengo: &#8220;N\u00e3o \u00e9 um time comum&#8221;\"}]},{\"@type\":\"WebSite\",\"@id\":\"https:\/\/www.gaveanews.com\/#website\",\"url\":\"https:\/\/www.gaveanews.com\/\",\"name\":\"G\u00e1vea News\",\"description\":\"Veja todas as not\u00edcias sobre o Flamengo: Contrata\u00e7\u00f5es, categorias de base, resultados das partidas, tabela de classifica\u00e7\u00e3o, pr\u00f3ximos jogos!\",\"potentialAction\":[{\"@type\":\"SearchAction\",\"target\":{\"@type\":\"EntryPoint\",\"urlTemplate\":\"https:\/\/www.gaveanews.com\/?s={search_term_string}\"},\"query-input\":{\"@type\":\"PropertyValueSpecification\",\"valueRequired\":true,\"valueName\":\"search_term_string\"}}],\"inLanguage\":\"pt-BR\"},{\"@type\":\"Person\",\"@id\":\"https:\/\/www.gaveanews.com\/#\/schema\/person\/714c67050b836198af2450ba1c142a67\",\"name\":\"Let\u00edcia Gerheim\",\"image\":{\"@type\":\"ImageObject\",\"inLanguage\":\"pt-BR\",\"@id\":\"https:\/\/www.gaveanews.com\/#\/schema\/person\/image\/\",\"url\":\"https:\/\/secure.gravatar.com\/avatar\/60734739c50fcebfbac509e2a826ccd0ff405c019bc73aab9354f19ecad1dcb4?s=96&d=mm&r=g\",\"contentUrl\":\"https:\/\/secure.gravatar.com\/avatar\/60734739c50fcebfbac509e2a826ccd0ff405c019bc73aab9354f19ecad1dcb4?s=96&d=mm&r=g\",\"caption\":\"Let\u00edcia Gerheim\"}}]}<\/script>\n<!-- \/ Yoast SEO Premium plugin. -->","yoast_head_json":{"title":"Felip\u00e3o justifica retranca do Athletico-PR contra o Flamengo: \"N\u00e3o \u00e9 um time comum\"","robots":{"index":"index","follow":"follow","max-snippet":"max-snippet:-1","max-image-preview":"max-image-preview:large","max-video-preview":"max-video-preview:-1"},"canonical":"https:\/\/www.gaveanews.com\/index.php\/2022\/08\/18\/felipao-justifica-retranca-do-athletico-pr-contra-o-flamengo-nao-e-um-time-comum\/","og_locale":"pt_BR","og_type":"article","og_title":"Felip\u00e3o justifica retranca do Athletico-PR contra o Flamengo: \"N\u00e3o \u00e9 um time comum\"","og_description":"O Athletico-PR recebeu o Flamengo na Arena da Baixada com o objetivo de vencer dentro de casa e se classificar para as semifinais da Copa do Brasil. A estrat\u00e9gia adotada por Felip\u00e3o foi de atrasar suas linhas e tentar se proteger defensivamente. Neste caso, o ataque foi uma ideia secund\u00e1ria do time. O sistema adotado, [&hellip;]","og_url":"https:\/\/www.gaveanews.com\/index.php\/2022\/08\/18\/felipao-justifica-retranca-do-athletico-pr-contra-o-flamengo-nao-e-um-time-comum\/","og_site_name":"G\u00e1vea News","article_publisher":"https:\/\/facebook.com\/gaveaNews\/","article_published_time":"2022-08-18T16:59:31+00:00","article_modified_time":"2022-08-18T16:59:33+00:00","og_image":[{"width":1000,"height":723,"url":"https:\/\/www.gaveanews.com\/wp-content\/uploads\/Felipao-em-jogo-do-Athletico-contra-o-Flamengo.webp","type":"image\/webp"}],"author":"Let\u00edcia Gerheim","twitter_card":"summary_large_image","twitter_misc":{"Escrito por":"Let\u00edcia Gerheim","Est. tempo de leitura":"2 minutos"},"schema":{"@context":"https:\/\/schema.org","@graph":[{"@type":"NewsArticle","@id":"https:\/\/www.gaveanews.com\/index.php\/2022\/08\/18\/felipao-justifica-retranca-do-athletico-pr-contra-o-flamengo-nao-e-um-time-comum\/#article","isPartOf":{"@id":"https:\/\/www.gaveanews.com\/index.php\/2022\/08\/18\/felipao-justifica-retranca-do-athletico-pr-contra-o-flamengo-nao-e-um-time-comum\/"},"author":{"name":"Let\u00edcia Gerheim","@id":"https:\/\/www.gaveanews.com\/#\/schema\/person\/714c67050b836198af2450ba1c142a67"},"headline":"Felip\u00e3o justifica retranca do Athletico-PR contra o Flamengo: &#8220;N\u00e3o \u00e9 um time comum&#8221;","datePublished":"2022-08-18T16:59:31+00:00","dateModified":"2022-08-18T16:59:33+00:00","mainEntityOfPage":{"@id":"https:\/\/www.gaveanews.com\/index.php\/2022\/08\/18\/felipao-justifica-retranca-do-athletico-pr-contra-o-flamengo-nao-e-um-time-comum\/"},"wordCount":384,"commentCount":0,"image":{"@id":"https:\/\/www.gaveanews.com\/index.php\/2022\/08\/18\/felipao-justifica-retranca-do-athletico-pr-contra-o-flamengo-nao-e-um-time-comum\/#primaryimage"},"thumbnailUrl":"https:\/\/www.gaveanews.com\/wp-content\/uploads\/Felipao-em-jogo-do-Athletico-contra-o-Flamengo.webp","articleSection":["Flamengo"],"inLanguage":"pt-BR","potentialAction":[{"@type":"CommentAction","name":"Comment","target":["https:\/\/www.gaveanews.com\/index.php\/2022\/08\/18\/felipao-justifica-retranca-do-athletico-pr-contra-o-flamengo-nao-e-um-time-comum\/#respond"]}],"copyrightYear":"2022","copyrightHolder":{"@id":"https:\/\/www.gaveanews.com\/#organization"}},{"@type":"WebPage","@id":"https:\/\/www.gaveanews.com\/index.php\/2022\/08\/18\/felipao-justifica-retranca-do-athletico-pr-contra-o-flamengo-nao-e-um-time-comum\/","url":"https:\/\/www.gaveanews.com\/index.php\/2022\/08\/18\/felipao-justifica-retranca-do-athletico-pr-contra-o-flamengo-nao-e-um-time-comum\/","name":"Felip\u00e3o justifica retranca do Athletico-PR contra o Flamengo: \"N\u00e3o \u00e9 um time comum\"","isPartOf":{"@id":"https:\/\/www.gaveanews.com\/#website"},"primaryImageOfPage":{"@id":"https:\/\/www.gaveanews.com\/index.php\/2022\/08\/18\/felipao-justifica-retranca-do-athletico-pr-contra-o-flamengo-nao-e-um-time-comum\/#primaryimage"},"image":{"@id":"https:\/\/www.gaveanews.com\/index.php\/2022\/08\/18\/felipao-justifica-retranca-do-athletico-pr-contra-o-flamengo-nao-e-um-time-comum\/#primaryimage"},"thumbnailUrl":"https:\/\/www.gaveanews.com\/wp-content\/uploads\/Felipao-em-jogo-do-Athletico-contra-o-Flamengo.webp","datePublished":"2022-08-18T16:59:31+00:00","dateModified":"2022-08-18T16:59:33+00:00","author":{"@id":"https:\/\/www.gaveanews.com\/#\/schema\/person\/714c67050b836198af2450ba1c142a67"},"breadcrumb":{"@id":"https:\/\/www.gaveanews.com\/index.php\/2022\/08\/18\/felipao-justifica-retranca-do-athletico-pr-contra-o-flamengo-nao-e-um-time-comum\/#breadcrumb"},"inLanguage":"pt-BR","potentialAction":[{"@type":"ReadAction","target":["https:\/\/www.gaveanews.com\/index.php\/2022\/08\/18\/felipao-justifica-retranca-do-athletico-pr-contra-o-flamengo-nao-e-um-time-comum\/"]}]},{"@type":"ImageObject","inLanguage":"pt-BR","@id":"https:\/\/www.gaveanews.com\/index.php\/2022\/08\/18\/felipao-justifica-retranca-do-athletico-pr-contra-o-flamengo-nao-e-um-time-comum\/#primaryimage","url":"https:\/\/www.gaveanews.com\/wp-content\/uploads\/Felipao-em-jogo-do-Athletico-contra-o-Flamengo.webp","contentUrl":"https:\/\/www.gaveanews.com\/wp-content\/uploads\/Felipao-em-jogo-do-Athletico-contra-o-Flamengo.webp","width":1000,"height":723,"caption":"Felip\u00e3o em jogo do Athletico contra o Flamengo (Foto: Andr\u00e9 Dur\u00e3o)"},{"@type":"BreadcrumbList","@id":"https:\/\/www.gaveanews.com\/index.php\/2022\/08\/18\/felipao-justifica-retranca-do-athletico-pr-contra-o-flamengo-nao-e-um-time-comum\/#breadcrumb","itemListElement":[{"@type":"ListItem","position":1,"name":"Home","item":"https:\/\/www.gaveanews.com\/"},{"@type":"ListItem","position":2,"name":"Felip\u00e3o justifica retranca do Athletico-PR contra o Flamengo: &#8220;N\u00e3o \u00e9 um time comum&#8221;"}]},{"@type":"WebSite","@id":"https:\/\/www.gaveanews.com\/#website","url":"https:\/\/www.gaveanews.com\/","name":"G\u00e1vea News","description":"Veja todas as not\u00edcias sobre o Flamengo: Contrata\u00e7\u00f5es, categorias de base, resultados das partidas, tabela de classifica\u00e7\u00e3o, pr\u00f3ximos jogos!","potentialAction":[{"@type":"SearchAction","target":{"@type":"EntryPoint","urlTemplate":"https:\/\/www.gaveanews.com\/?s={search_term_string}"},"query-input":{"@type":"PropertyValueSpecification","valueRequired":true,"valueName":"search_term_string"}}],"inLanguage":"pt-BR"},{"@type":"Person","@id":"https:\/\/www.gaveanews.com\/#\/schema\/person\/714c67050b836198af2450ba1c142a67","name":"Let\u00edcia Gerheim","image":{"@type":"ImageObject","inLanguage":"pt-BR","@id":"https:\/\/www.gaveanews.com\/#\/schema\/person\/image\/","url":"https:\/\/secure.gravatar.com\/avatar\/60734739c50fcebfbac509e2a826ccd0ff405c019bc73aab9354f19ecad1dcb4?s=96&d=mm&r=g","contentUrl":"https:\/\/secure.gravatar.com\/avatar\/60734739c50fcebfbac509e2a826ccd0ff405c019bc73aab9354f19ecad1dcb4?s=96&d=mm&r=g","caption":"Let\u00edcia Gerheim"}}]}},"_links":{"self":[{"href":"https:\/\/www.gaveanews.com\/index.php\/wp-json\/wp\/v2\/posts\/86059","targetHints":{"allow":["GET"]}}],"collection":[{"href":"https:\/\/www.gaveanews.com\/index.php\/wp-json\/wp\/v2\/posts"}],"about":[{"href":"https:\/\/www.gaveanews.com\/index.php\/wp-json\/wp\/v2\/types\/post"}],"author":[{"embeddable":true,"href":"https:\/\/www.gaveanews.com\/index.php\/wp-json\/wp\/v2\/users\/4"}],"replies":[{"embeddable":true,"href":"https:\/\/www.gaveanews.com\/index.php\/wp-json\/wp\/v2\/comments?post=86059"}],"version-history":[{"count":0,"href":"https:\/\/www.gaveanews.com\/index.php\/wp-json\/wp\/v2\/posts\/86059\/revisions"}],"wp:featuredmedia":[{"embeddable":true,"href":"https:\/\/www.gaveanews.com\/index.php\/wp-json\/wp\/v2\/media\/85950"}],"wp:attachment":[{"href":"https:\/\/www.gaveanews.com\/index.php\/wp-json\/wp\/v2\/media?parent=86059"}],"wp:term":[{"taxonomy":"category","embeddable":true,"href":"https:\/\/www.gaveanews.com\/index.php\/wp-json\/wp\/v2\/categories?post=86059"},{"taxonomy":"post_tag","embeddable":true,"href":"https:\/\/www.gaveanews.com\/index.php\/wp-json\/wp\/v2\/tags?post=86059"}],"curies":[{"name":"wp","href":"https:\/\/api.w.org\/{rel}","templated":true}]}}