{"id":86064,"date":"2022-08-18T14:53:19","date_gmt":"2022-08-18T17:53:19","guid":{"rendered":"https:\/\/www.gaveanews.com\/?p=86064"},"modified":"2022-08-18T14:53:21","modified_gmt":"2022-08-18T17:53:21","slug":"samir-e-vendido-por-65-milhoes-de-euros-e-flamengo-recebera-porcentagem-veja-valores","status":"publish","type":"post","link":"https:\/\/www.gaveanews.com\/index.php\/2022\/08\/18\/samir-e-vendido-por-65-milhoes-de-euros-e-flamengo-recebera-porcentagem-veja-valores\/","title":{"rendered":"Samir \u00e9 vendido por 6,5 milh\u00f5es de euros e Flamengo receber\u00e1 porcentagem; veja valores"},"content":{"rendered":"\n<p>O Flamengo ir\u00e1 se beneficiar da venda do zagueiro Samir, que acertou a sa\u00edda do Watford, da Inglaterra, para o Tigres, do M\u00e9xico. O defensor de 27 anos foi revelado pelas categorias de base do rubro-negro carioca, que por conta do mecanismo de solidariedade da Fifa, embolsar\u00e1 um bom dinheiro pela transa\u00e7\u00e3o.<\/p>\n\n\n\n<p>O neg\u00f3cio envolvendo a ida do atleta para o Tigres foi fechado em 6,5 milh\u00f5es de euros (cerca de R$ 34,1 milh\u00f5es). Neste cen\u00e1rio, o Flamengo deve receber algo em torno de R$ 850 mil para seus cofres.<\/p>\n\n\n\n<p>Samir deixou o rubro-negro em 2016, quando tinha 21 anos, tendo acertado com a Udinese, da It\u00e1lia, onde atuou por seis temporadas, at\u00e9 ser negociado ao Watford, tendo disputado a Premier League da temporada passada.<\/p>\n\n\n\n<p>Com a camisa do Flamengo, Samir atuou em 92 jogos, computando 46 vit\u00f3rias, 18 empates, 28 derrotas e quatro tentos anotados neste per\u00edodo. O zagueiro ainda participou da campanha que culminou no t\u00edtulo da Copa do Brasil em 2013. Ao todo, foram tr\u00eas temporadas no time carioca, antes da negocia\u00e7\u00e3o ao Velho Continente ser efetivada.<\/p>\n\n\n\n<p>Na temporada passada, o defensor foi vendido por 5 milh\u00f5es de euros da Udinese para o Watford, time que acabou caindo para a segunda divis\u00e3o do futebol ingl\u00eas. Foram 19 jogos nos \u201cThe Hornets\u201d e nenhum tento convertido. Natural de S\u00e3o Gon\u00e7alo, no Rio de Janeiro, o atleta \u00e9 agenciado pela TFM Agency, a antiga Traffic.<\/p>\n\n\n\n<p>Retirado de: Torcedores<\/p>\n","protected":false},"excerpt":{"rendered":"<p>O Flamengo ir\u00e1 se beneficiar da venda do zagueiro Samir, que acertou a sa\u00edda do Watford, da Inglaterra, para o Tigres, do M\u00e9xico. O defensor de 27 anos foi revelado pelas categorias de base do rubro-negro carioca, que por conta do mecanismo de solidariedade da Fifa, embolsar\u00e1 um bom dinheiro pela transa\u00e7\u00e3o. O neg\u00f3cio envolvendo [&hellip;]<\/p>\n","protected":false},"author":1,"featured_media":22751,"comment_status":"open","ping_status":"closed","sticky":false,"template":"","format":"standard","meta":{"footnotes":""},"categories":[48],"tags":[],"class_list":["post-86064","post","type-post","status-publish","format-standard","has-post-thumbnail","hentry","category-negociacoes"],"yoast_head":"<!-- This site is optimized with the Yoast SEO Premium plugin v24.2 (Yoast SEO v26.9) - https:\/\/yoast.com\/product\/yoast-seo-premium-wordpress\/ -->\n<title>Samir \u00e9 vendido por 6,5 milh\u00f5es de euros e Flamengo receber\u00e1 porcentagem; veja valores<\/title>\n<meta name=\"robots\" content=\"index, follow, max-snippet:-1, max-image-preview:large, max-video-preview:-1\" \/>\n<link rel=\"canonical\" href=\"https:\/\/www.gaveanews.com\/index.php\/2022\/08\/18\/samir-e-vendido-por-65-milhoes-de-euros-e-flamengo-recebera-porcentagem-veja-valores\/\" \/>\n<meta property=\"og:locale\" content=\"pt_BR\" \/>\n<meta property=\"og:type\" content=\"article\" \/>\n<meta property=\"og:title\" content=\"Samir \u00e9 vendido por 6,5 milh\u00f5es de euros e Flamengo receber\u00e1 porcentagem; veja valores\" \/>\n<meta property=\"og:description\" content=\"O Flamengo ir\u00e1 se beneficiar da venda do zagueiro Samir, que acertou a sa\u00edda do Watford, da Inglaterra, para o Tigres, do M\u00e9xico. O defensor de 27 anos foi revelado pelas categorias de base do rubro-negro carioca, que por conta do mecanismo de solidariedade da Fifa, embolsar\u00e1 um bom dinheiro pela transa\u00e7\u00e3o. O neg\u00f3cio envolvendo [&hellip;]\" \/>\n<meta property=\"og:url\" content=\"https:\/\/www.gaveanews.com\/index.php\/2022\/08\/18\/samir-e-vendido-por-65-milhoes-de-euros-e-flamengo-recebera-porcentagem-veja-valores\/\" \/>\n<meta property=\"og:site_name\" content=\"G\u00e1vea News\" \/>\n<meta property=\"article:publisher\" content=\"https:\/\/facebook.com\/gaveaNews\/\" \/>\n<meta property=\"article:published_time\" content=\"2022-08-18T17:53:19+00:00\" \/>\n<meta property=\"article:modified_time\" content=\"2022-08-18T17:53:21+00:00\" \/>\n<meta property=\"og:image\" content=\"https:\/\/www.gaveanews.com\/wp-content\/uploads\/2019\/07\/Samir-em-acao-pelo-Flamengo.webp\" \/>\n\t<meta property=\"og:image:width\" content=\"1\" \/>\n\t<meta property=\"og:image:height\" content=\"1\" \/>\n\t<meta property=\"og:image:type\" content=\"image\/jpeg\" \/>\n<meta name=\"author\" content=\"Equipe G\u00e1vea News\" \/>\n<meta name=\"twitter:card\" content=\"summary_large_image\" \/>\n<meta name=\"twitter:label1\" content=\"Escrito por\" \/>\n\t<meta name=\"twitter:data1\" content=\"Equipe G\u00e1vea News\" \/>\n\t<meta name=\"twitter:label2\" content=\"Est. tempo de leitura\" \/>\n\t<meta name=\"twitter:data2\" content=\"2 minutos\" \/>\n<script type=\"application\/ld+json\" class=\"yoast-schema-graph\">{\"@context\":\"https:\/\/schema.org\",\"@graph\":[{\"@type\":\"NewsArticle\",\"@id\":\"https:\/\/www.gaveanews.com\/index.php\/2022\/08\/18\/samir-e-vendido-por-65-milhoes-de-euros-e-flamengo-recebera-porcentagem-veja-valores\/#article\",\"isPartOf\":{\"@id\":\"https:\/\/www.gaveanews.com\/index.php\/2022\/08\/18\/samir-e-vendido-por-65-milhoes-de-euros-e-flamengo-recebera-porcentagem-veja-valores\/\"},\"author\":{\"name\":\"Equipe G\u00e1vea News\",\"@id\":\"https:\/\/www.gaveanews.com\/#\/schema\/person\/2ec14f73fb96be2caf28f91afb14749d\"},\"headline\":\"Samir \u00e9 vendido por 6,5 milh\u00f5es de euros e Flamengo receber\u00e1 porcentagem; veja valores\",\"datePublished\":\"2022-08-18T17:53:19+00:00\",\"dateModified\":\"2022-08-18T17:53:21+00:00\",\"mainEntityOfPage\":{\"@id\":\"https:\/\/www.gaveanews.com\/index.php\/2022\/08\/18\/samir-e-vendido-por-65-milhoes-de-euros-e-flamengo-recebera-porcentagem-veja-valores\/\"},\"wordCount\":256,\"commentCount\":0,\"image\":{\"@id\":\"https:\/\/www.gaveanews.com\/index.php\/2022\/08\/18\/samir-e-vendido-por-65-milhoes-de-euros-e-flamengo-recebera-porcentagem-veja-valores\/#primaryimage\"},\"thumbnailUrl\":\"https:\/\/www.gaveanews.com\/wp-content\/uploads\/2019\/07\/Samir-em-acao-pelo-Flamengo.webp\",\"articleSection\":[\"Negocia\u00e7\u00f5es\"],\"inLanguage\":\"pt-BR\",\"potentialAction\":[{\"@type\":\"CommentAction\",\"name\":\"Comment\",\"target\":[\"https:\/\/www.gaveanews.com\/index.php\/2022\/08\/18\/samir-e-vendido-por-65-milhoes-de-euros-e-flamengo-recebera-porcentagem-veja-valores\/#respond\"]}],\"copyrightYear\":\"2022\",\"copyrightHolder\":{\"@id\":\"https:\/\/www.gaveanews.com\/#organization\"}},{\"@type\":\"WebPage\",\"@id\":\"https:\/\/www.gaveanews.com\/index.php\/2022\/08\/18\/samir-e-vendido-por-65-milhoes-de-euros-e-flamengo-recebera-porcentagem-veja-valores\/\",\"url\":\"https:\/\/www.gaveanews.com\/index.php\/2022\/08\/18\/samir-e-vendido-por-65-milhoes-de-euros-e-flamengo-recebera-porcentagem-veja-valores\/\",\"name\":\"Samir \u00e9 vendido por 6,5 milh\u00f5es de euros e Flamengo receber\u00e1 porcentagem; veja valores\",\"isPartOf\":{\"@id\":\"https:\/\/www.gaveanews.com\/#website\"},\"primaryImageOfPage\":{\"@id\":\"https:\/\/www.gaveanews.com\/index.php\/2022\/08\/18\/samir-e-vendido-por-65-milhoes-de-euros-e-flamengo-recebera-porcentagem-veja-valores\/#primaryimage\"},\"image\":{\"@id\":\"https:\/\/www.gaveanews.com\/index.php\/2022\/08\/18\/samir-e-vendido-por-65-milhoes-de-euros-e-flamengo-recebera-porcentagem-veja-valores\/#primaryimage\"},\"thumbnailUrl\":\"https:\/\/www.gaveanews.com\/wp-content\/uploads\/2019\/07\/Samir-em-acao-pelo-Flamengo.webp\",\"datePublished\":\"2022-08-18T17:53:19+00:00\",\"dateModified\":\"2022-08-18T17:53:21+00:00\",\"author\":{\"@id\":\"https:\/\/www.gaveanews.com\/#\/schema\/person\/2ec14f73fb96be2caf28f91afb14749d\"},\"breadcrumb\":{\"@id\":\"https:\/\/www.gaveanews.com\/index.php\/2022\/08\/18\/samir-e-vendido-por-65-milhoes-de-euros-e-flamengo-recebera-porcentagem-veja-valores\/#breadcrumb\"},\"inLanguage\":\"pt-BR\",\"potentialAction\":[{\"@type\":\"ReadAction\",\"target\":[\"https:\/\/www.gaveanews.com\/index.php\/2022\/08\/18\/samir-e-vendido-por-65-milhoes-de-euros-e-flamengo-recebera-porcentagem-veja-valores\/\"]}]},{\"@type\":\"ImageObject\",\"inLanguage\":\"pt-BR\",\"@id\":\"https:\/\/www.gaveanews.com\/index.php\/2022\/08\/18\/samir-e-vendido-por-65-milhoes-de-euros-e-flamengo-recebera-porcentagem-veja-valores\/#primaryimage\",\"url\":\"https:\/\/www.gaveanews.com\/wp-content\/uploads\/2019\/07\/Samir-em-acao-pelo-Flamengo.webp\",\"contentUrl\":\"https:\/\/www.gaveanews.com\/wp-content\/uploads\/2019\/07\/Samir-em-acao-pelo-Flamengo.webp\",\"caption\":\"Samir em a\u00e7\u00e3o pelo Flamengo (Foto: Alexandre Vidal\/Fla Imagem)\"},{\"@type\":\"BreadcrumbList\",\"@id\":\"https:\/\/www.gaveanews.com\/index.php\/2022\/08\/18\/samir-e-vendido-por-65-milhoes-de-euros-e-flamengo-recebera-porcentagem-veja-valores\/#breadcrumb\",\"itemListElement\":[{\"@type\":\"ListItem\",\"position\":1,\"name\":\"Home\",\"item\":\"https:\/\/www.gaveanews.com\/\"},{\"@type\":\"ListItem\",\"position\":2,\"name\":\"Samir \u00e9 vendido por 6,5 milh\u00f5es de euros e Flamengo receber\u00e1 porcentagem; veja valores\"}]},{\"@type\":\"WebSite\",\"@id\":\"https:\/\/www.gaveanews.com\/#website\",\"url\":\"https:\/\/www.gaveanews.com\/\",\"name\":\"G\u00e1vea News\",\"description\":\"Veja todas as not\u00edcias sobre o Flamengo: Contrata\u00e7\u00f5es, categorias de base, resultados das partidas, tabela de classifica\u00e7\u00e3o, pr\u00f3ximos jogos!\",\"potentialAction\":[{\"@type\":\"SearchAction\",\"target\":{\"@type\":\"EntryPoint\",\"urlTemplate\":\"https:\/\/www.gaveanews.com\/?s={search_term_string}\"},\"query-input\":{\"@type\":\"PropertyValueSpecification\",\"valueRequired\":true,\"valueName\":\"search_term_string\"}}],\"inLanguage\":\"pt-BR\"},{\"@type\":\"Person\",\"@id\":\"https:\/\/www.gaveanews.com\/#\/schema\/person\/2ec14f73fb96be2caf28f91afb14749d\",\"name\":\"Equipe G\u00e1vea News\",\"image\":{\"@type\":\"ImageObject\",\"inLanguage\":\"pt-BR\",\"@id\":\"https:\/\/www.gaveanews.com\/#\/schema\/person\/image\/\",\"url\":\"https:\/\/secure.gravatar.com\/avatar\/1e1956f1facbffd3f8fa53a326721950116b3b9dc9bd44939c01180fd4a745a9?s=96&d=mm&r=g\",\"contentUrl\":\"https:\/\/secure.gravatar.com\/avatar\/1e1956f1facbffd3f8fa53a326721950116b3b9dc9bd44939c01180fd4a745a9?s=96&d=mm&r=g\",\"caption\":\"Equipe G\u00e1vea News\"}}]}<\/script>\n<!-- \/ Yoast SEO Premium plugin. -->","yoast_head_json":{"title":"Samir \u00e9 vendido por 6,5 milh\u00f5es de euros e Flamengo receber\u00e1 porcentagem; veja valores","robots":{"index":"index","follow":"follow","max-snippet":"max-snippet:-1","max-image-preview":"max-image-preview:large","max-video-preview":"max-video-preview:-1"},"canonical":"https:\/\/www.gaveanews.com\/index.php\/2022\/08\/18\/samir-e-vendido-por-65-milhoes-de-euros-e-flamengo-recebera-porcentagem-veja-valores\/","og_locale":"pt_BR","og_type":"article","og_title":"Samir \u00e9 vendido por 6,5 milh\u00f5es de euros e Flamengo receber\u00e1 porcentagem; veja valores","og_description":"O Flamengo ir\u00e1 se beneficiar da venda do zagueiro Samir, que acertou a sa\u00edda do Watford, da Inglaterra, para o Tigres, do M\u00e9xico. O defensor de 27 anos foi revelado pelas categorias de base do rubro-negro carioca, que por conta do mecanismo de solidariedade da Fifa, embolsar\u00e1 um bom dinheiro pela transa\u00e7\u00e3o. O neg\u00f3cio envolvendo [&hellip;]","og_url":"https:\/\/www.gaveanews.com\/index.php\/2022\/08\/18\/samir-e-vendido-por-65-milhoes-de-euros-e-flamengo-recebera-porcentagem-veja-valores\/","og_site_name":"G\u00e1vea News","article_publisher":"https:\/\/facebook.com\/gaveaNews\/","article_published_time":"2022-08-18T17:53:19+00:00","article_modified_time":"2022-08-18T17:53:21+00:00","og_image":[{"url":"https:\/\/www.gaveanews.com\/wp-content\/uploads\/2019\/07\/Samir-em-acao-pelo-Flamengo.webp","width":1,"height":1,"type":"image\/jpeg"}],"author":"Equipe G\u00e1vea News","twitter_card":"summary_large_image","twitter_misc":{"Escrito por":"Equipe G\u00e1vea News","Est. tempo de leitura":"2 minutos"},"schema":{"@context":"https:\/\/schema.org","@graph":[{"@type":"NewsArticle","@id":"https:\/\/www.gaveanews.com\/index.php\/2022\/08\/18\/samir-e-vendido-por-65-milhoes-de-euros-e-flamengo-recebera-porcentagem-veja-valores\/#article","isPartOf":{"@id":"https:\/\/www.gaveanews.com\/index.php\/2022\/08\/18\/samir-e-vendido-por-65-milhoes-de-euros-e-flamengo-recebera-porcentagem-veja-valores\/"},"author":{"name":"Equipe G\u00e1vea News","@id":"https:\/\/www.gaveanews.com\/#\/schema\/person\/2ec14f73fb96be2caf28f91afb14749d"},"headline":"Samir \u00e9 vendido por 6,5 milh\u00f5es de euros e Flamengo receber\u00e1 porcentagem; veja valores","datePublished":"2022-08-18T17:53:19+00:00","dateModified":"2022-08-18T17:53:21+00:00","mainEntityOfPage":{"@id":"https:\/\/www.gaveanews.com\/index.php\/2022\/08\/18\/samir-e-vendido-por-65-milhoes-de-euros-e-flamengo-recebera-porcentagem-veja-valores\/"},"wordCount":256,"commentCount":0,"image":{"@id":"https:\/\/www.gaveanews.com\/index.php\/2022\/08\/18\/samir-e-vendido-por-65-milhoes-de-euros-e-flamengo-recebera-porcentagem-veja-valores\/#primaryimage"},"thumbnailUrl":"https:\/\/www.gaveanews.com\/wp-content\/uploads\/2019\/07\/Samir-em-acao-pelo-Flamengo.webp","articleSection":["Negocia\u00e7\u00f5es"],"inLanguage":"pt-BR","potentialAction":[{"@type":"CommentAction","name":"Comment","target":["https:\/\/www.gaveanews.com\/index.php\/2022\/08\/18\/samir-e-vendido-por-65-milhoes-de-euros-e-flamengo-recebera-porcentagem-veja-valores\/#respond"]}],"copyrightYear":"2022","copyrightHolder":{"@id":"https:\/\/www.gaveanews.com\/#organization"}},{"@type":"WebPage","@id":"https:\/\/www.gaveanews.com\/index.php\/2022\/08\/18\/samir-e-vendido-por-65-milhoes-de-euros-e-flamengo-recebera-porcentagem-veja-valores\/","url":"https:\/\/www.gaveanews.com\/index.php\/2022\/08\/18\/samir-e-vendido-por-65-milhoes-de-euros-e-flamengo-recebera-porcentagem-veja-valores\/","name":"Samir \u00e9 vendido por 6,5 milh\u00f5es de euros e Flamengo receber\u00e1 porcentagem; veja valores","isPartOf":{"@id":"https:\/\/www.gaveanews.com\/#website"},"primaryImageOfPage":{"@id":"https:\/\/www.gaveanews.com\/index.php\/2022\/08\/18\/samir-e-vendido-por-65-milhoes-de-euros-e-flamengo-recebera-porcentagem-veja-valores\/#primaryimage"},"image":{"@id":"https:\/\/www.gaveanews.com\/index.php\/2022\/08\/18\/samir-e-vendido-por-65-milhoes-de-euros-e-flamengo-recebera-porcentagem-veja-valores\/#primaryimage"},"thumbnailUrl":"https:\/\/www.gaveanews.com\/wp-content\/uploads\/2019\/07\/Samir-em-acao-pelo-Flamengo.webp","datePublished":"2022-08-18T17:53:19+00:00","dateModified":"2022-08-18T17:53:21+00:00","author":{"@id":"https:\/\/www.gaveanews.com\/#\/schema\/person\/2ec14f73fb96be2caf28f91afb14749d"},"breadcrumb":{"@id":"https:\/\/www.gaveanews.com\/index.php\/2022\/08\/18\/samir-e-vendido-por-65-milhoes-de-euros-e-flamengo-recebera-porcentagem-veja-valores\/#breadcrumb"},"inLanguage":"pt-BR","potentialAction":[{"@type":"ReadAction","target":["https:\/\/www.gaveanews.com\/index.php\/2022\/08\/18\/samir-e-vendido-por-65-milhoes-de-euros-e-flamengo-recebera-porcentagem-veja-valores\/"]}]},{"@type":"ImageObject","inLanguage":"pt-BR","@id":"https:\/\/www.gaveanews.com\/index.php\/2022\/08\/18\/samir-e-vendido-por-65-milhoes-de-euros-e-flamengo-recebera-porcentagem-veja-valores\/#primaryimage","url":"https:\/\/www.gaveanews.com\/wp-content\/uploads\/2019\/07\/Samir-em-acao-pelo-Flamengo.webp","contentUrl":"https:\/\/www.gaveanews.com\/wp-content\/uploads\/2019\/07\/Samir-em-acao-pelo-Flamengo.webp","caption":"Samir em a\u00e7\u00e3o pelo Flamengo (Foto: Alexandre Vidal\/Fla Imagem)"},{"@type":"BreadcrumbList","@id":"https:\/\/www.gaveanews.com\/index.php\/2022\/08\/18\/samir-e-vendido-por-65-milhoes-de-euros-e-flamengo-recebera-porcentagem-veja-valores\/#breadcrumb","itemListElement":[{"@type":"ListItem","position":1,"name":"Home","item":"https:\/\/www.gaveanews.com\/"},{"@type":"ListItem","position":2,"name":"Samir \u00e9 vendido por 6,5 milh\u00f5es de euros e Flamengo receber\u00e1 porcentagem; veja valores"}]},{"@type":"WebSite","@id":"https:\/\/www.gaveanews.com\/#website","url":"https:\/\/www.gaveanews.com\/","name":"G\u00e1vea News","description":"Veja todas as not\u00edcias sobre o Flamengo: Contrata\u00e7\u00f5es, categorias de base, resultados das partidas, tabela de classifica\u00e7\u00e3o, pr\u00f3ximos jogos!","potentialAction":[{"@type":"SearchAction","target":{"@type":"EntryPoint","urlTemplate":"https:\/\/www.gaveanews.com\/?s={search_term_string}"},"query-input":{"@type":"PropertyValueSpecification","valueRequired":true,"valueName":"search_term_string"}}],"inLanguage":"pt-BR"},{"@type":"Person","@id":"https:\/\/www.gaveanews.com\/#\/schema\/person\/2ec14f73fb96be2caf28f91afb14749d","name":"Equipe G\u00e1vea News","image":{"@type":"ImageObject","inLanguage":"pt-BR","@id":"https:\/\/www.gaveanews.com\/#\/schema\/person\/image\/","url":"https:\/\/secure.gravatar.com\/avatar\/1e1956f1facbffd3f8fa53a326721950116b3b9dc9bd44939c01180fd4a745a9?s=96&d=mm&r=g","contentUrl":"https:\/\/secure.gravatar.com\/avatar\/1e1956f1facbffd3f8fa53a326721950116b3b9dc9bd44939c01180fd4a745a9?s=96&d=mm&r=g","caption":"Equipe G\u00e1vea News"}}]}},"_links":{"self":[{"href":"https:\/\/www.gaveanews.com\/index.php\/wp-json\/wp\/v2\/posts\/86064","targetHints":{"allow":["GET"]}}],"collection":[{"href":"https:\/\/www.gaveanews.com\/index.php\/wp-json\/wp\/v2\/posts"}],"about":[{"href":"https:\/\/www.gaveanews.com\/index.php\/wp-json\/wp\/v2\/types\/post"}],"author":[{"embeddable":true,"href":"https:\/\/www.gaveanews.com\/index.php\/wp-json\/wp\/v2\/users\/1"}],"replies":[{"embeddable":true,"href":"https:\/\/www.gaveanews.com\/index.php\/wp-json\/wp\/v2\/comments?post=86064"}],"version-history":[{"count":0,"href":"https:\/\/www.gaveanews.com\/index.php\/wp-json\/wp\/v2\/posts\/86064\/revisions"}],"wp:featuredmedia":[{"embeddable":true,"href":"https:\/\/www.gaveanews.com\/index.php\/wp-json\/wp\/v2\/media\/22751"}],"wp:attachment":[{"href":"https:\/\/www.gaveanews.com\/index.php\/wp-json\/wp\/v2\/media?parent=86064"}],"wp:term":[{"taxonomy":"category","embeddable":true,"href":"https:\/\/www.gaveanews.com\/index.php\/wp-json\/wp\/v2\/categories?post=86064"},{"taxonomy":"post_tag","embeddable":true,"href":"https:\/\/www.gaveanews.com\/index.php\/wp-json\/wp\/v2\/tags?post=86064"}],"curies":[{"name":"wp","href":"https:\/\/api.w.org\/{rel}","templated":true}]}}