{"id":86075,"date":"2022-08-18T22:41:50","date_gmt":"2022-08-19T01:41:50","guid":{"rendered":"https:\/\/www.gaveanews.com\/?p=86075"},"modified":"2022-08-18T22:41:54","modified_gmt":"2022-08-19T01:41:54","slug":"flamengo-emite-nota-oficial-sobre-acontecimentos-em-curitiba","status":"publish","type":"post","link":"https:\/\/www.gaveanews.com\/index.php\/2022\/08\/18\/flamengo-emite-nota-oficial-sobre-acontecimentos-em-curitiba\/","title":{"rendered":"Flamengo emite nota oficial sobre acontecimentos em Curitiba"},"content":{"rendered":"\n<p>Na \u00faltima quarta-feira, o Flamengo venceu o Athletico-PR por 1 a 0, na Arena da Baixada, em partida de volta das quartas de final da Copa do Brasil. Com um gola\u00e7o de Pedro, o Mais Querido avan\u00e7ou na competi\u00e7\u00e3o.<\/p>\n\n\n\n<p>Com mais um encontro entre as equipes na competi\u00e7\u00e3o, a rivalidade entre Flamengo e Athletico-PR se aflorou nas \u00faltimas temporadas. O clima no confronto pela Copa do Brasil foi bastante en\u00e9rgico, e uma s\u00e9rie de acontecimentos n\u00e3o deixaram a diretoria rubro-negra nem um pouco satisfeita.<\/p>\n\n\n\n<p>Nesta quinta-feira, o Flamengo emitiu uma nota oficial questionando algumas atitudes tomadas contra pessoas ligadas ao Mais Querido. Os temas abordados v\u00e3o da recep\u00e7\u00e3o hostil que os torcedores tiveram na chegada da Arena da Baixada, at\u00e9 torcedores que foram expulsos de um restaurante por estar usando o Manto Sagrado.<\/p>\n\n\n\n<p>Al\u00e9m disso, jornalistas que cobrem o Flamengo sofreram repres\u00e1lias e foram intimidados por torcedores e representantes da imprensa que torcem para o Athletico-PR. Atitudes que mancham o espet\u00e1culo que aconteceu dentro de campo.<\/p>\n\n\n\n<p><strong>Veja abaixo a nota oficial na \u00edntegra:<\/strong><\/p>\n\n\n\n<p><em>O Clube de Regatas do Flamengo lamenta que, num momento onde se comemoram grandes jogos do futebol brasileiro e, especialmente, nossa classifica\u00e7\u00e3o \u00e0s semifinais da Copa do Brasil, tenhamos o triste registro de viol\u00eancia e desrespeito contra torcedores flamenguistas e jornalistas que cobrem o clube.&nbsp;<\/em><\/p>\n\n\n\n<p><em>Infelizmente foi o que vimos em nosso jogo desta quarta-feira, na cidade de Curitiba, contra o Athletico Paranaense.<\/em><\/p>\n\n\n\n<p><em>J\u00e1 na entrada da Arena da Baixada, torcedores rubro-negros foram obrigados a tirar os sapatos para acessar o est\u00e1dio, inclusive senhores de idade e mulheres, sem falar na apreens\u00e3o de adere\u00e7os que n\u00e3o apresentam nenhum risco e que sempre foram permitidos nos est\u00e1dios, sem contrapartida de igual revista na torcida mandante.<\/em><\/p>\n\n\n\n<p><em>No entorno da Arena da Baixada, flamenguistas foram recebidos com agressividade e objetos arremessados, a\u00e7\u00e3o que se repetiu contra os nossos atletas em campo no decorrer da partida.<\/em><\/p>\n\n\n\n<p><em>Ap\u00f3s o jogo, um jornalista foi intimidado e amea\u00e7ado por profissionais ou pessoas igualmente credenciadas pelo Athletico Paranaense, no momento em que fazia seu trabalho, sem ter tido nenhuma postura ofensiva que justificasse tal atitude.<\/em><\/p>\n\n\n\n<p><em>No final da noite, em um restaurante em Curitiba, torcedores do Athletico Paranaense expulsaram do local uma fam\u00edlia rubro-negra, com mulheres e crian\u00e7as, com trucul\u00eancia e falas racistas.<\/em><\/p>\n\n\n\n<p><em>\u00c9 deplor\u00e1vel e inaceit\u00e1vel que ainda haja espa\u00e7o para este tipo de conduta ultrapassada no futebol brasileiro.<\/em><\/p>\n\n\n\n<p>Retirado de: Di\u00e1rio do Fla<\/p>\n","protected":false},"excerpt":{"rendered":"<p>Na \u00faltima quarta-feira, o Flamengo venceu o Athletico-PR por 1 a 0, na Arena da Baixada, em partida de volta das quartas de final da Copa do Brasil. Com um gola\u00e7o de Pedro, o Mais Querido avan\u00e7ou na competi\u00e7\u00e3o. Com mais um encontro entre as equipes na competi\u00e7\u00e3o, a rivalidade entre Flamengo e Athletico-PR se [&hellip;]<\/p>\n","protected":false},"author":1,"featured_media":86057,"comment_status":"open","ping_status":"closed","sticky":false,"template":"","format":"standard","meta":{"footnotes":""},"categories":[1],"tags":[],"class_list":["post-86075","post","type-post","status-publish","format-standard","has-post-thumbnail","hentry","category-flamengo"],"yoast_head":"<!-- This site is optimized with the Yoast SEO Premium plugin v24.2 (Yoast SEO v26.9) - https:\/\/yoast.com\/product\/yoast-seo-premium-wordpress\/ -->\n<title>Flamengo emite nota oficial sobre acontecimentos em Curitiba<\/title>\n<meta name=\"robots\" content=\"index, follow, max-snippet:-1, max-image-preview:large, max-video-preview:-1\" \/>\n<link rel=\"canonical\" href=\"https:\/\/www.gaveanews.com\/index.php\/2022\/08\/18\/flamengo-emite-nota-oficial-sobre-acontecimentos-em-curitiba\/\" \/>\n<meta property=\"og:locale\" content=\"pt_BR\" \/>\n<meta property=\"og:type\" content=\"article\" \/>\n<meta property=\"og:title\" content=\"Flamengo emite nota oficial sobre acontecimentos em Curitiba\" \/>\n<meta property=\"og:description\" content=\"Na \u00faltima quarta-feira, o Flamengo venceu o Athletico-PR por 1 a 0, na Arena da Baixada, em partida de volta das quartas de final da Copa do Brasil. Com um gola\u00e7o de Pedro, o Mais Querido avan\u00e7ou na competi\u00e7\u00e3o. Com mais um encontro entre as equipes na competi\u00e7\u00e3o, a rivalidade entre Flamengo e Athletico-PR se [&hellip;]\" \/>\n<meta property=\"og:url\" content=\"https:\/\/www.gaveanews.com\/index.php\/2022\/08\/18\/flamengo-emite-nota-oficial-sobre-acontecimentos-em-curitiba\/\" \/>\n<meta property=\"og:site_name\" content=\"G\u00e1vea News\" \/>\n<meta property=\"article:publisher\" content=\"https:\/\/facebook.com\/gaveaNews\/\" \/>\n<meta property=\"article:published_time\" content=\"2022-08-19T01:41:50+00:00\" \/>\n<meta property=\"article:modified_time\" content=\"2022-08-19T01:41:54+00:00\" \/>\n<meta property=\"og:image\" content=\"https:\/\/www.gaveanews.com\/wp-content\/uploads\/Gabaigol-em-jogo-do-Flamengo-contra-o-Athletico-PR-pela-Copa-do-Brasil.webp\" \/>\n\t<meta property=\"og:image:width\" content=\"800\" \/>\n\t<meta property=\"og:image:height\" content=\"532\" \/>\n\t<meta property=\"og:image:type\" content=\"image\/jpeg\" \/>\n<meta name=\"author\" content=\"Equipe G\u00e1vea News\" \/>\n<meta name=\"twitter:card\" content=\"summary_large_image\" \/>\n<meta name=\"twitter:label1\" content=\"Escrito por\" \/>\n\t<meta name=\"twitter:data1\" content=\"Equipe G\u00e1vea News\" \/>\n\t<meta name=\"twitter:label2\" content=\"Est. tempo de leitura\" \/>\n\t<meta name=\"twitter:data2\" content=\"3 minutos\" \/>\n<script type=\"application\/ld+json\" class=\"yoast-schema-graph\">{\"@context\":\"https:\/\/schema.org\",\"@graph\":[{\"@type\":\"NewsArticle\",\"@id\":\"https:\/\/www.gaveanews.com\/index.php\/2022\/08\/18\/flamengo-emite-nota-oficial-sobre-acontecimentos-em-curitiba\/#article\",\"isPartOf\":{\"@id\":\"https:\/\/www.gaveanews.com\/index.php\/2022\/08\/18\/flamengo-emite-nota-oficial-sobre-acontecimentos-em-curitiba\/\"},\"author\":{\"name\":\"Equipe G\u00e1vea News\",\"@id\":\"https:\/\/www.gaveanews.com\/#\/schema\/person\/2ec14f73fb96be2caf28f91afb14749d\"},\"headline\":\"Flamengo emite nota oficial sobre acontecimentos em Curitiba\",\"datePublished\":\"2022-08-19T01:41:50+00:00\",\"dateModified\":\"2022-08-19T01:41:54+00:00\",\"mainEntityOfPage\":{\"@id\":\"https:\/\/www.gaveanews.com\/index.php\/2022\/08\/18\/flamengo-emite-nota-oficial-sobre-acontecimentos-em-curitiba\/\"},\"wordCount\":435,\"commentCount\":0,\"image\":{\"@id\":\"https:\/\/www.gaveanews.com\/index.php\/2022\/08\/18\/flamengo-emite-nota-oficial-sobre-acontecimentos-em-curitiba\/#primaryimage\"},\"thumbnailUrl\":\"https:\/\/www.gaveanews.com\/wp-content\/uploads\/Gabaigol-em-jogo-do-Flamengo-contra-o-Athletico-PR-pela-Copa-do-Brasil.webp\",\"articleSection\":[\"Flamengo\"],\"inLanguage\":\"pt-BR\",\"potentialAction\":[{\"@type\":\"CommentAction\",\"name\":\"Comment\",\"target\":[\"https:\/\/www.gaveanews.com\/index.php\/2022\/08\/18\/flamengo-emite-nota-oficial-sobre-acontecimentos-em-curitiba\/#respond\"]}],\"copyrightYear\":\"2022\",\"copyrightHolder\":{\"@id\":\"https:\/\/www.gaveanews.com\/#organization\"}},{\"@type\":\"WebPage\",\"@id\":\"https:\/\/www.gaveanews.com\/index.php\/2022\/08\/18\/flamengo-emite-nota-oficial-sobre-acontecimentos-em-curitiba\/\",\"url\":\"https:\/\/www.gaveanews.com\/index.php\/2022\/08\/18\/flamengo-emite-nota-oficial-sobre-acontecimentos-em-curitiba\/\",\"name\":\"Flamengo emite nota oficial sobre acontecimentos em Curitiba\",\"isPartOf\":{\"@id\":\"https:\/\/www.gaveanews.com\/#website\"},\"primaryImageOfPage\":{\"@id\":\"https:\/\/www.gaveanews.com\/index.php\/2022\/08\/18\/flamengo-emite-nota-oficial-sobre-acontecimentos-em-curitiba\/#primaryimage\"},\"image\":{\"@id\":\"https:\/\/www.gaveanews.com\/index.php\/2022\/08\/18\/flamengo-emite-nota-oficial-sobre-acontecimentos-em-curitiba\/#primaryimage\"},\"thumbnailUrl\":\"https:\/\/www.gaveanews.com\/wp-content\/uploads\/Gabaigol-em-jogo-do-Flamengo-contra-o-Athletico-PR-pela-Copa-do-Brasil.webp\",\"datePublished\":\"2022-08-19T01:41:50+00:00\",\"dateModified\":\"2022-08-19T01:41:54+00:00\",\"author\":{\"@id\":\"https:\/\/www.gaveanews.com\/#\/schema\/person\/2ec14f73fb96be2caf28f91afb14749d\"},\"breadcrumb\":{\"@id\":\"https:\/\/www.gaveanews.com\/index.php\/2022\/08\/18\/flamengo-emite-nota-oficial-sobre-acontecimentos-em-curitiba\/#breadcrumb\"},\"inLanguage\":\"pt-BR\",\"potentialAction\":[{\"@type\":\"ReadAction\",\"target\":[\"https:\/\/www.gaveanews.com\/index.php\/2022\/08\/18\/flamengo-emite-nota-oficial-sobre-acontecimentos-em-curitiba\/\"]}]},{\"@type\":\"ImageObject\",\"inLanguage\":\"pt-BR\",\"@id\":\"https:\/\/www.gaveanews.com\/index.php\/2022\/08\/18\/flamengo-emite-nota-oficial-sobre-acontecimentos-em-curitiba\/#primaryimage\",\"url\":\"https:\/\/www.gaveanews.com\/wp-content\/uploads\/Gabaigol-em-jogo-do-Flamengo-contra-o-Athletico-PR-pela-Copa-do-Brasil.webp\",\"contentUrl\":\"https:\/\/www.gaveanews.com\/wp-content\/uploads\/Gabaigol-em-jogo-do-Flamengo-contra-o-Athletico-PR-pela-Copa-do-Brasil.webp\",\"width\":800,\"height\":532,\"caption\":\"Gabigol em jogo do Flamengo contra o Athletico-PR pela Copa do Brasil (Foto: Marcelo Cortes\/Flamengo)\"},{\"@type\":\"BreadcrumbList\",\"@id\":\"https:\/\/www.gaveanews.com\/index.php\/2022\/08\/18\/flamengo-emite-nota-oficial-sobre-acontecimentos-em-curitiba\/#breadcrumb\",\"itemListElement\":[{\"@type\":\"ListItem\",\"position\":1,\"name\":\"Home\",\"item\":\"https:\/\/www.gaveanews.com\/\"},{\"@type\":\"ListItem\",\"position\":2,\"name\":\"Flamengo emite nota oficial sobre acontecimentos em Curitiba\"}]},{\"@type\":\"WebSite\",\"@id\":\"https:\/\/www.gaveanews.com\/#website\",\"url\":\"https:\/\/www.gaveanews.com\/\",\"name\":\"G\u00e1vea News\",\"description\":\"Veja todas as not\u00edcias sobre o Flamengo: Contrata\u00e7\u00f5es, categorias de base, resultados das partidas, tabela de classifica\u00e7\u00e3o, pr\u00f3ximos jogos!\",\"potentialAction\":[{\"@type\":\"SearchAction\",\"target\":{\"@type\":\"EntryPoint\",\"urlTemplate\":\"https:\/\/www.gaveanews.com\/?s={search_term_string}\"},\"query-input\":{\"@type\":\"PropertyValueSpecification\",\"valueRequired\":true,\"valueName\":\"search_term_string\"}}],\"inLanguage\":\"pt-BR\"},{\"@type\":\"Person\",\"@id\":\"https:\/\/www.gaveanews.com\/#\/schema\/person\/2ec14f73fb96be2caf28f91afb14749d\",\"name\":\"Equipe G\u00e1vea News\",\"image\":{\"@type\":\"ImageObject\",\"inLanguage\":\"pt-BR\",\"@id\":\"https:\/\/www.gaveanews.com\/#\/schema\/person\/image\/\",\"url\":\"https:\/\/secure.gravatar.com\/avatar\/1e1956f1facbffd3f8fa53a326721950116b3b9dc9bd44939c01180fd4a745a9?s=96&d=mm&r=g\",\"contentUrl\":\"https:\/\/secure.gravatar.com\/avatar\/1e1956f1facbffd3f8fa53a326721950116b3b9dc9bd44939c01180fd4a745a9?s=96&d=mm&r=g\",\"caption\":\"Equipe G\u00e1vea News\"}}]}<\/script>\n<!-- \/ Yoast SEO Premium plugin. -->","yoast_head_json":{"title":"Flamengo emite nota oficial sobre acontecimentos em Curitiba","robots":{"index":"index","follow":"follow","max-snippet":"max-snippet:-1","max-image-preview":"max-image-preview:large","max-video-preview":"max-video-preview:-1"},"canonical":"https:\/\/www.gaveanews.com\/index.php\/2022\/08\/18\/flamengo-emite-nota-oficial-sobre-acontecimentos-em-curitiba\/","og_locale":"pt_BR","og_type":"article","og_title":"Flamengo emite nota oficial sobre acontecimentos em Curitiba","og_description":"Na \u00faltima quarta-feira, o Flamengo venceu o Athletico-PR por 1 a 0, na Arena da Baixada, em partida de volta das quartas de final da Copa do Brasil. Com um gola\u00e7o de Pedro, o Mais Querido avan\u00e7ou na competi\u00e7\u00e3o. Com mais um encontro entre as equipes na competi\u00e7\u00e3o, a rivalidade entre Flamengo e Athletico-PR se [&hellip;]","og_url":"https:\/\/www.gaveanews.com\/index.php\/2022\/08\/18\/flamengo-emite-nota-oficial-sobre-acontecimentos-em-curitiba\/","og_site_name":"G\u00e1vea News","article_publisher":"https:\/\/facebook.com\/gaveaNews\/","article_published_time":"2022-08-19T01:41:50+00:00","article_modified_time":"2022-08-19T01:41:54+00:00","og_image":[{"width":800,"height":532,"url":"https:\/\/www.gaveanews.com\/wp-content\/uploads\/Gabaigol-em-jogo-do-Flamengo-contra-o-Athletico-PR-pela-Copa-do-Brasil.webp","type":"image\/jpeg"}],"author":"Equipe G\u00e1vea News","twitter_card":"summary_large_image","twitter_misc":{"Escrito por":"Equipe G\u00e1vea News","Est. tempo de leitura":"3 minutos"},"schema":{"@context":"https:\/\/schema.org","@graph":[{"@type":"NewsArticle","@id":"https:\/\/www.gaveanews.com\/index.php\/2022\/08\/18\/flamengo-emite-nota-oficial-sobre-acontecimentos-em-curitiba\/#article","isPartOf":{"@id":"https:\/\/www.gaveanews.com\/index.php\/2022\/08\/18\/flamengo-emite-nota-oficial-sobre-acontecimentos-em-curitiba\/"},"author":{"name":"Equipe G\u00e1vea News","@id":"https:\/\/www.gaveanews.com\/#\/schema\/person\/2ec14f73fb96be2caf28f91afb14749d"},"headline":"Flamengo emite nota oficial sobre acontecimentos em Curitiba","datePublished":"2022-08-19T01:41:50+00:00","dateModified":"2022-08-19T01:41:54+00:00","mainEntityOfPage":{"@id":"https:\/\/www.gaveanews.com\/index.php\/2022\/08\/18\/flamengo-emite-nota-oficial-sobre-acontecimentos-em-curitiba\/"},"wordCount":435,"commentCount":0,"image":{"@id":"https:\/\/www.gaveanews.com\/index.php\/2022\/08\/18\/flamengo-emite-nota-oficial-sobre-acontecimentos-em-curitiba\/#primaryimage"},"thumbnailUrl":"https:\/\/www.gaveanews.com\/wp-content\/uploads\/Gabaigol-em-jogo-do-Flamengo-contra-o-Athletico-PR-pela-Copa-do-Brasil.webp","articleSection":["Flamengo"],"inLanguage":"pt-BR","potentialAction":[{"@type":"CommentAction","name":"Comment","target":["https:\/\/www.gaveanews.com\/index.php\/2022\/08\/18\/flamengo-emite-nota-oficial-sobre-acontecimentos-em-curitiba\/#respond"]}],"copyrightYear":"2022","copyrightHolder":{"@id":"https:\/\/www.gaveanews.com\/#organization"}},{"@type":"WebPage","@id":"https:\/\/www.gaveanews.com\/index.php\/2022\/08\/18\/flamengo-emite-nota-oficial-sobre-acontecimentos-em-curitiba\/","url":"https:\/\/www.gaveanews.com\/index.php\/2022\/08\/18\/flamengo-emite-nota-oficial-sobre-acontecimentos-em-curitiba\/","name":"Flamengo emite nota oficial sobre acontecimentos em Curitiba","isPartOf":{"@id":"https:\/\/www.gaveanews.com\/#website"},"primaryImageOfPage":{"@id":"https:\/\/www.gaveanews.com\/index.php\/2022\/08\/18\/flamengo-emite-nota-oficial-sobre-acontecimentos-em-curitiba\/#primaryimage"},"image":{"@id":"https:\/\/www.gaveanews.com\/index.php\/2022\/08\/18\/flamengo-emite-nota-oficial-sobre-acontecimentos-em-curitiba\/#primaryimage"},"thumbnailUrl":"https:\/\/www.gaveanews.com\/wp-content\/uploads\/Gabaigol-em-jogo-do-Flamengo-contra-o-Athletico-PR-pela-Copa-do-Brasil.webp","datePublished":"2022-08-19T01:41:50+00:00","dateModified":"2022-08-19T01:41:54+00:00","author":{"@id":"https:\/\/www.gaveanews.com\/#\/schema\/person\/2ec14f73fb96be2caf28f91afb14749d"},"breadcrumb":{"@id":"https:\/\/www.gaveanews.com\/index.php\/2022\/08\/18\/flamengo-emite-nota-oficial-sobre-acontecimentos-em-curitiba\/#breadcrumb"},"inLanguage":"pt-BR","potentialAction":[{"@type":"ReadAction","target":["https:\/\/www.gaveanews.com\/index.php\/2022\/08\/18\/flamengo-emite-nota-oficial-sobre-acontecimentos-em-curitiba\/"]}]},{"@type":"ImageObject","inLanguage":"pt-BR","@id":"https:\/\/www.gaveanews.com\/index.php\/2022\/08\/18\/flamengo-emite-nota-oficial-sobre-acontecimentos-em-curitiba\/#primaryimage","url":"https:\/\/www.gaveanews.com\/wp-content\/uploads\/Gabaigol-em-jogo-do-Flamengo-contra-o-Athletico-PR-pela-Copa-do-Brasil.webp","contentUrl":"https:\/\/www.gaveanews.com\/wp-content\/uploads\/Gabaigol-em-jogo-do-Flamengo-contra-o-Athletico-PR-pela-Copa-do-Brasil.webp","width":800,"height":532,"caption":"Gabigol em jogo do Flamengo contra o Athletico-PR pela Copa do Brasil (Foto: Marcelo Cortes\/Flamengo)"},{"@type":"BreadcrumbList","@id":"https:\/\/www.gaveanews.com\/index.php\/2022\/08\/18\/flamengo-emite-nota-oficial-sobre-acontecimentos-em-curitiba\/#breadcrumb","itemListElement":[{"@type":"ListItem","position":1,"name":"Home","item":"https:\/\/www.gaveanews.com\/"},{"@type":"ListItem","position":2,"name":"Flamengo emite nota oficial sobre acontecimentos em Curitiba"}]},{"@type":"WebSite","@id":"https:\/\/www.gaveanews.com\/#website","url":"https:\/\/www.gaveanews.com\/","name":"G\u00e1vea News","description":"Veja todas as not\u00edcias sobre o Flamengo: Contrata\u00e7\u00f5es, categorias de base, resultados das partidas, tabela de classifica\u00e7\u00e3o, pr\u00f3ximos jogos!","potentialAction":[{"@type":"SearchAction","target":{"@type":"EntryPoint","urlTemplate":"https:\/\/www.gaveanews.com\/?s={search_term_string}"},"query-input":{"@type":"PropertyValueSpecification","valueRequired":true,"valueName":"search_term_string"}}],"inLanguage":"pt-BR"},{"@type":"Person","@id":"https:\/\/www.gaveanews.com\/#\/schema\/person\/2ec14f73fb96be2caf28f91afb14749d","name":"Equipe G\u00e1vea News","image":{"@type":"ImageObject","inLanguage":"pt-BR","@id":"https:\/\/www.gaveanews.com\/#\/schema\/person\/image\/","url":"https:\/\/secure.gravatar.com\/avatar\/1e1956f1facbffd3f8fa53a326721950116b3b9dc9bd44939c01180fd4a745a9?s=96&d=mm&r=g","contentUrl":"https:\/\/secure.gravatar.com\/avatar\/1e1956f1facbffd3f8fa53a326721950116b3b9dc9bd44939c01180fd4a745a9?s=96&d=mm&r=g","caption":"Equipe G\u00e1vea News"}}]}},"_links":{"self":[{"href":"https:\/\/www.gaveanews.com\/index.php\/wp-json\/wp\/v2\/posts\/86075","targetHints":{"allow":["GET"]}}],"collection":[{"href":"https:\/\/www.gaveanews.com\/index.php\/wp-json\/wp\/v2\/posts"}],"about":[{"href":"https:\/\/www.gaveanews.com\/index.php\/wp-json\/wp\/v2\/types\/post"}],"author":[{"embeddable":true,"href":"https:\/\/www.gaveanews.com\/index.php\/wp-json\/wp\/v2\/users\/1"}],"replies":[{"embeddable":true,"href":"https:\/\/www.gaveanews.com\/index.php\/wp-json\/wp\/v2\/comments?post=86075"}],"version-history":[{"count":0,"href":"https:\/\/www.gaveanews.com\/index.php\/wp-json\/wp\/v2\/posts\/86075\/revisions"}],"wp:featuredmedia":[{"embeddable":true,"href":"https:\/\/www.gaveanews.com\/index.php\/wp-json\/wp\/v2\/media\/86057"}],"wp:attachment":[{"href":"https:\/\/www.gaveanews.com\/index.php\/wp-json\/wp\/v2\/media?parent=86075"}],"wp:term":[{"taxonomy":"category","embeddable":true,"href":"https:\/\/www.gaveanews.com\/index.php\/wp-json\/wp\/v2\/categories?post=86075"},{"taxonomy":"post_tag","embeddable":true,"href":"https:\/\/www.gaveanews.com\/index.php\/wp-json\/wp\/v2\/tags?post=86075"}],"curies":[{"name":"wp","href":"https:\/\/api.w.org\/{rel}","templated":true}]}}