{"id":86085,"date":"2022-08-19T07:21:37","date_gmt":"2022-08-19T10:21:37","guid":{"rendered":"https:\/\/www.gaveanews.com\/?p=86085"},"modified":"2022-08-19T07:21:39","modified_gmt":"2022-08-19T10:21:39","slug":"flamengo-vive-dilema-antes-de-duelo-decisivo-com-o-palmeiras","status":"publish","type":"post","link":"https:\/\/www.gaveanews.com\/index.php\/2022\/08\/19\/flamengo-vive-dilema-antes-de-duelo-decisivo-com-o-palmeiras\/","title":{"rendered":"Flamengo vive dilema antes de duelo decisivo com o Palmeiras"},"content":{"rendered":"\n<p>Classificado \u00e0s semifinais da Copa do Brasil e da Libertadores, o Flamengo pode definir seu rumo no Campeonato Brasileiro neste fim de semana. O clube enfrenta o l\u00edder Palmeiras, no domingo, e pode entrar forte na briga pelo t\u00edtulo ou dar adeus \u00e0s chances do Enea. Diante desta situa\u00e7\u00e3o, Dorival J\u00fanior vive um dilema: manter o rod\u00edzio completo no elenco ou usar for\u00e7a m\u00e1xima no Allianz Parque?<\/p>\n\n\n\n<p>Diante do calend\u00e1rio cheio, o treinador rubro-negro montou duas equipes diferentes para disputar as tr\u00eas competi\u00e7\u00f5es em andamento. O &#8216;time A&#8217; foi usado majoritariamente nos jogos de mata-mata, enquanto o &#8216;time B&#8217; disputou o campeonato de pontos corridos.<\/p>\n\n\n\n<p>A metodologia \u00e9 incomum, mas se mostrou acertada nas \u00faltimas semanas. Desde que Dorival iniciou o rod\u00edzio completo, foram seis vit\u00f3rias e um empate &#8211; com 15 gols marcados e apenas um sofrido. Antes dessa sequ\u00eancia, o treinador j\u00e1 rodava o elenco rubro-negro a cada partida do Brasileir\u00e3o, mas de forma parcial.<\/p>\n\n\n\n<h2 class=\"wp-block-heading\" id=\"h-jogos-do-flamengo-com-rodizio-completo\">Jogos do Flamengo com rod\u00edzio completo:<\/h2>\n\n\n\n<ul class=\"wp-block-list\"><li>27\/07 &#8211; Flamengo 0 x 0 Athletico-PR (Copa do Brasil) &#8211; Time A<\/li><li>30\/07 &#8211; Flamengo 4 x 1 Atl\u00e9tico-GO (Brasileir\u00e3o) &#8211; Time B<\/li><li>02\/08 &#8211; Corinthians 0 x 2 Flamengo (Libertadores) &#8211; Time A<\/li><li>06\/08 &#8211; S\u00e3o Paulo 0 x 2 Flamengo (Brasileir\u00e3o) &#8211; Time B<\/li><li>09\/08 &#8211; Flamengo 1 x 0 Corinthians (Libertadores) &#8211; Time A<\/li><li>14\/08 &#8211; Flamengo 5 x 0 Athletico-PR (Brasileir\u00e3o) &#8211; Time B<\/li><li>17\/08 &#8211; Athletico-PR 0 x 1 Flamengo (Copa do Brasil) &#8211; Time A<\/li><\/ul>\n\n\n\n<p>Al\u00e9m dos bons resultados, a estrat\u00e9gia de Dorival foi importante para manter o grupo em boas condi\u00e7\u00f5es f\u00edsicas, prevenir les\u00f5es e dar ritmo de jogo para atletas com menos minutagem. A import\u00e2ncia do duelo com o Palmeiras, no entanto, pode fazer o treinador mudar de planos neste fim de semana.<\/p>\n\n\n\n<h2 class=\"wp-block-heading\" id=\"h-dorival-junior-fala-em-mudanca\">Dorival Junior fala em mudan\u00e7a<\/h2>\n\n\n\n<p>Questionado sobre os planos ap\u00f3s o duelo contra o Athletico, o Dorival citou o jogo de ida da semifinal da Copa do Brasil, na pr\u00f3xima semana, e disse estar &#8220;pensando em mudan\u00e7a&#8221; para enfrentar o Palmeiras.<\/p>\n\n\n\n<p><em>\u2014 Muito dif\u00edcil saber o que eu vou fazer. Estou pensando em mudan\u00e7a, de acordo com a necessidade. Teremos uma decis\u00e3o domingo e outra quarta. N\u00e3o temos para onde correr. \u00c9 fazer uma avalia\u00e7\u00e3o r\u00e1pida. Ainda n\u00e3o tenho como adiantar nada<\/em> &#8211; disse Dorival.<\/p>\n\n\n\n<p>Os treinos de sexta-feira e s\u00e1bado, no Ninho do Urubu, ser\u00e3o cruciais para o treinador definir a escala\u00e7\u00e3o titular no Allianz Parque. Na reapresenta\u00e7\u00e3o do grupo na quinta-feira, apenas os reservas foram a campo, enquanto os titulares fizeram trabalhos regenerativos.<\/p>\n\n\n\n<p>Uma op\u00e7\u00e3o conservadora, de olho na sequ\u00eancia de jogos, \u00e9 montar um time misto competitivo e sem sobrecarregar a equipe titular. Em seguida ao confronto com o Palmeiras, o Flamengo encara Am\u00e9rica-MG ou S\u00e3o Paulo, pela semifinal da Copa do Brasil, e Botafogo, pela 24\u00aa rodada do Brasileir\u00e3o.<\/p>\n\n\n\n<p>Os n\u00fameros explicam a import\u00e2ncia do jogo de domingo. Na vice-lideran\u00e7a, o Rubro-Negro est\u00e1 a nove pontos do l\u00edder. Em caso de vit\u00f3ria no Allianz Parque, o time de Dorival diminui a diferen\u00e7a para seis e bota fogo na disputa. Uma derrota, por outro lado, faz o clube paulista abrir 12 pontos de vantagem e colocar uma m\u00e3o na ta\u00e7a.<\/p>\n\n\n\n<p>Retirado de: Lance<\/p>\n","protected":false},"excerpt":{"rendered":"<p>Classificado \u00e0s semifinais da Copa do Brasil e da Libertadores, o Flamengo pode definir seu rumo no Campeonato Brasileiro neste fim de semana. O clube enfrenta o l\u00edder Palmeiras, no domingo, e pode entrar forte na briga pelo t\u00edtulo ou dar adeus \u00e0s chances do Enea. Diante desta situa\u00e7\u00e3o, Dorival J\u00fanior vive um dilema: manter [&hellip;]<\/p>\n","protected":false},"author":1,"featured_media":84790,"comment_status":"open","ping_status":"closed","sticky":false,"template":"","format":"standard","meta":{"footnotes":""},"categories":[1],"tags":[],"class_list":["post-86085","post","type-post","status-publish","format-standard","has-post-thumbnail","hentry","category-flamengo"],"yoast_head":"<!-- This site is optimized with the Yoast SEO Premium plugin v24.2 (Yoast SEO v26.9) - https:\/\/yoast.com\/product\/yoast-seo-premium-wordpress\/ -->\n<title>Flamengo vive dilema antes de duelo decisivo com o Palmeiras<\/title>\n<meta name=\"robots\" content=\"index, follow, max-snippet:-1, max-image-preview:large, max-video-preview:-1\" \/>\n<link rel=\"canonical\" href=\"https:\/\/www.gaveanews.com\/index.php\/2022\/08\/19\/flamengo-vive-dilema-antes-de-duelo-decisivo-com-o-palmeiras\/\" \/>\n<meta property=\"og:locale\" content=\"pt_BR\" \/>\n<meta property=\"og:type\" content=\"article\" \/>\n<meta property=\"og:title\" content=\"Flamengo vive dilema antes de duelo decisivo com o Palmeiras\" \/>\n<meta property=\"og:description\" content=\"Classificado \u00e0s semifinais da Copa do Brasil e da Libertadores, o Flamengo pode definir seu rumo no Campeonato Brasileiro neste fim de semana. O clube enfrenta o l\u00edder Palmeiras, no domingo, e pode entrar forte na briga pelo t\u00edtulo ou dar adeus \u00e0s chances do Enea. Diante desta situa\u00e7\u00e3o, Dorival J\u00fanior vive um dilema: manter [&hellip;]\" \/>\n<meta property=\"og:url\" content=\"https:\/\/www.gaveanews.com\/index.php\/2022\/08\/19\/flamengo-vive-dilema-antes-de-duelo-decisivo-com-o-palmeiras\/\" \/>\n<meta property=\"og:site_name\" content=\"G\u00e1vea News\" \/>\n<meta property=\"article:publisher\" content=\"https:\/\/facebook.com\/gaveaNews\/\" \/>\n<meta property=\"article:published_time\" content=\"2022-08-19T10:21:37+00:00\" \/>\n<meta property=\"article:modified_time\" content=\"2022-08-19T10:21:39+00:00\" \/>\n<meta property=\"og:image\" content=\"https:\/\/www.gaveanews.com\/wp-content\/uploads\/Dorival-Junior-comanda-o-Flamengo-no-Maracana.webp\" \/>\n\t<meta property=\"og:image:width\" content=\"799\" \/>\n\t<meta property=\"og:image:height\" content=\"532\" \/>\n\t<meta property=\"og:image:type\" content=\"image\/jpeg\" \/>\n<meta name=\"author\" content=\"Equipe G\u00e1vea News\" \/>\n<meta name=\"twitter:card\" content=\"summary_large_image\" \/>\n<meta name=\"twitter:label1\" content=\"Escrito por\" \/>\n\t<meta name=\"twitter:data1\" content=\"Equipe G\u00e1vea News\" \/>\n\t<meta name=\"twitter:label2\" content=\"Est. tempo de leitura\" \/>\n\t<meta name=\"twitter:data2\" content=\"3 minutos\" \/>\n<script type=\"application\/ld+json\" class=\"yoast-schema-graph\">{\"@context\":\"https:\/\/schema.org\",\"@graph\":[{\"@type\":\"NewsArticle\",\"@id\":\"https:\/\/www.gaveanews.com\/index.php\/2022\/08\/19\/flamengo-vive-dilema-antes-de-duelo-decisivo-com-o-palmeiras\/#article\",\"isPartOf\":{\"@id\":\"https:\/\/www.gaveanews.com\/index.php\/2022\/08\/19\/flamengo-vive-dilema-antes-de-duelo-decisivo-com-o-palmeiras\/\"},\"author\":{\"name\":\"Equipe G\u00e1vea News\",\"@id\":\"https:\/\/www.gaveanews.com\/#\/schema\/person\/2ec14f73fb96be2caf28f91afb14749d\"},\"headline\":\"Flamengo vive dilema antes de duelo decisivo com o Palmeiras\",\"datePublished\":\"2022-08-19T10:21:37+00:00\",\"dateModified\":\"2022-08-19T10:21:39+00:00\",\"mainEntityOfPage\":{\"@id\":\"https:\/\/www.gaveanews.com\/index.php\/2022\/08\/19\/flamengo-vive-dilema-antes-de-duelo-decisivo-com-o-palmeiras\/\"},\"wordCount\":567,\"commentCount\":0,\"image\":{\"@id\":\"https:\/\/www.gaveanews.com\/index.php\/2022\/08\/19\/flamengo-vive-dilema-antes-de-duelo-decisivo-com-o-palmeiras\/#primaryimage\"},\"thumbnailUrl\":\"https:\/\/www.gaveanews.com\/wp-content\/uploads\/Dorival-Junior-comanda-o-Flamengo-no-Maracana.webp\",\"articleSection\":[\"Flamengo\"],\"inLanguage\":\"pt-BR\",\"potentialAction\":[{\"@type\":\"CommentAction\",\"name\":\"Comment\",\"target\":[\"https:\/\/www.gaveanews.com\/index.php\/2022\/08\/19\/flamengo-vive-dilema-antes-de-duelo-decisivo-com-o-palmeiras\/#respond\"]}],\"copyrightYear\":\"2022\",\"copyrightHolder\":{\"@id\":\"https:\/\/www.gaveanews.com\/#organization\"}},{\"@type\":\"WebPage\",\"@id\":\"https:\/\/www.gaveanews.com\/index.php\/2022\/08\/19\/flamengo-vive-dilema-antes-de-duelo-decisivo-com-o-palmeiras\/\",\"url\":\"https:\/\/www.gaveanews.com\/index.php\/2022\/08\/19\/flamengo-vive-dilema-antes-de-duelo-decisivo-com-o-palmeiras\/\",\"name\":\"Flamengo vive dilema antes de duelo decisivo com o Palmeiras\",\"isPartOf\":{\"@id\":\"https:\/\/www.gaveanews.com\/#website\"},\"primaryImageOfPage\":{\"@id\":\"https:\/\/www.gaveanews.com\/index.php\/2022\/08\/19\/flamengo-vive-dilema-antes-de-duelo-decisivo-com-o-palmeiras\/#primaryimage\"},\"image\":{\"@id\":\"https:\/\/www.gaveanews.com\/index.php\/2022\/08\/19\/flamengo-vive-dilema-antes-de-duelo-decisivo-com-o-palmeiras\/#primaryimage\"},\"thumbnailUrl\":\"https:\/\/www.gaveanews.com\/wp-content\/uploads\/Dorival-Junior-comanda-o-Flamengo-no-Maracana.webp\",\"datePublished\":\"2022-08-19T10:21:37+00:00\",\"dateModified\":\"2022-08-19T10:21:39+00:00\",\"author\":{\"@id\":\"https:\/\/www.gaveanews.com\/#\/schema\/person\/2ec14f73fb96be2caf28f91afb14749d\"},\"breadcrumb\":{\"@id\":\"https:\/\/www.gaveanews.com\/index.php\/2022\/08\/19\/flamengo-vive-dilema-antes-de-duelo-decisivo-com-o-palmeiras\/#breadcrumb\"},\"inLanguage\":\"pt-BR\",\"potentialAction\":[{\"@type\":\"ReadAction\",\"target\":[\"https:\/\/www.gaveanews.com\/index.php\/2022\/08\/19\/flamengo-vive-dilema-antes-de-duelo-decisivo-com-o-palmeiras\/\"]}]},{\"@type\":\"ImageObject\",\"inLanguage\":\"pt-BR\",\"@id\":\"https:\/\/www.gaveanews.com\/index.php\/2022\/08\/19\/flamengo-vive-dilema-antes-de-duelo-decisivo-com-o-palmeiras\/#primaryimage\",\"url\":\"https:\/\/www.gaveanews.com\/wp-content\/uploads\/Dorival-Junior-comanda-o-Flamengo-no-Maracana.webp\",\"contentUrl\":\"https:\/\/www.gaveanews.com\/wp-content\/uploads\/Dorival-Junior-comanda-o-Flamengo-no-Maracana.webp\",\"width\":799,\"height\":532,\"caption\":\"Dorival J\u00fanior comanda o Flamengo no Maracan\u00e3 (Foto: Paula Reis\/Flamengo)\"},{\"@type\":\"BreadcrumbList\",\"@id\":\"https:\/\/www.gaveanews.com\/index.php\/2022\/08\/19\/flamengo-vive-dilema-antes-de-duelo-decisivo-com-o-palmeiras\/#breadcrumb\",\"itemListElement\":[{\"@type\":\"ListItem\",\"position\":1,\"name\":\"Home\",\"item\":\"https:\/\/www.gaveanews.com\/\"},{\"@type\":\"ListItem\",\"position\":2,\"name\":\"Flamengo vive dilema antes de duelo decisivo com o Palmeiras\"}]},{\"@type\":\"WebSite\",\"@id\":\"https:\/\/www.gaveanews.com\/#website\",\"url\":\"https:\/\/www.gaveanews.com\/\",\"name\":\"G\u00e1vea News\",\"description\":\"Veja todas as not\u00edcias sobre o Flamengo: Contrata\u00e7\u00f5es, categorias de base, resultados das partidas, tabela de classifica\u00e7\u00e3o, pr\u00f3ximos jogos!\",\"potentialAction\":[{\"@type\":\"SearchAction\",\"target\":{\"@type\":\"EntryPoint\",\"urlTemplate\":\"https:\/\/www.gaveanews.com\/?s={search_term_string}\"},\"query-input\":{\"@type\":\"PropertyValueSpecification\",\"valueRequired\":true,\"valueName\":\"search_term_string\"}}],\"inLanguage\":\"pt-BR\"},{\"@type\":\"Person\",\"@id\":\"https:\/\/www.gaveanews.com\/#\/schema\/person\/2ec14f73fb96be2caf28f91afb14749d\",\"name\":\"Equipe G\u00e1vea News\",\"image\":{\"@type\":\"ImageObject\",\"inLanguage\":\"pt-BR\",\"@id\":\"https:\/\/www.gaveanews.com\/#\/schema\/person\/image\/\",\"url\":\"https:\/\/secure.gravatar.com\/avatar\/1e1956f1facbffd3f8fa53a326721950116b3b9dc9bd44939c01180fd4a745a9?s=96&d=mm&r=g\",\"contentUrl\":\"https:\/\/secure.gravatar.com\/avatar\/1e1956f1facbffd3f8fa53a326721950116b3b9dc9bd44939c01180fd4a745a9?s=96&d=mm&r=g\",\"caption\":\"Equipe G\u00e1vea News\"}}]}<\/script>\n<!-- \/ Yoast SEO Premium plugin. -->","yoast_head_json":{"title":"Flamengo vive dilema antes de duelo decisivo com o Palmeiras","robots":{"index":"index","follow":"follow","max-snippet":"max-snippet:-1","max-image-preview":"max-image-preview:large","max-video-preview":"max-video-preview:-1"},"canonical":"https:\/\/www.gaveanews.com\/index.php\/2022\/08\/19\/flamengo-vive-dilema-antes-de-duelo-decisivo-com-o-palmeiras\/","og_locale":"pt_BR","og_type":"article","og_title":"Flamengo vive dilema antes de duelo decisivo com o Palmeiras","og_description":"Classificado \u00e0s semifinais da Copa do Brasil e da Libertadores, o Flamengo pode definir seu rumo no Campeonato Brasileiro neste fim de semana. O clube enfrenta o l\u00edder Palmeiras, no domingo, e pode entrar forte na briga pelo t\u00edtulo ou dar adeus \u00e0s chances do Enea. Diante desta situa\u00e7\u00e3o, Dorival J\u00fanior vive um dilema: manter [&hellip;]","og_url":"https:\/\/www.gaveanews.com\/index.php\/2022\/08\/19\/flamengo-vive-dilema-antes-de-duelo-decisivo-com-o-palmeiras\/","og_site_name":"G\u00e1vea News","article_publisher":"https:\/\/facebook.com\/gaveaNews\/","article_published_time":"2022-08-19T10:21:37+00:00","article_modified_time":"2022-08-19T10:21:39+00:00","og_image":[{"width":799,"height":532,"url":"https:\/\/www.gaveanews.com\/wp-content\/uploads\/Dorival-Junior-comanda-o-Flamengo-no-Maracana.webp","type":"image\/jpeg"}],"author":"Equipe G\u00e1vea News","twitter_card":"summary_large_image","twitter_misc":{"Escrito por":"Equipe G\u00e1vea News","Est. tempo de leitura":"3 minutos"},"schema":{"@context":"https:\/\/schema.org","@graph":[{"@type":"NewsArticle","@id":"https:\/\/www.gaveanews.com\/index.php\/2022\/08\/19\/flamengo-vive-dilema-antes-de-duelo-decisivo-com-o-palmeiras\/#article","isPartOf":{"@id":"https:\/\/www.gaveanews.com\/index.php\/2022\/08\/19\/flamengo-vive-dilema-antes-de-duelo-decisivo-com-o-palmeiras\/"},"author":{"name":"Equipe G\u00e1vea News","@id":"https:\/\/www.gaveanews.com\/#\/schema\/person\/2ec14f73fb96be2caf28f91afb14749d"},"headline":"Flamengo vive dilema antes de duelo decisivo com o Palmeiras","datePublished":"2022-08-19T10:21:37+00:00","dateModified":"2022-08-19T10:21:39+00:00","mainEntityOfPage":{"@id":"https:\/\/www.gaveanews.com\/index.php\/2022\/08\/19\/flamengo-vive-dilema-antes-de-duelo-decisivo-com-o-palmeiras\/"},"wordCount":567,"commentCount":0,"image":{"@id":"https:\/\/www.gaveanews.com\/index.php\/2022\/08\/19\/flamengo-vive-dilema-antes-de-duelo-decisivo-com-o-palmeiras\/#primaryimage"},"thumbnailUrl":"https:\/\/www.gaveanews.com\/wp-content\/uploads\/Dorival-Junior-comanda-o-Flamengo-no-Maracana.webp","articleSection":["Flamengo"],"inLanguage":"pt-BR","potentialAction":[{"@type":"CommentAction","name":"Comment","target":["https:\/\/www.gaveanews.com\/index.php\/2022\/08\/19\/flamengo-vive-dilema-antes-de-duelo-decisivo-com-o-palmeiras\/#respond"]}],"copyrightYear":"2022","copyrightHolder":{"@id":"https:\/\/www.gaveanews.com\/#organization"}},{"@type":"WebPage","@id":"https:\/\/www.gaveanews.com\/index.php\/2022\/08\/19\/flamengo-vive-dilema-antes-de-duelo-decisivo-com-o-palmeiras\/","url":"https:\/\/www.gaveanews.com\/index.php\/2022\/08\/19\/flamengo-vive-dilema-antes-de-duelo-decisivo-com-o-palmeiras\/","name":"Flamengo vive dilema antes de duelo decisivo com o Palmeiras","isPartOf":{"@id":"https:\/\/www.gaveanews.com\/#website"},"primaryImageOfPage":{"@id":"https:\/\/www.gaveanews.com\/index.php\/2022\/08\/19\/flamengo-vive-dilema-antes-de-duelo-decisivo-com-o-palmeiras\/#primaryimage"},"image":{"@id":"https:\/\/www.gaveanews.com\/index.php\/2022\/08\/19\/flamengo-vive-dilema-antes-de-duelo-decisivo-com-o-palmeiras\/#primaryimage"},"thumbnailUrl":"https:\/\/www.gaveanews.com\/wp-content\/uploads\/Dorival-Junior-comanda-o-Flamengo-no-Maracana.webp","datePublished":"2022-08-19T10:21:37+00:00","dateModified":"2022-08-19T10:21:39+00:00","author":{"@id":"https:\/\/www.gaveanews.com\/#\/schema\/person\/2ec14f73fb96be2caf28f91afb14749d"},"breadcrumb":{"@id":"https:\/\/www.gaveanews.com\/index.php\/2022\/08\/19\/flamengo-vive-dilema-antes-de-duelo-decisivo-com-o-palmeiras\/#breadcrumb"},"inLanguage":"pt-BR","potentialAction":[{"@type":"ReadAction","target":["https:\/\/www.gaveanews.com\/index.php\/2022\/08\/19\/flamengo-vive-dilema-antes-de-duelo-decisivo-com-o-palmeiras\/"]}]},{"@type":"ImageObject","inLanguage":"pt-BR","@id":"https:\/\/www.gaveanews.com\/index.php\/2022\/08\/19\/flamengo-vive-dilema-antes-de-duelo-decisivo-com-o-palmeiras\/#primaryimage","url":"https:\/\/www.gaveanews.com\/wp-content\/uploads\/Dorival-Junior-comanda-o-Flamengo-no-Maracana.webp","contentUrl":"https:\/\/www.gaveanews.com\/wp-content\/uploads\/Dorival-Junior-comanda-o-Flamengo-no-Maracana.webp","width":799,"height":532,"caption":"Dorival J\u00fanior comanda o Flamengo no Maracan\u00e3 (Foto: Paula Reis\/Flamengo)"},{"@type":"BreadcrumbList","@id":"https:\/\/www.gaveanews.com\/index.php\/2022\/08\/19\/flamengo-vive-dilema-antes-de-duelo-decisivo-com-o-palmeiras\/#breadcrumb","itemListElement":[{"@type":"ListItem","position":1,"name":"Home","item":"https:\/\/www.gaveanews.com\/"},{"@type":"ListItem","position":2,"name":"Flamengo vive dilema antes de duelo decisivo com o Palmeiras"}]},{"@type":"WebSite","@id":"https:\/\/www.gaveanews.com\/#website","url":"https:\/\/www.gaveanews.com\/","name":"G\u00e1vea News","description":"Veja todas as not\u00edcias sobre o Flamengo: Contrata\u00e7\u00f5es, categorias de base, resultados das partidas, tabela de classifica\u00e7\u00e3o, pr\u00f3ximos jogos!","potentialAction":[{"@type":"SearchAction","target":{"@type":"EntryPoint","urlTemplate":"https:\/\/www.gaveanews.com\/?s={search_term_string}"},"query-input":{"@type":"PropertyValueSpecification","valueRequired":true,"valueName":"search_term_string"}}],"inLanguage":"pt-BR"},{"@type":"Person","@id":"https:\/\/www.gaveanews.com\/#\/schema\/person\/2ec14f73fb96be2caf28f91afb14749d","name":"Equipe G\u00e1vea News","image":{"@type":"ImageObject","inLanguage":"pt-BR","@id":"https:\/\/www.gaveanews.com\/#\/schema\/person\/image\/","url":"https:\/\/secure.gravatar.com\/avatar\/1e1956f1facbffd3f8fa53a326721950116b3b9dc9bd44939c01180fd4a745a9?s=96&d=mm&r=g","contentUrl":"https:\/\/secure.gravatar.com\/avatar\/1e1956f1facbffd3f8fa53a326721950116b3b9dc9bd44939c01180fd4a745a9?s=96&d=mm&r=g","caption":"Equipe G\u00e1vea News"}}]}},"_links":{"self":[{"href":"https:\/\/www.gaveanews.com\/index.php\/wp-json\/wp\/v2\/posts\/86085","targetHints":{"allow":["GET"]}}],"collection":[{"href":"https:\/\/www.gaveanews.com\/index.php\/wp-json\/wp\/v2\/posts"}],"about":[{"href":"https:\/\/www.gaveanews.com\/index.php\/wp-json\/wp\/v2\/types\/post"}],"author":[{"embeddable":true,"href":"https:\/\/www.gaveanews.com\/index.php\/wp-json\/wp\/v2\/users\/1"}],"replies":[{"embeddable":true,"href":"https:\/\/www.gaveanews.com\/index.php\/wp-json\/wp\/v2\/comments?post=86085"}],"version-history":[{"count":0,"href":"https:\/\/www.gaveanews.com\/index.php\/wp-json\/wp\/v2\/posts\/86085\/revisions"}],"wp:featuredmedia":[{"embeddable":true,"href":"https:\/\/www.gaveanews.com\/index.php\/wp-json\/wp\/v2\/media\/84790"}],"wp:attachment":[{"href":"https:\/\/www.gaveanews.com\/index.php\/wp-json\/wp\/v2\/media?parent=86085"}],"wp:term":[{"taxonomy":"category","embeddable":true,"href":"https:\/\/www.gaveanews.com\/index.php\/wp-json\/wp\/v2\/categories?post=86085"},{"taxonomy":"post_tag","embeddable":true,"href":"https:\/\/www.gaveanews.com\/index.php\/wp-json\/wp\/v2\/tags?post=86085"}],"curies":[{"name":"wp","href":"https:\/\/api.w.org\/{rel}","templated":true}]}}