{"id":86099,"date":"2022-08-19T13:19:13","date_gmt":"2022-08-19T16:19:13","guid":{"rendered":"https:\/\/www.gaveanews.com\/?p=86099"},"modified":"2022-08-19T13:19:20","modified_gmt":"2022-08-19T16:19:20","slug":"onibus-com-membros-de-torcida-organizada-do-flamengo-se-envolve-em-acidente-que-deixa-vitima-fatal","status":"publish","type":"post","link":"https:\/\/www.gaveanews.com\/index.php\/2022\/08\/19\/onibus-com-membros-de-torcida-organizada-do-flamengo-se-envolve-em-acidente-que-deixa-vitima-fatal\/","title":{"rendered":"\u00d4nibus com membros de torcida organizada do Flamengo se envolve em acidente que deixa v\u00edtima fatal"},"content":{"rendered":"\n<p>O Flamengo foi a Curitiba nesta semana para enfrentar o Athletico-PR no jogo decisivo pelas quartas de final da Copa do Brasil. Sabendo da partida, muitos torcedores rubro-negros do sudeste rumaram \u00e0 capital paranaense para apoiar o Meng\u00e3o.<\/p>\n\n\n\n<p>Depois de comemorarem a vit\u00f3ria e a classifica\u00e7\u00e3o do Mais Querido na Arena da Baixada, 15 membros da Urubuzada, uma das torcidas organizadas do Fla, se envolveram em um acidente de tr\u00e2nsito no caminho de volta.<\/p>\n\n\n\n<p>Os torcedores estavam dentro de um \u00f4nibus interestadual que ia de S\u00e3o Paulo ao Rio de Janeiro. Em nota, a organizada informou que os torcedores sofreram apenas ferimentos leves. O motorista do ve\u00edculo, no entanto, faleceu. A informa\u00e7\u00e3o sobre o \u00f3bito ainda n\u00e3o foi confirmada pelos \u00f3rg\u00e3os oficiais.<\/p>\n\n\n\n<h2 class=\"wp-block-heading\" id=\"h-leia-a-nota-emitida-pela-torcida-organizada\">Leia a nota emitida pela torcida organizada:<\/h2>\n\n\n\n<p><em>&#8220;Queremos comunicar que na noite de ontem houve um acidente envolvendo um \u00f4nibus interestadual de linha comum, da empresa Penha, que fazia o trajeto SP x RJ. Alguns integrantes que voltavam do jogo de Curitiba viajavam neste \u00f4nibus.<\/em><\/p>\n\n\n\n<p><em>Felizmente nossos integrantes t\u00eam ferimentos leves somente, mas com muito pesar hoje pela manh\u00e3 fomos informados sobre o falecimento do motorista do \u00f4nibus. Deixamos toda nossa solidariedade para amigos e fam\u00edlia do motorista.&#8221;<\/em><\/p>\n\n\n\n<figure class=\"wp-block-embed is-type-rich is-provider-twitter wp-block-embed-twitter\"><div class=\"wp-block-embed__wrapper\">\n<blockquote class=\"twitter-tweet\" data-width=\"550\" data-dnt=\"true\"><p lang=\"pt\" dir=\"ltr\">Acidente grav\u00edssimo do \u00f4nibus da Urubuzada voltando do Paran\u00e1. <a href=\"https:\/\/t.co\/gXxxN8Wacp\">pic.twitter.com\/gXxxN8Wacp<\/a><\/p>&mdash; Robson Carrara (@RbCrf81) <a href=\"https:\/\/twitter.com\/RbCrf81\/status\/1560624357495521281?ref_src=twsrc%5Etfw\">August 19, 2022<\/a><\/blockquote><script async src=\"https:\/\/platform.twitter.com\/widgets.js\" charset=\"utf-8\"><\/script>\n<\/div><\/figure>\n","protected":false},"excerpt":{"rendered":"<p>O Flamengo foi a Curitiba nesta semana para enfrentar o Athletico-PR no jogo decisivo pelas quartas de final da Copa do Brasil. Sabendo da partida, muitos torcedores rubro-negros do sudeste rumaram \u00e0 capital paranaense para apoiar o Meng\u00e3o. Depois de comemorarem a vit\u00f3ria e a classifica\u00e7\u00e3o do Mais Querido na Arena da Baixada, 15 membros [&hellip;]<\/p>\n","protected":false},"author":4,"featured_media":86100,"comment_status":"open","ping_status":"closed","sticky":false,"template":"","format":"standard","meta":{"footnotes":""},"categories":[47],"tags":[],"class_list":["post-86099","post","type-post","status-publish","format-standard","has-post-thumbnail","hentry","category-destaques"],"yoast_head":"<!-- This site is optimized with the Yoast SEO Premium plugin v24.2 (Yoast SEO v26.9) - https:\/\/yoast.com\/product\/yoast-seo-premium-wordpress\/ -->\n<title>\u00d4nibus com membros de torcida organizada do Flamengo se envolve em acidente que deixa v\u00edtima fatal<\/title>\n<meta name=\"robots\" content=\"index, follow, max-snippet:-1, max-image-preview:large, max-video-preview:-1\" \/>\n<link rel=\"canonical\" href=\"https:\/\/www.gaveanews.com\/index.php\/2022\/08\/19\/onibus-com-membros-de-torcida-organizada-do-flamengo-se-envolve-em-acidente-que-deixa-vitima-fatal\/\" \/>\n<meta property=\"og:locale\" content=\"pt_BR\" \/>\n<meta property=\"og:type\" content=\"article\" \/>\n<meta property=\"og:title\" content=\"\u00d4nibus com membros de torcida organizada do Flamengo se envolve em acidente que deixa v\u00edtima fatal\" \/>\n<meta property=\"og:description\" content=\"O Flamengo foi a Curitiba nesta semana para enfrentar o Athletico-PR no jogo decisivo pelas quartas de final da Copa do Brasil. Sabendo da partida, muitos torcedores rubro-negros do sudeste rumaram \u00e0 capital paranaense para apoiar o Meng\u00e3o. Depois de comemorarem a vit\u00f3ria e a classifica\u00e7\u00e3o do Mais Querido na Arena da Baixada, 15 membros [&hellip;]\" \/>\n<meta property=\"og:url\" content=\"https:\/\/www.gaveanews.com\/index.php\/2022\/08\/19\/onibus-com-membros-de-torcida-organizada-do-flamengo-se-envolve-em-acidente-que-deixa-vitima-fatal\/\" \/>\n<meta property=\"og:site_name\" content=\"G\u00e1vea News\" \/>\n<meta property=\"article:publisher\" content=\"https:\/\/facebook.com\/gaveaNews\/\" \/>\n<meta property=\"article:published_time\" content=\"2022-08-19T16:19:13+00:00\" \/>\n<meta property=\"article:modified_time\" content=\"2022-08-19T16:19:20+00:00\" \/>\n<meta property=\"og:image\" content=\"https:\/\/www.gaveanews.com\/wp-content\/uploads\/onibus-com-torcedores-do-flamengo-se-envolve-em-acidente.webp\" \/>\n\t<meta property=\"og:image:width\" content=\"900\" \/>\n\t<meta property=\"og:image:height\" content=\"506\" \/>\n\t<meta property=\"og:image:type\" content=\"image\/webp\" \/>\n<meta name=\"author\" content=\"Let\u00edcia Gerheim\" \/>\n<meta name=\"twitter:card\" content=\"summary_large_image\" \/>\n<meta name=\"twitter:label1\" content=\"Escrito por\" \/>\n\t<meta name=\"twitter:data1\" content=\"Let\u00edcia Gerheim\" \/>\n\t<meta name=\"twitter:label2\" content=\"Est. tempo de leitura\" \/>\n\t<meta name=\"twitter:data2\" content=\"2 minutos\" \/>\n<script type=\"application\/ld+json\" class=\"yoast-schema-graph\">{\"@context\":\"https:\/\/schema.org\",\"@graph\":[{\"@type\":\"NewsArticle\",\"@id\":\"https:\/\/www.gaveanews.com\/index.php\/2022\/08\/19\/onibus-com-membros-de-torcida-organizada-do-flamengo-se-envolve-em-acidente-que-deixa-vitima-fatal\/#article\",\"isPartOf\":{\"@id\":\"https:\/\/www.gaveanews.com\/index.php\/2022\/08\/19\/onibus-com-membros-de-torcida-organizada-do-flamengo-se-envolve-em-acidente-que-deixa-vitima-fatal\/\"},\"author\":{\"name\":\"Let\u00edcia Gerheim\",\"@id\":\"https:\/\/www.gaveanews.com\/#\/schema\/person\/714c67050b836198af2450ba1c142a67\"},\"headline\":\"\u00d4nibus com membros de torcida organizada do Flamengo se envolve em acidente que deixa v\u00edtima fatal\",\"datePublished\":\"2022-08-19T16:19:13+00:00\",\"dateModified\":\"2022-08-19T16:19:20+00:00\",\"mainEntityOfPage\":{\"@id\":\"https:\/\/www.gaveanews.com\/index.php\/2022\/08\/19\/onibus-com-membros-de-torcida-organizada-do-flamengo-se-envolve-em-acidente-que-deixa-vitima-fatal\/\"},\"wordCount\":231,\"commentCount\":0,\"image\":{\"@id\":\"https:\/\/www.gaveanews.com\/index.php\/2022\/08\/19\/onibus-com-membros-de-torcida-organizada-do-flamengo-se-envolve-em-acidente-que-deixa-vitima-fatal\/#primaryimage\"},\"thumbnailUrl\":\"https:\/\/www.gaveanews.com\/wp-content\/uploads\/onibus-com-torcedores-do-flamengo-se-envolve-em-acidente.webp\",\"articleSection\":[\"Destaques\"],\"inLanguage\":\"pt-BR\",\"potentialAction\":[{\"@type\":\"CommentAction\",\"name\":\"Comment\",\"target\":[\"https:\/\/www.gaveanews.com\/index.php\/2022\/08\/19\/onibus-com-membros-de-torcida-organizada-do-flamengo-se-envolve-em-acidente-que-deixa-vitima-fatal\/#respond\"]}],\"copyrightYear\":\"2022\",\"copyrightHolder\":{\"@id\":\"https:\/\/www.gaveanews.com\/#organization\"}},{\"@type\":\"WebPage\",\"@id\":\"https:\/\/www.gaveanews.com\/index.php\/2022\/08\/19\/onibus-com-membros-de-torcida-organizada-do-flamengo-se-envolve-em-acidente-que-deixa-vitima-fatal\/\",\"url\":\"https:\/\/www.gaveanews.com\/index.php\/2022\/08\/19\/onibus-com-membros-de-torcida-organizada-do-flamengo-se-envolve-em-acidente-que-deixa-vitima-fatal\/\",\"name\":\"\u00d4nibus com membros de torcida organizada do Flamengo se envolve em acidente que deixa v\u00edtima fatal\",\"isPartOf\":{\"@id\":\"https:\/\/www.gaveanews.com\/#website\"},\"primaryImageOfPage\":{\"@id\":\"https:\/\/www.gaveanews.com\/index.php\/2022\/08\/19\/onibus-com-membros-de-torcida-organizada-do-flamengo-se-envolve-em-acidente-que-deixa-vitima-fatal\/#primaryimage\"},\"image\":{\"@id\":\"https:\/\/www.gaveanews.com\/index.php\/2022\/08\/19\/onibus-com-membros-de-torcida-organizada-do-flamengo-se-envolve-em-acidente-que-deixa-vitima-fatal\/#primaryimage\"},\"thumbnailUrl\":\"https:\/\/www.gaveanews.com\/wp-content\/uploads\/onibus-com-torcedores-do-flamengo-se-envolve-em-acidente.webp\",\"datePublished\":\"2022-08-19T16:19:13+00:00\",\"dateModified\":\"2022-08-19T16:19:20+00:00\",\"author\":{\"@id\":\"https:\/\/www.gaveanews.com\/#\/schema\/person\/714c67050b836198af2450ba1c142a67\"},\"breadcrumb\":{\"@id\":\"https:\/\/www.gaveanews.com\/index.php\/2022\/08\/19\/onibus-com-membros-de-torcida-organizada-do-flamengo-se-envolve-em-acidente-que-deixa-vitima-fatal\/#breadcrumb\"},\"inLanguage\":\"pt-BR\",\"potentialAction\":[{\"@type\":\"ReadAction\",\"target\":[\"https:\/\/www.gaveanews.com\/index.php\/2022\/08\/19\/onibus-com-membros-de-torcida-organizada-do-flamengo-se-envolve-em-acidente-que-deixa-vitima-fatal\/\"]}]},{\"@type\":\"ImageObject\",\"inLanguage\":\"pt-BR\",\"@id\":\"https:\/\/www.gaveanews.com\/index.php\/2022\/08\/19\/onibus-com-membros-de-torcida-organizada-do-flamengo-se-envolve-em-acidente-que-deixa-vitima-fatal\/#primaryimage\",\"url\":\"https:\/\/www.gaveanews.com\/wp-content\/uploads\/onibus-com-torcedores-do-flamengo-se-envolve-em-acidente.webp\",\"contentUrl\":\"https:\/\/www.gaveanews.com\/wp-content\/uploads\/onibus-com-torcedores-do-flamengo-se-envolve-em-acidente.webp\",\"width\":900,\"height\":506,\"caption\":\"\u00d4nibus com torcedores do Flamengo se envolve em acidente (Foto: Reprodu\u00e7\u00e3o\/Twitter)\"},{\"@type\":\"BreadcrumbList\",\"@id\":\"https:\/\/www.gaveanews.com\/index.php\/2022\/08\/19\/onibus-com-membros-de-torcida-organizada-do-flamengo-se-envolve-em-acidente-que-deixa-vitima-fatal\/#breadcrumb\",\"itemListElement\":[{\"@type\":\"ListItem\",\"position\":1,\"name\":\"Home\",\"item\":\"https:\/\/www.gaveanews.com\/\"},{\"@type\":\"ListItem\",\"position\":2,\"name\":\"\u00d4nibus com membros de torcida organizada do Flamengo se envolve em acidente que deixa v\u00edtima fatal\"}]},{\"@type\":\"WebSite\",\"@id\":\"https:\/\/www.gaveanews.com\/#website\",\"url\":\"https:\/\/www.gaveanews.com\/\",\"name\":\"G\u00e1vea News\",\"description\":\"Veja todas as not\u00edcias sobre o Flamengo: Contrata\u00e7\u00f5es, categorias de base, resultados das partidas, tabela de classifica\u00e7\u00e3o, pr\u00f3ximos jogos!\",\"potentialAction\":[{\"@type\":\"SearchAction\",\"target\":{\"@type\":\"EntryPoint\",\"urlTemplate\":\"https:\/\/www.gaveanews.com\/?s={search_term_string}\"},\"query-input\":{\"@type\":\"PropertyValueSpecification\",\"valueRequired\":true,\"valueName\":\"search_term_string\"}}],\"inLanguage\":\"pt-BR\"},{\"@type\":\"Person\",\"@id\":\"https:\/\/www.gaveanews.com\/#\/schema\/person\/714c67050b836198af2450ba1c142a67\",\"name\":\"Let\u00edcia Gerheim\",\"image\":{\"@type\":\"ImageObject\",\"inLanguage\":\"pt-BR\",\"@id\":\"https:\/\/www.gaveanews.com\/#\/schema\/person\/image\/\",\"url\":\"https:\/\/secure.gravatar.com\/avatar\/60734739c50fcebfbac509e2a826ccd0ff405c019bc73aab9354f19ecad1dcb4?s=96&d=mm&r=g\",\"contentUrl\":\"https:\/\/secure.gravatar.com\/avatar\/60734739c50fcebfbac509e2a826ccd0ff405c019bc73aab9354f19ecad1dcb4?s=96&d=mm&r=g\",\"caption\":\"Let\u00edcia Gerheim\"}}]}<\/script>\n<!-- \/ Yoast SEO Premium plugin. -->","yoast_head_json":{"title":"\u00d4nibus com membros de torcida organizada do Flamengo se envolve em acidente que deixa v\u00edtima fatal","robots":{"index":"index","follow":"follow","max-snippet":"max-snippet:-1","max-image-preview":"max-image-preview:large","max-video-preview":"max-video-preview:-1"},"canonical":"https:\/\/www.gaveanews.com\/index.php\/2022\/08\/19\/onibus-com-membros-de-torcida-organizada-do-flamengo-se-envolve-em-acidente-que-deixa-vitima-fatal\/","og_locale":"pt_BR","og_type":"article","og_title":"\u00d4nibus com membros de torcida organizada do Flamengo se envolve em acidente que deixa v\u00edtima fatal","og_description":"O Flamengo foi a Curitiba nesta semana para enfrentar o Athletico-PR no jogo decisivo pelas quartas de final da Copa do Brasil. Sabendo da partida, muitos torcedores rubro-negros do sudeste rumaram \u00e0 capital paranaense para apoiar o Meng\u00e3o. Depois de comemorarem a vit\u00f3ria e a classifica\u00e7\u00e3o do Mais Querido na Arena da Baixada, 15 membros [&hellip;]","og_url":"https:\/\/www.gaveanews.com\/index.php\/2022\/08\/19\/onibus-com-membros-de-torcida-organizada-do-flamengo-se-envolve-em-acidente-que-deixa-vitima-fatal\/","og_site_name":"G\u00e1vea News","article_publisher":"https:\/\/facebook.com\/gaveaNews\/","article_published_time":"2022-08-19T16:19:13+00:00","article_modified_time":"2022-08-19T16:19:20+00:00","og_image":[{"width":900,"height":506,"url":"https:\/\/www.gaveanews.com\/wp-content\/uploads\/onibus-com-torcedores-do-flamengo-se-envolve-em-acidente.webp","type":"image\/webp"}],"author":"Let\u00edcia Gerheim","twitter_card":"summary_large_image","twitter_misc":{"Escrito por":"Let\u00edcia Gerheim","Est. tempo de leitura":"2 minutos"},"schema":{"@context":"https:\/\/schema.org","@graph":[{"@type":"NewsArticle","@id":"https:\/\/www.gaveanews.com\/index.php\/2022\/08\/19\/onibus-com-membros-de-torcida-organizada-do-flamengo-se-envolve-em-acidente-que-deixa-vitima-fatal\/#article","isPartOf":{"@id":"https:\/\/www.gaveanews.com\/index.php\/2022\/08\/19\/onibus-com-membros-de-torcida-organizada-do-flamengo-se-envolve-em-acidente-que-deixa-vitima-fatal\/"},"author":{"name":"Let\u00edcia Gerheim","@id":"https:\/\/www.gaveanews.com\/#\/schema\/person\/714c67050b836198af2450ba1c142a67"},"headline":"\u00d4nibus com membros de torcida organizada do Flamengo se envolve em acidente que deixa v\u00edtima fatal","datePublished":"2022-08-19T16:19:13+00:00","dateModified":"2022-08-19T16:19:20+00:00","mainEntityOfPage":{"@id":"https:\/\/www.gaveanews.com\/index.php\/2022\/08\/19\/onibus-com-membros-de-torcida-organizada-do-flamengo-se-envolve-em-acidente-que-deixa-vitima-fatal\/"},"wordCount":231,"commentCount":0,"image":{"@id":"https:\/\/www.gaveanews.com\/index.php\/2022\/08\/19\/onibus-com-membros-de-torcida-organizada-do-flamengo-se-envolve-em-acidente-que-deixa-vitima-fatal\/#primaryimage"},"thumbnailUrl":"https:\/\/www.gaveanews.com\/wp-content\/uploads\/onibus-com-torcedores-do-flamengo-se-envolve-em-acidente.webp","articleSection":["Destaques"],"inLanguage":"pt-BR","potentialAction":[{"@type":"CommentAction","name":"Comment","target":["https:\/\/www.gaveanews.com\/index.php\/2022\/08\/19\/onibus-com-membros-de-torcida-organizada-do-flamengo-se-envolve-em-acidente-que-deixa-vitima-fatal\/#respond"]}],"copyrightYear":"2022","copyrightHolder":{"@id":"https:\/\/www.gaveanews.com\/#organization"}},{"@type":"WebPage","@id":"https:\/\/www.gaveanews.com\/index.php\/2022\/08\/19\/onibus-com-membros-de-torcida-organizada-do-flamengo-se-envolve-em-acidente-que-deixa-vitima-fatal\/","url":"https:\/\/www.gaveanews.com\/index.php\/2022\/08\/19\/onibus-com-membros-de-torcida-organizada-do-flamengo-se-envolve-em-acidente-que-deixa-vitima-fatal\/","name":"\u00d4nibus com membros de torcida organizada do Flamengo se envolve em acidente que deixa v\u00edtima fatal","isPartOf":{"@id":"https:\/\/www.gaveanews.com\/#website"},"primaryImageOfPage":{"@id":"https:\/\/www.gaveanews.com\/index.php\/2022\/08\/19\/onibus-com-membros-de-torcida-organizada-do-flamengo-se-envolve-em-acidente-que-deixa-vitima-fatal\/#primaryimage"},"image":{"@id":"https:\/\/www.gaveanews.com\/index.php\/2022\/08\/19\/onibus-com-membros-de-torcida-organizada-do-flamengo-se-envolve-em-acidente-que-deixa-vitima-fatal\/#primaryimage"},"thumbnailUrl":"https:\/\/www.gaveanews.com\/wp-content\/uploads\/onibus-com-torcedores-do-flamengo-se-envolve-em-acidente.webp","datePublished":"2022-08-19T16:19:13+00:00","dateModified":"2022-08-19T16:19:20+00:00","author":{"@id":"https:\/\/www.gaveanews.com\/#\/schema\/person\/714c67050b836198af2450ba1c142a67"},"breadcrumb":{"@id":"https:\/\/www.gaveanews.com\/index.php\/2022\/08\/19\/onibus-com-membros-de-torcida-organizada-do-flamengo-se-envolve-em-acidente-que-deixa-vitima-fatal\/#breadcrumb"},"inLanguage":"pt-BR","potentialAction":[{"@type":"ReadAction","target":["https:\/\/www.gaveanews.com\/index.php\/2022\/08\/19\/onibus-com-membros-de-torcida-organizada-do-flamengo-se-envolve-em-acidente-que-deixa-vitima-fatal\/"]}]},{"@type":"ImageObject","inLanguage":"pt-BR","@id":"https:\/\/www.gaveanews.com\/index.php\/2022\/08\/19\/onibus-com-membros-de-torcida-organizada-do-flamengo-se-envolve-em-acidente-que-deixa-vitima-fatal\/#primaryimage","url":"https:\/\/www.gaveanews.com\/wp-content\/uploads\/onibus-com-torcedores-do-flamengo-se-envolve-em-acidente.webp","contentUrl":"https:\/\/www.gaveanews.com\/wp-content\/uploads\/onibus-com-torcedores-do-flamengo-se-envolve-em-acidente.webp","width":900,"height":506,"caption":"\u00d4nibus com torcedores do Flamengo se envolve em acidente (Foto: Reprodu\u00e7\u00e3o\/Twitter)"},{"@type":"BreadcrumbList","@id":"https:\/\/www.gaveanews.com\/index.php\/2022\/08\/19\/onibus-com-membros-de-torcida-organizada-do-flamengo-se-envolve-em-acidente-que-deixa-vitima-fatal\/#breadcrumb","itemListElement":[{"@type":"ListItem","position":1,"name":"Home","item":"https:\/\/www.gaveanews.com\/"},{"@type":"ListItem","position":2,"name":"\u00d4nibus com membros de torcida organizada do Flamengo se envolve em acidente que deixa v\u00edtima fatal"}]},{"@type":"WebSite","@id":"https:\/\/www.gaveanews.com\/#website","url":"https:\/\/www.gaveanews.com\/","name":"G\u00e1vea News","description":"Veja todas as not\u00edcias sobre o Flamengo: Contrata\u00e7\u00f5es, categorias de base, resultados das partidas, tabela de classifica\u00e7\u00e3o, pr\u00f3ximos jogos!","potentialAction":[{"@type":"SearchAction","target":{"@type":"EntryPoint","urlTemplate":"https:\/\/www.gaveanews.com\/?s={search_term_string}"},"query-input":{"@type":"PropertyValueSpecification","valueRequired":true,"valueName":"search_term_string"}}],"inLanguage":"pt-BR"},{"@type":"Person","@id":"https:\/\/www.gaveanews.com\/#\/schema\/person\/714c67050b836198af2450ba1c142a67","name":"Let\u00edcia Gerheim","image":{"@type":"ImageObject","inLanguage":"pt-BR","@id":"https:\/\/www.gaveanews.com\/#\/schema\/person\/image\/","url":"https:\/\/secure.gravatar.com\/avatar\/60734739c50fcebfbac509e2a826ccd0ff405c019bc73aab9354f19ecad1dcb4?s=96&d=mm&r=g","contentUrl":"https:\/\/secure.gravatar.com\/avatar\/60734739c50fcebfbac509e2a826ccd0ff405c019bc73aab9354f19ecad1dcb4?s=96&d=mm&r=g","caption":"Let\u00edcia Gerheim"}}]}},"_links":{"self":[{"href":"https:\/\/www.gaveanews.com\/index.php\/wp-json\/wp\/v2\/posts\/86099","targetHints":{"allow":["GET"]}}],"collection":[{"href":"https:\/\/www.gaveanews.com\/index.php\/wp-json\/wp\/v2\/posts"}],"about":[{"href":"https:\/\/www.gaveanews.com\/index.php\/wp-json\/wp\/v2\/types\/post"}],"author":[{"embeddable":true,"href":"https:\/\/www.gaveanews.com\/index.php\/wp-json\/wp\/v2\/users\/4"}],"replies":[{"embeddable":true,"href":"https:\/\/www.gaveanews.com\/index.php\/wp-json\/wp\/v2\/comments?post=86099"}],"version-history":[{"count":0,"href":"https:\/\/www.gaveanews.com\/index.php\/wp-json\/wp\/v2\/posts\/86099\/revisions"}],"wp:featuredmedia":[{"embeddable":true,"href":"https:\/\/www.gaveanews.com\/index.php\/wp-json\/wp\/v2\/media\/86100"}],"wp:attachment":[{"href":"https:\/\/www.gaveanews.com\/index.php\/wp-json\/wp\/v2\/media?parent=86099"}],"wp:term":[{"taxonomy":"category","embeddable":true,"href":"https:\/\/www.gaveanews.com\/index.php\/wp-json\/wp\/v2\/categories?post=86099"},{"taxonomy":"post_tag","embeddable":true,"href":"https:\/\/www.gaveanews.com\/index.php\/wp-json\/wp\/v2\/tags?post=86099"}],"curies":[{"name":"wp","href":"https:\/\/api.w.org\/{rel}","templated":true}]}}