{"id":86126,"date":"2022-08-20T14:09:56","date_gmt":"2022-08-20T17:09:56","guid":{"rendered":"https:\/\/www.gaveanews.com\/?p=86126"},"modified":"2022-08-20T14:10:02","modified_gmt":"2022-08-20T17:10:02","slug":"luto-atriz-da-rede-globo-falece-neste-sabado-e-flamengo-emite-nota-de-pesar","status":"publish","type":"post","link":"https:\/\/www.gaveanews.com\/index.php\/2022\/08\/20\/luto-atriz-da-rede-globo-falece-neste-sabado-e-flamengo-emite-nota-de-pesar\/","title":{"rendered":"Luto: Atriz da Rede Globo falece neste s\u00e1bado e Flamengo emite nota de pesar"},"content":{"rendered":"\n<p>A atriz Claudia Jimenez sofreu uma insufici\u00eancia card\u00edaca e morreu no in\u00edcio da manh\u00e3 deste s\u00e1bado (20), no Rio, aos 63 anos. Claudia tinha sofrido um infarto em 1999 e, desde ent\u00e3o, passou por tr\u00eas cirurgias no cora\u00e7\u00e3o.<\/p>\n\n\n\n<p>A int\u00e9rprete de Dona Cacilda, da \u201cEscolinha do Professor Raimundo\u201d, e de Edileuza, de \u201cSai de Baixo\u201d, estava internada no Hospital Samaritano, em Botafogo, na Zona Sul.<\/p>\n\n\n\n<h2 class=\"wp-block-heading\" id=\"h-cancer-e-operacoes-no-coracao\">C\u00e2ncer e opera\u00e7\u00f5es no cora\u00e7\u00e3o<\/h2>\n\n\n\n<p>Em 1986, Claudia foi ao m\u00e9dico para curar uma tosse persistente e descobriu que tinha c\u00e2ncer, um tumor maligno no mediastino, atr\u00e1s do cora\u00e7\u00e3o. Chegou a ser desenganada. O diagn\u00f3stico n\u00e3o se cumpriu, e a atriz curou-se da doen\u00e7a, com ajuda de Chico Anysio.<\/p>\n\n\n\n<p>As sess\u00f5es de radioterapia, por\u00e9m, lhe causaram outro problema de sa\u00fade. Os m\u00e9dicos acreditam que o tratamento pode ter afetado os tecidos do cora\u00e7\u00e3o, o que a obrigou a fazer pelo menos tr\u00eas cirurgias nos anos seguintes.<\/p>\n\n\n\n<p>A primeira foi em 1999, para botar cinco pontes de safena; a segunda, em 2012, para a substitui\u00e7\u00e3o da v\u00e1lvula a\u00f3rtica por uma outra, sint\u00e9tica; e a terceira, em 2014, para botar um marca-passo.<\/p>\n\n\n\n<p>\u201cQuando eu falo para o meu m\u00e9dico: \u2018\u00d4, radioterapia desgra\u00e7ada!\u2019. A\u00ed ele fala: \u2018Mas se n\u00e3o fosse ela, voc\u00ea j\u00e1 estava h\u00e1 muito tempo l\u00e1 em cima, n\u00e9?\u2019. E \u00e9 verdade, quer dizer, a gente tem sempre que agradecer em vez de reclamar\u201d, disse Claudia, em entrevista ao \u201cFant\u00e1stico\u201d em 2014, meses depois da opera\u00e7\u00e3o.<\/p>\n\n\n\n<p><em>\u2014 Maturidade faz voc\u00ea ficar mais bacana. \u00c0s vezes, eu percebo que, internamente, n\u00e3o estou legal eu vou em busca de alguma coisa que me fa\u00e7a ficar legal. Tem gente que fala assim para mim: \u2018Ai, como voc\u00ea \u00e9 fr\u00e1gil\u2019. Eu falo: \u2018Fr\u00e1gil? Eu sou a pessoa mais forte que eu conhe\u00e7o\u2019. Chegam perto de mim e falam: \u2018Vamos trocar v\u00e1lvula a\u00f3rtica\u2019. Eu falo: \u2018Ok, vamos\u2019. \u2018Vamos fazer cinco pontes de safena\u2019. \u2018Ok, vamos\u2019. \u2018Botar o marca-passo\u2019. \u2018Ok\u2019. Eu fa\u00e7o qualquer coisa para ficar aqui<\/em>, afirmou.<\/p>\n\n\n\n<h2 class=\"wp-block-heading\" id=\"h-vida-e-carreira\">Vida e carreira<\/h2>\n\n\n<div class=\"wp-block-image\">\n<figure class=\"aligncenter size-large\"><img decoding=\"async\" src=\"https:\/\/s2.glbimg.com\/5zVVA2qMPgop99LWZwLvK3EZjbI=\/0x0:750x563\/1008x0\/smart\/filters:strip_icc()\/i.s3.glbimg.com\/v1\/AUTH_59edd422c0c84a879bd37670ae4f538a\/internal_photos\/bs\/2022\/N\/K\/EVml9cTT21NO6tmHsTtw\/20jim1.webp\" alt=\"\"\/><\/figure>\n<\/div>\n\n\n<p>Filha de um cantor de tangos e caixeiro viajante e uma enroladora de bala de coco,\u00a0Cl\u00e1udia Maria Patitucci Jimenez\u00a0nasceu na Barra da Tijuca, na Zona Oeste do Rio, em 1958.<\/p>\n\n\n\n<p>Ela fez o curso normal, com especializa\u00e7\u00e3o em maternal e jardim de inf\u00e2ncia, e j\u00e1 na juventude se dedicou ao teatro amador.<\/p>\n\n\n\n<p><em>\u2014 Sempre fui palha\u00e7a, sempre. No col\u00e9gio de freira me pagavam um chocolate, bala para eu n\u00e3o deixar de ir na aula de religi\u00e3o, porque quando eu ia era um divertimento s\u00f3<\/em>, disse.<\/p>\n\n\n\n<p>Sua estreia no teatro profissional foi em 1978, na pe\u00e7a \u201cOpera do Malandro\u201d, de Chico Buarque, em que viveu a prostituta Mimi Bibel\u00f4.<\/p>\n\n\n\n<p>Foi o diretor Mauricio Sherman que a levou para a TV Globo. Nos anos 1980, Claudia participou da abertura do programa \u201cViva o Gordo\u201d, de J\u00f4 Soares, e deu vida \u00e0 insaci\u00e1vel Pureza, mulher de Apolo, do bord\u00e3o \u201cAinda morro disso!\u201d, em \u201cChico City\u201d. \u201cA Pureza s\u00f3 pensava em transar\u201d, lembrou Claudia, em entrevista \u00e0 \u201cFolha de S.Paulo\u201d.<\/p>\n\n\n\n<p>A partir de 1990, Claudia Jimenez viveu a desbocada e saliente Dona Cacilda, uma das alunas da \u201cEscolinha do Professor Raimundo\u201d, com o \u201cprofessor\u201d Chico Anysio. Com Cacilda, emplacou outro bord\u00e3o: \u201cBeijinho, beijinho, pau, pau\u201d.<\/p>\n\n\n\n<p>Cacilda, lembrou Claudia em 2014, ela guarda no cora\u00e7\u00e3o. \u201cN\u00e3o era nem propriamente pelo personagem, mas pelo que eu vivi ali dentro. Foram seis anos de gargalhadas\u201d, destacou. Esse papel lhe rendeu o Trof\u00e9u APCA de melhor atriz comediante em 1991.<\/p>\n\n\n\n<p>Em 1996, Claudia deu vida a mais uma personagem ic\u00f4nica: a dom\u00e9stica Edileuza, de \u201cSai de Baixo\u201d. Seus embates com Caco Antibes, de Miguel Falabella, fizeram a plateia gargalhar. Foi apenas uma temporada, mas at\u00e9 hoje seus bord\u00f5es s\u00e3o lembrados.<\/p>\n\n\n\n<p>Claudia tamb\u00e9m fez novelas. Foi a Bina de \u201cTorre de Babel\u201d (1998), a Dagmar de \u201cAs Filhas da M\u00e3e\u201d (2001), a Consuelo de \u201cAm\u00e9rica\u201d (2005), a Cust\u00f3dia de \u201cSete Pecados\u201d (2007), a Violante de \u201cNeg\u00f3cio da China\u201d (2008), a Z\u00e9lia de \u201cAl\u00e9m do Horizonte\u201d (2013) e a Lucr\u00e9cia de \u201cHaja Cora\u00e7\u00e3o\u201d (2016).<\/p>\n\n\n\n<p>No cinema, atuou em \u201cGabriela, Cravo e Canela\u201d (1983), \u201c\u00d3pera do Malandro\u201d (1986) e Os Trapalh\u00f5es no Auto da Compadecida (1987). Tamb\u00e9m dublou a Ellie de \u201cA Era do Gelo\u201d. Com a Bia de \u201cO Corpo\u201d (1991), ganhou como melhor atriz no Festival de Bras\u00edlia.<\/p>\n\n\n\n<p>Seu \u00faltimo papel foi a Bibiana do quadro \u201cInfratores\u201d, no Fant\u00e1stico, em 2018.<\/p>\n\n\n\n<h2 class=\"wp-block-heading\" id=\"h-flamengo-emite-nota-de-pesar\">Flamengo emite nota de pesar<\/h2>\n\n\n\n<p>Atrav\u00e9s de seu perfil oficial no Twitter, o Flamengo fez quest\u00e3o de se manifestar. <strong>Confira a nota publicada pelo rubro-negro:<\/strong><\/p>\n\n\n\n<figure class=\"wp-block-embed is-type-rich is-provider-twitter wp-block-embed-twitter\"><div class=\"wp-block-embed__wrapper\">\n<blockquote class=\"twitter-tweet\" data-width=\"550\" data-dnt=\"true\"><p lang=\"pt\" dir=\"ltr\">O Clube de Regatas do Flamengo lamenta profundamente o falecimento da grande atriz Claudia Jimenez, neste s\u00e1bado. Que Deus conforte seus familiares e amigos neste momento t\u00e3o triste. \ud83d\ude4f\ud83c\udffb <a href=\"https:\/\/twitter.com\/hashtag\/CRF?src=hash&amp;ref_src=twsrc%5Etfw\">#CRF<\/a><\/p>&mdash; Flamengo (@Flamengo) <a href=\"https:\/\/twitter.com\/Flamengo\/status\/1561031076436385794?ref_src=twsrc%5Etfw\">August 20, 2022<\/a><\/blockquote><script async src=\"https:\/\/platform.twitter.com\/widgets.js\" charset=\"utf-8\"><\/script>\n<\/div><\/figure>\n\n\n\n<p>Retirado de: G1<\/p>\n","protected":false},"excerpt":{"rendered":"<p>A atriz Claudia Jimenez sofreu uma insufici\u00eancia card\u00edaca e morreu no in\u00edcio da manh\u00e3 deste s\u00e1bado (20), no Rio, aos 63 anos. Claudia tinha sofrido um infarto em 1999 e, desde ent\u00e3o, passou por tr\u00eas cirurgias no cora\u00e7\u00e3o. A int\u00e9rprete de Dona Cacilda, da \u201cEscolinha do Professor Raimundo\u201d, e de Edileuza, de \u201cSai de Baixo\u201d, [&hellip;]<\/p>\n","protected":false},"author":1,"featured_media":31951,"comment_status":"open","ping_status":"closed","sticky":false,"template":"","format":"standard","meta":{"footnotes":""},"categories":[1],"tags":[],"class_list":["post-86126","post","type-post","status-publish","format-standard","has-post-thumbnail","hentry","category-flamengo"],"yoast_head":"<!-- This site is optimized with the Yoast SEO Premium plugin v24.2 (Yoast SEO v26.9) - https:\/\/yoast.com\/product\/yoast-seo-premium-wordpress\/ -->\n<title>Luto: Atriz da Rede Globo falece neste s\u00e1bado e Flamengo emite nota de pesar<\/title>\n<meta name=\"description\" content=\"Atrav\u00e9s de seu perfil oficial no Twitter, o Flamengo fez quest\u00e3o de se manifestar. Confira a nota publicada pelo rubro-negro.\" \/>\n<meta name=\"robots\" content=\"index, follow, max-snippet:-1, max-image-preview:large, max-video-preview:-1\" \/>\n<link rel=\"canonical\" href=\"https:\/\/www.gaveanews.com\/index.php\/2022\/08\/20\/luto-atriz-da-rede-globo-falece-neste-sabado-e-flamengo-emite-nota-de-pesar\/\" \/>\n<meta property=\"og:locale\" content=\"pt_BR\" \/>\n<meta property=\"og:type\" content=\"article\" \/>\n<meta property=\"og:title\" content=\"Luto: Atriz da Rede Globo falece neste s\u00e1bado e Flamengo emite nota de pesar\" \/>\n<meta property=\"og:description\" content=\"Atrav\u00e9s de seu perfil oficial no Twitter, o Flamengo fez quest\u00e3o de se manifestar. Confira a nota publicada pelo rubro-negro.\" \/>\n<meta property=\"og:url\" content=\"https:\/\/www.gaveanews.com\/index.php\/2022\/08\/20\/luto-atriz-da-rede-globo-falece-neste-sabado-e-flamengo-emite-nota-de-pesar\/\" \/>\n<meta property=\"og:site_name\" content=\"G\u00e1vea News\" \/>\n<meta property=\"article:publisher\" content=\"https:\/\/facebook.com\/gaveaNews\/\" \/>\n<meta property=\"article:published_time\" content=\"2022-08-20T17:09:56+00:00\" \/>\n<meta property=\"article:modified_time\" content=\"2022-08-20T17:10:02+00:00\" \/>\n<meta property=\"og:image\" content=\"https:\/\/www.gaveanews.com\/wp-content\/uploads\/luto-o-que-e.webp\" \/>\n\t<meta property=\"og:image:width\" content=\"640\" \/>\n\t<meta property=\"og:image:height\" content=\"424\" \/>\n\t<meta property=\"og:image:type\" content=\"image\/jpeg\" \/>\n<meta name=\"author\" content=\"Equipe G\u00e1vea News\" \/>\n<meta name=\"twitter:card\" content=\"summary_large_image\" \/>\n<meta name=\"twitter:label1\" content=\"Escrito por\" \/>\n\t<meta name=\"twitter:data1\" content=\"Equipe G\u00e1vea News\" \/>\n\t<meta name=\"twitter:label2\" content=\"Est. tempo de leitura\" \/>\n\t<meta name=\"twitter:data2\" content=\"5 minutos\" \/>\n<script type=\"application\/ld+json\" class=\"yoast-schema-graph\">{\"@context\":\"https:\/\/schema.org\",\"@graph\":[{\"@type\":\"NewsArticle\",\"@id\":\"https:\/\/www.gaveanews.com\/index.php\/2022\/08\/20\/luto-atriz-da-rede-globo-falece-neste-sabado-e-flamengo-emite-nota-de-pesar\/#article\",\"isPartOf\":{\"@id\":\"https:\/\/www.gaveanews.com\/index.php\/2022\/08\/20\/luto-atriz-da-rede-globo-falece-neste-sabado-e-flamengo-emite-nota-de-pesar\/\"},\"author\":{\"name\":\"Equipe G\u00e1vea News\",\"@id\":\"https:\/\/www.gaveanews.com\/#\/schema\/person\/2ec14f73fb96be2caf28f91afb14749d\"},\"headline\":\"Luto: Atriz da Rede Globo falece neste s\u00e1bado e Flamengo emite nota de pesar\",\"datePublished\":\"2022-08-20T17:09:56+00:00\",\"dateModified\":\"2022-08-20T17:10:02+00:00\",\"mainEntityOfPage\":{\"@id\":\"https:\/\/www.gaveanews.com\/index.php\/2022\/08\/20\/luto-atriz-da-rede-globo-falece-neste-sabado-e-flamengo-emite-nota-de-pesar\/\"},\"wordCount\":812,\"commentCount\":0,\"image\":{\"@id\":\"https:\/\/www.gaveanews.com\/index.php\/2022\/08\/20\/luto-atriz-da-rede-globo-falece-neste-sabado-e-flamengo-emite-nota-de-pesar\/#primaryimage\"},\"thumbnailUrl\":\"https:\/\/www.gaveanews.com\/wp-content\/uploads\/luto-o-que-e.webp\",\"articleSection\":[\"Flamengo\"],\"inLanguage\":\"pt-BR\",\"potentialAction\":[{\"@type\":\"CommentAction\",\"name\":\"Comment\",\"target\":[\"https:\/\/www.gaveanews.com\/index.php\/2022\/08\/20\/luto-atriz-da-rede-globo-falece-neste-sabado-e-flamengo-emite-nota-de-pesar\/#respond\"]}],\"copyrightYear\":\"2022\",\"copyrightHolder\":{\"@id\":\"https:\/\/www.gaveanews.com\/#organization\"}},{\"@type\":\"WebPage\",\"@id\":\"https:\/\/www.gaveanews.com\/index.php\/2022\/08\/20\/luto-atriz-da-rede-globo-falece-neste-sabado-e-flamengo-emite-nota-de-pesar\/\",\"url\":\"https:\/\/www.gaveanews.com\/index.php\/2022\/08\/20\/luto-atriz-da-rede-globo-falece-neste-sabado-e-flamengo-emite-nota-de-pesar\/\",\"name\":\"Luto: Atriz da Rede Globo falece neste s\u00e1bado e Flamengo emite nota de pesar\",\"isPartOf\":{\"@id\":\"https:\/\/www.gaveanews.com\/#website\"},\"primaryImageOfPage\":{\"@id\":\"https:\/\/www.gaveanews.com\/index.php\/2022\/08\/20\/luto-atriz-da-rede-globo-falece-neste-sabado-e-flamengo-emite-nota-de-pesar\/#primaryimage\"},\"image\":{\"@id\":\"https:\/\/www.gaveanews.com\/index.php\/2022\/08\/20\/luto-atriz-da-rede-globo-falece-neste-sabado-e-flamengo-emite-nota-de-pesar\/#primaryimage\"},\"thumbnailUrl\":\"https:\/\/www.gaveanews.com\/wp-content\/uploads\/luto-o-que-e.webp\",\"datePublished\":\"2022-08-20T17:09:56+00:00\",\"dateModified\":\"2022-08-20T17:10:02+00:00\",\"author\":{\"@id\":\"https:\/\/www.gaveanews.com\/#\/schema\/person\/2ec14f73fb96be2caf28f91afb14749d\"},\"description\":\"Atrav\u00e9s de seu perfil oficial no Twitter, o Flamengo fez quest\u00e3o de se manifestar. Confira a nota publicada pelo rubro-negro.\",\"breadcrumb\":{\"@id\":\"https:\/\/www.gaveanews.com\/index.php\/2022\/08\/20\/luto-atriz-da-rede-globo-falece-neste-sabado-e-flamengo-emite-nota-de-pesar\/#breadcrumb\"},\"inLanguage\":\"pt-BR\",\"potentialAction\":[{\"@type\":\"ReadAction\",\"target\":[\"https:\/\/www.gaveanews.com\/index.php\/2022\/08\/20\/luto-atriz-da-rede-globo-falece-neste-sabado-e-flamengo-emite-nota-de-pesar\/\"]}]},{\"@type\":\"ImageObject\",\"inLanguage\":\"pt-BR\",\"@id\":\"https:\/\/www.gaveanews.com\/index.php\/2022\/08\/20\/luto-atriz-da-rede-globo-falece-neste-sabado-e-flamengo-emite-nota-de-pesar\/#primaryimage\",\"url\":\"https:\/\/www.gaveanews.com\/wp-content\/uploads\/luto-o-que-e.webp\",\"contentUrl\":\"https:\/\/www.gaveanews.com\/wp-content\/uploads\/luto-o-que-e.webp\",\"width\":640,\"height\":424},{\"@type\":\"BreadcrumbList\",\"@id\":\"https:\/\/www.gaveanews.com\/index.php\/2022\/08\/20\/luto-atriz-da-rede-globo-falece-neste-sabado-e-flamengo-emite-nota-de-pesar\/#breadcrumb\",\"itemListElement\":[{\"@type\":\"ListItem\",\"position\":1,\"name\":\"Home\",\"item\":\"https:\/\/www.gaveanews.com\/\"},{\"@type\":\"ListItem\",\"position\":2,\"name\":\"Luto: Atriz da Rede Globo falece neste s\u00e1bado e Flamengo emite nota de pesar\"}]},{\"@type\":\"WebSite\",\"@id\":\"https:\/\/www.gaveanews.com\/#website\",\"url\":\"https:\/\/www.gaveanews.com\/\",\"name\":\"G\u00e1vea News\",\"description\":\"Veja todas as not\u00edcias sobre o Flamengo: Contrata\u00e7\u00f5es, categorias de base, resultados das partidas, tabela de classifica\u00e7\u00e3o, pr\u00f3ximos jogos!\",\"potentialAction\":[{\"@type\":\"SearchAction\",\"target\":{\"@type\":\"EntryPoint\",\"urlTemplate\":\"https:\/\/www.gaveanews.com\/?s={search_term_string}\"},\"query-input\":{\"@type\":\"PropertyValueSpecification\",\"valueRequired\":true,\"valueName\":\"search_term_string\"}}],\"inLanguage\":\"pt-BR\"},{\"@type\":\"Person\",\"@id\":\"https:\/\/www.gaveanews.com\/#\/schema\/person\/2ec14f73fb96be2caf28f91afb14749d\",\"name\":\"Equipe G\u00e1vea News\",\"image\":{\"@type\":\"ImageObject\",\"inLanguage\":\"pt-BR\",\"@id\":\"https:\/\/www.gaveanews.com\/#\/schema\/person\/image\/\",\"url\":\"https:\/\/secure.gravatar.com\/avatar\/1e1956f1facbffd3f8fa53a326721950116b3b9dc9bd44939c01180fd4a745a9?s=96&d=mm&r=g\",\"contentUrl\":\"https:\/\/secure.gravatar.com\/avatar\/1e1956f1facbffd3f8fa53a326721950116b3b9dc9bd44939c01180fd4a745a9?s=96&d=mm&r=g\",\"caption\":\"Equipe G\u00e1vea News\"}}]}<\/script>\n<!-- \/ Yoast SEO Premium plugin. -->","yoast_head_json":{"title":"Luto: Atriz da Rede Globo falece neste s\u00e1bado e Flamengo emite nota de pesar","description":"Atrav\u00e9s de seu perfil oficial no Twitter, o Flamengo fez quest\u00e3o de se manifestar. Confira a nota publicada pelo rubro-negro.","robots":{"index":"index","follow":"follow","max-snippet":"max-snippet:-1","max-image-preview":"max-image-preview:large","max-video-preview":"max-video-preview:-1"},"canonical":"https:\/\/www.gaveanews.com\/index.php\/2022\/08\/20\/luto-atriz-da-rede-globo-falece-neste-sabado-e-flamengo-emite-nota-de-pesar\/","og_locale":"pt_BR","og_type":"article","og_title":"Luto: Atriz da Rede Globo falece neste s\u00e1bado e Flamengo emite nota de pesar","og_description":"Atrav\u00e9s de seu perfil oficial no Twitter, o Flamengo fez quest\u00e3o de se manifestar. Confira a nota publicada pelo rubro-negro.","og_url":"https:\/\/www.gaveanews.com\/index.php\/2022\/08\/20\/luto-atriz-da-rede-globo-falece-neste-sabado-e-flamengo-emite-nota-de-pesar\/","og_site_name":"G\u00e1vea News","article_publisher":"https:\/\/facebook.com\/gaveaNews\/","article_published_time":"2022-08-20T17:09:56+00:00","article_modified_time":"2022-08-20T17:10:02+00:00","og_image":[{"width":640,"height":424,"url":"https:\/\/www.gaveanews.com\/wp-content\/uploads\/luto-o-que-e.webp","type":"image\/jpeg"}],"author":"Equipe G\u00e1vea News","twitter_card":"summary_large_image","twitter_misc":{"Escrito por":"Equipe G\u00e1vea News","Est. tempo de leitura":"5 minutos"},"schema":{"@context":"https:\/\/schema.org","@graph":[{"@type":"NewsArticle","@id":"https:\/\/www.gaveanews.com\/index.php\/2022\/08\/20\/luto-atriz-da-rede-globo-falece-neste-sabado-e-flamengo-emite-nota-de-pesar\/#article","isPartOf":{"@id":"https:\/\/www.gaveanews.com\/index.php\/2022\/08\/20\/luto-atriz-da-rede-globo-falece-neste-sabado-e-flamengo-emite-nota-de-pesar\/"},"author":{"name":"Equipe G\u00e1vea News","@id":"https:\/\/www.gaveanews.com\/#\/schema\/person\/2ec14f73fb96be2caf28f91afb14749d"},"headline":"Luto: Atriz da Rede Globo falece neste s\u00e1bado e Flamengo emite nota de pesar","datePublished":"2022-08-20T17:09:56+00:00","dateModified":"2022-08-20T17:10:02+00:00","mainEntityOfPage":{"@id":"https:\/\/www.gaveanews.com\/index.php\/2022\/08\/20\/luto-atriz-da-rede-globo-falece-neste-sabado-e-flamengo-emite-nota-de-pesar\/"},"wordCount":812,"commentCount":0,"image":{"@id":"https:\/\/www.gaveanews.com\/index.php\/2022\/08\/20\/luto-atriz-da-rede-globo-falece-neste-sabado-e-flamengo-emite-nota-de-pesar\/#primaryimage"},"thumbnailUrl":"https:\/\/www.gaveanews.com\/wp-content\/uploads\/luto-o-que-e.webp","articleSection":["Flamengo"],"inLanguage":"pt-BR","potentialAction":[{"@type":"CommentAction","name":"Comment","target":["https:\/\/www.gaveanews.com\/index.php\/2022\/08\/20\/luto-atriz-da-rede-globo-falece-neste-sabado-e-flamengo-emite-nota-de-pesar\/#respond"]}],"copyrightYear":"2022","copyrightHolder":{"@id":"https:\/\/www.gaveanews.com\/#organization"}},{"@type":"WebPage","@id":"https:\/\/www.gaveanews.com\/index.php\/2022\/08\/20\/luto-atriz-da-rede-globo-falece-neste-sabado-e-flamengo-emite-nota-de-pesar\/","url":"https:\/\/www.gaveanews.com\/index.php\/2022\/08\/20\/luto-atriz-da-rede-globo-falece-neste-sabado-e-flamengo-emite-nota-de-pesar\/","name":"Luto: Atriz da Rede Globo falece neste s\u00e1bado e Flamengo emite nota de pesar","isPartOf":{"@id":"https:\/\/www.gaveanews.com\/#website"},"primaryImageOfPage":{"@id":"https:\/\/www.gaveanews.com\/index.php\/2022\/08\/20\/luto-atriz-da-rede-globo-falece-neste-sabado-e-flamengo-emite-nota-de-pesar\/#primaryimage"},"image":{"@id":"https:\/\/www.gaveanews.com\/index.php\/2022\/08\/20\/luto-atriz-da-rede-globo-falece-neste-sabado-e-flamengo-emite-nota-de-pesar\/#primaryimage"},"thumbnailUrl":"https:\/\/www.gaveanews.com\/wp-content\/uploads\/luto-o-que-e.webp","datePublished":"2022-08-20T17:09:56+00:00","dateModified":"2022-08-20T17:10:02+00:00","author":{"@id":"https:\/\/www.gaveanews.com\/#\/schema\/person\/2ec14f73fb96be2caf28f91afb14749d"},"description":"Atrav\u00e9s de seu perfil oficial no Twitter, o Flamengo fez quest\u00e3o de se manifestar. Confira a nota publicada pelo rubro-negro.","breadcrumb":{"@id":"https:\/\/www.gaveanews.com\/index.php\/2022\/08\/20\/luto-atriz-da-rede-globo-falece-neste-sabado-e-flamengo-emite-nota-de-pesar\/#breadcrumb"},"inLanguage":"pt-BR","potentialAction":[{"@type":"ReadAction","target":["https:\/\/www.gaveanews.com\/index.php\/2022\/08\/20\/luto-atriz-da-rede-globo-falece-neste-sabado-e-flamengo-emite-nota-de-pesar\/"]}]},{"@type":"ImageObject","inLanguage":"pt-BR","@id":"https:\/\/www.gaveanews.com\/index.php\/2022\/08\/20\/luto-atriz-da-rede-globo-falece-neste-sabado-e-flamengo-emite-nota-de-pesar\/#primaryimage","url":"https:\/\/www.gaveanews.com\/wp-content\/uploads\/luto-o-que-e.webp","contentUrl":"https:\/\/www.gaveanews.com\/wp-content\/uploads\/luto-o-que-e.webp","width":640,"height":424},{"@type":"BreadcrumbList","@id":"https:\/\/www.gaveanews.com\/index.php\/2022\/08\/20\/luto-atriz-da-rede-globo-falece-neste-sabado-e-flamengo-emite-nota-de-pesar\/#breadcrumb","itemListElement":[{"@type":"ListItem","position":1,"name":"Home","item":"https:\/\/www.gaveanews.com\/"},{"@type":"ListItem","position":2,"name":"Luto: Atriz da Rede Globo falece neste s\u00e1bado e Flamengo emite nota de pesar"}]},{"@type":"WebSite","@id":"https:\/\/www.gaveanews.com\/#website","url":"https:\/\/www.gaveanews.com\/","name":"G\u00e1vea News","description":"Veja todas as not\u00edcias sobre o Flamengo: Contrata\u00e7\u00f5es, categorias de base, resultados das partidas, tabela de classifica\u00e7\u00e3o, pr\u00f3ximos jogos!","potentialAction":[{"@type":"SearchAction","target":{"@type":"EntryPoint","urlTemplate":"https:\/\/www.gaveanews.com\/?s={search_term_string}"},"query-input":{"@type":"PropertyValueSpecification","valueRequired":true,"valueName":"search_term_string"}}],"inLanguage":"pt-BR"},{"@type":"Person","@id":"https:\/\/www.gaveanews.com\/#\/schema\/person\/2ec14f73fb96be2caf28f91afb14749d","name":"Equipe G\u00e1vea News","image":{"@type":"ImageObject","inLanguage":"pt-BR","@id":"https:\/\/www.gaveanews.com\/#\/schema\/person\/image\/","url":"https:\/\/secure.gravatar.com\/avatar\/1e1956f1facbffd3f8fa53a326721950116b3b9dc9bd44939c01180fd4a745a9?s=96&d=mm&r=g","contentUrl":"https:\/\/secure.gravatar.com\/avatar\/1e1956f1facbffd3f8fa53a326721950116b3b9dc9bd44939c01180fd4a745a9?s=96&d=mm&r=g","caption":"Equipe G\u00e1vea News"}}]}},"_links":{"self":[{"href":"https:\/\/www.gaveanews.com\/index.php\/wp-json\/wp\/v2\/posts\/86126","targetHints":{"allow":["GET"]}}],"collection":[{"href":"https:\/\/www.gaveanews.com\/index.php\/wp-json\/wp\/v2\/posts"}],"about":[{"href":"https:\/\/www.gaveanews.com\/index.php\/wp-json\/wp\/v2\/types\/post"}],"author":[{"embeddable":true,"href":"https:\/\/www.gaveanews.com\/index.php\/wp-json\/wp\/v2\/users\/1"}],"replies":[{"embeddable":true,"href":"https:\/\/www.gaveanews.com\/index.php\/wp-json\/wp\/v2\/comments?post=86126"}],"version-history":[{"count":0,"href":"https:\/\/www.gaveanews.com\/index.php\/wp-json\/wp\/v2\/posts\/86126\/revisions"}],"wp:featuredmedia":[{"embeddable":true,"href":"https:\/\/www.gaveanews.com\/index.php\/wp-json\/wp\/v2\/media\/31951"}],"wp:attachment":[{"href":"https:\/\/www.gaveanews.com\/index.php\/wp-json\/wp\/v2\/media?parent=86126"}],"wp:term":[{"taxonomy":"category","embeddable":true,"href":"https:\/\/www.gaveanews.com\/index.php\/wp-json\/wp\/v2\/categories?post=86126"},{"taxonomy":"post_tag","embeddable":true,"href":"https:\/\/www.gaveanews.com\/index.php\/wp-json\/wp\/v2\/tags?post=86126"}],"curies":[{"name":"wp","href":"https:\/\/api.w.org\/{rel}","templated":true}]}}