{"id":86144,"date":"2022-08-20T23:59:29","date_gmt":"2022-08-21T02:59:29","guid":{"rendered":"https:\/\/www.gaveanews.com\/?p=86144"},"modified":"2022-08-20T23:59:31","modified_gmt":"2022-08-21T02:59:31","slug":"flamengo-nao-e-derrotado-pelo-palmeiras-no-allianz-parque-desde-2017","status":"publish","type":"post","link":"https:\/\/www.gaveanews.com\/index.php\/2022\/08\/20\/flamengo-nao-e-derrotado-pelo-palmeiras-no-allianz-parque-desde-2017\/","title":{"rendered":"Flamengo n\u00e3o \u00e9 derrotado pelo Palmeiras no Allianz Parque desde 2017"},"content":{"rendered":"\n<p>Em sua melhor fase na temporada, o Flamengo se prepara para enfrentar o Palmeiras, neste domingo, no Allianz Parque, pela vig\u00e9sima terceira rodada do Campeonato Brasileiro. O duelo re\u00fane os dois primeiros colocados da tabela e, inclusive, pode influenciar nos rumos da competi\u00e7\u00e3o. Al\u00e9m de disputar os tr\u00eas pontos, o Rubro-Negro entra em campo defendendo uma longa invencibilidade de cinco anos em dom\u00ednios alviverdes.<\/p>\n\n\n\n<p>A \u00faltima vez em que o Fla saiu derrotado atuando em S\u00e3o Paulo foi no segundo turno de 2017, no dia 12 de novembro daquele ano. Na ocasi\u00e3o, o Verd\u00e3o levou a melhor e bateu o clube carioca por 2 a 0 com dois gols de Deyverson. Depois disso, os dois times se enfrentaram no Allianz em outras quatro oportunidades: 2 vit\u00f3rias rubro-negras e dois empates.<\/p>\n\n\n\n<p><strong>Veja o retrospecto abaixo:<\/strong><\/p>\n\n\n\n<ul class=\"wp-block-list\"><li>2017 \u2013 Palmeiras 2\u00d70 Flamengo<\/li><li>2018 \u2013 Palmeiras 1\u00d71 Flamengo<\/li><li>2019 \u2013 Palmeiras 1\u00d73 Flamengo<\/li><li>2020 \u2013 Palmeiras 1\u00d71 Flamengo<\/li><li>2021 \u2013 Palmeiras 1\u00d73 Flamengo<\/li><\/ul>\n\n\n\n<p>Fazendo um recorte geral, nos \u00faltimos 10 encontros, o Rubro-Negro tamb\u00e9m possui retrospecto favor\u00e1vel, com cinco vit\u00f3rias, quatro empates e apenas uma derrota, al\u00e9m de 17 gols marcados e oito sofridos. Como dito anteriormente, caso consiga manter o aproveitamento e vencer o Palmeiras, atual l\u00edder, o clube carioca encurtar\u00e1 a vantagem e manter\u00e1 a chama acesa pelo Brasileir\u00e3o.<\/p>\n\n\n\n<p>Apesar da import\u00e2ncia do confronto, o t\u00e9cnico Dorival J\u00fanior ainda n\u00e3o definiu o time que vai a campo neste domingo. Em fun\u00e7\u00e3o do primeiro duelo da Copa do Brasil, contra o S\u00e3o Paulo, ser no meio da pr\u00f3xima semana, pode ser que o comandante opte por um time misto. A bola rola \u00e0s 16h (de Bras\u00edlia), no Allianz Parque.<\/p>\n\n\n\n<p>Retirado de: UOL<\/p>\n","protected":false},"excerpt":{"rendered":"<p>Em sua melhor fase na temporada, o Flamengo se prepara para enfrentar o Palmeiras, neste domingo, no Allianz Parque, pela vig\u00e9sima terceira rodada do Campeonato Brasileiro. O duelo re\u00fane os dois primeiros colocados da tabela e, inclusive, pode influenciar nos rumos da competi\u00e7\u00e3o. Al\u00e9m de disputar os tr\u00eas pontos, o Rubro-Negro entra em campo defendendo [&hellip;]<\/p>\n","protected":false},"author":1,"featured_media":67947,"comment_status":"open","ping_status":"closed","sticky":false,"template":"","format":"standard","meta":{"footnotes":""},"categories":[1],"tags":[],"class_list":["post-86144","post","type-post","status-publish","format-standard","has-post-thumbnail","hentry","category-flamengo"],"yoast_head":"<!-- This site is optimized with the Yoast SEO Premium plugin v24.2 (Yoast SEO v26.9) - https:\/\/yoast.com\/product\/yoast-seo-premium-wordpress\/ -->\n<title>Flamengo n\u00e3o \u00e9 derrotado pelo Palmeiras no Allianz Parque desde 2017<\/title>\n<meta name=\"robots\" content=\"index, follow, max-snippet:-1, max-image-preview:large, max-video-preview:-1\" \/>\n<link rel=\"canonical\" href=\"https:\/\/www.gaveanews.com\/index.php\/2022\/08\/20\/flamengo-nao-e-derrotado-pelo-palmeiras-no-allianz-parque-desde-2017\/\" \/>\n<meta property=\"og:locale\" content=\"pt_BR\" \/>\n<meta property=\"og:type\" content=\"article\" \/>\n<meta property=\"og:title\" content=\"Flamengo n\u00e3o \u00e9 derrotado pelo Palmeiras no Allianz Parque desde 2017\" \/>\n<meta property=\"og:description\" content=\"Em sua melhor fase na temporada, o Flamengo se prepara para enfrentar o Palmeiras, neste domingo, no Allianz Parque, pela vig\u00e9sima terceira rodada do Campeonato Brasileiro. O duelo re\u00fane os dois primeiros colocados da tabela e, inclusive, pode influenciar nos rumos da competi\u00e7\u00e3o. Al\u00e9m de disputar os tr\u00eas pontos, o Rubro-Negro entra em campo defendendo [&hellip;]\" \/>\n<meta property=\"og:url\" content=\"https:\/\/www.gaveanews.com\/index.php\/2022\/08\/20\/flamengo-nao-e-derrotado-pelo-palmeiras-no-allianz-parque-desde-2017\/\" \/>\n<meta property=\"og:site_name\" content=\"G\u00e1vea News\" \/>\n<meta property=\"article:publisher\" content=\"https:\/\/facebook.com\/gaveaNews\/\" \/>\n<meta property=\"article:published_time\" content=\"2022-08-21T02:59:29+00:00\" \/>\n<meta property=\"article:modified_time\" content=\"2022-08-21T02:59:31+00:00\" \/>\n<meta property=\"og:image\" content=\"https:\/\/www.gaveanews.com\/wp-content\/uploads\/Pedro-comemora-gol-marcado-pelo-Flamengo-contra-o-Palmeiras-no-Campeonato-Brasileiro-2021.webp\" \/>\n\t<meta property=\"og:image:width\" content=\"799\" \/>\n\t<meta property=\"og:image:height\" content=\"532\" \/>\n\t<meta property=\"og:image:type\" content=\"image\/jpeg\" \/>\n<meta name=\"author\" content=\"Equipe G\u00e1vea News\" \/>\n<meta name=\"twitter:card\" content=\"summary_large_image\" \/>\n<meta name=\"twitter:label1\" content=\"Escrito por\" \/>\n\t<meta name=\"twitter:data1\" content=\"Equipe G\u00e1vea News\" \/>\n\t<meta name=\"twitter:label2\" content=\"Est. tempo de leitura\" \/>\n\t<meta name=\"twitter:data2\" content=\"2 minutos\" \/>\n<script type=\"application\/ld+json\" class=\"yoast-schema-graph\">{\"@context\":\"https:\/\/schema.org\",\"@graph\":[{\"@type\":\"NewsArticle\",\"@id\":\"https:\/\/www.gaveanews.com\/index.php\/2022\/08\/20\/flamengo-nao-e-derrotado-pelo-palmeiras-no-allianz-parque-desde-2017\/#article\",\"isPartOf\":{\"@id\":\"https:\/\/www.gaveanews.com\/index.php\/2022\/08\/20\/flamengo-nao-e-derrotado-pelo-palmeiras-no-allianz-parque-desde-2017\/\"},\"author\":{\"name\":\"Equipe G\u00e1vea News\",\"@id\":\"https:\/\/www.gaveanews.com\/#\/schema\/person\/2ec14f73fb96be2caf28f91afb14749d\"},\"headline\":\"Flamengo n\u00e3o \u00e9 derrotado pelo Palmeiras no Allianz Parque desde 2017\",\"datePublished\":\"2022-08-21T02:59:29+00:00\",\"dateModified\":\"2022-08-21T02:59:31+00:00\",\"mainEntityOfPage\":{\"@id\":\"https:\/\/www.gaveanews.com\/index.php\/2022\/08\/20\/flamengo-nao-e-derrotado-pelo-palmeiras-no-allianz-parque-desde-2017\/\"},\"wordCount\":291,\"commentCount\":0,\"image\":{\"@id\":\"https:\/\/www.gaveanews.com\/index.php\/2022\/08\/20\/flamengo-nao-e-derrotado-pelo-palmeiras-no-allianz-parque-desde-2017\/#primaryimage\"},\"thumbnailUrl\":\"https:\/\/www.gaveanews.com\/wp-content\/uploads\/Pedro-comemora-gol-marcado-pelo-Flamengo-contra-o-Palmeiras-no-Campeonato-Brasileiro-2021.webp\",\"articleSection\":[\"Flamengo\"],\"inLanguage\":\"pt-BR\",\"potentialAction\":[{\"@type\":\"CommentAction\",\"name\":\"Comment\",\"target\":[\"https:\/\/www.gaveanews.com\/index.php\/2022\/08\/20\/flamengo-nao-e-derrotado-pelo-palmeiras-no-allianz-parque-desde-2017\/#respond\"]}],\"copyrightYear\":\"2022\",\"copyrightHolder\":{\"@id\":\"https:\/\/www.gaveanews.com\/#organization\"}},{\"@type\":\"WebPage\",\"@id\":\"https:\/\/www.gaveanews.com\/index.php\/2022\/08\/20\/flamengo-nao-e-derrotado-pelo-palmeiras-no-allianz-parque-desde-2017\/\",\"url\":\"https:\/\/www.gaveanews.com\/index.php\/2022\/08\/20\/flamengo-nao-e-derrotado-pelo-palmeiras-no-allianz-parque-desde-2017\/\",\"name\":\"Flamengo n\u00e3o \u00e9 derrotado pelo Palmeiras no Allianz Parque desde 2017\",\"isPartOf\":{\"@id\":\"https:\/\/www.gaveanews.com\/#website\"},\"primaryImageOfPage\":{\"@id\":\"https:\/\/www.gaveanews.com\/index.php\/2022\/08\/20\/flamengo-nao-e-derrotado-pelo-palmeiras-no-allianz-parque-desde-2017\/#primaryimage\"},\"image\":{\"@id\":\"https:\/\/www.gaveanews.com\/index.php\/2022\/08\/20\/flamengo-nao-e-derrotado-pelo-palmeiras-no-allianz-parque-desde-2017\/#primaryimage\"},\"thumbnailUrl\":\"https:\/\/www.gaveanews.com\/wp-content\/uploads\/Pedro-comemora-gol-marcado-pelo-Flamengo-contra-o-Palmeiras-no-Campeonato-Brasileiro-2021.webp\",\"datePublished\":\"2022-08-21T02:59:29+00:00\",\"dateModified\":\"2022-08-21T02:59:31+00:00\",\"author\":{\"@id\":\"https:\/\/www.gaveanews.com\/#\/schema\/person\/2ec14f73fb96be2caf28f91afb14749d\"},\"breadcrumb\":{\"@id\":\"https:\/\/www.gaveanews.com\/index.php\/2022\/08\/20\/flamengo-nao-e-derrotado-pelo-palmeiras-no-allianz-parque-desde-2017\/#breadcrumb\"},\"inLanguage\":\"pt-BR\",\"potentialAction\":[{\"@type\":\"ReadAction\",\"target\":[\"https:\/\/www.gaveanews.com\/index.php\/2022\/08\/20\/flamengo-nao-e-derrotado-pelo-palmeiras-no-allianz-parque-desde-2017\/\"]}]},{\"@type\":\"ImageObject\",\"inLanguage\":\"pt-BR\",\"@id\":\"https:\/\/www.gaveanews.com\/index.php\/2022\/08\/20\/flamengo-nao-e-derrotado-pelo-palmeiras-no-allianz-parque-desde-2017\/#primaryimage\",\"url\":\"https:\/\/www.gaveanews.com\/wp-content\/uploads\/Pedro-comemora-gol-marcado-pelo-Flamengo-contra-o-Palmeiras-no-Campeonato-Brasileiro-2021.webp\",\"contentUrl\":\"https:\/\/www.gaveanews.com\/wp-content\/uploads\/Pedro-comemora-gol-marcado-pelo-Flamengo-contra-o-Palmeiras-no-Campeonato-Brasileiro-2021.webp\",\"width\":799,\"height\":532,\"caption\":\"Pedro comemora gol marcado pelo Flamengo contra o Palmeiras no Campeonato Brasileiro 2021 (Foto: Marcelo Cortes\/Flamengo)\"},{\"@type\":\"BreadcrumbList\",\"@id\":\"https:\/\/www.gaveanews.com\/index.php\/2022\/08\/20\/flamengo-nao-e-derrotado-pelo-palmeiras-no-allianz-parque-desde-2017\/#breadcrumb\",\"itemListElement\":[{\"@type\":\"ListItem\",\"position\":1,\"name\":\"Home\",\"item\":\"https:\/\/www.gaveanews.com\/\"},{\"@type\":\"ListItem\",\"position\":2,\"name\":\"Flamengo n\u00e3o \u00e9 derrotado pelo Palmeiras no Allianz Parque desde 2017\"}]},{\"@type\":\"WebSite\",\"@id\":\"https:\/\/www.gaveanews.com\/#website\",\"url\":\"https:\/\/www.gaveanews.com\/\",\"name\":\"G\u00e1vea News\",\"description\":\"Veja todas as not\u00edcias sobre o Flamengo: Contrata\u00e7\u00f5es, categorias de base, resultados das partidas, tabela de classifica\u00e7\u00e3o, pr\u00f3ximos jogos!\",\"potentialAction\":[{\"@type\":\"SearchAction\",\"target\":{\"@type\":\"EntryPoint\",\"urlTemplate\":\"https:\/\/www.gaveanews.com\/?s={search_term_string}\"},\"query-input\":{\"@type\":\"PropertyValueSpecification\",\"valueRequired\":true,\"valueName\":\"search_term_string\"}}],\"inLanguage\":\"pt-BR\"},{\"@type\":\"Person\",\"@id\":\"https:\/\/www.gaveanews.com\/#\/schema\/person\/2ec14f73fb96be2caf28f91afb14749d\",\"name\":\"Equipe G\u00e1vea News\",\"image\":{\"@type\":\"ImageObject\",\"inLanguage\":\"pt-BR\",\"@id\":\"https:\/\/www.gaveanews.com\/#\/schema\/person\/image\/\",\"url\":\"https:\/\/secure.gravatar.com\/avatar\/1e1956f1facbffd3f8fa53a326721950116b3b9dc9bd44939c01180fd4a745a9?s=96&d=mm&r=g\",\"contentUrl\":\"https:\/\/secure.gravatar.com\/avatar\/1e1956f1facbffd3f8fa53a326721950116b3b9dc9bd44939c01180fd4a745a9?s=96&d=mm&r=g\",\"caption\":\"Equipe G\u00e1vea News\"}}]}<\/script>\n<!-- \/ Yoast SEO Premium plugin. -->","yoast_head_json":{"title":"Flamengo n\u00e3o \u00e9 derrotado pelo Palmeiras no Allianz Parque desde 2017","robots":{"index":"index","follow":"follow","max-snippet":"max-snippet:-1","max-image-preview":"max-image-preview:large","max-video-preview":"max-video-preview:-1"},"canonical":"https:\/\/www.gaveanews.com\/index.php\/2022\/08\/20\/flamengo-nao-e-derrotado-pelo-palmeiras-no-allianz-parque-desde-2017\/","og_locale":"pt_BR","og_type":"article","og_title":"Flamengo n\u00e3o \u00e9 derrotado pelo Palmeiras no Allianz Parque desde 2017","og_description":"Em sua melhor fase na temporada, o Flamengo se prepara para enfrentar o Palmeiras, neste domingo, no Allianz Parque, pela vig\u00e9sima terceira rodada do Campeonato Brasileiro. O duelo re\u00fane os dois primeiros colocados da tabela e, inclusive, pode influenciar nos rumos da competi\u00e7\u00e3o. Al\u00e9m de disputar os tr\u00eas pontos, o Rubro-Negro entra em campo defendendo [&hellip;]","og_url":"https:\/\/www.gaveanews.com\/index.php\/2022\/08\/20\/flamengo-nao-e-derrotado-pelo-palmeiras-no-allianz-parque-desde-2017\/","og_site_name":"G\u00e1vea News","article_publisher":"https:\/\/facebook.com\/gaveaNews\/","article_published_time":"2022-08-21T02:59:29+00:00","article_modified_time":"2022-08-21T02:59:31+00:00","og_image":[{"width":799,"height":532,"url":"https:\/\/www.gaveanews.com\/wp-content\/uploads\/Pedro-comemora-gol-marcado-pelo-Flamengo-contra-o-Palmeiras-no-Campeonato-Brasileiro-2021.webp","type":"image\/jpeg"}],"author":"Equipe G\u00e1vea News","twitter_card":"summary_large_image","twitter_misc":{"Escrito por":"Equipe G\u00e1vea News","Est. tempo de leitura":"2 minutos"},"schema":{"@context":"https:\/\/schema.org","@graph":[{"@type":"NewsArticle","@id":"https:\/\/www.gaveanews.com\/index.php\/2022\/08\/20\/flamengo-nao-e-derrotado-pelo-palmeiras-no-allianz-parque-desde-2017\/#article","isPartOf":{"@id":"https:\/\/www.gaveanews.com\/index.php\/2022\/08\/20\/flamengo-nao-e-derrotado-pelo-palmeiras-no-allianz-parque-desde-2017\/"},"author":{"name":"Equipe G\u00e1vea News","@id":"https:\/\/www.gaveanews.com\/#\/schema\/person\/2ec14f73fb96be2caf28f91afb14749d"},"headline":"Flamengo n\u00e3o \u00e9 derrotado pelo Palmeiras no Allianz Parque desde 2017","datePublished":"2022-08-21T02:59:29+00:00","dateModified":"2022-08-21T02:59:31+00:00","mainEntityOfPage":{"@id":"https:\/\/www.gaveanews.com\/index.php\/2022\/08\/20\/flamengo-nao-e-derrotado-pelo-palmeiras-no-allianz-parque-desde-2017\/"},"wordCount":291,"commentCount":0,"image":{"@id":"https:\/\/www.gaveanews.com\/index.php\/2022\/08\/20\/flamengo-nao-e-derrotado-pelo-palmeiras-no-allianz-parque-desde-2017\/#primaryimage"},"thumbnailUrl":"https:\/\/www.gaveanews.com\/wp-content\/uploads\/Pedro-comemora-gol-marcado-pelo-Flamengo-contra-o-Palmeiras-no-Campeonato-Brasileiro-2021.webp","articleSection":["Flamengo"],"inLanguage":"pt-BR","potentialAction":[{"@type":"CommentAction","name":"Comment","target":["https:\/\/www.gaveanews.com\/index.php\/2022\/08\/20\/flamengo-nao-e-derrotado-pelo-palmeiras-no-allianz-parque-desde-2017\/#respond"]}],"copyrightYear":"2022","copyrightHolder":{"@id":"https:\/\/www.gaveanews.com\/#organization"}},{"@type":"WebPage","@id":"https:\/\/www.gaveanews.com\/index.php\/2022\/08\/20\/flamengo-nao-e-derrotado-pelo-palmeiras-no-allianz-parque-desde-2017\/","url":"https:\/\/www.gaveanews.com\/index.php\/2022\/08\/20\/flamengo-nao-e-derrotado-pelo-palmeiras-no-allianz-parque-desde-2017\/","name":"Flamengo n\u00e3o \u00e9 derrotado pelo Palmeiras no Allianz Parque desde 2017","isPartOf":{"@id":"https:\/\/www.gaveanews.com\/#website"},"primaryImageOfPage":{"@id":"https:\/\/www.gaveanews.com\/index.php\/2022\/08\/20\/flamengo-nao-e-derrotado-pelo-palmeiras-no-allianz-parque-desde-2017\/#primaryimage"},"image":{"@id":"https:\/\/www.gaveanews.com\/index.php\/2022\/08\/20\/flamengo-nao-e-derrotado-pelo-palmeiras-no-allianz-parque-desde-2017\/#primaryimage"},"thumbnailUrl":"https:\/\/www.gaveanews.com\/wp-content\/uploads\/Pedro-comemora-gol-marcado-pelo-Flamengo-contra-o-Palmeiras-no-Campeonato-Brasileiro-2021.webp","datePublished":"2022-08-21T02:59:29+00:00","dateModified":"2022-08-21T02:59:31+00:00","author":{"@id":"https:\/\/www.gaveanews.com\/#\/schema\/person\/2ec14f73fb96be2caf28f91afb14749d"},"breadcrumb":{"@id":"https:\/\/www.gaveanews.com\/index.php\/2022\/08\/20\/flamengo-nao-e-derrotado-pelo-palmeiras-no-allianz-parque-desde-2017\/#breadcrumb"},"inLanguage":"pt-BR","potentialAction":[{"@type":"ReadAction","target":["https:\/\/www.gaveanews.com\/index.php\/2022\/08\/20\/flamengo-nao-e-derrotado-pelo-palmeiras-no-allianz-parque-desde-2017\/"]}]},{"@type":"ImageObject","inLanguage":"pt-BR","@id":"https:\/\/www.gaveanews.com\/index.php\/2022\/08\/20\/flamengo-nao-e-derrotado-pelo-palmeiras-no-allianz-parque-desde-2017\/#primaryimage","url":"https:\/\/www.gaveanews.com\/wp-content\/uploads\/Pedro-comemora-gol-marcado-pelo-Flamengo-contra-o-Palmeiras-no-Campeonato-Brasileiro-2021.webp","contentUrl":"https:\/\/www.gaveanews.com\/wp-content\/uploads\/Pedro-comemora-gol-marcado-pelo-Flamengo-contra-o-Palmeiras-no-Campeonato-Brasileiro-2021.webp","width":799,"height":532,"caption":"Pedro comemora gol marcado pelo Flamengo contra o Palmeiras no Campeonato Brasileiro 2021 (Foto: Marcelo Cortes\/Flamengo)"},{"@type":"BreadcrumbList","@id":"https:\/\/www.gaveanews.com\/index.php\/2022\/08\/20\/flamengo-nao-e-derrotado-pelo-palmeiras-no-allianz-parque-desde-2017\/#breadcrumb","itemListElement":[{"@type":"ListItem","position":1,"name":"Home","item":"https:\/\/www.gaveanews.com\/"},{"@type":"ListItem","position":2,"name":"Flamengo n\u00e3o \u00e9 derrotado pelo Palmeiras no Allianz Parque desde 2017"}]},{"@type":"WebSite","@id":"https:\/\/www.gaveanews.com\/#website","url":"https:\/\/www.gaveanews.com\/","name":"G\u00e1vea News","description":"Veja todas as not\u00edcias sobre o Flamengo: Contrata\u00e7\u00f5es, categorias de base, resultados das partidas, tabela de classifica\u00e7\u00e3o, pr\u00f3ximos jogos!","potentialAction":[{"@type":"SearchAction","target":{"@type":"EntryPoint","urlTemplate":"https:\/\/www.gaveanews.com\/?s={search_term_string}"},"query-input":{"@type":"PropertyValueSpecification","valueRequired":true,"valueName":"search_term_string"}}],"inLanguage":"pt-BR"},{"@type":"Person","@id":"https:\/\/www.gaveanews.com\/#\/schema\/person\/2ec14f73fb96be2caf28f91afb14749d","name":"Equipe G\u00e1vea News","image":{"@type":"ImageObject","inLanguage":"pt-BR","@id":"https:\/\/www.gaveanews.com\/#\/schema\/person\/image\/","url":"https:\/\/secure.gravatar.com\/avatar\/1e1956f1facbffd3f8fa53a326721950116b3b9dc9bd44939c01180fd4a745a9?s=96&d=mm&r=g","contentUrl":"https:\/\/secure.gravatar.com\/avatar\/1e1956f1facbffd3f8fa53a326721950116b3b9dc9bd44939c01180fd4a745a9?s=96&d=mm&r=g","caption":"Equipe G\u00e1vea News"}}]}},"_links":{"self":[{"href":"https:\/\/www.gaveanews.com\/index.php\/wp-json\/wp\/v2\/posts\/86144","targetHints":{"allow":["GET"]}}],"collection":[{"href":"https:\/\/www.gaveanews.com\/index.php\/wp-json\/wp\/v2\/posts"}],"about":[{"href":"https:\/\/www.gaveanews.com\/index.php\/wp-json\/wp\/v2\/types\/post"}],"author":[{"embeddable":true,"href":"https:\/\/www.gaveanews.com\/index.php\/wp-json\/wp\/v2\/users\/1"}],"replies":[{"embeddable":true,"href":"https:\/\/www.gaveanews.com\/index.php\/wp-json\/wp\/v2\/comments?post=86144"}],"version-history":[{"count":0,"href":"https:\/\/www.gaveanews.com\/index.php\/wp-json\/wp\/v2\/posts\/86144\/revisions"}],"wp:featuredmedia":[{"embeddable":true,"href":"https:\/\/www.gaveanews.com\/index.php\/wp-json\/wp\/v2\/media\/67947"}],"wp:attachment":[{"href":"https:\/\/www.gaveanews.com\/index.php\/wp-json\/wp\/v2\/media?parent=86144"}],"wp:term":[{"taxonomy":"category","embeddable":true,"href":"https:\/\/www.gaveanews.com\/index.php\/wp-json\/wp\/v2\/categories?post=86144"},{"taxonomy":"post_tag","embeddable":true,"href":"https:\/\/www.gaveanews.com\/index.php\/wp-json\/wp\/v2\/tags?post=86144"}],"curies":[{"name":"wp","href":"https:\/\/api.w.org\/{rel}","templated":true}]}}