{"id":86146,"date":"2022-08-21T00:41:19","date_gmt":"2022-08-21T03:41:19","guid":{"rendered":"https:\/\/www.gaveanews.com\/?p=86146"},"modified":"2022-08-21T00:41:22","modified_gmt":"2022-08-21T03:41:22","slug":"marcos-braz-admite-problema-interno-no-flamengo-atrapalha","status":"publish","type":"post","link":"https:\/\/www.gaveanews.com\/index.php\/2022\/08\/21\/marcos-braz-admite-problema-interno-no-flamengo-atrapalha\/","title":{"rendered":"Marcos Braz admite problema interno no Flamengo: \u201cAtrapalha\u201d"},"content":{"rendered":"\n<p>Em entrevista ao canal \u2018Flazoeiro TV\u2019, Marcos Braz n\u00e3o correu de nenhuma pergunta e falou sobre muitos assuntos do dia a dia do Flamengo. Em determinado momento do bate-papo, d\u00favidas levantadas pelos internautas. Uma delas a respeito do vazamento das escala\u00e7\u00f5es, fato que tem gerado muita irrita\u00e7\u00e3o por parte dos torcedores.<\/p>\n\n\n\n<p>Braz admite ser um problema que incomoda e muito, mas que n\u00e3o \u00e9 simples de evitar. Segundo ele, o clube procura tomar medidas internas que possam combater, mas n\u00e3o \u00e9 tarefa f\u00e1cil.<\/p>\n\n\n\n<p>H\u00e1 algumas semanas, torcedores do Flamengo pediam nas redes sociais para que alguns setoristas n\u00e3o divulgassem a pr\u00e9via da escala\u00e7\u00e3o, o que facilitaria a vida da equipe advers\u00e1ria.<\/p>\n\n\n\n<p><em>\u2014 N\u00e3o tenha d\u00favida que isso atrapalha. N\u00e3o \u00e9 o melhor dos mundos, mas a gente tenta tomar alguns cuidados. A gente tenta fazer com que a escala\u00e7\u00e3o n\u00e3o seja vazada, mas chega uma hora que\u2026mas eu n\u00e3o posso ser responsabilizado por isso, posso ser cobrado. Voc\u00ea tem ali uma s\u00e9rie de profissionais que trabalham no dia a dia, \u00e9 um assunto muito s\u00e9rio que n\u00e3o podemos fazer inala\u00e7\u00f5es de A, B ou C. N\u00e3o \u00e9 o melhor dos mundos, sempre causa desconforto. Acho que atrapalha<\/em>, disse Braz.<\/p>\n\n\n\n<p><em>\u2014 Atrapalha, mas s\u00e3o situa\u00e7\u00f5es que a gente tenta remediar, algumas vezes n\u00e3o funciona. Simples assim\u201d, completou o dirigente<\/em>, completa.<\/p>\n\n\n\n<h2 class=\"wp-block-heading\" id=\"h-palmeiras-x-flamengo\">Palmeiras x Flamengo<\/h2>\n\n\n\n<p>Pelo Brasileir\u00e3o, o rubro-negro tenta encurtar a dist\u00e2ncia sobre o Verd\u00e3o. Neste momento, s\u00e3o pontos de diferen\u00e7a. A escala\u00e7\u00e3o do Flamengo ainda \u00e9 um ponto de interroga\u00e7\u00e3o. Renato Maur\u00edcio Prado aposta numa equipe mista, uma vez que na semana seguinte acontece o jogo de ida da semifinal da Libertadores.<\/p>\n\n\n\n<p><em>\u2014 Provavelmente vai jogar o mistinho. Acho at\u00e9 que vai haver uma press\u00e3o por parte da torcida, talvez, at\u00e9 de alguns dirigentes para que escale o time titular ou pelo menos muitos dos titulares, pois de fato \u00e9 um jogo chave do campeonato. Se o Flamengo perde do Palmeiras e a diferen\u00e7a vai para 12 pontos, \u00e9 praticamente adeus. Se o Flamengo ganha, a diferen\u00e7a cai para seis. Come\u00e7a a ficar interessante, at\u00e9 porque o Palmeiras depois encara o Fluminense no Rio<\/em>, opinou Renato Maur\u00edcio Prado.<\/p>\n\n\n\n<p><em>\u2014 \u00c9 muito dif\u00edcil nesse momento eu saber o que fazer. Estou pensando em uma mudan\u00e7a, pela necessidade que n\u00f3s temos, mas nada definitivo. Teremos essa decis\u00e3o e na quarta outra decis\u00e3o. N\u00f3s n\u00e3o temos muito pra onde correr. Temos que tentar fazer uma avalia\u00e7\u00e3o r\u00e1pida. Eu ainda n\u00e3o tenho como adiantar nada. N\u00f3s temos que avaliar<\/em>, destacou.<\/p>\n\n\n\n<p>Retirado de: Torcedores<\/p>\n","protected":false},"excerpt":{"rendered":"<p>Em entrevista ao canal \u2018Flazoeiro TV\u2019, Marcos Braz n\u00e3o correu de nenhuma pergunta e falou sobre muitos assuntos do dia a dia do Flamengo. Em determinado momento do bate-papo, d\u00favidas levantadas pelos internautas. Uma delas a respeito do vazamento das escala\u00e7\u00f5es, fato que tem gerado muita irrita\u00e7\u00e3o por parte dos torcedores. Braz admite ser um [&hellip;]<\/p>\n","protected":false},"author":1,"featured_media":85774,"comment_status":"open","ping_status":"closed","sticky":false,"template":"","format":"standard","meta":{"footnotes":""},"categories":[47],"tags":[],"class_list":["post-86146","post","type-post","status-publish","format-standard","has-post-thumbnail","hentry","category-destaques"],"yoast_head":"<!-- This site is optimized with the Yoast SEO Premium plugin v24.2 (Yoast SEO v26.9) - https:\/\/yoast.com\/product\/yoast-seo-premium-wordpress\/ -->\n<title>Marcos Braz admite problema interno no Flamengo: \u201cAtrapalha\u201d<\/title>\n<meta name=\"robots\" content=\"index, follow, max-snippet:-1, max-image-preview:large, max-video-preview:-1\" \/>\n<link rel=\"canonical\" href=\"https:\/\/www.gaveanews.com\/index.php\/2022\/08\/21\/marcos-braz-admite-problema-interno-no-flamengo-atrapalha\/\" \/>\n<meta property=\"og:locale\" content=\"pt_BR\" \/>\n<meta property=\"og:type\" content=\"article\" \/>\n<meta property=\"og:title\" content=\"Marcos Braz admite problema interno no Flamengo: \u201cAtrapalha\u201d\" \/>\n<meta property=\"og:description\" content=\"Em entrevista ao canal \u2018Flazoeiro TV\u2019, Marcos Braz n\u00e3o correu de nenhuma pergunta e falou sobre muitos assuntos do dia a dia do Flamengo. Em determinado momento do bate-papo, d\u00favidas levantadas pelos internautas. Uma delas a respeito do vazamento das escala\u00e7\u00f5es, fato que tem gerado muita irrita\u00e7\u00e3o por parte dos torcedores. Braz admite ser um [&hellip;]\" \/>\n<meta property=\"og:url\" content=\"https:\/\/www.gaveanews.com\/index.php\/2022\/08\/21\/marcos-braz-admite-problema-interno-no-flamengo-atrapalha\/\" \/>\n<meta property=\"og:site_name\" content=\"G\u00e1vea News\" \/>\n<meta property=\"article:publisher\" content=\"https:\/\/facebook.com\/gaveaNews\/\" \/>\n<meta property=\"article:published_time\" content=\"2022-08-21T03:41:19+00:00\" \/>\n<meta property=\"article:modified_time\" content=\"2022-08-21T03:41:22+00:00\" \/>\n<meta property=\"og:image\" content=\"https:\/\/www.gaveanews.com\/wp-content\/uploads\/Marcos-Braz-em-jogo-do-Flamengo-no-Maracana.webp\" \/>\n\t<meta property=\"og:image:width\" content=\"799\" \/>\n\t<meta property=\"og:image:height\" content=\"533\" \/>\n\t<meta property=\"og:image:type\" content=\"image\/jpeg\" \/>\n<meta name=\"author\" content=\"Equipe G\u00e1vea News\" \/>\n<meta name=\"twitter:card\" content=\"summary_large_image\" \/>\n<meta name=\"twitter:label1\" content=\"Escrito por\" \/>\n\t<meta name=\"twitter:data1\" content=\"Equipe G\u00e1vea News\" \/>\n\t<meta name=\"twitter:label2\" content=\"Est. tempo de leitura\" \/>\n\t<meta name=\"twitter:data2\" content=\"3 minutos\" \/>\n<script type=\"application\/ld+json\" class=\"yoast-schema-graph\">{\"@context\":\"https:\/\/schema.org\",\"@graph\":[{\"@type\":\"NewsArticle\",\"@id\":\"https:\/\/www.gaveanews.com\/index.php\/2022\/08\/21\/marcos-braz-admite-problema-interno-no-flamengo-atrapalha\/#article\",\"isPartOf\":{\"@id\":\"https:\/\/www.gaveanews.com\/index.php\/2022\/08\/21\/marcos-braz-admite-problema-interno-no-flamengo-atrapalha\/\"},\"author\":{\"name\":\"Equipe G\u00e1vea News\",\"@id\":\"https:\/\/www.gaveanews.com\/#\/schema\/person\/2ec14f73fb96be2caf28f91afb14749d\"},\"headline\":\"Marcos Braz admite problema interno no Flamengo: \u201cAtrapalha\u201d\",\"datePublished\":\"2022-08-21T03:41:19+00:00\",\"dateModified\":\"2022-08-21T03:41:22+00:00\",\"mainEntityOfPage\":{\"@id\":\"https:\/\/www.gaveanews.com\/index.php\/2022\/08\/21\/marcos-braz-admite-problema-interno-no-flamengo-atrapalha\/\"},\"wordCount\":462,\"commentCount\":0,\"image\":{\"@id\":\"https:\/\/www.gaveanews.com\/index.php\/2022\/08\/21\/marcos-braz-admite-problema-interno-no-flamengo-atrapalha\/#primaryimage\"},\"thumbnailUrl\":\"https:\/\/www.gaveanews.com\/wp-content\/uploads\/Marcos-Braz-em-jogo-do-Flamengo-no-Maracana.webp\",\"articleSection\":[\"Destaques\"],\"inLanguage\":\"pt-BR\",\"potentialAction\":[{\"@type\":\"CommentAction\",\"name\":\"Comment\",\"target\":[\"https:\/\/www.gaveanews.com\/index.php\/2022\/08\/21\/marcos-braz-admite-problema-interno-no-flamengo-atrapalha\/#respond\"]}],\"copyrightYear\":\"2022\",\"copyrightHolder\":{\"@id\":\"https:\/\/www.gaveanews.com\/#organization\"}},{\"@type\":\"WebPage\",\"@id\":\"https:\/\/www.gaveanews.com\/index.php\/2022\/08\/21\/marcos-braz-admite-problema-interno-no-flamengo-atrapalha\/\",\"url\":\"https:\/\/www.gaveanews.com\/index.php\/2022\/08\/21\/marcos-braz-admite-problema-interno-no-flamengo-atrapalha\/\",\"name\":\"Marcos Braz admite problema interno no Flamengo: \u201cAtrapalha\u201d\",\"isPartOf\":{\"@id\":\"https:\/\/www.gaveanews.com\/#website\"},\"primaryImageOfPage\":{\"@id\":\"https:\/\/www.gaveanews.com\/index.php\/2022\/08\/21\/marcos-braz-admite-problema-interno-no-flamengo-atrapalha\/#primaryimage\"},\"image\":{\"@id\":\"https:\/\/www.gaveanews.com\/index.php\/2022\/08\/21\/marcos-braz-admite-problema-interno-no-flamengo-atrapalha\/#primaryimage\"},\"thumbnailUrl\":\"https:\/\/www.gaveanews.com\/wp-content\/uploads\/Marcos-Braz-em-jogo-do-Flamengo-no-Maracana.webp\",\"datePublished\":\"2022-08-21T03:41:19+00:00\",\"dateModified\":\"2022-08-21T03:41:22+00:00\",\"author\":{\"@id\":\"https:\/\/www.gaveanews.com\/#\/schema\/person\/2ec14f73fb96be2caf28f91afb14749d\"},\"breadcrumb\":{\"@id\":\"https:\/\/www.gaveanews.com\/index.php\/2022\/08\/21\/marcos-braz-admite-problema-interno-no-flamengo-atrapalha\/#breadcrumb\"},\"inLanguage\":\"pt-BR\",\"potentialAction\":[{\"@type\":\"ReadAction\",\"target\":[\"https:\/\/www.gaveanews.com\/index.php\/2022\/08\/21\/marcos-braz-admite-problema-interno-no-flamengo-atrapalha\/\"]}]},{\"@type\":\"ImageObject\",\"inLanguage\":\"pt-BR\",\"@id\":\"https:\/\/www.gaveanews.com\/index.php\/2022\/08\/21\/marcos-braz-admite-problema-interno-no-flamengo-atrapalha\/#primaryimage\",\"url\":\"https:\/\/www.gaveanews.com\/wp-content\/uploads\/Marcos-Braz-em-jogo-do-Flamengo-no-Maracana.webp\",\"contentUrl\":\"https:\/\/www.gaveanews.com\/wp-content\/uploads\/Marcos-Braz-em-jogo-do-Flamengo-no-Maracana.webp\",\"width\":799,\"height\":533,\"caption\":\"Marcos Braz e Fabinho em jogo do Flamengo no Maracan\u00e3 (Foto: Alexandre Vidal\/Flamengo)\"},{\"@type\":\"BreadcrumbList\",\"@id\":\"https:\/\/www.gaveanews.com\/index.php\/2022\/08\/21\/marcos-braz-admite-problema-interno-no-flamengo-atrapalha\/#breadcrumb\",\"itemListElement\":[{\"@type\":\"ListItem\",\"position\":1,\"name\":\"Home\",\"item\":\"https:\/\/www.gaveanews.com\/\"},{\"@type\":\"ListItem\",\"position\":2,\"name\":\"Marcos Braz admite problema interno no Flamengo: \u201cAtrapalha\u201d\"}]},{\"@type\":\"WebSite\",\"@id\":\"https:\/\/www.gaveanews.com\/#website\",\"url\":\"https:\/\/www.gaveanews.com\/\",\"name\":\"G\u00e1vea News\",\"description\":\"Veja todas as not\u00edcias sobre o Flamengo: Contrata\u00e7\u00f5es, categorias de base, resultados das partidas, tabela de classifica\u00e7\u00e3o, pr\u00f3ximos jogos!\",\"potentialAction\":[{\"@type\":\"SearchAction\",\"target\":{\"@type\":\"EntryPoint\",\"urlTemplate\":\"https:\/\/www.gaveanews.com\/?s={search_term_string}\"},\"query-input\":{\"@type\":\"PropertyValueSpecification\",\"valueRequired\":true,\"valueName\":\"search_term_string\"}}],\"inLanguage\":\"pt-BR\"},{\"@type\":\"Person\",\"@id\":\"https:\/\/www.gaveanews.com\/#\/schema\/person\/2ec14f73fb96be2caf28f91afb14749d\",\"name\":\"Equipe G\u00e1vea News\",\"image\":{\"@type\":\"ImageObject\",\"inLanguage\":\"pt-BR\",\"@id\":\"https:\/\/www.gaveanews.com\/#\/schema\/person\/image\/\",\"url\":\"https:\/\/secure.gravatar.com\/avatar\/1e1956f1facbffd3f8fa53a326721950116b3b9dc9bd44939c01180fd4a745a9?s=96&d=mm&r=g\",\"contentUrl\":\"https:\/\/secure.gravatar.com\/avatar\/1e1956f1facbffd3f8fa53a326721950116b3b9dc9bd44939c01180fd4a745a9?s=96&d=mm&r=g\",\"caption\":\"Equipe G\u00e1vea News\"}}]}<\/script>\n<!-- \/ Yoast SEO Premium plugin. -->","yoast_head_json":{"title":"Marcos Braz admite problema interno no Flamengo: \u201cAtrapalha\u201d","robots":{"index":"index","follow":"follow","max-snippet":"max-snippet:-1","max-image-preview":"max-image-preview:large","max-video-preview":"max-video-preview:-1"},"canonical":"https:\/\/www.gaveanews.com\/index.php\/2022\/08\/21\/marcos-braz-admite-problema-interno-no-flamengo-atrapalha\/","og_locale":"pt_BR","og_type":"article","og_title":"Marcos Braz admite problema interno no Flamengo: \u201cAtrapalha\u201d","og_description":"Em entrevista ao canal \u2018Flazoeiro TV\u2019, Marcos Braz n\u00e3o correu de nenhuma pergunta e falou sobre muitos assuntos do dia a dia do Flamengo. Em determinado momento do bate-papo, d\u00favidas levantadas pelos internautas. Uma delas a respeito do vazamento das escala\u00e7\u00f5es, fato que tem gerado muita irrita\u00e7\u00e3o por parte dos torcedores. Braz admite ser um [&hellip;]","og_url":"https:\/\/www.gaveanews.com\/index.php\/2022\/08\/21\/marcos-braz-admite-problema-interno-no-flamengo-atrapalha\/","og_site_name":"G\u00e1vea News","article_publisher":"https:\/\/facebook.com\/gaveaNews\/","article_published_time":"2022-08-21T03:41:19+00:00","article_modified_time":"2022-08-21T03:41:22+00:00","og_image":[{"width":799,"height":533,"url":"https:\/\/www.gaveanews.com\/wp-content\/uploads\/Marcos-Braz-em-jogo-do-Flamengo-no-Maracana.webp","type":"image\/jpeg"}],"author":"Equipe G\u00e1vea News","twitter_card":"summary_large_image","twitter_misc":{"Escrito por":"Equipe G\u00e1vea News","Est. tempo de leitura":"3 minutos"},"schema":{"@context":"https:\/\/schema.org","@graph":[{"@type":"NewsArticle","@id":"https:\/\/www.gaveanews.com\/index.php\/2022\/08\/21\/marcos-braz-admite-problema-interno-no-flamengo-atrapalha\/#article","isPartOf":{"@id":"https:\/\/www.gaveanews.com\/index.php\/2022\/08\/21\/marcos-braz-admite-problema-interno-no-flamengo-atrapalha\/"},"author":{"name":"Equipe G\u00e1vea News","@id":"https:\/\/www.gaveanews.com\/#\/schema\/person\/2ec14f73fb96be2caf28f91afb14749d"},"headline":"Marcos Braz admite problema interno no Flamengo: \u201cAtrapalha\u201d","datePublished":"2022-08-21T03:41:19+00:00","dateModified":"2022-08-21T03:41:22+00:00","mainEntityOfPage":{"@id":"https:\/\/www.gaveanews.com\/index.php\/2022\/08\/21\/marcos-braz-admite-problema-interno-no-flamengo-atrapalha\/"},"wordCount":462,"commentCount":0,"image":{"@id":"https:\/\/www.gaveanews.com\/index.php\/2022\/08\/21\/marcos-braz-admite-problema-interno-no-flamengo-atrapalha\/#primaryimage"},"thumbnailUrl":"https:\/\/www.gaveanews.com\/wp-content\/uploads\/Marcos-Braz-em-jogo-do-Flamengo-no-Maracana.webp","articleSection":["Destaques"],"inLanguage":"pt-BR","potentialAction":[{"@type":"CommentAction","name":"Comment","target":["https:\/\/www.gaveanews.com\/index.php\/2022\/08\/21\/marcos-braz-admite-problema-interno-no-flamengo-atrapalha\/#respond"]}],"copyrightYear":"2022","copyrightHolder":{"@id":"https:\/\/www.gaveanews.com\/#organization"}},{"@type":"WebPage","@id":"https:\/\/www.gaveanews.com\/index.php\/2022\/08\/21\/marcos-braz-admite-problema-interno-no-flamengo-atrapalha\/","url":"https:\/\/www.gaveanews.com\/index.php\/2022\/08\/21\/marcos-braz-admite-problema-interno-no-flamengo-atrapalha\/","name":"Marcos Braz admite problema interno no Flamengo: \u201cAtrapalha\u201d","isPartOf":{"@id":"https:\/\/www.gaveanews.com\/#website"},"primaryImageOfPage":{"@id":"https:\/\/www.gaveanews.com\/index.php\/2022\/08\/21\/marcos-braz-admite-problema-interno-no-flamengo-atrapalha\/#primaryimage"},"image":{"@id":"https:\/\/www.gaveanews.com\/index.php\/2022\/08\/21\/marcos-braz-admite-problema-interno-no-flamengo-atrapalha\/#primaryimage"},"thumbnailUrl":"https:\/\/www.gaveanews.com\/wp-content\/uploads\/Marcos-Braz-em-jogo-do-Flamengo-no-Maracana.webp","datePublished":"2022-08-21T03:41:19+00:00","dateModified":"2022-08-21T03:41:22+00:00","author":{"@id":"https:\/\/www.gaveanews.com\/#\/schema\/person\/2ec14f73fb96be2caf28f91afb14749d"},"breadcrumb":{"@id":"https:\/\/www.gaveanews.com\/index.php\/2022\/08\/21\/marcos-braz-admite-problema-interno-no-flamengo-atrapalha\/#breadcrumb"},"inLanguage":"pt-BR","potentialAction":[{"@type":"ReadAction","target":["https:\/\/www.gaveanews.com\/index.php\/2022\/08\/21\/marcos-braz-admite-problema-interno-no-flamengo-atrapalha\/"]}]},{"@type":"ImageObject","inLanguage":"pt-BR","@id":"https:\/\/www.gaveanews.com\/index.php\/2022\/08\/21\/marcos-braz-admite-problema-interno-no-flamengo-atrapalha\/#primaryimage","url":"https:\/\/www.gaveanews.com\/wp-content\/uploads\/Marcos-Braz-em-jogo-do-Flamengo-no-Maracana.webp","contentUrl":"https:\/\/www.gaveanews.com\/wp-content\/uploads\/Marcos-Braz-em-jogo-do-Flamengo-no-Maracana.webp","width":799,"height":533,"caption":"Marcos Braz e Fabinho em jogo do Flamengo no Maracan\u00e3 (Foto: Alexandre Vidal\/Flamengo)"},{"@type":"BreadcrumbList","@id":"https:\/\/www.gaveanews.com\/index.php\/2022\/08\/21\/marcos-braz-admite-problema-interno-no-flamengo-atrapalha\/#breadcrumb","itemListElement":[{"@type":"ListItem","position":1,"name":"Home","item":"https:\/\/www.gaveanews.com\/"},{"@type":"ListItem","position":2,"name":"Marcos Braz admite problema interno no Flamengo: \u201cAtrapalha\u201d"}]},{"@type":"WebSite","@id":"https:\/\/www.gaveanews.com\/#website","url":"https:\/\/www.gaveanews.com\/","name":"G\u00e1vea News","description":"Veja todas as not\u00edcias sobre o Flamengo: Contrata\u00e7\u00f5es, categorias de base, resultados das partidas, tabela de classifica\u00e7\u00e3o, pr\u00f3ximos jogos!","potentialAction":[{"@type":"SearchAction","target":{"@type":"EntryPoint","urlTemplate":"https:\/\/www.gaveanews.com\/?s={search_term_string}"},"query-input":{"@type":"PropertyValueSpecification","valueRequired":true,"valueName":"search_term_string"}}],"inLanguage":"pt-BR"},{"@type":"Person","@id":"https:\/\/www.gaveanews.com\/#\/schema\/person\/2ec14f73fb96be2caf28f91afb14749d","name":"Equipe G\u00e1vea News","image":{"@type":"ImageObject","inLanguage":"pt-BR","@id":"https:\/\/www.gaveanews.com\/#\/schema\/person\/image\/","url":"https:\/\/secure.gravatar.com\/avatar\/1e1956f1facbffd3f8fa53a326721950116b3b9dc9bd44939c01180fd4a745a9?s=96&d=mm&r=g","contentUrl":"https:\/\/secure.gravatar.com\/avatar\/1e1956f1facbffd3f8fa53a326721950116b3b9dc9bd44939c01180fd4a745a9?s=96&d=mm&r=g","caption":"Equipe G\u00e1vea News"}}]}},"_links":{"self":[{"href":"https:\/\/www.gaveanews.com\/index.php\/wp-json\/wp\/v2\/posts\/86146","targetHints":{"allow":["GET"]}}],"collection":[{"href":"https:\/\/www.gaveanews.com\/index.php\/wp-json\/wp\/v2\/posts"}],"about":[{"href":"https:\/\/www.gaveanews.com\/index.php\/wp-json\/wp\/v2\/types\/post"}],"author":[{"embeddable":true,"href":"https:\/\/www.gaveanews.com\/index.php\/wp-json\/wp\/v2\/users\/1"}],"replies":[{"embeddable":true,"href":"https:\/\/www.gaveanews.com\/index.php\/wp-json\/wp\/v2\/comments?post=86146"}],"version-history":[{"count":0,"href":"https:\/\/www.gaveanews.com\/index.php\/wp-json\/wp\/v2\/posts\/86146\/revisions"}],"wp:featuredmedia":[{"embeddable":true,"href":"https:\/\/www.gaveanews.com\/index.php\/wp-json\/wp\/v2\/media\/85774"}],"wp:attachment":[{"href":"https:\/\/www.gaveanews.com\/index.php\/wp-json\/wp\/v2\/media?parent=86146"}],"wp:term":[{"taxonomy":"category","embeddable":true,"href":"https:\/\/www.gaveanews.com\/index.php\/wp-json\/wp\/v2\/categories?post=86146"},{"taxonomy":"post_tag","embeddable":true,"href":"https:\/\/www.gaveanews.com\/index.php\/wp-json\/wp\/v2\/tags?post=86146"}],"curies":[{"name":"wp","href":"https:\/\/api.w.org\/{rel}","templated":true}]}}