{"id":86191,"date":"2022-08-22T08:06:03","date_gmt":"2022-08-22T11:06:03","guid":{"rendered":"https:\/\/www.gaveanews.com\/?p=86191"},"modified":"2022-08-22T08:06:07","modified_gmt":"2022-08-22T11:06:07","slug":"flamengo-mira-copa-do-brasil-e-libertadores-mas-ainda-sonha-com-o-brasileirao","status":"publish","type":"post","link":"https:\/\/www.gaveanews.com\/index.php\/2022\/08\/22\/flamengo-mira-copa-do-brasil-e-libertadores-mas-ainda-sonha-com-o-brasileirao\/","title":{"rendered":"Flamengo mira Copa do Brasil e Libertadores, mas ainda sonha com o Brasileir\u00e3o"},"content":{"rendered":"\n<p>Quando o Flamengo anunciou a escala\u00e7\u00e3o com reservas mesmo diante do grande rival Palmeiras, a torcida em sua maioria chiou. O empate com bons momentos no Allianz, por sua vez, refor\u00e7a a capacidade de Dorival J\u00fanior rodar elenco, mant\u00e9m o time vivo no Brasileir\u00e3o, e deixa os titulares descansados para as semifinais da Copa do Brasil e da Libertadores.<\/p>\n\n\n\n<p>Ao p\u00e9 da letra, Dorival apenas manteve a coer\u00eancia do que vinha fazendo ao longo da competi\u00e7\u00e3o. O time que entrou em campo \u00e9 o que o torcedor est\u00e1 acostumado a ver no Brasileir\u00e3o. A expectativa pelo confronto direto com o Palmeiras, por\u00e9m, deu tom de surpresa para escala\u00e7\u00e3o que tinha somente Santos, David Luiz e Thiago Maia do time titular. A escolha foi justificada em coletiva:<\/p>\n\n\n\n<p><em>\u2014 As pessoas n\u00e3o t\u00eam ideia do que \u00e9 jogar na Baixada no sint\u00e9tico e tamb\u00e9m aqui. Fatalmente amanh\u00e3 ter\u00edamos os jogadores desgastados em rela\u00e7\u00e3o a isso. Quando trabalhamos no Athletico-PR n\u00e3o pod\u00edamos fazer dois trabalhos seguidos no campo sint\u00e9tico quando t\u00ednhamos jogos. Os jogadores (do Flamengo) n\u00e3o s\u00e3o acostumados (com a grama sint\u00e9tica). N\u00e3o sabia que rea\u00e7\u00e3o ter\u00edamos na segunda-feira. A maior preocupa\u00e7\u00e3o foi isso.<\/em><\/p>\n\n\n\n<p>Dado o argumento, o Flamengo, mesmo sem suas estrelas, encarou o Palmeiras de igual para igual em S\u00e3o Paulo &#8211; principalmente no primeiro tempo. Com marca\u00e7\u00e3o forte por dentro com Victor Hugo, Jo\u00e3o Gomes e Thiago Maia, a equipe sofria pouco e obrigava o advers\u00e1rio a al\u00e7ar bolas na \u00e1rea.<\/p>\n\n\n\n<p>Santos passou a etapa inicial inteira sem trabalhar praticamente, enquanto os rubro-negros ganhavam campo com o passar do tempo e chegavam ao ataque com a\u00e7\u00f5es em velocidade pelos lados. Matheuzinho e, principalmente, Ayrton Lucas eram as v\u00e1lvulas de escape e assim nasceu o gol.<\/p>\n\n\n\n<p>O lateral-esquerdo deixou Marcos Rocha no ch\u00e3o para cruzar na medida. Victor Hugo saltou bonito, escolheu o canto e testou para fazer 1 a 0 em um primeiro tempo controlado, onde Pablo e Matheuzinho ainda desperdi\u00e7aram boas oportunidades na frente de Weverton.<\/p>\n\n\n\n<p>A volta do intervalo j\u00e1 foi diferente e apresentou um Palmeiras debru\u00e7ado no campo de ataque. Por mais que L\u00e1zaro e Ayrton Lucas levassem perigo a Weverton, o dom\u00ednio era verde, o Flamengo n\u00e3o conseguia reter a bola e Dorival percebeu isso. Pedro e Ribeiro j\u00e1 estavam na beira do campo para entrar quando Veiga acertou pelo chute para empatar.<\/p>\n\n\n\n<p>O Flamengo passou a ter ainda Arrascaeta, Vidal e Gabriel em campo e o jogo voltou a ficar equilibrado. Com dom\u00ednio do meio de campo, o time carioca tentava criar por dentro, mas o Palmeiras se defendia bem.<\/p>\n\n\n\n<p>Os 20 minutos finais foram de troca\u00e7\u00e3o com marca\u00e7\u00e3o forte, como se espera em duelos deste n\u00edvel. Arrascaeta levou perigo em chute da entrada da \u00e1rea ap\u00f3s tabela com Pedro, o Palmeiras assustou no jogo a\u00e9reo, e a partida terminou empatada.<\/p>\n\n\n\n<p>\u00c9 ineg\u00e1vel que o gol de Raphael Veiga j\u00e1 com Ribeiro e Pedro para entrarem em campo mudou o rumo do jogo previsto por Dorival. Fica o questionamento se n\u00e3o era necess\u00e1rio colocar as estrelas em campo antes para conter um Palmeiras dominante no in\u00edcio do segundo tempo.<\/p>\n\n\n\n<p>Pergunta que ficar\u00e1 sem resposta. Mas que n\u00e3o anula o fato de o Flamengo ter entrado em campo com um risco calculado e ter sa\u00eddo ainda vivo nas tr\u00eas competi\u00e7\u00f5es.<\/p>\n\n\n\n<p>Retirado de: Globo Esporte <\/p>\n","protected":false},"excerpt":{"rendered":"<p>Quando o Flamengo anunciou a escala\u00e7\u00e3o com reservas mesmo diante do grande rival Palmeiras, a torcida em sua maioria chiou. O empate com bons momentos no Allianz, por sua vez, refor\u00e7a a capacidade de Dorival J\u00fanior rodar elenco, mant\u00e9m o time vivo no Brasileir\u00e3o, e deixa os titulares descansados para as semifinais da Copa do [&hellip;]<\/p>\n","protected":false},"author":1,"featured_media":86017,"comment_status":"open","ping_status":"closed","sticky":false,"template":"","format":"standard","meta":{"footnotes":""},"categories":[1],"tags":[],"class_list":["post-86191","post","type-post","status-publish","format-standard","has-post-thumbnail","hentry","category-flamengo"],"yoast_head":"<!-- This site is optimized with the Yoast SEO Premium plugin v24.2 (Yoast SEO v26.9) - https:\/\/yoast.com\/product\/yoast-seo-premium-wordpress\/ -->\n<title>Flamengo mira Copa do Brasil e Libertadores, mas ainda sonha com o Brasileir\u00e3o<\/title>\n<meta name=\"robots\" content=\"index, follow, max-snippet:-1, max-image-preview:large, max-video-preview:-1\" \/>\n<link rel=\"canonical\" href=\"https:\/\/www.gaveanews.com\/index.php\/2022\/08\/22\/flamengo-mira-copa-do-brasil-e-libertadores-mas-ainda-sonha-com-o-brasileirao\/\" \/>\n<meta property=\"og:locale\" content=\"pt_BR\" \/>\n<meta property=\"og:type\" content=\"article\" \/>\n<meta property=\"og:title\" content=\"Flamengo mira Copa do Brasil e Libertadores, mas ainda sonha com o Brasileir\u00e3o\" \/>\n<meta property=\"og:description\" content=\"Quando o Flamengo anunciou a escala\u00e7\u00e3o com reservas mesmo diante do grande rival Palmeiras, a torcida em sua maioria chiou. O empate com bons momentos no Allianz, por sua vez, refor\u00e7a a capacidade de Dorival J\u00fanior rodar elenco, mant\u00e9m o time vivo no Brasileir\u00e3o, e deixa os titulares descansados para as semifinais da Copa do [&hellip;]\" \/>\n<meta property=\"og:url\" content=\"https:\/\/www.gaveanews.com\/index.php\/2022\/08\/22\/flamengo-mira-copa-do-brasil-e-libertadores-mas-ainda-sonha-com-o-brasileirao\/\" \/>\n<meta property=\"og:site_name\" content=\"G\u00e1vea News\" \/>\n<meta property=\"article:publisher\" content=\"https:\/\/facebook.com\/gaveaNews\/\" \/>\n<meta property=\"article:published_time\" content=\"2022-08-22T11:06:03+00:00\" \/>\n<meta property=\"article:modified_time\" content=\"2022-08-22T11:06:07+00:00\" \/>\n<meta property=\"og:image\" content=\"https:\/\/www.gaveanews.com\/wp-content\/uploads\/Taca-do-Campeonato-Brasileiro.webp\" \/>\n\t<meta property=\"og:image:width\" content=\"1000\" \/>\n\t<meta property=\"og:image:height\" content=\"667\" \/>\n\t<meta property=\"og:image:type\" content=\"image\/webp\" \/>\n<meta name=\"author\" content=\"Equipe G\u00e1vea News\" \/>\n<meta name=\"twitter:card\" content=\"summary_large_image\" \/>\n<meta name=\"twitter:label1\" content=\"Escrito por\" \/>\n\t<meta name=\"twitter:data1\" content=\"Equipe G\u00e1vea News\" \/>\n\t<meta name=\"twitter:label2\" content=\"Est. tempo de leitura\" \/>\n\t<meta name=\"twitter:data2\" content=\"4 minutos\" \/>\n<script type=\"application\/ld+json\" class=\"yoast-schema-graph\">{\"@context\":\"https:\/\/schema.org\",\"@graph\":[{\"@type\":\"NewsArticle\",\"@id\":\"https:\/\/www.gaveanews.com\/index.php\/2022\/08\/22\/flamengo-mira-copa-do-brasil-e-libertadores-mas-ainda-sonha-com-o-brasileirao\/#article\",\"isPartOf\":{\"@id\":\"https:\/\/www.gaveanews.com\/index.php\/2022\/08\/22\/flamengo-mira-copa-do-brasil-e-libertadores-mas-ainda-sonha-com-o-brasileirao\/\"},\"author\":{\"name\":\"Equipe G\u00e1vea News\",\"@id\":\"https:\/\/www.gaveanews.com\/#\/schema\/person\/2ec14f73fb96be2caf28f91afb14749d\"},\"headline\":\"Flamengo mira Copa do Brasil e Libertadores, mas ainda sonha com o Brasileir\u00e3o\",\"datePublished\":\"2022-08-22T11:06:03+00:00\",\"dateModified\":\"2022-08-22T11:06:07+00:00\",\"mainEntityOfPage\":{\"@id\":\"https:\/\/www.gaveanews.com\/index.php\/2022\/08\/22\/flamengo-mira-copa-do-brasil-e-libertadores-mas-ainda-sonha-com-o-brasileirao\/\"},\"wordCount\":610,\"commentCount\":0,\"image\":{\"@id\":\"https:\/\/www.gaveanews.com\/index.php\/2022\/08\/22\/flamengo-mira-copa-do-brasil-e-libertadores-mas-ainda-sonha-com-o-brasileirao\/#primaryimage\"},\"thumbnailUrl\":\"https:\/\/www.gaveanews.com\/wp-content\/uploads\/Taca-do-Campeonato-Brasileiro.webp\",\"articleSection\":[\"Flamengo\"],\"inLanguage\":\"pt-BR\",\"potentialAction\":[{\"@type\":\"CommentAction\",\"name\":\"Comment\",\"target\":[\"https:\/\/www.gaveanews.com\/index.php\/2022\/08\/22\/flamengo-mira-copa-do-brasil-e-libertadores-mas-ainda-sonha-com-o-brasileirao\/#respond\"]}],\"copyrightYear\":\"2022\",\"copyrightHolder\":{\"@id\":\"https:\/\/www.gaveanews.com\/#organization\"}},{\"@type\":\"WebPage\",\"@id\":\"https:\/\/www.gaveanews.com\/index.php\/2022\/08\/22\/flamengo-mira-copa-do-brasil-e-libertadores-mas-ainda-sonha-com-o-brasileirao\/\",\"url\":\"https:\/\/www.gaveanews.com\/index.php\/2022\/08\/22\/flamengo-mira-copa-do-brasil-e-libertadores-mas-ainda-sonha-com-o-brasileirao\/\",\"name\":\"Flamengo mira Copa do Brasil e Libertadores, mas ainda sonha com o Brasileir\u00e3o\",\"isPartOf\":{\"@id\":\"https:\/\/www.gaveanews.com\/#website\"},\"primaryImageOfPage\":{\"@id\":\"https:\/\/www.gaveanews.com\/index.php\/2022\/08\/22\/flamengo-mira-copa-do-brasil-e-libertadores-mas-ainda-sonha-com-o-brasileirao\/#primaryimage\"},\"image\":{\"@id\":\"https:\/\/www.gaveanews.com\/index.php\/2022\/08\/22\/flamengo-mira-copa-do-brasil-e-libertadores-mas-ainda-sonha-com-o-brasileirao\/#primaryimage\"},\"thumbnailUrl\":\"https:\/\/www.gaveanews.com\/wp-content\/uploads\/Taca-do-Campeonato-Brasileiro.webp\",\"datePublished\":\"2022-08-22T11:06:03+00:00\",\"dateModified\":\"2022-08-22T11:06:07+00:00\",\"author\":{\"@id\":\"https:\/\/www.gaveanews.com\/#\/schema\/person\/2ec14f73fb96be2caf28f91afb14749d\"},\"breadcrumb\":{\"@id\":\"https:\/\/www.gaveanews.com\/index.php\/2022\/08\/22\/flamengo-mira-copa-do-brasil-e-libertadores-mas-ainda-sonha-com-o-brasileirao\/#breadcrumb\"},\"inLanguage\":\"pt-BR\",\"potentialAction\":[{\"@type\":\"ReadAction\",\"target\":[\"https:\/\/www.gaveanews.com\/index.php\/2022\/08\/22\/flamengo-mira-copa-do-brasil-e-libertadores-mas-ainda-sonha-com-o-brasileirao\/\"]}]},{\"@type\":\"ImageObject\",\"inLanguage\":\"pt-BR\",\"@id\":\"https:\/\/www.gaveanews.com\/index.php\/2022\/08\/22\/flamengo-mira-copa-do-brasil-e-libertadores-mas-ainda-sonha-com-o-brasileirao\/#primaryimage\",\"url\":\"https:\/\/www.gaveanews.com\/wp-content\/uploads\/Taca-do-Campeonato-Brasileiro.webp\",\"contentUrl\":\"https:\/\/www.gaveanews.com\/wp-content\/uploads\/Taca-do-Campeonato-Brasileiro.webp\",\"width\":1000,\"height\":667,\"caption\":\"Ta\u00e7a do Campeonato Brasileiro (Foto: Lucas Figueiredo\/CBF)\"},{\"@type\":\"BreadcrumbList\",\"@id\":\"https:\/\/www.gaveanews.com\/index.php\/2022\/08\/22\/flamengo-mira-copa-do-brasil-e-libertadores-mas-ainda-sonha-com-o-brasileirao\/#breadcrumb\",\"itemListElement\":[{\"@type\":\"ListItem\",\"position\":1,\"name\":\"Home\",\"item\":\"https:\/\/www.gaveanews.com\/\"},{\"@type\":\"ListItem\",\"position\":2,\"name\":\"Flamengo mira Copa do Brasil e Libertadores, mas ainda sonha com o Brasileir\u00e3o\"}]},{\"@type\":\"WebSite\",\"@id\":\"https:\/\/www.gaveanews.com\/#website\",\"url\":\"https:\/\/www.gaveanews.com\/\",\"name\":\"G\u00e1vea News\",\"description\":\"Veja todas as not\u00edcias sobre o Flamengo: Contrata\u00e7\u00f5es, categorias de base, resultados das partidas, tabela de classifica\u00e7\u00e3o, pr\u00f3ximos jogos!\",\"potentialAction\":[{\"@type\":\"SearchAction\",\"target\":{\"@type\":\"EntryPoint\",\"urlTemplate\":\"https:\/\/www.gaveanews.com\/?s={search_term_string}\"},\"query-input\":{\"@type\":\"PropertyValueSpecification\",\"valueRequired\":true,\"valueName\":\"search_term_string\"}}],\"inLanguage\":\"pt-BR\"},{\"@type\":\"Person\",\"@id\":\"https:\/\/www.gaveanews.com\/#\/schema\/person\/2ec14f73fb96be2caf28f91afb14749d\",\"name\":\"Equipe G\u00e1vea News\",\"image\":{\"@type\":\"ImageObject\",\"inLanguage\":\"pt-BR\",\"@id\":\"https:\/\/www.gaveanews.com\/#\/schema\/person\/image\/\",\"url\":\"https:\/\/secure.gravatar.com\/avatar\/1e1956f1facbffd3f8fa53a326721950116b3b9dc9bd44939c01180fd4a745a9?s=96&d=mm&r=g\",\"contentUrl\":\"https:\/\/secure.gravatar.com\/avatar\/1e1956f1facbffd3f8fa53a326721950116b3b9dc9bd44939c01180fd4a745a9?s=96&d=mm&r=g\",\"caption\":\"Equipe G\u00e1vea News\"}}]}<\/script>\n<!-- \/ Yoast SEO Premium plugin. -->","yoast_head_json":{"title":"Flamengo mira Copa do Brasil e Libertadores, mas ainda sonha com o Brasileir\u00e3o","robots":{"index":"index","follow":"follow","max-snippet":"max-snippet:-1","max-image-preview":"max-image-preview:large","max-video-preview":"max-video-preview:-1"},"canonical":"https:\/\/www.gaveanews.com\/index.php\/2022\/08\/22\/flamengo-mira-copa-do-brasil-e-libertadores-mas-ainda-sonha-com-o-brasileirao\/","og_locale":"pt_BR","og_type":"article","og_title":"Flamengo mira Copa do Brasil e Libertadores, mas ainda sonha com o Brasileir\u00e3o","og_description":"Quando o Flamengo anunciou a escala\u00e7\u00e3o com reservas mesmo diante do grande rival Palmeiras, a torcida em sua maioria chiou. O empate com bons momentos no Allianz, por sua vez, refor\u00e7a a capacidade de Dorival J\u00fanior rodar elenco, mant\u00e9m o time vivo no Brasileir\u00e3o, e deixa os titulares descansados para as semifinais da Copa do [&hellip;]","og_url":"https:\/\/www.gaveanews.com\/index.php\/2022\/08\/22\/flamengo-mira-copa-do-brasil-e-libertadores-mas-ainda-sonha-com-o-brasileirao\/","og_site_name":"G\u00e1vea News","article_publisher":"https:\/\/facebook.com\/gaveaNews\/","article_published_time":"2022-08-22T11:06:03+00:00","article_modified_time":"2022-08-22T11:06:07+00:00","og_image":[{"width":1000,"height":667,"url":"https:\/\/www.gaveanews.com\/wp-content\/uploads\/Taca-do-Campeonato-Brasileiro.webp","type":"image\/webp"}],"author":"Equipe G\u00e1vea News","twitter_card":"summary_large_image","twitter_misc":{"Escrito por":"Equipe G\u00e1vea News","Est. tempo de leitura":"4 minutos"},"schema":{"@context":"https:\/\/schema.org","@graph":[{"@type":"NewsArticle","@id":"https:\/\/www.gaveanews.com\/index.php\/2022\/08\/22\/flamengo-mira-copa-do-brasil-e-libertadores-mas-ainda-sonha-com-o-brasileirao\/#article","isPartOf":{"@id":"https:\/\/www.gaveanews.com\/index.php\/2022\/08\/22\/flamengo-mira-copa-do-brasil-e-libertadores-mas-ainda-sonha-com-o-brasileirao\/"},"author":{"name":"Equipe G\u00e1vea News","@id":"https:\/\/www.gaveanews.com\/#\/schema\/person\/2ec14f73fb96be2caf28f91afb14749d"},"headline":"Flamengo mira Copa do Brasil e Libertadores, mas ainda sonha com o Brasileir\u00e3o","datePublished":"2022-08-22T11:06:03+00:00","dateModified":"2022-08-22T11:06:07+00:00","mainEntityOfPage":{"@id":"https:\/\/www.gaveanews.com\/index.php\/2022\/08\/22\/flamengo-mira-copa-do-brasil-e-libertadores-mas-ainda-sonha-com-o-brasileirao\/"},"wordCount":610,"commentCount":0,"image":{"@id":"https:\/\/www.gaveanews.com\/index.php\/2022\/08\/22\/flamengo-mira-copa-do-brasil-e-libertadores-mas-ainda-sonha-com-o-brasileirao\/#primaryimage"},"thumbnailUrl":"https:\/\/www.gaveanews.com\/wp-content\/uploads\/Taca-do-Campeonato-Brasileiro.webp","articleSection":["Flamengo"],"inLanguage":"pt-BR","potentialAction":[{"@type":"CommentAction","name":"Comment","target":["https:\/\/www.gaveanews.com\/index.php\/2022\/08\/22\/flamengo-mira-copa-do-brasil-e-libertadores-mas-ainda-sonha-com-o-brasileirao\/#respond"]}],"copyrightYear":"2022","copyrightHolder":{"@id":"https:\/\/www.gaveanews.com\/#organization"}},{"@type":"WebPage","@id":"https:\/\/www.gaveanews.com\/index.php\/2022\/08\/22\/flamengo-mira-copa-do-brasil-e-libertadores-mas-ainda-sonha-com-o-brasileirao\/","url":"https:\/\/www.gaveanews.com\/index.php\/2022\/08\/22\/flamengo-mira-copa-do-brasil-e-libertadores-mas-ainda-sonha-com-o-brasileirao\/","name":"Flamengo mira Copa do Brasil e Libertadores, mas ainda sonha com o Brasileir\u00e3o","isPartOf":{"@id":"https:\/\/www.gaveanews.com\/#website"},"primaryImageOfPage":{"@id":"https:\/\/www.gaveanews.com\/index.php\/2022\/08\/22\/flamengo-mira-copa-do-brasil-e-libertadores-mas-ainda-sonha-com-o-brasileirao\/#primaryimage"},"image":{"@id":"https:\/\/www.gaveanews.com\/index.php\/2022\/08\/22\/flamengo-mira-copa-do-brasil-e-libertadores-mas-ainda-sonha-com-o-brasileirao\/#primaryimage"},"thumbnailUrl":"https:\/\/www.gaveanews.com\/wp-content\/uploads\/Taca-do-Campeonato-Brasileiro.webp","datePublished":"2022-08-22T11:06:03+00:00","dateModified":"2022-08-22T11:06:07+00:00","author":{"@id":"https:\/\/www.gaveanews.com\/#\/schema\/person\/2ec14f73fb96be2caf28f91afb14749d"},"breadcrumb":{"@id":"https:\/\/www.gaveanews.com\/index.php\/2022\/08\/22\/flamengo-mira-copa-do-brasil-e-libertadores-mas-ainda-sonha-com-o-brasileirao\/#breadcrumb"},"inLanguage":"pt-BR","potentialAction":[{"@type":"ReadAction","target":["https:\/\/www.gaveanews.com\/index.php\/2022\/08\/22\/flamengo-mira-copa-do-brasil-e-libertadores-mas-ainda-sonha-com-o-brasileirao\/"]}]},{"@type":"ImageObject","inLanguage":"pt-BR","@id":"https:\/\/www.gaveanews.com\/index.php\/2022\/08\/22\/flamengo-mira-copa-do-brasil-e-libertadores-mas-ainda-sonha-com-o-brasileirao\/#primaryimage","url":"https:\/\/www.gaveanews.com\/wp-content\/uploads\/Taca-do-Campeonato-Brasileiro.webp","contentUrl":"https:\/\/www.gaveanews.com\/wp-content\/uploads\/Taca-do-Campeonato-Brasileiro.webp","width":1000,"height":667,"caption":"Ta\u00e7a do Campeonato Brasileiro (Foto: Lucas Figueiredo\/CBF)"},{"@type":"BreadcrumbList","@id":"https:\/\/www.gaveanews.com\/index.php\/2022\/08\/22\/flamengo-mira-copa-do-brasil-e-libertadores-mas-ainda-sonha-com-o-brasileirao\/#breadcrumb","itemListElement":[{"@type":"ListItem","position":1,"name":"Home","item":"https:\/\/www.gaveanews.com\/"},{"@type":"ListItem","position":2,"name":"Flamengo mira Copa do Brasil e Libertadores, mas ainda sonha com o Brasileir\u00e3o"}]},{"@type":"WebSite","@id":"https:\/\/www.gaveanews.com\/#website","url":"https:\/\/www.gaveanews.com\/","name":"G\u00e1vea News","description":"Veja todas as not\u00edcias sobre o Flamengo: Contrata\u00e7\u00f5es, categorias de base, resultados das partidas, tabela de classifica\u00e7\u00e3o, pr\u00f3ximos jogos!","potentialAction":[{"@type":"SearchAction","target":{"@type":"EntryPoint","urlTemplate":"https:\/\/www.gaveanews.com\/?s={search_term_string}"},"query-input":{"@type":"PropertyValueSpecification","valueRequired":true,"valueName":"search_term_string"}}],"inLanguage":"pt-BR"},{"@type":"Person","@id":"https:\/\/www.gaveanews.com\/#\/schema\/person\/2ec14f73fb96be2caf28f91afb14749d","name":"Equipe G\u00e1vea News","image":{"@type":"ImageObject","inLanguage":"pt-BR","@id":"https:\/\/www.gaveanews.com\/#\/schema\/person\/image\/","url":"https:\/\/secure.gravatar.com\/avatar\/1e1956f1facbffd3f8fa53a326721950116b3b9dc9bd44939c01180fd4a745a9?s=96&d=mm&r=g","contentUrl":"https:\/\/secure.gravatar.com\/avatar\/1e1956f1facbffd3f8fa53a326721950116b3b9dc9bd44939c01180fd4a745a9?s=96&d=mm&r=g","caption":"Equipe G\u00e1vea News"}}]}},"_links":{"self":[{"href":"https:\/\/www.gaveanews.com\/index.php\/wp-json\/wp\/v2\/posts\/86191","targetHints":{"allow":["GET"]}}],"collection":[{"href":"https:\/\/www.gaveanews.com\/index.php\/wp-json\/wp\/v2\/posts"}],"about":[{"href":"https:\/\/www.gaveanews.com\/index.php\/wp-json\/wp\/v2\/types\/post"}],"author":[{"embeddable":true,"href":"https:\/\/www.gaveanews.com\/index.php\/wp-json\/wp\/v2\/users\/1"}],"replies":[{"embeddable":true,"href":"https:\/\/www.gaveanews.com\/index.php\/wp-json\/wp\/v2\/comments?post=86191"}],"version-history":[{"count":0,"href":"https:\/\/www.gaveanews.com\/index.php\/wp-json\/wp\/v2\/posts\/86191\/revisions"}],"wp:featuredmedia":[{"embeddable":true,"href":"https:\/\/www.gaveanews.com\/index.php\/wp-json\/wp\/v2\/media\/86017"}],"wp:attachment":[{"href":"https:\/\/www.gaveanews.com\/index.php\/wp-json\/wp\/v2\/media?parent=86191"}],"wp:term":[{"taxonomy":"category","embeddable":true,"href":"https:\/\/www.gaveanews.com\/index.php\/wp-json\/wp\/v2\/categories?post=86191"},{"taxonomy":"post_tag","embeddable":true,"href":"https:\/\/www.gaveanews.com\/index.php\/wp-json\/wp\/v2\/tags?post=86191"}],"curies":[{"name":"wp","href":"https:\/\/api.w.org\/{rel}","templated":true}]}}