{"id":86194,"date":"2022-08-22T09:29:55","date_gmt":"2022-08-22T12:29:55","guid":{"rendered":"https:\/\/www.gaveanews.com\/?p=86194"},"modified":"2022-08-22T09:29:58","modified_gmt":"2022-08-22T12:29:58","slug":"arturo-vidal-faz-promessa-para-a-torcida-do-flamengo-veja-publicacao","status":"publish","type":"post","link":"https:\/\/www.gaveanews.com\/index.php\/2022\/08\/22\/arturo-vidal-faz-promessa-para-a-torcida-do-flamengo-veja-publicacao\/","title":{"rendered":"Arturo Vidal faz promessa para a torcida do Flamengo; veja publica\u00e7\u00e3o"},"content":{"rendered":"\n<p>O Flamengo perdeu uma grande oportunidade no Brasileir\u00e3o ao empatar com o Palmeiras e n\u00e3o diminuir a dist\u00e2ncia de pontua\u00e7\u00e3o entre as equipes. Por conta desta quest\u00e3o, o Mais Querido manteve a dist\u00e2ncia do rival, mas diminuiu a probabilidade de alcan\u00e7ar a lideran\u00e7a da tabela e, consequentemente, o t\u00edtulo do campeonato.<\/p>\n\n\n\n<p>Apesar do deslize, o Rubro-Negro prega calma na busca por t\u00edtulos e segue confiando na capacidade da equipe. Uma das pessoas que se manifestou sobre o assunto foi Arturo Vidal.<\/p>\n\n\n\n<p>Acionado aos 30 minutos do segundo tempo, o chileno n\u00e3o abandonou a busca pelo Brasileiro e declarou \u00e0 torcida que ir\u00e1 continuar lutando e acreditando at\u00e9 o final do torneio.<\/p>\n\n\n\n<p><em>&#8220;Continuar acreditando e lutando at\u00e9 o fim, equipe!!!&#8221;<\/em><\/p>\n\n\n\n<h2 class=\"wp-block-heading\" id=\"h-confira-a-publicacao\">Confira a publica\u00e7\u00e3o:<\/h2>\n\n\n\n<figure class=\"wp-block-embed is-type-rich is-provider-twitter wp-block-embed-twitter\"><div class=\"wp-block-embed__wrapper\">\n<blockquote class=\"twitter-tweet\" data-width=\"550\" data-dnt=\"true\"><p lang=\"es\" dir=\"ltr\">A seguir creyendo y peleando hasta el final equipo!!!\ud83d\udcaa\ud83c\udffd\ud83d\ude4f\ud83c\udffd\ud83d\udc4d\ud83c\udffd <a href=\"https:\/\/twitter.com\/Flamengo?ref_src=twsrc%5Etfw\">@flamengo<\/a> \ud83d\udda4\u2764\ufe0f <a href=\"https:\/\/t.co\/646DFg4C51\">pic.twitter.com\/646DFg4C51<\/a><\/p>&mdash; Arturo Vidal (@kingarturo23) <a href=\"https:\/\/twitter.com\/kingarturo23\/status\/1561501960112640007?ref_src=twsrc%5Etfw\">August 21, 2022<\/a><\/blockquote><script async src=\"https:\/\/platform.twitter.com\/widgets.js\" charset=\"utf-8\"><\/script>\n<\/div><\/figure>\n\n\n\n<p>O Flamengo n\u00e3o ter\u00e1 tempo para lamentar o resultado contra o Palmeiras. Isso porque o time volta a campo j\u00e1 nesta quarta-feira (24) para disputar o jogo de ida pelas semifinais da Copa do Brasil.<\/p>\n\n\n\n<p>Nesta etapa, o Mais Querido enfrenta o S\u00e3o Paulo no Morumbi buscando vantagem na disputa pela vaga na final da competi\u00e7\u00e3o. O duelo acontece \u00e0s 21h30 (hor\u00e1rio de Bras\u00edlia). Vale lembrar que o Fla decide este confronto em casa no dia 14 de setembro.<\/p>\n","protected":false},"excerpt":{"rendered":"<p>O Flamengo perdeu uma grande oportunidade no Brasileir\u00e3o ao empatar com o Palmeiras e n\u00e3o diminuir a dist\u00e2ncia de pontua\u00e7\u00e3o entre as equipes. Por conta desta quest\u00e3o, o Mais Querido manteve a dist\u00e2ncia do rival, mas diminuiu a probabilidade de alcan\u00e7ar a lideran\u00e7a da tabela e, consequentemente, o t\u00edtulo do campeonato. Apesar do deslize, o [&hellip;]<\/p>\n","protected":false},"author":4,"featured_media":85520,"comment_status":"open","ping_status":"closed","sticky":false,"template":"","format":"standard","meta":{"footnotes":""},"categories":[1],"tags":[],"class_list":["post-86194","post","type-post","status-publish","format-standard","has-post-thumbnail","hentry","category-flamengo"],"yoast_head":"<!-- This site is optimized with the Yoast SEO Premium plugin v24.2 (Yoast SEO v26.9) - https:\/\/yoast.com\/product\/yoast-seo-premium-wordpress\/ -->\n<title>Arturo Vidal faz promessa para a torcida do Flamengo; veja publica\u00e7\u00e3o<\/title>\n<meta name=\"robots\" content=\"index, follow, max-snippet:-1, max-image-preview:large, max-video-preview:-1\" \/>\n<link rel=\"canonical\" href=\"https:\/\/www.gaveanews.com\/index.php\/2022\/08\/22\/arturo-vidal-faz-promessa-para-a-torcida-do-flamengo-veja-publicacao\/\" \/>\n<meta property=\"og:locale\" content=\"pt_BR\" \/>\n<meta property=\"og:type\" content=\"article\" \/>\n<meta property=\"og:title\" content=\"Arturo Vidal faz promessa para a torcida do Flamengo; veja publica\u00e7\u00e3o\" \/>\n<meta property=\"og:description\" content=\"O Flamengo perdeu uma grande oportunidade no Brasileir\u00e3o ao empatar com o Palmeiras e n\u00e3o diminuir a dist\u00e2ncia de pontua\u00e7\u00e3o entre as equipes. Por conta desta quest\u00e3o, o Mais Querido manteve a dist\u00e2ncia do rival, mas diminuiu a probabilidade de alcan\u00e7ar a lideran\u00e7a da tabela e, consequentemente, o t\u00edtulo do campeonato. Apesar do deslize, o [&hellip;]\" \/>\n<meta property=\"og:url\" content=\"https:\/\/www.gaveanews.com\/index.php\/2022\/08\/22\/arturo-vidal-faz-promessa-para-a-torcida-do-flamengo-veja-publicacao\/\" \/>\n<meta property=\"og:site_name\" content=\"G\u00e1vea News\" \/>\n<meta property=\"article:publisher\" content=\"https:\/\/facebook.com\/gaveaNews\/\" \/>\n<meta property=\"article:published_time\" content=\"2022-08-22T12:29:55+00:00\" \/>\n<meta property=\"article:modified_time\" content=\"2022-08-22T12:29:58+00:00\" \/>\n<meta property=\"og:image\" content=\"https:\/\/www.gaveanews.com\/wp-content\/uploads\/Arturo-Vidal-em-jogo-do-Flamengo-contra-o-Corinthians-pela-Libertadores.webp\" \/>\n\t<meta property=\"og:image:width\" content=\"800\" \/>\n\t<meta property=\"og:image:height\" content=\"533\" \/>\n\t<meta property=\"og:image:type\" content=\"image\/jpeg\" \/>\n<meta name=\"author\" content=\"Let\u00edcia Gerheim\" \/>\n<meta name=\"twitter:card\" content=\"summary_large_image\" \/>\n<meta name=\"twitter:label1\" content=\"Escrito por\" \/>\n\t<meta name=\"twitter:data1\" content=\"Let\u00edcia Gerheim\" \/>\n\t<meta name=\"twitter:label2\" content=\"Est. tempo de leitura\" \/>\n\t<meta name=\"twitter:data2\" content=\"2 minutos\" \/>\n<script type=\"application\/ld+json\" class=\"yoast-schema-graph\">{\"@context\":\"https:\/\/schema.org\",\"@graph\":[{\"@type\":\"NewsArticle\",\"@id\":\"https:\/\/www.gaveanews.com\/index.php\/2022\/08\/22\/arturo-vidal-faz-promessa-para-a-torcida-do-flamengo-veja-publicacao\/#article\",\"isPartOf\":{\"@id\":\"https:\/\/www.gaveanews.com\/index.php\/2022\/08\/22\/arturo-vidal-faz-promessa-para-a-torcida-do-flamengo-veja-publicacao\/\"},\"author\":{\"name\":\"Let\u00edcia Gerheim\",\"@id\":\"https:\/\/www.gaveanews.com\/#\/schema\/person\/714c67050b836198af2450ba1c142a67\"},\"headline\":\"Arturo Vidal faz promessa para a torcida do Flamengo; veja publica\u00e7\u00e3o\",\"datePublished\":\"2022-08-22T12:29:55+00:00\",\"dateModified\":\"2022-08-22T12:29:58+00:00\",\"mainEntityOfPage\":{\"@id\":\"https:\/\/www.gaveanews.com\/index.php\/2022\/08\/22\/arturo-vidal-faz-promessa-para-a-torcida-do-flamengo-veja-publicacao\/\"},\"wordCount\":239,\"commentCount\":0,\"image\":{\"@id\":\"https:\/\/www.gaveanews.com\/index.php\/2022\/08\/22\/arturo-vidal-faz-promessa-para-a-torcida-do-flamengo-veja-publicacao\/#primaryimage\"},\"thumbnailUrl\":\"https:\/\/www.gaveanews.com\/wp-content\/uploads\/Arturo-Vidal-em-jogo-do-Flamengo-contra-o-Corinthians-pela-Libertadores.webp\",\"articleSection\":[\"Flamengo\"],\"inLanguage\":\"pt-BR\",\"potentialAction\":[{\"@type\":\"CommentAction\",\"name\":\"Comment\",\"target\":[\"https:\/\/www.gaveanews.com\/index.php\/2022\/08\/22\/arturo-vidal-faz-promessa-para-a-torcida-do-flamengo-veja-publicacao\/#respond\"]}],\"copyrightYear\":\"2022\",\"copyrightHolder\":{\"@id\":\"https:\/\/www.gaveanews.com\/#organization\"}},{\"@type\":\"WebPage\",\"@id\":\"https:\/\/www.gaveanews.com\/index.php\/2022\/08\/22\/arturo-vidal-faz-promessa-para-a-torcida-do-flamengo-veja-publicacao\/\",\"url\":\"https:\/\/www.gaveanews.com\/index.php\/2022\/08\/22\/arturo-vidal-faz-promessa-para-a-torcida-do-flamengo-veja-publicacao\/\",\"name\":\"Arturo Vidal faz promessa para a torcida do Flamengo; veja publica\u00e7\u00e3o\",\"isPartOf\":{\"@id\":\"https:\/\/www.gaveanews.com\/#website\"},\"primaryImageOfPage\":{\"@id\":\"https:\/\/www.gaveanews.com\/index.php\/2022\/08\/22\/arturo-vidal-faz-promessa-para-a-torcida-do-flamengo-veja-publicacao\/#primaryimage\"},\"image\":{\"@id\":\"https:\/\/www.gaveanews.com\/index.php\/2022\/08\/22\/arturo-vidal-faz-promessa-para-a-torcida-do-flamengo-veja-publicacao\/#primaryimage\"},\"thumbnailUrl\":\"https:\/\/www.gaveanews.com\/wp-content\/uploads\/Arturo-Vidal-em-jogo-do-Flamengo-contra-o-Corinthians-pela-Libertadores.webp\",\"datePublished\":\"2022-08-22T12:29:55+00:00\",\"dateModified\":\"2022-08-22T12:29:58+00:00\",\"author\":{\"@id\":\"https:\/\/www.gaveanews.com\/#\/schema\/person\/714c67050b836198af2450ba1c142a67\"},\"breadcrumb\":{\"@id\":\"https:\/\/www.gaveanews.com\/index.php\/2022\/08\/22\/arturo-vidal-faz-promessa-para-a-torcida-do-flamengo-veja-publicacao\/#breadcrumb\"},\"inLanguage\":\"pt-BR\",\"potentialAction\":[{\"@type\":\"ReadAction\",\"target\":[\"https:\/\/www.gaveanews.com\/index.php\/2022\/08\/22\/arturo-vidal-faz-promessa-para-a-torcida-do-flamengo-veja-publicacao\/\"]}]},{\"@type\":\"ImageObject\",\"inLanguage\":\"pt-BR\",\"@id\":\"https:\/\/www.gaveanews.com\/index.php\/2022\/08\/22\/arturo-vidal-faz-promessa-para-a-torcida-do-flamengo-veja-publicacao\/#primaryimage\",\"url\":\"https:\/\/www.gaveanews.com\/wp-content\/uploads\/Arturo-Vidal-em-jogo-do-Flamengo-contra-o-Corinthians-pela-Libertadores.webp\",\"contentUrl\":\"https:\/\/www.gaveanews.com\/wp-content\/uploads\/Arturo-Vidal-em-jogo-do-Flamengo-contra-o-Corinthians-pela-Libertadores.webp\",\"width\":800,\"height\":533,\"caption\":\"Arturo Vidal em jogo do Flamengo contra o Corinthians pela Libertadores (Foto: Marcelo Cortes\/Flamengo)\"},{\"@type\":\"BreadcrumbList\",\"@id\":\"https:\/\/www.gaveanews.com\/index.php\/2022\/08\/22\/arturo-vidal-faz-promessa-para-a-torcida-do-flamengo-veja-publicacao\/#breadcrumb\",\"itemListElement\":[{\"@type\":\"ListItem\",\"position\":1,\"name\":\"Home\",\"item\":\"https:\/\/www.gaveanews.com\/\"},{\"@type\":\"ListItem\",\"position\":2,\"name\":\"Arturo Vidal faz promessa para a torcida do Flamengo; veja publica\u00e7\u00e3o\"}]},{\"@type\":\"WebSite\",\"@id\":\"https:\/\/www.gaveanews.com\/#website\",\"url\":\"https:\/\/www.gaveanews.com\/\",\"name\":\"G\u00e1vea News\",\"description\":\"Veja todas as not\u00edcias sobre o Flamengo: Contrata\u00e7\u00f5es, categorias de base, resultados das partidas, tabela de classifica\u00e7\u00e3o, pr\u00f3ximos jogos!\",\"potentialAction\":[{\"@type\":\"SearchAction\",\"target\":{\"@type\":\"EntryPoint\",\"urlTemplate\":\"https:\/\/www.gaveanews.com\/?s={search_term_string}\"},\"query-input\":{\"@type\":\"PropertyValueSpecification\",\"valueRequired\":true,\"valueName\":\"search_term_string\"}}],\"inLanguage\":\"pt-BR\"},{\"@type\":\"Person\",\"@id\":\"https:\/\/www.gaveanews.com\/#\/schema\/person\/714c67050b836198af2450ba1c142a67\",\"name\":\"Let\u00edcia Gerheim\",\"image\":{\"@type\":\"ImageObject\",\"inLanguage\":\"pt-BR\",\"@id\":\"https:\/\/www.gaveanews.com\/#\/schema\/person\/image\/\",\"url\":\"https:\/\/secure.gravatar.com\/avatar\/60734739c50fcebfbac509e2a826ccd0ff405c019bc73aab9354f19ecad1dcb4?s=96&d=mm&r=g\",\"contentUrl\":\"https:\/\/secure.gravatar.com\/avatar\/60734739c50fcebfbac509e2a826ccd0ff405c019bc73aab9354f19ecad1dcb4?s=96&d=mm&r=g\",\"caption\":\"Let\u00edcia Gerheim\"}}]}<\/script>\n<!-- \/ Yoast SEO Premium plugin. -->","yoast_head_json":{"title":"Arturo Vidal faz promessa para a torcida do Flamengo; veja publica\u00e7\u00e3o","robots":{"index":"index","follow":"follow","max-snippet":"max-snippet:-1","max-image-preview":"max-image-preview:large","max-video-preview":"max-video-preview:-1"},"canonical":"https:\/\/www.gaveanews.com\/index.php\/2022\/08\/22\/arturo-vidal-faz-promessa-para-a-torcida-do-flamengo-veja-publicacao\/","og_locale":"pt_BR","og_type":"article","og_title":"Arturo Vidal faz promessa para a torcida do Flamengo; veja publica\u00e7\u00e3o","og_description":"O Flamengo perdeu uma grande oportunidade no Brasileir\u00e3o ao empatar com o Palmeiras e n\u00e3o diminuir a dist\u00e2ncia de pontua\u00e7\u00e3o entre as equipes. Por conta desta quest\u00e3o, o Mais Querido manteve a dist\u00e2ncia do rival, mas diminuiu a probabilidade de alcan\u00e7ar a lideran\u00e7a da tabela e, consequentemente, o t\u00edtulo do campeonato. Apesar do deslize, o [&hellip;]","og_url":"https:\/\/www.gaveanews.com\/index.php\/2022\/08\/22\/arturo-vidal-faz-promessa-para-a-torcida-do-flamengo-veja-publicacao\/","og_site_name":"G\u00e1vea News","article_publisher":"https:\/\/facebook.com\/gaveaNews\/","article_published_time":"2022-08-22T12:29:55+00:00","article_modified_time":"2022-08-22T12:29:58+00:00","og_image":[{"width":800,"height":533,"url":"https:\/\/www.gaveanews.com\/wp-content\/uploads\/Arturo-Vidal-em-jogo-do-Flamengo-contra-o-Corinthians-pela-Libertadores.webp","type":"image\/jpeg"}],"author":"Let\u00edcia Gerheim","twitter_card":"summary_large_image","twitter_misc":{"Escrito por":"Let\u00edcia Gerheim","Est. tempo de leitura":"2 minutos"},"schema":{"@context":"https:\/\/schema.org","@graph":[{"@type":"NewsArticle","@id":"https:\/\/www.gaveanews.com\/index.php\/2022\/08\/22\/arturo-vidal-faz-promessa-para-a-torcida-do-flamengo-veja-publicacao\/#article","isPartOf":{"@id":"https:\/\/www.gaveanews.com\/index.php\/2022\/08\/22\/arturo-vidal-faz-promessa-para-a-torcida-do-flamengo-veja-publicacao\/"},"author":{"name":"Let\u00edcia Gerheim","@id":"https:\/\/www.gaveanews.com\/#\/schema\/person\/714c67050b836198af2450ba1c142a67"},"headline":"Arturo Vidal faz promessa para a torcida do Flamengo; veja publica\u00e7\u00e3o","datePublished":"2022-08-22T12:29:55+00:00","dateModified":"2022-08-22T12:29:58+00:00","mainEntityOfPage":{"@id":"https:\/\/www.gaveanews.com\/index.php\/2022\/08\/22\/arturo-vidal-faz-promessa-para-a-torcida-do-flamengo-veja-publicacao\/"},"wordCount":239,"commentCount":0,"image":{"@id":"https:\/\/www.gaveanews.com\/index.php\/2022\/08\/22\/arturo-vidal-faz-promessa-para-a-torcida-do-flamengo-veja-publicacao\/#primaryimage"},"thumbnailUrl":"https:\/\/www.gaveanews.com\/wp-content\/uploads\/Arturo-Vidal-em-jogo-do-Flamengo-contra-o-Corinthians-pela-Libertadores.webp","articleSection":["Flamengo"],"inLanguage":"pt-BR","potentialAction":[{"@type":"CommentAction","name":"Comment","target":["https:\/\/www.gaveanews.com\/index.php\/2022\/08\/22\/arturo-vidal-faz-promessa-para-a-torcida-do-flamengo-veja-publicacao\/#respond"]}],"copyrightYear":"2022","copyrightHolder":{"@id":"https:\/\/www.gaveanews.com\/#organization"}},{"@type":"WebPage","@id":"https:\/\/www.gaveanews.com\/index.php\/2022\/08\/22\/arturo-vidal-faz-promessa-para-a-torcida-do-flamengo-veja-publicacao\/","url":"https:\/\/www.gaveanews.com\/index.php\/2022\/08\/22\/arturo-vidal-faz-promessa-para-a-torcida-do-flamengo-veja-publicacao\/","name":"Arturo Vidal faz promessa para a torcida do Flamengo; veja publica\u00e7\u00e3o","isPartOf":{"@id":"https:\/\/www.gaveanews.com\/#website"},"primaryImageOfPage":{"@id":"https:\/\/www.gaveanews.com\/index.php\/2022\/08\/22\/arturo-vidal-faz-promessa-para-a-torcida-do-flamengo-veja-publicacao\/#primaryimage"},"image":{"@id":"https:\/\/www.gaveanews.com\/index.php\/2022\/08\/22\/arturo-vidal-faz-promessa-para-a-torcida-do-flamengo-veja-publicacao\/#primaryimage"},"thumbnailUrl":"https:\/\/www.gaveanews.com\/wp-content\/uploads\/Arturo-Vidal-em-jogo-do-Flamengo-contra-o-Corinthians-pela-Libertadores.webp","datePublished":"2022-08-22T12:29:55+00:00","dateModified":"2022-08-22T12:29:58+00:00","author":{"@id":"https:\/\/www.gaveanews.com\/#\/schema\/person\/714c67050b836198af2450ba1c142a67"},"breadcrumb":{"@id":"https:\/\/www.gaveanews.com\/index.php\/2022\/08\/22\/arturo-vidal-faz-promessa-para-a-torcida-do-flamengo-veja-publicacao\/#breadcrumb"},"inLanguage":"pt-BR","potentialAction":[{"@type":"ReadAction","target":["https:\/\/www.gaveanews.com\/index.php\/2022\/08\/22\/arturo-vidal-faz-promessa-para-a-torcida-do-flamengo-veja-publicacao\/"]}]},{"@type":"ImageObject","inLanguage":"pt-BR","@id":"https:\/\/www.gaveanews.com\/index.php\/2022\/08\/22\/arturo-vidal-faz-promessa-para-a-torcida-do-flamengo-veja-publicacao\/#primaryimage","url":"https:\/\/www.gaveanews.com\/wp-content\/uploads\/Arturo-Vidal-em-jogo-do-Flamengo-contra-o-Corinthians-pela-Libertadores.webp","contentUrl":"https:\/\/www.gaveanews.com\/wp-content\/uploads\/Arturo-Vidal-em-jogo-do-Flamengo-contra-o-Corinthians-pela-Libertadores.webp","width":800,"height":533,"caption":"Arturo Vidal em jogo do Flamengo contra o Corinthians pela Libertadores (Foto: Marcelo Cortes\/Flamengo)"},{"@type":"BreadcrumbList","@id":"https:\/\/www.gaveanews.com\/index.php\/2022\/08\/22\/arturo-vidal-faz-promessa-para-a-torcida-do-flamengo-veja-publicacao\/#breadcrumb","itemListElement":[{"@type":"ListItem","position":1,"name":"Home","item":"https:\/\/www.gaveanews.com\/"},{"@type":"ListItem","position":2,"name":"Arturo Vidal faz promessa para a torcida do Flamengo; veja publica\u00e7\u00e3o"}]},{"@type":"WebSite","@id":"https:\/\/www.gaveanews.com\/#website","url":"https:\/\/www.gaveanews.com\/","name":"G\u00e1vea News","description":"Veja todas as not\u00edcias sobre o Flamengo: Contrata\u00e7\u00f5es, categorias de base, resultados das partidas, tabela de classifica\u00e7\u00e3o, pr\u00f3ximos jogos!","potentialAction":[{"@type":"SearchAction","target":{"@type":"EntryPoint","urlTemplate":"https:\/\/www.gaveanews.com\/?s={search_term_string}"},"query-input":{"@type":"PropertyValueSpecification","valueRequired":true,"valueName":"search_term_string"}}],"inLanguage":"pt-BR"},{"@type":"Person","@id":"https:\/\/www.gaveanews.com\/#\/schema\/person\/714c67050b836198af2450ba1c142a67","name":"Let\u00edcia Gerheim","image":{"@type":"ImageObject","inLanguage":"pt-BR","@id":"https:\/\/www.gaveanews.com\/#\/schema\/person\/image\/","url":"https:\/\/secure.gravatar.com\/avatar\/60734739c50fcebfbac509e2a826ccd0ff405c019bc73aab9354f19ecad1dcb4?s=96&d=mm&r=g","contentUrl":"https:\/\/secure.gravatar.com\/avatar\/60734739c50fcebfbac509e2a826ccd0ff405c019bc73aab9354f19ecad1dcb4?s=96&d=mm&r=g","caption":"Let\u00edcia Gerheim"}}]}},"_links":{"self":[{"href":"https:\/\/www.gaveanews.com\/index.php\/wp-json\/wp\/v2\/posts\/86194","targetHints":{"allow":["GET"]}}],"collection":[{"href":"https:\/\/www.gaveanews.com\/index.php\/wp-json\/wp\/v2\/posts"}],"about":[{"href":"https:\/\/www.gaveanews.com\/index.php\/wp-json\/wp\/v2\/types\/post"}],"author":[{"embeddable":true,"href":"https:\/\/www.gaveanews.com\/index.php\/wp-json\/wp\/v2\/users\/4"}],"replies":[{"embeddable":true,"href":"https:\/\/www.gaveanews.com\/index.php\/wp-json\/wp\/v2\/comments?post=86194"}],"version-history":[{"count":0,"href":"https:\/\/www.gaveanews.com\/index.php\/wp-json\/wp\/v2\/posts\/86194\/revisions"}],"wp:featuredmedia":[{"embeddable":true,"href":"https:\/\/www.gaveanews.com\/index.php\/wp-json\/wp\/v2\/media\/85520"}],"wp:attachment":[{"href":"https:\/\/www.gaveanews.com\/index.php\/wp-json\/wp\/v2\/media?parent=86194"}],"wp:term":[{"taxonomy":"category","embeddable":true,"href":"https:\/\/www.gaveanews.com\/index.php\/wp-json\/wp\/v2\/categories?post=86194"},{"taxonomy":"post_tag","embeddable":true,"href":"https:\/\/www.gaveanews.com\/index.php\/wp-json\/wp\/v2\/tags?post=86194"}],"curies":[{"name":"wp","href":"https:\/\/api.w.org\/{rel}","templated":true}]}}