{"id":86206,"date":"2022-08-22T11:06:44","date_gmt":"2022-08-22T14:06:44","guid":{"rendered":"https:\/\/www.gaveanews.com\/?p=86206"},"modified":"2022-08-22T11:06:46","modified_gmt":"2022-08-22T14:06:46","slug":"dorival-junior-faz-previsao-para-o-restante-da-temporada-do-flamengo","status":"publish","type":"post","link":"https:\/\/www.gaveanews.com\/index.php\/2022\/08\/22\/dorival-junior-faz-previsao-para-o-restante-da-temporada-do-flamengo\/","title":{"rendered":"Dorival Junior faz previs\u00e3o para o restante da temporada do Flamengo"},"content":{"rendered":"\n<p>Vivo na briga pelos principais t\u00edtulos da temporada, o Flamengo adotou a alterna\u00e7\u00e3o em seus dois times para o elenco permanecer inteiro nas tr\u00eas frentes. Apesar de ter enfrentado o Palmeiras em um jogo de maior relev\u00e2ncia no Brasileir\u00e3o, o Mais Querido manteve sua postura e foi a campo com uma equipe alternativa.<\/p>\n\n\n\n<p>Depois do duelo, que terminou empatado por 1 a 1, Dorival J\u00fanior falou sobre as condi\u00e7\u00f5es do elenco e dos cuidados que est\u00e3o sendo tomados para que a equipe tenha a possibilidade de chegar no final da temporada bem f\u00edsica e psicologicamente. Caso consiga manter este ritmo, o t\u00e9cnico afirmou que o clube ter\u00e1 \u00f3timos resultados no balan\u00e7o do ciclo de 2022.<\/p>\n\n\n\n<p>\u2014\u00a0<em>N\u00f3s estamos tentando trabalhar em todos os sentidos. Os jogadores est\u00e3o acreditando (no trabalho). Eles est\u00e3o entendendo e est\u00e3o motivados, todo mundo atento e ligado no que vem acontecendo com a equipe. Todos s\u00e3o importantes, para mim n\u00e3o existe titularidade de um ou outro. Todos entram bem e d\u00e3o resposta positiva. Est\u00e3o todos engajados num processo e num projeto. Se seguirmos assim, chegaremos a \u00f3timos resultados. \u00c9 nesse sentido que todos n\u00f3s estamos trabalhando.<\/em><\/p>\n\n\n\n<p>Ap\u00f3s o empate, o Flamengo volta seu foco para a Copa do Brasil. O Mais Querido vai a campo na quarta-feira (24) para enfrentar o S\u00e3o Paulo no jogo de ida pelas semifinais do torneio.<\/p>\n\n\n\n<p>O duelo contra o Tricolor Paulista acontece \u00e0s 21h30 (hor\u00e1rio de Bras\u00edlia), no Morumbi. A decis\u00e3o entre as equipes acontece no dia 14 de setembro, no Maracan\u00e3.<\/p>\n","protected":false},"excerpt":{"rendered":"<p>Vivo na briga pelos principais t\u00edtulos da temporada, o Flamengo adotou a alterna\u00e7\u00e3o em seus dois times para o elenco permanecer inteiro nas tr\u00eas frentes. Apesar de ter enfrentado o Palmeiras em um jogo de maior relev\u00e2ncia no Brasileir\u00e3o, o Mais Querido manteve sua postura e foi a campo com uma equipe alternativa. Depois do [&hellip;]<\/p>\n","protected":false},"author":4,"featured_media":84790,"comment_status":"open","ping_status":"closed","sticky":false,"template":"","format":"standard","meta":{"footnotes":""},"categories":[1],"tags":[],"class_list":["post-86206","post","type-post","status-publish","format-standard","has-post-thumbnail","hentry","category-flamengo"],"yoast_head":"<!-- This site is optimized with the Yoast SEO Premium plugin v24.2 (Yoast SEO v26.9) - https:\/\/yoast.com\/product\/yoast-seo-premium-wordpress\/ -->\n<title>Dorival Junior faz previs\u00e3o para o restante da temporada do Flamengo<\/title>\n<meta name=\"robots\" content=\"index, follow, max-snippet:-1, max-image-preview:large, max-video-preview:-1\" \/>\n<link rel=\"canonical\" href=\"https:\/\/www.gaveanews.com\/index.php\/2022\/08\/22\/dorival-junior-faz-previsao-para-o-restante-da-temporada-do-flamengo\/\" \/>\n<meta property=\"og:locale\" content=\"pt_BR\" \/>\n<meta property=\"og:type\" content=\"article\" \/>\n<meta property=\"og:title\" content=\"Dorival Junior faz previs\u00e3o para o restante da temporada do Flamengo\" \/>\n<meta property=\"og:description\" content=\"Vivo na briga pelos principais t\u00edtulos da temporada, o Flamengo adotou a alterna\u00e7\u00e3o em seus dois times para o elenco permanecer inteiro nas tr\u00eas frentes. Apesar de ter enfrentado o Palmeiras em um jogo de maior relev\u00e2ncia no Brasileir\u00e3o, o Mais Querido manteve sua postura e foi a campo com uma equipe alternativa. Depois do [&hellip;]\" \/>\n<meta property=\"og:url\" content=\"https:\/\/www.gaveanews.com\/index.php\/2022\/08\/22\/dorival-junior-faz-previsao-para-o-restante-da-temporada-do-flamengo\/\" \/>\n<meta property=\"og:site_name\" content=\"G\u00e1vea News\" \/>\n<meta property=\"article:publisher\" content=\"https:\/\/facebook.com\/gaveaNews\/\" \/>\n<meta property=\"article:published_time\" content=\"2022-08-22T14:06:44+00:00\" \/>\n<meta property=\"article:modified_time\" content=\"2022-08-22T14:06:46+00:00\" \/>\n<meta property=\"og:image\" content=\"https:\/\/www.gaveanews.com\/wp-content\/uploads\/Dorival-Junior-comanda-o-Flamengo-no-Maracana.webp\" \/>\n\t<meta property=\"og:image:width\" content=\"799\" \/>\n\t<meta property=\"og:image:height\" content=\"532\" \/>\n\t<meta property=\"og:image:type\" content=\"image\/jpeg\" \/>\n<meta name=\"author\" content=\"Let\u00edcia Gerheim\" \/>\n<meta name=\"twitter:card\" content=\"summary_large_image\" \/>\n<meta name=\"twitter:label1\" content=\"Escrito por\" \/>\n\t<meta name=\"twitter:data1\" content=\"Let\u00edcia Gerheim\" \/>\n\t<meta name=\"twitter:label2\" content=\"Est. tempo de leitura\" \/>\n\t<meta name=\"twitter:data2\" content=\"2 minutos\" \/>\n<script type=\"application\/ld+json\" class=\"yoast-schema-graph\">{\"@context\":\"https:\/\/schema.org\",\"@graph\":[{\"@type\":\"NewsArticle\",\"@id\":\"https:\/\/www.gaveanews.com\/index.php\/2022\/08\/22\/dorival-junior-faz-previsao-para-o-restante-da-temporada-do-flamengo\/#article\",\"isPartOf\":{\"@id\":\"https:\/\/www.gaveanews.com\/index.php\/2022\/08\/22\/dorival-junior-faz-previsao-para-o-restante-da-temporada-do-flamengo\/\"},\"author\":{\"name\":\"Let\u00edcia Gerheim\",\"@id\":\"https:\/\/www.gaveanews.com\/#\/schema\/person\/714c67050b836198af2450ba1c142a67\"},\"headline\":\"Dorival Junior faz previs\u00e3o para o restante da temporada do Flamengo\",\"datePublished\":\"2022-08-22T14:06:44+00:00\",\"dateModified\":\"2022-08-22T14:06:46+00:00\",\"mainEntityOfPage\":{\"@id\":\"https:\/\/www.gaveanews.com\/index.php\/2022\/08\/22\/dorival-junior-faz-previsao-para-o-restante-da-temporada-do-flamengo\/\"},\"wordCount\":282,\"commentCount\":0,\"image\":{\"@id\":\"https:\/\/www.gaveanews.com\/index.php\/2022\/08\/22\/dorival-junior-faz-previsao-para-o-restante-da-temporada-do-flamengo\/#primaryimage\"},\"thumbnailUrl\":\"https:\/\/www.gaveanews.com\/wp-content\/uploads\/Dorival-Junior-comanda-o-Flamengo-no-Maracana.webp\",\"articleSection\":[\"Flamengo\"],\"inLanguage\":\"pt-BR\",\"potentialAction\":[{\"@type\":\"CommentAction\",\"name\":\"Comment\",\"target\":[\"https:\/\/www.gaveanews.com\/index.php\/2022\/08\/22\/dorival-junior-faz-previsao-para-o-restante-da-temporada-do-flamengo\/#respond\"]}],\"copyrightYear\":\"2022\",\"copyrightHolder\":{\"@id\":\"https:\/\/www.gaveanews.com\/#organization\"}},{\"@type\":\"WebPage\",\"@id\":\"https:\/\/www.gaveanews.com\/index.php\/2022\/08\/22\/dorival-junior-faz-previsao-para-o-restante-da-temporada-do-flamengo\/\",\"url\":\"https:\/\/www.gaveanews.com\/index.php\/2022\/08\/22\/dorival-junior-faz-previsao-para-o-restante-da-temporada-do-flamengo\/\",\"name\":\"Dorival Junior faz previs\u00e3o para o restante da temporada do Flamengo\",\"isPartOf\":{\"@id\":\"https:\/\/www.gaveanews.com\/#website\"},\"primaryImageOfPage\":{\"@id\":\"https:\/\/www.gaveanews.com\/index.php\/2022\/08\/22\/dorival-junior-faz-previsao-para-o-restante-da-temporada-do-flamengo\/#primaryimage\"},\"image\":{\"@id\":\"https:\/\/www.gaveanews.com\/index.php\/2022\/08\/22\/dorival-junior-faz-previsao-para-o-restante-da-temporada-do-flamengo\/#primaryimage\"},\"thumbnailUrl\":\"https:\/\/www.gaveanews.com\/wp-content\/uploads\/Dorival-Junior-comanda-o-Flamengo-no-Maracana.webp\",\"datePublished\":\"2022-08-22T14:06:44+00:00\",\"dateModified\":\"2022-08-22T14:06:46+00:00\",\"author\":{\"@id\":\"https:\/\/www.gaveanews.com\/#\/schema\/person\/714c67050b836198af2450ba1c142a67\"},\"breadcrumb\":{\"@id\":\"https:\/\/www.gaveanews.com\/index.php\/2022\/08\/22\/dorival-junior-faz-previsao-para-o-restante-da-temporada-do-flamengo\/#breadcrumb\"},\"inLanguage\":\"pt-BR\",\"potentialAction\":[{\"@type\":\"ReadAction\",\"target\":[\"https:\/\/www.gaveanews.com\/index.php\/2022\/08\/22\/dorival-junior-faz-previsao-para-o-restante-da-temporada-do-flamengo\/\"]}]},{\"@type\":\"ImageObject\",\"inLanguage\":\"pt-BR\",\"@id\":\"https:\/\/www.gaveanews.com\/index.php\/2022\/08\/22\/dorival-junior-faz-previsao-para-o-restante-da-temporada-do-flamengo\/#primaryimage\",\"url\":\"https:\/\/www.gaveanews.com\/wp-content\/uploads\/Dorival-Junior-comanda-o-Flamengo-no-Maracana.webp\",\"contentUrl\":\"https:\/\/www.gaveanews.com\/wp-content\/uploads\/Dorival-Junior-comanda-o-Flamengo-no-Maracana.webp\",\"width\":799,\"height\":532,\"caption\":\"Dorival J\u00fanior comanda o Flamengo no Maracan\u00e3 (Foto: Paula Reis\/Flamengo)\"},{\"@type\":\"BreadcrumbList\",\"@id\":\"https:\/\/www.gaveanews.com\/index.php\/2022\/08\/22\/dorival-junior-faz-previsao-para-o-restante-da-temporada-do-flamengo\/#breadcrumb\",\"itemListElement\":[{\"@type\":\"ListItem\",\"position\":1,\"name\":\"Home\",\"item\":\"https:\/\/www.gaveanews.com\/\"},{\"@type\":\"ListItem\",\"position\":2,\"name\":\"Dorival Junior faz previs\u00e3o para o restante da temporada do Flamengo\"}]},{\"@type\":\"WebSite\",\"@id\":\"https:\/\/www.gaveanews.com\/#website\",\"url\":\"https:\/\/www.gaveanews.com\/\",\"name\":\"G\u00e1vea News\",\"description\":\"Veja todas as not\u00edcias sobre o Flamengo: Contrata\u00e7\u00f5es, categorias de base, resultados das partidas, tabela de classifica\u00e7\u00e3o, pr\u00f3ximos jogos!\",\"potentialAction\":[{\"@type\":\"SearchAction\",\"target\":{\"@type\":\"EntryPoint\",\"urlTemplate\":\"https:\/\/www.gaveanews.com\/?s={search_term_string}\"},\"query-input\":{\"@type\":\"PropertyValueSpecification\",\"valueRequired\":true,\"valueName\":\"search_term_string\"}}],\"inLanguage\":\"pt-BR\"},{\"@type\":\"Person\",\"@id\":\"https:\/\/www.gaveanews.com\/#\/schema\/person\/714c67050b836198af2450ba1c142a67\",\"name\":\"Let\u00edcia Gerheim\",\"image\":{\"@type\":\"ImageObject\",\"inLanguage\":\"pt-BR\",\"@id\":\"https:\/\/www.gaveanews.com\/#\/schema\/person\/image\/\",\"url\":\"https:\/\/secure.gravatar.com\/avatar\/60734739c50fcebfbac509e2a826ccd0ff405c019bc73aab9354f19ecad1dcb4?s=96&d=mm&r=g\",\"contentUrl\":\"https:\/\/secure.gravatar.com\/avatar\/60734739c50fcebfbac509e2a826ccd0ff405c019bc73aab9354f19ecad1dcb4?s=96&d=mm&r=g\",\"caption\":\"Let\u00edcia Gerheim\"}}]}<\/script>\n<!-- \/ Yoast SEO Premium plugin. -->","yoast_head_json":{"title":"Dorival Junior faz previs\u00e3o para o restante da temporada do Flamengo","robots":{"index":"index","follow":"follow","max-snippet":"max-snippet:-1","max-image-preview":"max-image-preview:large","max-video-preview":"max-video-preview:-1"},"canonical":"https:\/\/www.gaveanews.com\/index.php\/2022\/08\/22\/dorival-junior-faz-previsao-para-o-restante-da-temporada-do-flamengo\/","og_locale":"pt_BR","og_type":"article","og_title":"Dorival Junior faz previs\u00e3o para o restante da temporada do Flamengo","og_description":"Vivo na briga pelos principais t\u00edtulos da temporada, o Flamengo adotou a alterna\u00e7\u00e3o em seus dois times para o elenco permanecer inteiro nas tr\u00eas frentes. Apesar de ter enfrentado o Palmeiras em um jogo de maior relev\u00e2ncia no Brasileir\u00e3o, o Mais Querido manteve sua postura e foi a campo com uma equipe alternativa. Depois do [&hellip;]","og_url":"https:\/\/www.gaveanews.com\/index.php\/2022\/08\/22\/dorival-junior-faz-previsao-para-o-restante-da-temporada-do-flamengo\/","og_site_name":"G\u00e1vea News","article_publisher":"https:\/\/facebook.com\/gaveaNews\/","article_published_time":"2022-08-22T14:06:44+00:00","article_modified_time":"2022-08-22T14:06:46+00:00","og_image":[{"width":799,"height":532,"url":"https:\/\/www.gaveanews.com\/wp-content\/uploads\/Dorival-Junior-comanda-o-Flamengo-no-Maracana.webp","type":"image\/jpeg"}],"author":"Let\u00edcia Gerheim","twitter_card":"summary_large_image","twitter_misc":{"Escrito por":"Let\u00edcia Gerheim","Est. tempo de leitura":"2 minutos"},"schema":{"@context":"https:\/\/schema.org","@graph":[{"@type":"NewsArticle","@id":"https:\/\/www.gaveanews.com\/index.php\/2022\/08\/22\/dorival-junior-faz-previsao-para-o-restante-da-temporada-do-flamengo\/#article","isPartOf":{"@id":"https:\/\/www.gaveanews.com\/index.php\/2022\/08\/22\/dorival-junior-faz-previsao-para-o-restante-da-temporada-do-flamengo\/"},"author":{"name":"Let\u00edcia Gerheim","@id":"https:\/\/www.gaveanews.com\/#\/schema\/person\/714c67050b836198af2450ba1c142a67"},"headline":"Dorival Junior faz previs\u00e3o para o restante da temporada do Flamengo","datePublished":"2022-08-22T14:06:44+00:00","dateModified":"2022-08-22T14:06:46+00:00","mainEntityOfPage":{"@id":"https:\/\/www.gaveanews.com\/index.php\/2022\/08\/22\/dorival-junior-faz-previsao-para-o-restante-da-temporada-do-flamengo\/"},"wordCount":282,"commentCount":0,"image":{"@id":"https:\/\/www.gaveanews.com\/index.php\/2022\/08\/22\/dorival-junior-faz-previsao-para-o-restante-da-temporada-do-flamengo\/#primaryimage"},"thumbnailUrl":"https:\/\/www.gaveanews.com\/wp-content\/uploads\/Dorival-Junior-comanda-o-Flamengo-no-Maracana.webp","articleSection":["Flamengo"],"inLanguage":"pt-BR","potentialAction":[{"@type":"CommentAction","name":"Comment","target":["https:\/\/www.gaveanews.com\/index.php\/2022\/08\/22\/dorival-junior-faz-previsao-para-o-restante-da-temporada-do-flamengo\/#respond"]}],"copyrightYear":"2022","copyrightHolder":{"@id":"https:\/\/www.gaveanews.com\/#organization"}},{"@type":"WebPage","@id":"https:\/\/www.gaveanews.com\/index.php\/2022\/08\/22\/dorival-junior-faz-previsao-para-o-restante-da-temporada-do-flamengo\/","url":"https:\/\/www.gaveanews.com\/index.php\/2022\/08\/22\/dorival-junior-faz-previsao-para-o-restante-da-temporada-do-flamengo\/","name":"Dorival Junior faz previs\u00e3o para o restante da temporada do Flamengo","isPartOf":{"@id":"https:\/\/www.gaveanews.com\/#website"},"primaryImageOfPage":{"@id":"https:\/\/www.gaveanews.com\/index.php\/2022\/08\/22\/dorival-junior-faz-previsao-para-o-restante-da-temporada-do-flamengo\/#primaryimage"},"image":{"@id":"https:\/\/www.gaveanews.com\/index.php\/2022\/08\/22\/dorival-junior-faz-previsao-para-o-restante-da-temporada-do-flamengo\/#primaryimage"},"thumbnailUrl":"https:\/\/www.gaveanews.com\/wp-content\/uploads\/Dorival-Junior-comanda-o-Flamengo-no-Maracana.webp","datePublished":"2022-08-22T14:06:44+00:00","dateModified":"2022-08-22T14:06:46+00:00","author":{"@id":"https:\/\/www.gaveanews.com\/#\/schema\/person\/714c67050b836198af2450ba1c142a67"},"breadcrumb":{"@id":"https:\/\/www.gaveanews.com\/index.php\/2022\/08\/22\/dorival-junior-faz-previsao-para-o-restante-da-temporada-do-flamengo\/#breadcrumb"},"inLanguage":"pt-BR","potentialAction":[{"@type":"ReadAction","target":["https:\/\/www.gaveanews.com\/index.php\/2022\/08\/22\/dorival-junior-faz-previsao-para-o-restante-da-temporada-do-flamengo\/"]}]},{"@type":"ImageObject","inLanguage":"pt-BR","@id":"https:\/\/www.gaveanews.com\/index.php\/2022\/08\/22\/dorival-junior-faz-previsao-para-o-restante-da-temporada-do-flamengo\/#primaryimage","url":"https:\/\/www.gaveanews.com\/wp-content\/uploads\/Dorival-Junior-comanda-o-Flamengo-no-Maracana.webp","contentUrl":"https:\/\/www.gaveanews.com\/wp-content\/uploads\/Dorival-Junior-comanda-o-Flamengo-no-Maracana.webp","width":799,"height":532,"caption":"Dorival J\u00fanior comanda o Flamengo no Maracan\u00e3 (Foto: Paula Reis\/Flamengo)"},{"@type":"BreadcrumbList","@id":"https:\/\/www.gaveanews.com\/index.php\/2022\/08\/22\/dorival-junior-faz-previsao-para-o-restante-da-temporada-do-flamengo\/#breadcrumb","itemListElement":[{"@type":"ListItem","position":1,"name":"Home","item":"https:\/\/www.gaveanews.com\/"},{"@type":"ListItem","position":2,"name":"Dorival Junior faz previs\u00e3o para o restante da temporada do Flamengo"}]},{"@type":"WebSite","@id":"https:\/\/www.gaveanews.com\/#website","url":"https:\/\/www.gaveanews.com\/","name":"G\u00e1vea News","description":"Veja todas as not\u00edcias sobre o Flamengo: Contrata\u00e7\u00f5es, categorias de base, resultados das partidas, tabela de classifica\u00e7\u00e3o, pr\u00f3ximos jogos!","potentialAction":[{"@type":"SearchAction","target":{"@type":"EntryPoint","urlTemplate":"https:\/\/www.gaveanews.com\/?s={search_term_string}"},"query-input":{"@type":"PropertyValueSpecification","valueRequired":true,"valueName":"search_term_string"}}],"inLanguage":"pt-BR"},{"@type":"Person","@id":"https:\/\/www.gaveanews.com\/#\/schema\/person\/714c67050b836198af2450ba1c142a67","name":"Let\u00edcia Gerheim","image":{"@type":"ImageObject","inLanguage":"pt-BR","@id":"https:\/\/www.gaveanews.com\/#\/schema\/person\/image\/","url":"https:\/\/secure.gravatar.com\/avatar\/60734739c50fcebfbac509e2a826ccd0ff405c019bc73aab9354f19ecad1dcb4?s=96&d=mm&r=g","contentUrl":"https:\/\/secure.gravatar.com\/avatar\/60734739c50fcebfbac509e2a826ccd0ff405c019bc73aab9354f19ecad1dcb4?s=96&d=mm&r=g","caption":"Let\u00edcia Gerheim"}}]}},"_links":{"self":[{"href":"https:\/\/www.gaveanews.com\/index.php\/wp-json\/wp\/v2\/posts\/86206","targetHints":{"allow":["GET"]}}],"collection":[{"href":"https:\/\/www.gaveanews.com\/index.php\/wp-json\/wp\/v2\/posts"}],"about":[{"href":"https:\/\/www.gaveanews.com\/index.php\/wp-json\/wp\/v2\/types\/post"}],"author":[{"embeddable":true,"href":"https:\/\/www.gaveanews.com\/index.php\/wp-json\/wp\/v2\/users\/4"}],"replies":[{"embeddable":true,"href":"https:\/\/www.gaveanews.com\/index.php\/wp-json\/wp\/v2\/comments?post=86206"}],"version-history":[{"count":0,"href":"https:\/\/www.gaveanews.com\/index.php\/wp-json\/wp\/v2\/posts\/86206\/revisions"}],"wp:featuredmedia":[{"embeddable":true,"href":"https:\/\/www.gaveanews.com\/index.php\/wp-json\/wp\/v2\/media\/84790"}],"wp:attachment":[{"href":"https:\/\/www.gaveanews.com\/index.php\/wp-json\/wp\/v2\/media?parent=86206"}],"wp:term":[{"taxonomy":"category","embeddable":true,"href":"https:\/\/www.gaveanews.com\/index.php\/wp-json\/wp\/v2\/categories?post=86206"},{"taxonomy":"post_tag","embeddable":true,"href":"https:\/\/www.gaveanews.com\/index.php\/wp-json\/wp\/v2\/tags?post=86206"}],"curies":[{"name":"wp","href":"https:\/\/api.w.org\/{rel}","templated":true}]}}