{"id":86208,"date":"2022-08-22T13:55:01","date_gmt":"2022-08-22T16:55:01","guid":{"rendered":"https:\/\/www.gaveanews.com\/?p=86208"},"modified":"2022-08-22T13:55:04","modified_gmt":"2022-08-22T16:55:04","slug":"vinicius-junior-lucas-paqueta-gerson-jean-lucas-thuler-e-andreas-pereira-veja-o-final-de-semana-dos-ex-flamengo-no-exterior","status":"publish","type":"post","link":"https:\/\/www.gaveanews.com\/index.php\/2022\/08\/22\/vinicius-junior-lucas-paqueta-gerson-jean-lucas-thuler-e-andreas-pereira-veja-o-final-de-semana-dos-ex-flamengo-no-exterior\/","title":{"rendered":"Vin\u00edcius J\u00fanior, Lucas Paquet\u00e1, Gerson, Jean Lucas, Thuler e Andreas Pereira: veja o final de semana dos ex-Flamengo no exterior"},"content":{"rendered":"\n<p>O Flamengo foi a campo neste final de semana pelo Brasileir\u00e3o e n\u00e3o conseguiu sair com a vit\u00f3ria do Allianz Parque, empatado com o Palmeiras por 1 a 1. Enquanto o Rubro-Negro disputava a rodada 23 do campeonato nacional, os jogadores que possuem passagem pelo clube auxiliavam suas novas equipes no exterior.<\/p>\n\n\n\n<p>Na Espanha, <strong>Vin\u00edcius J\u00fanior <\/strong>deu um show pelo Real Madrid, marcando um gol e dando uma assist\u00eancia a Valverde na goleada sobre o Celta de Vigo por 4 a 1, v\u00e1lida pela segunda rodada da La Liga.<\/p>\n\n\n\n<p>J\u00e1 no futebol franc\u00eas, <strong>Lucas Paquet\u00e1<\/strong> e <strong>Gerson<\/strong> tamb\u00e9m venceram com seus novos times. Paquet\u00e1 teve um dos melhores desempenhos da equipe na vit\u00f3ria por 4 a 1 do Lyon sobre o Troyes. Gerson, sofreu uma pancada no tornozelo e precisou ser substitu\u00eddo ainda no come\u00e7o do segundo tempo da partida que terminou em 2 a 1 para o Olympique de Marseille.<\/p>\n\n\n\n<p>Em contrapartida, ainda na Fran\u00e7a, <strong>Jean Lucas<\/strong> fez um jogo regular, mas n\u00e3o impediu a derrota do M\u00f4naco para o Lens por 4 a 1.<\/p>\n\n\n\n<p>Na Inglaterra, <strong>Andreas Pereira<\/strong> fez mais um grande jogo pelo Fulham, sendo ainda o destaque da equipe, na vit\u00f3ria por 3 a 2 sobre o Brentford.<\/p>\n\n\n\n<p>Por fim, <strong>Matheus Thuler <\/strong>foi acionado pelo Vissel Kobe, do Jap\u00e3o, na partida contra o Jeonbuk h\u00e1 poucas horas, ainda nesta madrugada. O zagueiro, no entanto, saiu de campo com a derrota por 3 a 1. Vale destacar que o defensor tem sido muito elogiado pela torcida desde sua chagada na equipe japonesa.<\/p>\n","protected":false},"excerpt":{"rendered":"<p>O Flamengo foi a campo neste final de semana pelo Brasileir\u00e3o e n\u00e3o conseguiu sair com a vit\u00f3ria do Allianz Parque, empatado com o Palmeiras por 1 a 1. Enquanto o Rubro-Negro disputava a rodada 23 do campeonato nacional, os jogadores que possuem passagem pelo clube auxiliavam suas novas equipes no exterior. Na Espanha, Vin\u00edcius [&hellip;]<\/p>\n","protected":false},"author":4,"featured_media":86209,"comment_status":"open","ping_status":"closed","sticky":false,"template":"","format":"standard","meta":{"footnotes":""},"categories":[1],"tags":[],"class_list":["post-86208","post","type-post","status-publish","format-standard","has-post-thumbnail","hentry","category-flamengo"],"yoast_head":"<!-- This site is optimized with the Yoast SEO Premium plugin v24.2 (Yoast SEO v26.9) - https:\/\/yoast.com\/product\/yoast-seo-premium-wordpress\/ -->\n<title>Vin\u00edcius J\u00fanior, Lucas Paquet\u00e1, Gerson, Jean Lucas, Thuler e Andreas Pereira: veja o final de semana dos ex-Flamengo no exterior<\/title>\n<meta name=\"robots\" content=\"index, follow, max-snippet:-1, max-image-preview:large, max-video-preview:-1\" \/>\n<link rel=\"canonical\" href=\"https:\/\/www.gaveanews.com\/index.php\/2022\/08\/22\/vinicius-junior-lucas-paqueta-gerson-jean-lucas-thuler-e-andreas-pereira-veja-o-final-de-semana-dos-ex-flamengo-no-exterior\/\" \/>\n<meta property=\"og:locale\" content=\"pt_BR\" \/>\n<meta property=\"og:type\" content=\"article\" \/>\n<meta property=\"og:title\" content=\"Vin\u00edcius J\u00fanior, Lucas Paquet\u00e1, Gerson, Jean Lucas, Thuler e Andreas Pereira: veja o final de semana dos ex-Flamengo no exterior\" \/>\n<meta property=\"og:description\" content=\"O Flamengo foi a campo neste final de semana pelo Brasileir\u00e3o e n\u00e3o conseguiu sair com a vit\u00f3ria do Allianz Parque, empatado com o Palmeiras por 1 a 1. Enquanto o Rubro-Negro disputava a rodada 23 do campeonato nacional, os jogadores que possuem passagem pelo clube auxiliavam suas novas equipes no exterior. Na Espanha, Vin\u00edcius [&hellip;]\" \/>\n<meta property=\"og:url\" content=\"https:\/\/www.gaveanews.com\/index.php\/2022\/08\/22\/vinicius-junior-lucas-paqueta-gerson-jean-lucas-thuler-e-andreas-pereira-veja-o-final-de-semana-dos-ex-flamengo-no-exterior\/\" \/>\n<meta property=\"og:site_name\" content=\"G\u00e1vea News\" \/>\n<meta property=\"article:publisher\" content=\"https:\/\/facebook.com\/gaveaNews\/\" \/>\n<meta property=\"article:published_time\" content=\"2022-08-22T16:55:01+00:00\" \/>\n<meta property=\"article:modified_time\" content=\"2022-08-22T16:55:04+00:00\" \/>\n<meta property=\"og:image\" content=\"https:\/\/www.gaveanews.com\/wp-content\/uploads\/Vinicius-Junior-em-jogo-do-Real-Madrid-contra-o-Celta-de-Vigo.webp\" \/>\n\t<meta property=\"og:image:width\" content=\"900\" \/>\n\t<meta property=\"og:image:height\" content=\"506\" \/>\n\t<meta property=\"og:image:type\" content=\"image\/jpeg\" \/>\n<meta name=\"author\" content=\"Let\u00edcia Gerheim\" \/>\n<meta name=\"twitter:card\" content=\"summary_large_image\" \/>\n<meta name=\"twitter:label1\" content=\"Escrito por\" \/>\n\t<meta name=\"twitter:data1\" content=\"Let\u00edcia Gerheim\" \/>\n\t<meta name=\"twitter:label2\" content=\"Est. tempo de leitura\" \/>\n\t<meta name=\"twitter:data2\" content=\"2 minutos\" \/>\n<script type=\"application\/ld+json\" class=\"yoast-schema-graph\">{\"@context\":\"https:\/\/schema.org\",\"@graph\":[{\"@type\":\"NewsArticle\",\"@id\":\"https:\/\/www.gaveanews.com\/index.php\/2022\/08\/22\/vinicius-junior-lucas-paqueta-gerson-jean-lucas-thuler-e-andreas-pereira-veja-o-final-de-semana-dos-ex-flamengo-no-exterior\/#article\",\"isPartOf\":{\"@id\":\"https:\/\/www.gaveanews.com\/index.php\/2022\/08\/22\/vinicius-junior-lucas-paqueta-gerson-jean-lucas-thuler-e-andreas-pereira-veja-o-final-de-semana-dos-ex-flamengo-no-exterior\/\"},\"author\":{\"name\":\"Let\u00edcia Gerheim\",\"@id\":\"https:\/\/www.gaveanews.com\/#\/schema\/person\/714c67050b836198af2450ba1c142a67\"},\"headline\":\"Vin\u00edcius J\u00fanior, Lucas Paquet\u00e1, Gerson, Jean Lucas, Thuler e Andreas Pereira: veja o final de semana dos ex-Flamengo no exterior\",\"datePublished\":\"2022-08-22T16:55:01+00:00\",\"dateModified\":\"2022-08-22T16:55:04+00:00\",\"mainEntityOfPage\":{\"@id\":\"https:\/\/www.gaveanews.com\/index.php\/2022\/08\/22\/vinicius-junior-lucas-paqueta-gerson-jean-lucas-thuler-e-andreas-pereira-veja-o-final-de-semana-dos-ex-flamengo-no-exterior\/\"},\"wordCount\":279,\"commentCount\":0,\"image\":{\"@id\":\"https:\/\/www.gaveanews.com\/index.php\/2022\/08\/22\/vinicius-junior-lucas-paqueta-gerson-jean-lucas-thuler-e-andreas-pereira-veja-o-final-de-semana-dos-ex-flamengo-no-exterior\/#primaryimage\"},\"thumbnailUrl\":\"https:\/\/www.gaveanews.com\/wp-content\/uploads\/Vinicius-Junior-em-jogo-do-Real-Madrid-contra-o-Celta-de-Vigo.webp\",\"articleSection\":[\"Flamengo\"],\"inLanguage\":\"pt-BR\",\"potentialAction\":[{\"@type\":\"CommentAction\",\"name\":\"Comment\",\"target\":[\"https:\/\/www.gaveanews.com\/index.php\/2022\/08\/22\/vinicius-junior-lucas-paqueta-gerson-jean-lucas-thuler-e-andreas-pereira-veja-o-final-de-semana-dos-ex-flamengo-no-exterior\/#respond\"]}],\"copyrightYear\":\"2022\",\"copyrightHolder\":{\"@id\":\"https:\/\/www.gaveanews.com\/#organization\"}},{\"@type\":\"WebPage\",\"@id\":\"https:\/\/www.gaveanews.com\/index.php\/2022\/08\/22\/vinicius-junior-lucas-paqueta-gerson-jean-lucas-thuler-e-andreas-pereira-veja-o-final-de-semana-dos-ex-flamengo-no-exterior\/\",\"url\":\"https:\/\/www.gaveanews.com\/index.php\/2022\/08\/22\/vinicius-junior-lucas-paqueta-gerson-jean-lucas-thuler-e-andreas-pereira-veja-o-final-de-semana-dos-ex-flamengo-no-exterior\/\",\"name\":\"Vin\u00edcius J\u00fanior, Lucas Paquet\u00e1, Gerson, Jean Lucas, Thuler e Andreas Pereira: veja o final de semana dos ex-Flamengo no exterior\",\"isPartOf\":{\"@id\":\"https:\/\/www.gaveanews.com\/#website\"},\"primaryImageOfPage\":{\"@id\":\"https:\/\/www.gaveanews.com\/index.php\/2022\/08\/22\/vinicius-junior-lucas-paqueta-gerson-jean-lucas-thuler-e-andreas-pereira-veja-o-final-de-semana-dos-ex-flamengo-no-exterior\/#primaryimage\"},\"image\":{\"@id\":\"https:\/\/www.gaveanews.com\/index.php\/2022\/08\/22\/vinicius-junior-lucas-paqueta-gerson-jean-lucas-thuler-e-andreas-pereira-veja-o-final-de-semana-dos-ex-flamengo-no-exterior\/#primaryimage\"},\"thumbnailUrl\":\"https:\/\/www.gaveanews.com\/wp-content\/uploads\/Vinicius-Junior-em-jogo-do-Real-Madrid-contra-o-Celta-de-Vigo.webp\",\"datePublished\":\"2022-08-22T16:55:01+00:00\",\"dateModified\":\"2022-08-22T16:55:04+00:00\",\"author\":{\"@id\":\"https:\/\/www.gaveanews.com\/#\/schema\/person\/714c67050b836198af2450ba1c142a67\"},\"breadcrumb\":{\"@id\":\"https:\/\/www.gaveanews.com\/index.php\/2022\/08\/22\/vinicius-junior-lucas-paqueta-gerson-jean-lucas-thuler-e-andreas-pereira-veja-o-final-de-semana-dos-ex-flamengo-no-exterior\/#breadcrumb\"},\"inLanguage\":\"pt-BR\",\"potentialAction\":[{\"@type\":\"ReadAction\",\"target\":[\"https:\/\/www.gaveanews.com\/index.php\/2022\/08\/22\/vinicius-junior-lucas-paqueta-gerson-jean-lucas-thuler-e-andreas-pereira-veja-o-final-de-semana-dos-ex-flamengo-no-exterior\/\"]}]},{\"@type\":\"ImageObject\",\"inLanguage\":\"pt-BR\",\"@id\":\"https:\/\/www.gaveanews.com\/index.php\/2022\/08\/22\/vinicius-junior-lucas-paqueta-gerson-jean-lucas-thuler-e-andreas-pereira-veja-o-final-de-semana-dos-ex-flamengo-no-exterior\/#primaryimage\",\"url\":\"https:\/\/www.gaveanews.com\/wp-content\/uploads\/Vinicius-Junior-em-jogo-do-Real-Madrid-contra-o-Celta-de-Vigo.webp\",\"contentUrl\":\"https:\/\/www.gaveanews.com\/wp-content\/uploads\/Vinicius-Junior-em-jogo-do-Real-Madrid-contra-o-Celta-de-Vigo.webp\",\"width\":900,\"height\":506,\"caption\":\"Vinicius Junior em jogo do Real Madrid contra o Celta de Vigo (Foto: EFE \/ Lavanderia)\"},{\"@type\":\"BreadcrumbList\",\"@id\":\"https:\/\/www.gaveanews.com\/index.php\/2022\/08\/22\/vinicius-junior-lucas-paqueta-gerson-jean-lucas-thuler-e-andreas-pereira-veja-o-final-de-semana-dos-ex-flamengo-no-exterior\/#breadcrumb\",\"itemListElement\":[{\"@type\":\"ListItem\",\"position\":1,\"name\":\"Home\",\"item\":\"https:\/\/www.gaveanews.com\/\"},{\"@type\":\"ListItem\",\"position\":2,\"name\":\"Vin\u00edcius J\u00fanior, Lucas Paquet\u00e1, Gerson, Jean Lucas, Thuler e Andreas Pereira: veja o final de semana dos ex-Flamengo no exterior\"}]},{\"@type\":\"WebSite\",\"@id\":\"https:\/\/www.gaveanews.com\/#website\",\"url\":\"https:\/\/www.gaveanews.com\/\",\"name\":\"G\u00e1vea News\",\"description\":\"Veja todas as not\u00edcias sobre o Flamengo: Contrata\u00e7\u00f5es, categorias de base, resultados das partidas, tabela de classifica\u00e7\u00e3o, pr\u00f3ximos jogos!\",\"potentialAction\":[{\"@type\":\"SearchAction\",\"target\":{\"@type\":\"EntryPoint\",\"urlTemplate\":\"https:\/\/www.gaveanews.com\/?s={search_term_string}\"},\"query-input\":{\"@type\":\"PropertyValueSpecification\",\"valueRequired\":true,\"valueName\":\"search_term_string\"}}],\"inLanguage\":\"pt-BR\"},{\"@type\":\"Person\",\"@id\":\"https:\/\/www.gaveanews.com\/#\/schema\/person\/714c67050b836198af2450ba1c142a67\",\"name\":\"Let\u00edcia Gerheim\",\"image\":{\"@type\":\"ImageObject\",\"inLanguage\":\"pt-BR\",\"@id\":\"https:\/\/www.gaveanews.com\/#\/schema\/person\/image\/\",\"url\":\"https:\/\/secure.gravatar.com\/avatar\/60734739c50fcebfbac509e2a826ccd0ff405c019bc73aab9354f19ecad1dcb4?s=96&d=mm&r=g\",\"contentUrl\":\"https:\/\/secure.gravatar.com\/avatar\/60734739c50fcebfbac509e2a826ccd0ff405c019bc73aab9354f19ecad1dcb4?s=96&d=mm&r=g\",\"caption\":\"Let\u00edcia Gerheim\"}}]}<\/script>\n<!-- \/ Yoast SEO Premium plugin. -->","yoast_head_json":{"title":"Vin\u00edcius J\u00fanior, Lucas Paquet\u00e1, Gerson, Jean Lucas, Thuler e Andreas Pereira: veja o final de semana dos ex-Flamengo no exterior","robots":{"index":"index","follow":"follow","max-snippet":"max-snippet:-1","max-image-preview":"max-image-preview:large","max-video-preview":"max-video-preview:-1"},"canonical":"https:\/\/www.gaveanews.com\/index.php\/2022\/08\/22\/vinicius-junior-lucas-paqueta-gerson-jean-lucas-thuler-e-andreas-pereira-veja-o-final-de-semana-dos-ex-flamengo-no-exterior\/","og_locale":"pt_BR","og_type":"article","og_title":"Vin\u00edcius J\u00fanior, Lucas Paquet\u00e1, Gerson, Jean Lucas, Thuler e Andreas Pereira: veja o final de semana dos ex-Flamengo no exterior","og_description":"O Flamengo foi a campo neste final de semana pelo Brasileir\u00e3o e n\u00e3o conseguiu sair com a vit\u00f3ria do Allianz Parque, empatado com o Palmeiras por 1 a 1. Enquanto o Rubro-Negro disputava a rodada 23 do campeonato nacional, os jogadores que possuem passagem pelo clube auxiliavam suas novas equipes no exterior. Na Espanha, Vin\u00edcius [&hellip;]","og_url":"https:\/\/www.gaveanews.com\/index.php\/2022\/08\/22\/vinicius-junior-lucas-paqueta-gerson-jean-lucas-thuler-e-andreas-pereira-veja-o-final-de-semana-dos-ex-flamengo-no-exterior\/","og_site_name":"G\u00e1vea News","article_publisher":"https:\/\/facebook.com\/gaveaNews\/","article_published_time":"2022-08-22T16:55:01+00:00","article_modified_time":"2022-08-22T16:55:04+00:00","og_image":[{"width":900,"height":506,"url":"https:\/\/www.gaveanews.com\/wp-content\/uploads\/Vinicius-Junior-em-jogo-do-Real-Madrid-contra-o-Celta-de-Vigo.webp","type":"image\/jpeg"}],"author":"Let\u00edcia Gerheim","twitter_card":"summary_large_image","twitter_misc":{"Escrito por":"Let\u00edcia Gerheim","Est. tempo de leitura":"2 minutos"},"schema":{"@context":"https:\/\/schema.org","@graph":[{"@type":"NewsArticle","@id":"https:\/\/www.gaveanews.com\/index.php\/2022\/08\/22\/vinicius-junior-lucas-paqueta-gerson-jean-lucas-thuler-e-andreas-pereira-veja-o-final-de-semana-dos-ex-flamengo-no-exterior\/#article","isPartOf":{"@id":"https:\/\/www.gaveanews.com\/index.php\/2022\/08\/22\/vinicius-junior-lucas-paqueta-gerson-jean-lucas-thuler-e-andreas-pereira-veja-o-final-de-semana-dos-ex-flamengo-no-exterior\/"},"author":{"name":"Let\u00edcia Gerheim","@id":"https:\/\/www.gaveanews.com\/#\/schema\/person\/714c67050b836198af2450ba1c142a67"},"headline":"Vin\u00edcius J\u00fanior, Lucas Paquet\u00e1, Gerson, Jean Lucas, Thuler e Andreas Pereira: veja o final de semana dos ex-Flamengo no exterior","datePublished":"2022-08-22T16:55:01+00:00","dateModified":"2022-08-22T16:55:04+00:00","mainEntityOfPage":{"@id":"https:\/\/www.gaveanews.com\/index.php\/2022\/08\/22\/vinicius-junior-lucas-paqueta-gerson-jean-lucas-thuler-e-andreas-pereira-veja-o-final-de-semana-dos-ex-flamengo-no-exterior\/"},"wordCount":279,"commentCount":0,"image":{"@id":"https:\/\/www.gaveanews.com\/index.php\/2022\/08\/22\/vinicius-junior-lucas-paqueta-gerson-jean-lucas-thuler-e-andreas-pereira-veja-o-final-de-semana-dos-ex-flamengo-no-exterior\/#primaryimage"},"thumbnailUrl":"https:\/\/www.gaveanews.com\/wp-content\/uploads\/Vinicius-Junior-em-jogo-do-Real-Madrid-contra-o-Celta-de-Vigo.webp","articleSection":["Flamengo"],"inLanguage":"pt-BR","potentialAction":[{"@type":"CommentAction","name":"Comment","target":["https:\/\/www.gaveanews.com\/index.php\/2022\/08\/22\/vinicius-junior-lucas-paqueta-gerson-jean-lucas-thuler-e-andreas-pereira-veja-o-final-de-semana-dos-ex-flamengo-no-exterior\/#respond"]}],"copyrightYear":"2022","copyrightHolder":{"@id":"https:\/\/www.gaveanews.com\/#organization"}},{"@type":"WebPage","@id":"https:\/\/www.gaveanews.com\/index.php\/2022\/08\/22\/vinicius-junior-lucas-paqueta-gerson-jean-lucas-thuler-e-andreas-pereira-veja-o-final-de-semana-dos-ex-flamengo-no-exterior\/","url":"https:\/\/www.gaveanews.com\/index.php\/2022\/08\/22\/vinicius-junior-lucas-paqueta-gerson-jean-lucas-thuler-e-andreas-pereira-veja-o-final-de-semana-dos-ex-flamengo-no-exterior\/","name":"Vin\u00edcius J\u00fanior, Lucas Paquet\u00e1, Gerson, Jean Lucas, Thuler e Andreas Pereira: veja o final de semana dos ex-Flamengo no exterior","isPartOf":{"@id":"https:\/\/www.gaveanews.com\/#website"},"primaryImageOfPage":{"@id":"https:\/\/www.gaveanews.com\/index.php\/2022\/08\/22\/vinicius-junior-lucas-paqueta-gerson-jean-lucas-thuler-e-andreas-pereira-veja-o-final-de-semana-dos-ex-flamengo-no-exterior\/#primaryimage"},"image":{"@id":"https:\/\/www.gaveanews.com\/index.php\/2022\/08\/22\/vinicius-junior-lucas-paqueta-gerson-jean-lucas-thuler-e-andreas-pereira-veja-o-final-de-semana-dos-ex-flamengo-no-exterior\/#primaryimage"},"thumbnailUrl":"https:\/\/www.gaveanews.com\/wp-content\/uploads\/Vinicius-Junior-em-jogo-do-Real-Madrid-contra-o-Celta-de-Vigo.webp","datePublished":"2022-08-22T16:55:01+00:00","dateModified":"2022-08-22T16:55:04+00:00","author":{"@id":"https:\/\/www.gaveanews.com\/#\/schema\/person\/714c67050b836198af2450ba1c142a67"},"breadcrumb":{"@id":"https:\/\/www.gaveanews.com\/index.php\/2022\/08\/22\/vinicius-junior-lucas-paqueta-gerson-jean-lucas-thuler-e-andreas-pereira-veja-o-final-de-semana-dos-ex-flamengo-no-exterior\/#breadcrumb"},"inLanguage":"pt-BR","potentialAction":[{"@type":"ReadAction","target":["https:\/\/www.gaveanews.com\/index.php\/2022\/08\/22\/vinicius-junior-lucas-paqueta-gerson-jean-lucas-thuler-e-andreas-pereira-veja-o-final-de-semana-dos-ex-flamengo-no-exterior\/"]}]},{"@type":"ImageObject","inLanguage":"pt-BR","@id":"https:\/\/www.gaveanews.com\/index.php\/2022\/08\/22\/vinicius-junior-lucas-paqueta-gerson-jean-lucas-thuler-e-andreas-pereira-veja-o-final-de-semana-dos-ex-flamengo-no-exterior\/#primaryimage","url":"https:\/\/www.gaveanews.com\/wp-content\/uploads\/Vinicius-Junior-em-jogo-do-Real-Madrid-contra-o-Celta-de-Vigo.webp","contentUrl":"https:\/\/www.gaveanews.com\/wp-content\/uploads\/Vinicius-Junior-em-jogo-do-Real-Madrid-contra-o-Celta-de-Vigo.webp","width":900,"height":506,"caption":"Vinicius Junior em jogo do Real Madrid contra o Celta de Vigo (Foto: EFE \/ Lavanderia)"},{"@type":"BreadcrumbList","@id":"https:\/\/www.gaveanews.com\/index.php\/2022\/08\/22\/vinicius-junior-lucas-paqueta-gerson-jean-lucas-thuler-e-andreas-pereira-veja-o-final-de-semana-dos-ex-flamengo-no-exterior\/#breadcrumb","itemListElement":[{"@type":"ListItem","position":1,"name":"Home","item":"https:\/\/www.gaveanews.com\/"},{"@type":"ListItem","position":2,"name":"Vin\u00edcius J\u00fanior, Lucas Paquet\u00e1, Gerson, Jean Lucas, Thuler e Andreas Pereira: veja o final de semana dos ex-Flamengo no exterior"}]},{"@type":"WebSite","@id":"https:\/\/www.gaveanews.com\/#website","url":"https:\/\/www.gaveanews.com\/","name":"G\u00e1vea News","description":"Veja todas as not\u00edcias sobre o Flamengo: Contrata\u00e7\u00f5es, categorias de base, resultados das partidas, tabela de classifica\u00e7\u00e3o, pr\u00f3ximos jogos!","potentialAction":[{"@type":"SearchAction","target":{"@type":"EntryPoint","urlTemplate":"https:\/\/www.gaveanews.com\/?s={search_term_string}"},"query-input":{"@type":"PropertyValueSpecification","valueRequired":true,"valueName":"search_term_string"}}],"inLanguage":"pt-BR"},{"@type":"Person","@id":"https:\/\/www.gaveanews.com\/#\/schema\/person\/714c67050b836198af2450ba1c142a67","name":"Let\u00edcia Gerheim","image":{"@type":"ImageObject","inLanguage":"pt-BR","@id":"https:\/\/www.gaveanews.com\/#\/schema\/person\/image\/","url":"https:\/\/secure.gravatar.com\/avatar\/60734739c50fcebfbac509e2a826ccd0ff405c019bc73aab9354f19ecad1dcb4?s=96&d=mm&r=g","contentUrl":"https:\/\/secure.gravatar.com\/avatar\/60734739c50fcebfbac509e2a826ccd0ff405c019bc73aab9354f19ecad1dcb4?s=96&d=mm&r=g","caption":"Let\u00edcia Gerheim"}}]}},"_links":{"self":[{"href":"https:\/\/www.gaveanews.com\/index.php\/wp-json\/wp\/v2\/posts\/86208","targetHints":{"allow":["GET"]}}],"collection":[{"href":"https:\/\/www.gaveanews.com\/index.php\/wp-json\/wp\/v2\/posts"}],"about":[{"href":"https:\/\/www.gaveanews.com\/index.php\/wp-json\/wp\/v2\/types\/post"}],"author":[{"embeddable":true,"href":"https:\/\/www.gaveanews.com\/index.php\/wp-json\/wp\/v2\/users\/4"}],"replies":[{"embeddable":true,"href":"https:\/\/www.gaveanews.com\/index.php\/wp-json\/wp\/v2\/comments?post=86208"}],"version-history":[{"count":0,"href":"https:\/\/www.gaveanews.com\/index.php\/wp-json\/wp\/v2\/posts\/86208\/revisions"}],"wp:featuredmedia":[{"embeddable":true,"href":"https:\/\/www.gaveanews.com\/index.php\/wp-json\/wp\/v2\/media\/86209"}],"wp:attachment":[{"href":"https:\/\/www.gaveanews.com\/index.php\/wp-json\/wp\/v2\/media?parent=86208"}],"wp:term":[{"taxonomy":"category","embeddable":true,"href":"https:\/\/www.gaveanews.com\/index.php\/wp-json\/wp\/v2\/categories?post=86208"},{"taxonomy":"post_tag","embeddable":true,"href":"https:\/\/www.gaveanews.com\/index.php\/wp-json\/wp\/v2\/tags?post=86208"}],"curies":[{"name":"wp","href":"https:\/\/api.w.org\/{rel}","templated":true}]}}