{"id":86211,"date":"2022-08-22T13:49:15","date_gmt":"2022-08-22T16:49:15","guid":{"rendered":"https:\/\/www.gaveanews.com\/?p=86211"},"modified":"2022-08-23T01:37:59","modified_gmt":"2022-08-23T04:37:59","slug":"policia-civil-identifica-torcedores-que-agrediram-torcedor-do-flamengo-no-allianz-parque","status":"publish","type":"post","link":"https:\/\/www.gaveanews.com\/index.php\/2022\/08\/22\/policia-civil-identifica-torcedores-que-agrediram-torcedor-do-flamengo-no-allianz-parque\/","title":{"rendered":"Pol\u00edcia Civil identifica torcedores que agrediram torcedor do Flamengo no Allianz Parque"},"content":{"rendered":"\n<p>A Pol\u00edcia Civil de S\u00e3o Paulo identificou dois torcedores do Palmeiras que participaram das agress\u00f5es a um flamenguista no Allianz Parque, domingo, onde as duas equipes empataram por 1 a 1. Em imagens que circularam na internet, um torcedor do flamengo \u00e9 identificado em um setor destinado aos donos da casa. Ele \u00e9 expulso a socos e tem as roupas rasgadas (veja no v\u00eddeo abaixo).<\/p>\n\n\n\n<p>Segundo o delegado Cesar Saad, foi poss\u00edvel determinar quem s\u00e3o os agressores a partir de ferramentas de identifica\u00e7\u00e3o facial com as imagens produzidas pelo pr\u00f3prio est\u00e1dio. Os dois palmeirenses devem ser intimados ainda nesta segunda-feira.<\/p>\n\n\n\n<figure class=\"wp-block-embed is-type-rich is-provider-twitter wp-block-embed-twitter\"><div class=\"wp-block-embed__wrapper\">\nhttps:\/\/twitter.com\/Favelacf2\/status\/1561485721248079872\n<\/div><\/figure>\n\n\n\n<p>A rivalidade entre palmeirenses e flamenguistas se agravou nos \u00faltimos anos, com as duas equipes disputando t\u00edtulos entre elas.<\/p>\n\n\n\n<p>Em 2019, o Minist\u00e9rio P\u00fablico solicitou que os jogos entre os clubes em S\u00e3o Paulo fossem realizados apenas com torcedores do time da casa, o que aconteceu. No domingo, por\u00e9m, havia um setor destinado aos visitantes.<\/p>\n\n\n\n<p>De acordo com Saad, o torcedor agredido n\u00e3o registrou queixa.<\/p>\n\n\n\n<p>Retirado de: Globo Esporte<\/p>\n","protected":false},"excerpt":{"rendered":"<p>A Pol\u00edcia Civil de S\u00e3o Paulo identificou dois torcedores do Palmeiras que participaram das agress\u00f5es a um flamenguista no Allianz Parque, domingo, onde as duas equipes empataram por 1 a 1. Em imagens que circularam na internet, um torcedor do flamengo \u00e9 identificado em um setor destinado aos donos da casa. Ele \u00e9 expulso a [&hellip;]<\/p>\n","protected":false},"author":1,"featured_media":86170,"comment_status":"open","ping_status":"closed","sticky":false,"template":"","format":"standard","meta":{"footnotes":""},"categories":[40],"tags":[],"class_list":["post-86211","post","type-post","status-publish","format-standard","has-post-thumbnail","hentry","category-video"],"yoast_head":"<!-- This site is optimized with the Yoast SEO Premium plugin v24.2 (Yoast SEO v26.9) - https:\/\/yoast.com\/product\/yoast-seo-premium-wordpress\/ -->\n<title>Pol\u00edcia Civil identifica torcedores que agrediram torcedor do Flamengo no Allianz Parque<\/title>\n<meta name=\"robots\" content=\"index, follow, max-snippet:-1, max-image-preview:large, max-video-preview:-1\" \/>\n<link rel=\"canonical\" href=\"https:\/\/www.gaveanews.com\/index.php\/2022\/08\/22\/policia-civil-identifica-torcedores-que-agrediram-torcedor-do-flamengo-no-allianz-parque\/\" \/>\n<meta property=\"og:locale\" content=\"pt_BR\" \/>\n<meta property=\"og:type\" content=\"article\" \/>\n<meta property=\"og:title\" content=\"Pol\u00edcia Civil identifica torcedores que agrediram torcedor do Flamengo no Allianz Parque\" \/>\n<meta property=\"og:description\" content=\"A Pol\u00edcia Civil de S\u00e3o Paulo identificou dois torcedores do Palmeiras que participaram das agress\u00f5es a um flamenguista no Allianz Parque, domingo, onde as duas equipes empataram por 1 a 1. Em imagens que circularam na internet, um torcedor do flamengo \u00e9 identificado em um setor destinado aos donos da casa. Ele \u00e9 expulso a [&hellip;]\" \/>\n<meta property=\"og:url\" content=\"https:\/\/www.gaveanews.com\/index.php\/2022\/08\/22\/policia-civil-identifica-torcedores-que-agrediram-torcedor-do-flamengo-no-allianz-parque\/\" \/>\n<meta property=\"og:site_name\" content=\"G\u00e1vea News\" \/>\n<meta property=\"article:publisher\" content=\"https:\/\/facebook.com\/gaveaNews\/\" \/>\n<meta property=\"article:published_time\" content=\"2022-08-22T16:49:15+00:00\" \/>\n<meta property=\"article:modified_time\" content=\"2022-08-23T04:37:59+00:00\" \/>\n<meta property=\"og:image\" content=\"https:\/\/www.gaveanews.com\/wp-content\/uploads\/Torcedor-do-Flamengo-e-humilhado-no-Allianz-Parque.webp\" \/>\n\t<meta property=\"og:image:width\" content=\"1366\" \/>\n\t<meta property=\"og:image:height\" content=\"768\" \/>\n\t<meta property=\"og:image:type\" content=\"image\/png\" \/>\n<meta name=\"author\" content=\"Equipe G\u00e1vea News\" \/>\n<meta name=\"twitter:card\" content=\"summary_large_image\" \/>\n<meta name=\"twitter:label1\" content=\"Escrito por\" \/>\n\t<meta name=\"twitter:data1\" content=\"Equipe G\u00e1vea News\" \/>\n\t<meta name=\"twitter:label2\" content=\"Est. tempo de leitura\" \/>\n\t<meta name=\"twitter:data2\" content=\"1 minuto\" \/>\n<script type=\"application\/ld+json\" class=\"yoast-schema-graph\">{\"@context\":\"https:\/\/schema.org\",\"@graph\":[{\"@type\":\"NewsArticle\",\"@id\":\"https:\/\/www.gaveanews.com\/index.php\/2022\/08\/22\/policia-civil-identifica-torcedores-que-agrediram-torcedor-do-flamengo-no-allianz-parque\/#article\",\"isPartOf\":{\"@id\":\"https:\/\/www.gaveanews.com\/index.php\/2022\/08\/22\/policia-civil-identifica-torcedores-que-agrediram-torcedor-do-flamengo-no-allianz-parque\/\"},\"author\":{\"name\":\"Equipe G\u00e1vea News\",\"@id\":\"https:\/\/www.gaveanews.com\/#\/schema\/person\/2ec14f73fb96be2caf28f91afb14749d\"},\"headline\":\"Pol\u00edcia Civil identifica torcedores que agrediram torcedor do Flamengo no Allianz Parque\",\"datePublished\":\"2022-08-22T16:49:15+00:00\",\"dateModified\":\"2022-08-23T04:37:59+00:00\",\"mainEntityOfPage\":{\"@id\":\"https:\/\/www.gaveanews.com\/index.php\/2022\/08\/22\/policia-civil-identifica-torcedores-que-agrediram-torcedor-do-flamengo-no-allianz-parque\/\"},\"wordCount\":197,\"commentCount\":0,\"image\":{\"@id\":\"https:\/\/www.gaveanews.com\/index.php\/2022\/08\/22\/policia-civil-identifica-torcedores-que-agrediram-torcedor-do-flamengo-no-allianz-parque\/#primaryimage\"},\"thumbnailUrl\":\"https:\/\/www.gaveanews.com\/wp-content\/uploads\/Torcedor-do-Flamengo-e-humilhado-no-Allianz-Parque.webp\",\"articleSection\":[\"V\u00eddeos\"],\"inLanguage\":\"pt-BR\",\"potentialAction\":[{\"@type\":\"CommentAction\",\"name\":\"Comment\",\"target\":[\"https:\/\/www.gaveanews.com\/index.php\/2022\/08\/22\/policia-civil-identifica-torcedores-que-agrediram-torcedor-do-flamengo-no-allianz-parque\/#respond\"]}],\"copyrightYear\":\"2022\",\"copyrightHolder\":{\"@id\":\"https:\/\/www.gaveanews.com\/#organization\"}},{\"@type\":\"WebPage\",\"@id\":\"https:\/\/www.gaveanews.com\/index.php\/2022\/08\/22\/policia-civil-identifica-torcedores-que-agrediram-torcedor-do-flamengo-no-allianz-parque\/\",\"url\":\"https:\/\/www.gaveanews.com\/index.php\/2022\/08\/22\/policia-civil-identifica-torcedores-que-agrediram-torcedor-do-flamengo-no-allianz-parque\/\",\"name\":\"Pol\u00edcia Civil identifica torcedores que agrediram torcedor do Flamengo no Allianz Parque\",\"isPartOf\":{\"@id\":\"https:\/\/www.gaveanews.com\/#website\"},\"primaryImageOfPage\":{\"@id\":\"https:\/\/www.gaveanews.com\/index.php\/2022\/08\/22\/policia-civil-identifica-torcedores-que-agrediram-torcedor-do-flamengo-no-allianz-parque\/#primaryimage\"},\"image\":{\"@id\":\"https:\/\/www.gaveanews.com\/index.php\/2022\/08\/22\/policia-civil-identifica-torcedores-que-agrediram-torcedor-do-flamengo-no-allianz-parque\/#primaryimage\"},\"thumbnailUrl\":\"https:\/\/www.gaveanews.com\/wp-content\/uploads\/Torcedor-do-Flamengo-e-humilhado-no-Allianz-Parque.webp\",\"datePublished\":\"2022-08-22T16:49:15+00:00\",\"dateModified\":\"2022-08-23T04:37:59+00:00\",\"author\":{\"@id\":\"https:\/\/www.gaveanews.com\/#\/schema\/person\/2ec14f73fb96be2caf28f91afb14749d\"},\"breadcrumb\":{\"@id\":\"https:\/\/www.gaveanews.com\/index.php\/2022\/08\/22\/policia-civil-identifica-torcedores-que-agrediram-torcedor-do-flamengo-no-allianz-parque\/#breadcrumb\"},\"inLanguage\":\"pt-BR\",\"potentialAction\":[{\"@type\":\"ReadAction\",\"target\":[\"https:\/\/www.gaveanews.com\/index.php\/2022\/08\/22\/policia-civil-identifica-torcedores-que-agrediram-torcedor-do-flamengo-no-allianz-parque\/\"]}]},{\"@type\":\"ImageObject\",\"inLanguage\":\"pt-BR\",\"@id\":\"https:\/\/www.gaveanews.com\/index.php\/2022\/08\/22\/policia-civil-identifica-torcedores-que-agrediram-torcedor-do-flamengo-no-allianz-parque\/#primaryimage\",\"url\":\"https:\/\/www.gaveanews.com\/wp-content\/uploads\/Torcedor-do-Flamengo-e-humilhado-no-Allianz-Parque.webp\",\"contentUrl\":\"https:\/\/www.gaveanews.com\/wp-content\/uploads\/Torcedor-do-Flamengo-e-humilhado-no-Allianz-Parque.webp\",\"width\":1366,\"height\":768,\"caption\":\"Torcedor do Flamengo \u00e9 humilhado no Allianz Parque (Foto: Reprodu\u00e7\u00e3o)\"},{\"@type\":\"BreadcrumbList\",\"@id\":\"https:\/\/www.gaveanews.com\/index.php\/2022\/08\/22\/policia-civil-identifica-torcedores-que-agrediram-torcedor-do-flamengo-no-allianz-parque\/#breadcrumb\",\"itemListElement\":[{\"@type\":\"ListItem\",\"position\":1,\"name\":\"Home\",\"item\":\"https:\/\/www.gaveanews.com\/\"},{\"@type\":\"ListItem\",\"position\":2,\"name\":\"Pol\u00edcia Civil identifica torcedores que agrediram torcedor do Flamengo no Allianz Parque\"}]},{\"@type\":\"WebSite\",\"@id\":\"https:\/\/www.gaveanews.com\/#website\",\"url\":\"https:\/\/www.gaveanews.com\/\",\"name\":\"G\u00e1vea News\",\"description\":\"Veja todas as not\u00edcias sobre o Flamengo: Contrata\u00e7\u00f5es, categorias de base, resultados das partidas, tabela de classifica\u00e7\u00e3o, pr\u00f3ximos jogos!\",\"potentialAction\":[{\"@type\":\"SearchAction\",\"target\":{\"@type\":\"EntryPoint\",\"urlTemplate\":\"https:\/\/www.gaveanews.com\/?s={search_term_string}\"},\"query-input\":{\"@type\":\"PropertyValueSpecification\",\"valueRequired\":true,\"valueName\":\"search_term_string\"}}],\"inLanguage\":\"pt-BR\"},{\"@type\":\"Person\",\"@id\":\"https:\/\/www.gaveanews.com\/#\/schema\/person\/2ec14f73fb96be2caf28f91afb14749d\",\"name\":\"Equipe G\u00e1vea News\",\"image\":{\"@type\":\"ImageObject\",\"inLanguage\":\"pt-BR\",\"@id\":\"https:\/\/www.gaveanews.com\/#\/schema\/person\/image\/\",\"url\":\"https:\/\/secure.gravatar.com\/avatar\/1e1956f1facbffd3f8fa53a326721950116b3b9dc9bd44939c01180fd4a745a9?s=96&d=mm&r=g\",\"contentUrl\":\"https:\/\/secure.gravatar.com\/avatar\/1e1956f1facbffd3f8fa53a326721950116b3b9dc9bd44939c01180fd4a745a9?s=96&d=mm&r=g\",\"caption\":\"Equipe G\u00e1vea News\"}}]}<\/script>\n<!-- \/ Yoast SEO Premium plugin. -->","yoast_head_json":{"title":"Pol\u00edcia Civil identifica torcedores que agrediram torcedor do Flamengo no Allianz Parque","robots":{"index":"index","follow":"follow","max-snippet":"max-snippet:-1","max-image-preview":"max-image-preview:large","max-video-preview":"max-video-preview:-1"},"canonical":"https:\/\/www.gaveanews.com\/index.php\/2022\/08\/22\/policia-civil-identifica-torcedores-que-agrediram-torcedor-do-flamengo-no-allianz-parque\/","og_locale":"pt_BR","og_type":"article","og_title":"Pol\u00edcia Civil identifica torcedores que agrediram torcedor do Flamengo no Allianz Parque","og_description":"A Pol\u00edcia Civil de S\u00e3o Paulo identificou dois torcedores do Palmeiras que participaram das agress\u00f5es a um flamenguista no Allianz Parque, domingo, onde as duas equipes empataram por 1 a 1. Em imagens que circularam na internet, um torcedor do flamengo \u00e9 identificado em um setor destinado aos donos da casa. Ele \u00e9 expulso a [&hellip;]","og_url":"https:\/\/www.gaveanews.com\/index.php\/2022\/08\/22\/policia-civil-identifica-torcedores-que-agrediram-torcedor-do-flamengo-no-allianz-parque\/","og_site_name":"G\u00e1vea News","article_publisher":"https:\/\/facebook.com\/gaveaNews\/","article_published_time":"2022-08-22T16:49:15+00:00","article_modified_time":"2022-08-23T04:37:59+00:00","og_image":[{"width":1366,"height":768,"url":"https:\/\/www.gaveanews.com\/wp-content\/uploads\/Torcedor-do-Flamengo-e-humilhado-no-Allianz-Parque.webp","type":"image\/png"}],"author":"Equipe G\u00e1vea News","twitter_card":"summary_large_image","twitter_misc":{"Escrito por":"Equipe G\u00e1vea News","Est. tempo de leitura":"1 minuto"},"schema":{"@context":"https:\/\/schema.org","@graph":[{"@type":"NewsArticle","@id":"https:\/\/www.gaveanews.com\/index.php\/2022\/08\/22\/policia-civil-identifica-torcedores-que-agrediram-torcedor-do-flamengo-no-allianz-parque\/#article","isPartOf":{"@id":"https:\/\/www.gaveanews.com\/index.php\/2022\/08\/22\/policia-civil-identifica-torcedores-que-agrediram-torcedor-do-flamengo-no-allianz-parque\/"},"author":{"name":"Equipe G\u00e1vea News","@id":"https:\/\/www.gaveanews.com\/#\/schema\/person\/2ec14f73fb96be2caf28f91afb14749d"},"headline":"Pol\u00edcia Civil identifica torcedores que agrediram torcedor do Flamengo no Allianz Parque","datePublished":"2022-08-22T16:49:15+00:00","dateModified":"2022-08-23T04:37:59+00:00","mainEntityOfPage":{"@id":"https:\/\/www.gaveanews.com\/index.php\/2022\/08\/22\/policia-civil-identifica-torcedores-que-agrediram-torcedor-do-flamengo-no-allianz-parque\/"},"wordCount":197,"commentCount":0,"image":{"@id":"https:\/\/www.gaveanews.com\/index.php\/2022\/08\/22\/policia-civil-identifica-torcedores-que-agrediram-torcedor-do-flamengo-no-allianz-parque\/#primaryimage"},"thumbnailUrl":"https:\/\/www.gaveanews.com\/wp-content\/uploads\/Torcedor-do-Flamengo-e-humilhado-no-Allianz-Parque.webp","articleSection":["V\u00eddeos"],"inLanguage":"pt-BR","potentialAction":[{"@type":"CommentAction","name":"Comment","target":["https:\/\/www.gaveanews.com\/index.php\/2022\/08\/22\/policia-civil-identifica-torcedores-que-agrediram-torcedor-do-flamengo-no-allianz-parque\/#respond"]}],"copyrightYear":"2022","copyrightHolder":{"@id":"https:\/\/www.gaveanews.com\/#organization"}},{"@type":"WebPage","@id":"https:\/\/www.gaveanews.com\/index.php\/2022\/08\/22\/policia-civil-identifica-torcedores-que-agrediram-torcedor-do-flamengo-no-allianz-parque\/","url":"https:\/\/www.gaveanews.com\/index.php\/2022\/08\/22\/policia-civil-identifica-torcedores-que-agrediram-torcedor-do-flamengo-no-allianz-parque\/","name":"Pol\u00edcia Civil identifica torcedores que agrediram torcedor do Flamengo no Allianz Parque","isPartOf":{"@id":"https:\/\/www.gaveanews.com\/#website"},"primaryImageOfPage":{"@id":"https:\/\/www.gaveanews.com\/index.php\/2022\/08\/22\/policia-civil-identifica-torcedores-que-agrediram-torcedor-do-flamengo-no-allianz-parque\/#primaryimage"},"image":{"@id":"https:\/\/www.gaveanews.com\/index.php\/2022\/08\/22\/policia-civil-identifica-torcedores-que-agrediram-torcedor-do-flamengo-no-allianz-parque\/#primaryimage"},"thumbnailUrl":"https:\/\/www.gaveanews.com\/wp-content\/uploads\/Torcedor-do-Flamengo-e-humilhado-no-Allianz-Parque.webp","datePublished":"2022-08-22T16:49:15+00:00","dateModified":"2022-08-23T04:37:59+00:00","author":{"@id":"https:\/\/www.gaveanews.com\/#\/schema\/person\/2ec14f73fb96be2caf28f91afb14749d"},"breadcrumb":{"@id":"https:\/\/www.gaveanews.com\/index.php\/2022\/08\/22\/policia-civil-identifica-torcedores-que-agrediram-torcedor-do-flamengo-no-allianz-parque\/#breadcrumb"},"inLanguage":"pt-BR","potentialAction":[{"@type":"ReadAction","target":["https:\/\/www.gaveanews.com\/index.php\/2022\/08\/22\/policia-civil-identifica-torcedores-que-agrediram-torcedor-do-flamengo-no-allianz-parque\/"]}]},{"@type":"ImageObject","inLanguage":"pt-BR","@id":"https:\/\/www.gaveanews.com\/index.php\/2022\/08\/22\/policia-civil-identifica-torcedores-que-agrediram-torcedor-do-flamengo-no-allianz-parque\/#primaryimage","url":"https:\/\/www.gaveanews.com\/wp-content\/uploads\/Torcedor-do-Flamengo-e-humilhado-no-Allianz-Parque.webp","contentUrl":"https:\/\/www.gaveanews.com\/wp-content\/uploads\/Torcedor-do-Flamengo-e-humilhado-no-Allianz-Parque.webp","width":1366,"height":768,"caption":"Torcedor do Flamengo \u00e9 humilhado no Allianz Parque (Foto: Reprodu\u00e7\u00e3o)"},{"@type":"BreadcrumbList","@id":"https:\/\/www.gaveanews.com\/index.php\/2022\/08\/22\/policia-civil-identifica-torcedores-que-agrediram-torcedor-do-flamengo-no-allianz-parque\/#breadcrumb","itemListElement":[{"@type":"ListItem","position":1,"name":"Home","item":"https:\/\/www.gaveanews.com\/"},{"@type":"ListItem","position":2,"name":"Pol\u00edcia Civil identifica torcedores que agrediram torcedor do Flamengo no Allianz Parque"}]},{"@type":"WebSite","@id":"https:\/\/www.gaveanews.com\/#website","url":"https:\/\/www.gaveanews.com\/","name":"G\u00e1vea News","description":"Veja todas as not\u00edcias sobre o Flamengo: Contrata\u00e7\u00f5es, categorias de base, resultados das partidas, tabela de classifica\u00e7\u00e3o, pr\u00f3ximos jogos!","potentialAction":[{"@type":"SearchAction","target":{"@type":"EntryPoint","urlTemplate":"https:\/\/www.gaveanews.com\/?s={search_term_string}"},"query-input":{"@type":"PropertyValueSpecification","valueRequired":true,"valueName":"search_term_string"}}],"inLanguage":"pt-BR"},{"@type":"Person","@id":"https:\/\/www.gaveanews.com\/#\/schema\/person\/2ec14f73fb96be2caf28f91afb14749d","name":"Equipe G\u00e1vea News","image":{"@type":"ImageObject","inLanguage":"pt-BR","@id":"https:\/\/www.gaveanews.com\/#\/schema\/person\/image\/","url":"https:\/\/secure.gravatar.com\/avatar\/1e1956f1facbffd3f8fa53a326721950116b3b9dc9bd44939c01180fd4a745a9?s=96&d=mm&r=g","contentUrl":"https:\/\/secure.gravatar.com\/avatar\/1e1956f1facbffd3f8fa53a326721950116b3b9dc9bd44939c01180fd4a745a9?s=96&d=mm&r=g","caption":"Equipe G\u00e1vea News"}}]}},"_links":{"self":[{"href":"https:\/\/www.gaveanews.com\/index.php\/wp-json\/wp\/v2\/posts\/86211","targetHints":{"allow":["GET"]}}],"collection":[{"href":"https:\/\/www.gaveanews.com\/index.php\/wp-json\/wp\/v2\/posts"}],"about":[{"href":"https:\/\/www.gaveanews.com\/index.php\/wp-json\/wp\/v2\/types\/post"}],"author":[{"embeddable":true,"href":"https:\/\/www.gaveanews.com\/index.php\/wp-json\/wp\/v2\/users\/1"}],"replies":[{"embeddable":true,"href":"https:\/\/www.gaveanews.com\/index.php\/wp-json\/wp\/v2\/comments?post=86211"}],"version-history":[{"count":0,"href":"https:\/\/www.gaveanews.com\/index.php\/wp-json\/wp\/v2\/posts\/86211\/revisions"}],"wp:featuredmedia":[{"embeddable":true,"href":"https:\/\/www.gaveanews.com\/index.php\/wp-json\/wp\/v2\/media\/86170"}],"wp:attachment":[{"href":"https:\/\/www.gaveanews.com\/index.php\/wp-json\/wp\/v2\/media?parent=86211"}],"wp:term":[{"taxonomy":"category","embeddable":true,"href":"https:\/\/www.gaveanews.com\/index.php\/wp-json\/wp\/v2\/categories?post=86211"},{"taxonomy":"post_tag","embeddable":true,"href":"https:\/\/www.gaveanews.com\/index.php\/wp-json\/wp\/v2\/tags?post=86211"}],"curies":[{"name":"wp","href":"https:\/\/api.w.org\/{rel}","templated":true}]}}