{"id":86229,"date":"2022-08-22T17:46:14","date_gmt":"2022-08-22T20:46:14","guid":{"rendered":"https:\/\/www.gaveanews.com\/?p=86229"},"modified":"2022-08-22T17:48:50","modified_gmt":"2022-08-22T20:48:50","slug":"mercado-da-bola-flamengo-encaminha-sua-primeira-contratacao-para-a-proxima-temporada","status":"publish","type":"post","link":"https:\/\/www.gaveanews.com\/index.php\/2022\/08\/22\/mercado-da-bola-flamengo-encaminha-sua-primeira-contratacao-para-a-proxima-temporada\/","title":{"rendered":"Mercado da bola: Flamengo encaminha sua primeira contrata\u00e7\u00e3o para a pr\u00f3xima temporada"},"content":{"rendered":"\n<p>Destaque do Flamengo no empate em 1 a 1 com o Palmeiras, no \u00faltimo domingo, Ayrton Lucas demonstrou mais uma vez que est\u00e1 numa crescente e que a sua contrata\u00e7\u00e3o foi certeira. Por outro lado, o jogador n\u00e3o pertence ao Rubro-Negro e pode ter que retornar ao Spartak, da R\u00fassia, quando acaba o seu empr\u00e9stimo, mas se depende da diretoria carioca, o jogador ficar\u00e1 pelos pr\u00f3ximos quatro anos.<\/p>\n\n\n\n<p>No acordo entre Flamengo e Spartak pelo empr\u00e9stimo de Ayrton Lucas h\u00e1 uma cl\u00e1usula que se o lateral atuar um n\u00famero x de partidas em 2022, o Fla \u00e9 obrigado a comprar o jogador por 9 milh\u00f5es de euros. Por\u00e9m, a c\u00fapula rubro-negra entende que a meta \u00e9 &#8220;praticamente imposs\u00edvel&#8221; de ser atingida (porque ele perdeu muitas partidas ao chegar lesionado ao Ninho do Urubu e Dorival Junior est\u00e1 realizando rod\u00edzio no elenco).<\/p>\n\n\n\n<p>Ent\u00e3o, o Flamengo j\u00e1 conversou com os representantes de Ayrton Lucas e com o pr\u00f3prio jogador por um acordo salarial e tempo de contrato (quatro temporadas). Agora, o Rubro-Negro esperar\u00e1 a meta de compra obrigat\u00f3ria n\u00e3o ser cumprida para negociar com o Spartak a compra do atleta.<\/p>\n\n\n\n<p>Em entrevista recente ao Canal Ven\u00ea Casagrande, no Youtube, Marcos Braz confirmou a informa\u00e7\u00e3o:<\/p>\n\n\n\n<p>\u2014 <em>Provavelmente n\u00e3o ir\u00e1 acontecer (de bater meta de compra obrigat\u00f3ria). Caso o Flamengo queira ficar com o jogador, o Flamengo j\u00e1 tem tudo estabelecido com o jogador para o contrato subsequente<\/em>, revelou o vice de futebol do Flamengo.<\/p>\n\n\n\n<p>A diretoria entende que a quantia estabelecida pela compra obrigat\u00f3ria (9 milh\u00f5es de euros) \u00e9 invi\u00e1vel ser paga e por isso negociar\u00e1 um outro valor. Mas se \u00e9 invi\u00e1vel, por que o Fla aceitou esta quantia quando fechou o empr\u00e9stimo? Uma das fontes explicou \u00e0 Coluna do Ven\u00ea que o clube carioca topou porque foi uma exig\u00eancia dos russos, al\u00e9m de n\u00e3o ter pago pelo empr\u00e9stimo de Ayrton Lucas e precisou &#8220;apenas&#8221; assumir o sal\u00e1rio do atleta de forma integral.<\/p>\n\n\n\n<p>A estrat\u00e9gia foi a mesma utilizada com Andreas Pereira. Na ocasi\u00e3o, o Flamengo aceitou pegar o meia por empr\u00e9stimo e com op\u00e7\u00e3o de compra avaliada em 20 milh\u00f5es de euros. Meses depois, o Fla negociou o valor da compra e reduziu para 10 milh\u00f5es de euros, mas, no fim das contas, n\u00e3oa ssinou o documento e desistiu de ficar com o jogador, que hoje est\u00e1 no Fulham.<\/p>\n\n\n\n<p>Ayrton Lucas tem 25 anos e tem contrato com o Spartak, da R\u00fassia, v\u00e1lido at\u00e9 junho de 2026. O lateral chegou ao clube russo em 2018 depois de se destacar pelo Fluminense. No Flamengo, mesmo que em rod\u00edzio com Filipe Lu\u00eds, j\u00e1 disputou 22 partidas, marcou dois gols e deu tr\u00eas assist\u00eancias.<\/p>\n\n\n\n<p>No Brasileir\u00e3o, segundo o site &#8220;Sofascore&#8221;, Ayrton Lucas tem os seguintes n\u00fameros entre os jogadores do Flamengo:<\/p>\n\n\n\n<ul class=\"wp-block-list\"><li>1\u00ba em bolas recuperadas na defesa (56)<\/li><li>1\u00ba em menos erros defensivos (0)<\/li><li>2\u00ba em a\u00e7\u00f5es defensivas (88)<\/li><li>2\u00ba em desarmes (39)<\/li><li>2\u00ba em cortes (31)<\/li><li>3\u00ba em duelos ganhos (109)<\/li><li>3\u00ba em dribles certos (43)<\/li><\/ul>\n\n\n\n<p>Retirado de: O Dia<\/p>\n","protected":false},"excerpt":{"rendered":"<p>Destaque do Flamengo no empate em 1 a 1 com o Palmeiras, no \u00faltimo domingo, Ayrton Lucas demonstrou mais uma vez que est\u00e1 numa crescente e que a sua contrata\u00e7\u00e3o foi certeira. Por outro lado, o jogador n\u00e3o pertence ao Rubro-Negro e pode ter que retornar ao Spartak, da R\u00fassia, quando acaba o seu empr\u00e9stimo, [&hellip;]<\/p>\n","protected":false},"author":1,"featured_media":85562,"comment_status":"open","ping_status":"closed","sticky":false,"template":"","format":"standard","meta":{"footnotes":""},"categories":[48],"tags":[],"class_list":["post-86229","post","type-post","status-publish","format-standard","has-post-thumbnail","hentry","category-negociacoes"],"yoast_head":"<!-- This site is optimized with the Yoast SEO Premium plugin v24.2 (Yoast SEO v26.9) - https:\/\/yoast.com\/product\/yoast-seo-premium-wordpress\/ -->\n<title>Mercado da bola: Flamengo encaminha sua primeira contrata\u00e7\u00e3o para a pr\u00f3xima temporada<\/title>\n<meta name=\"robots\" content=\"index, follow, max-snippet:-1, max-image-preview:large, max-video-preview:-1\" \/>\n<link rel=\"canonical\" href=\"https:\/\/www.gaveanews.com\/index.php\/2022\/08\/22\/mercado-da-bola-flamengo-encaminha-sua-primeira-contratacao-para-a-proxima-temporada\/\" \/>\n<meta property=\"og:locale\" content=\"pt_BR\" \/>\n<meta property=\"og:type\" content=\"article\" \/>\n<meta property=\"og:title\" content=\"Mercado da bola: Flamengo encaminha sua primeira contrata\u00e7\u00e3o para a pr\u00f3xima temporada\" \/>\n<meta property=\"og:description\" content=\"Destaque do Flamengo no empate em 1 a 1 com o Palmeiras, no \u00faltimo domingo, Ayrton Lucas demonstrou mais uma vez que est\u00e1 numa crescente e que a sua contrata\u00e7\u00e3o foi certeira. Por outro lado, o jogador n\u00e3o pertence ao Rubro-Negro e pode ter que retornar ao Spartak, da R\u00fassia, quando acaba o seu empr\u00e9stimo, [&hellip;]\" \/>\n<meta property=\"og:url\" content=\"https:\/\/www.gaveanews.com\/index.php\/2022\/08\/22\/mercado-da-bola-flamengo-encaminha-sua-primeira-contratacao-para-a-proxima-temporada\/\" \/>\n<meta property=\"og:site_name\" content=\"G\u00e1vea News\" \/>\n<meta property=\"article:publisher\" content=\"https:\/\/facebook.com\/gaveaNews\/\" \/>\n<meta property=\"article:published_time\" content=\"2022-08-22T20:46:14+00:00\" \/>\n<meta property=\"article:modified_time\" content=\"2022-08-22T20:48:50+00:00\" \/>\n<meta property=\"og:image\" content=\"https:\/\/www.gaveanews.com\/wp-content\/uploads\/Marcos-Braz-em-entrevista-no-CT-do-Flamengo-1.webp\" \/>\n\t<meta property=\"og:image:width\" content=\"799\" \/>\n\t<meta property=\"og:image:height\" content=\"533\" \/>\n\t<meta property=\"og:image:type\" content=\"image\/jpeg\" \/>\n<meta name=\"author\" content=\"Equipe G\u00e1vea News\" \/>\n<meta name=\"twitter:card\" content=\"summary_large_image\" \/>\n<meta name=\"twitter:label1\" content=\"Escrito por\" \/>\n\t<meta name=\"twitter:data1\" content=\"Equipe G\u00e1vea News\" \/>\n\t<meta name=\"twitter:label2\" content=\"Est. tempo de leitura\" \/>\n\t<meta name=\"twitter:data2\" content=\"3 minutos\" \/>\n<script type=\"application\/ld+json\" class=\"yoast-schema-graph\">{\"@context\":\"https:\/\/schema.org\",\"@graph\":[{\"@type\":\"NewsArticle\",\"@id\":\"https:\/\/www.gaveanews.com\/index.php\/2022\/08\/22\/mercado-da-bola-flamengo-encaminha-sua-primeira-contratacao-para-a-proxima-temporada\/#article\",\"isPartOf\":{\"@id\":\"https:\/\/www.gaveanews.com\/index.php\/2022\/08\/22\/mercado-da-bola-flamengo-encaminha-sua-primeira-contratacao-para-a-proxima-temporada\/\"},\"author\":{\"name\":\"Equipe G\u00e1vea News\",\"@id\":\"https:\/\/www.gaveanews.com\/#\/schema\/person\/2ec14f73fb96be2caf28f91afb14749d\"},\"headline\":\"Mercado da bola: Flamengo encaminha sua primeira contrata\u00e7\u00e3o para a pr\u00f3xima temporada\",\"datePublished\":\"2022-08-22T20:46:14+00:00\",\"dateModified\":\"2022-08-22T20:48:50+00:00\",\"mainEntityOfPage\":{\"@id\":\"https:\/\/www.gaveanews.com\/index.php\/2022\/08\/22\/mercado-da-bola-flamengo-encaminha-sua-primeira-contratacao-para-a-proxima-temporada\/\"},\"wordCount\":526,\"commentCount\":0,\"image\":{\"@id\":\"https:\/\/www.gaveanews.com\/index.php\/2022\/08\/22\/mercado-da-bola-flamengo-encaminha-sua-primeira-contratacao-para-a-proxima-temporada\/#primaryimage\"},\"thumbnailUrl\":\"https:\/\/www.gaveanews.com\/wp-content\/uploads\/Marcos-Braz-em-entrevista-no-CT-do-Flamengo-1.webp\",\"articleSection\":[\"Negocia\u00e7\u00f5es\"],\"inLanguage\":\"pt-BR\",\"potentialAction\":[{\"@type\":\"CommentAction\",\"name\":\"Comment\",\"target\":[\"https:\/\/www.gaveanews.com\/index.php\/2022\/08\/22\/mercado-da-bola-flamengo-encaminha-sua-primeira-contratacao-para-a-proxima-temporada\/#respond\"]}],\"copyrightYear\":\"2022\",\"copyrightHolder\":{\"@id\":\"https:\/\/www.gaveanews.com\/#organization\"}},{\"@type\":\"WebPage\",\"@id\":\"https:\/\/www.gaveanews.com\/index.php\/2022\/08\/22\/mercado-da-bola-flamengo-encaminha-sua-primeira-contratacao-para-a-proxima-temporada\/\",\"url\":\"https:\/\/www.gaveanews.com\/index.php\/2022\/08\/22\/mercado-da-bola-flamengo-encaminha-sua-primeira-contratacao-para-a-proxima-temporada\/\",\"name\":\"Mercado da bola: Flamengo encaminha sua primeira contrata\u00e7\u00e3o para a pr\u00f3xima temporada\",\"isPartOf\":{\"@id\":\"https:\/\/www.gaveanews.com\/#website\"},\"primaryImageOfPage\":{\"@id\":\"https:\/\/www.gaveanews.com\/index.php\/2022\/08\/22\/mercado-da-bola-flamengo-encaminha-sua-primeira-contratacao-para-a-proxima-temporada\/#primaryimage\"},\"image\":{\"@id\":\"https:\/\/www.gaveanews.com\/index.php\/2022\/08\/22\/mercado-da-bola-flamengo-encaminha-sua-primeira-contratacao-para-a-proxima-temporada\/#primaryimage\"},\"thumbnailUrl\":\"https:\/\/www.gaveanews.com\/wp-content\/uploads\/Marcos-Braz-em-entrevista-no-CT-do-Flamengo-1.webp\",\"datePublished\":\"2022-08-22T20:46:14+00:00\",\"dateModified\":\"2022-08-22T20:48:50+00:00\",\"author\":{\"@id\":\"https:\/\/www.gaveanews.com\/#\/schema\/person\/2ec14f73fb96be2caf28f91afb14749d\"},\"breadcrumb\":{\"@id\":\"https:\/\/www.gaveanews.com\/index.php\/2022\/08\/22\/mercado-da-bola-flamengo-encaminha-sua-primeira-contratacao-para-a-proxima-temporada\/#breadcrumb\"},\"inLanguage\":\"pt-BR\",\"potentialAction\":[{\"@type\":\"ReadAction\",\"target\":[\"https:\/\/www.gaveanews.com\/index.php\/2022\/08\/22\/mercado-da-bola-flamengo-encaminha-sua-primeira-contratacao-para-a-proxima-temporada\/\"]}]},{\"@type\":\"ImageObject\",\"inLanguage\":\"pt-BR\",\"@id\":\"https:\/\/www.gaveanews.com\/index.php\/2022\/08\/22\/mercado-da-bola-flamengo-encaminha-sua-primeira-contratacao-para-a-proxima-temporada\/#primaryimage\",\"url\":\"https:\/\/www.gaveanews.com\/wp-content\/uploads\/Marcos-Braz-em-entrevista-no-CT-do-Flamengo-1.webp\",\"contentUrl\":\"https:\/\/www.gaveanews.com\/wp-content\/uploads\/Marcos-Braz-em-entrevista-no-CT-do-Flamengo-1.webp\",\"width\":799,\"height\":533,\"caption\":\"Marcos Braz em entrevista no CT do Flamengo (Foto: Gilvan de Souza\/Flamengo)\"},{\"@type\":\"BreadcrumbList\",\"@id\":\"https:\/\/www.gaveanews.com\/index.php\/2022\/08\/22\/mercado-da-bola-flamengo-encaminha-sua-primeira-contratacao-para-a-proxima-temporada\/#breadcrumb\",\"itemListElement\":[{\"@type\":\"ListItem\",\"position\":1,\"name\":\"Home\",\"item\":\"https:\/\/www.gaveanews.com\/\"},{\"@type\":\"ListItem\",\"position\":2,\"name\":\"Mercado da bola: Flamengo encaminha sua primeira contrata\u00e7\u00e3o para a pr\u00f3xima temporada\"}]},{\"@type\":\"WebSite\",\"@id\":\"https:\/\/www.gaveanews.com\/#website\",\"url\":\"https:\/\/www.gaveanews.com\/\",\"name\":\"G\u00e1vea News\",\"description\":\"Veja todas as not\u00edcias sobre o Flamengo: Contrata\u00e7\u00f5es, categorias de base, resultados das partidas, tabela de classifica\u00e7\u00e3o, pr\u00f3ximos jogos!\",\"potentialAction\":[{\"@type\":\"SearchAction\",\"target\":{\"@type\":\"EntryPoint\",\"urlTemplate\":\"https:\/\/www.gaveanews.com\/?s={search_term_string}\"},\"query-input\":{\"@type\":\"PropertyValueSpecification\",\"valueRequired\":true,\"valueName\":\"search_term_string\"}}],\"inLanguage\":\"pt-BR\"},{\"@type\":\"Person\",\"@id\":\"https:\/\/www.gaveanews.com\/#\/schema\/person\/2ec14f73fb96be2caf28f91afb14749d\",\"name\":\"Equipe G\u00e1vea News\",\"image\":{\"@type\":\"ImageObject\",\"inLanguage\":\"pt-BR\",\"@id\":\"https:\/\/www.gaveanews.com\/#\/schema\/person\/image\/\",\"url\":\"https:\/\/secure.gravatar.com\/avatar\/1e1956f1facbffd3f8fa53a326721950116b3b9dc9bd44939c01180fd4a745a9?s=96&d=mm&r=g\",\"contentUrl\":\"https:\/\/secure.gravatar.com\/avatar\/1e1956f1facbffd3f8fa53a326721950116b3b9dc9bd44939c01180fd4a745a9?s=96&d=mm&r=g\",\"caption\":\"Equipe G\u00e1vea News\"}}]}<\/script>\n<!-- \/ Yoast SEO Premium plugin. -->","yoast_head_json":{"title":"Mercado da bola: Flamengo encaminha sua primeira contrata\u00e7\u00e3o para a pr\u00f3xima temporada","robots":{"index":"index","follow":"follow","max-snippet":"max-snippet:-1","max-image-preview":"max-image-preview:large","max-video-preview":"max-video-preview:-1"},"canonical":"https:\/\/www.gaveanews.com\/index.php\/2022\/08\/22\/mercado-da-bola-flamengo-encaminha-sua-primeira-contratacao-para-a-proxima-temporada\/","og_locale":"pt_BR","og_type":"article","og_title":"Mercado da bola: Flamengo encaminha sua primeira contrata\u00e7\u00e3o para a pr\u00f3xima temporada","og_description":"Destaque do Flamengo no empate em 1 a 1 com o Palmeiras, no \u00faltimo domingo, Ayrton Lucas demonstrou mais uma vez que est\u00e1 numa crescente e que a sua contrata\u00e7\u00e3o foi certeira. Por outro lado, o jogador n\u00e3o pertence ao Rubro-Negro e pode ter que retornar ao Spartak, da R\u00fassia, quando acaba o seu empr\u00e9stimo, [&hellip;]","og_url":"https:\/\/www.gaveanews.com\/index.php\/2022\/08\/22\/mercado-da-bola-flamengo-encaminha-sua-primeira-contratacao-para-a-proxima-temporada\/","og_site_name":"G\u00e1vea News","article_publisher":"https:\/\/facebook.com\/gaveaNews\/","article_published_time":"2022-08-22T20:46:14+00:00","article_modified_time":"2022-08-22T20:48:50+00:00","og_image":[{"width":799,"height":533,"url":"https:\/\/www.gaveanews.com\/wp-content\/uploads\/Marcos-Braz-em-entrevista-no-CT-do-Flamengo-1.webp","type":"image\/jpeg"}],"author":"Equipe G\u00e1vea News","twitter_card":"summary_large_image","twitter_misc":{"Escrito por":"Equipe G\u00e1vea News","Est. tempo de leitura":"3 minutos"},"schema":{"@context":"https:\/\/schema.org","@graph":[{"@type":"NewsArticle","@id":"https:\/\/www.gaveanews.com\/index.php\/2022\/08\/22\/mercado-da-bola-flamengo-encaminha-sua-primeira-contratacao-para-a-proxima-temporada\/#article","isPartOf":{"@id":"https:\/\/www.gaveanews.com\/index.php\/2022\/08\/22\/mercado-da-bola-flamengo-encaminha-sua-primeira-contratacao-para-a-proxima-temporada\/"},"author":{"name":"Equipe G\u00e1vea News","@id":"https:\/\/www.gaveanews.com\/#\/schema\/person\/2ec14f73fb96be2caf28f91afb14749d"},"headline":"Mercado da bola: Flamengo encaminha sua primeira contrata\u00e7\u00e3o para a pr\u00f3xima temporada","datePublished":"2022-08-22T20:46:14+00:00","dateModified":"2022-08-22T20:48:50+00:00","mainEntityOfPage":{"@id":"https:\/\/www.gaveanews.com\/index.php\/2022\/08\/22\/mercado-da-bola-flamengo-encaminha-sua-primeira-contratacao-para-a-proxima-temporada\/"},"wordCount":526,"commentCount":0,"image":{"@id":"https:\/\/www.gaveanews.com\/index.php\/2022\/08\/22\/mercado-da-bola-flamengo-encaminha-sua-primeira-contratacao-para-a-proxima-temporada\/#primaryimage"},"thumbnailUrl":"https:\/\/www.gaveanews.com\/wp-content\/uploads\/Marcos-Braz-em-entrevista-no-CT-do-Flamengo-1.webp","articleSection":["Negocia\u00e7\u00f5es"],"inLanguage":"pt-BR","potentialAction":[{"@type":"CommentAction","name":"Comment","target":["https:\/\/www.gaveanews.com\/index.php\/2022\/08\/22\/mercado-da-bola-flamengo-encaminha-sua-primeira-contratacao-para-a-proxima-temporada\/#respond"]}],"copyrightYear":"2022","copyrightHolder":{"@id":"https:\/\/www.gaveanews.com\/#organization"}},{"@type":"WebPage","@id":"https:\/\/www.gaveanews.com\/index.php\/2022\/08\/22\/mercado-da-bola-flamengo-encaminha-sua-primeira-contratacao-para-a-proxima-temporada\/","url":"https:\/\/www.gaveanews.com\/index.php\/2022\/08\/22\/mercado-da-bola-flamengo-encaminha-sua-primeira-contratacao-para-a-proxima-temporada\/","name":"Mercado da bola: Flamengo encaminha sua primeira contrata\u00e7\u00e3o para a pr\u00f3xima temporada","isPartOf":{"@id":"https:\/\/www.gaveanews.com\/#website"},"primaryImageOfPage":{"@id":"https:\/\/www.gaveanews.com\/index.php\/2022\/08\/22\/mercado-da-bola-flamengo-encaminha-sua-primeira-contratacao-para-a-proxima-temporada\/#primaryimage"},"image":{"@id":"https:\/\/www.gaveanews.com\/index.php\/2022\/08\/22\/mercado-da-bola-flamengo-encaminha-sua-primeira-contratacao-para-a-proxima-temporada\/#primaryimage"},"thumbnailUrl":"https:\/\/www.gaveanews.com\/wp-content\/uploads\/Marcos-Braz-em-entrevista-no-CT-do-Flamengo-1.webp","datePublished":"2022-08-22T20:46:14+00:00","dateModified":"2022-08-22T20:48:50+00:00","author":{"@id":"https:\/\/www.gaveanews.com\/#\/schema\/person\/2ec14f73fb96be2caf28f91afb14749d"},"breadcrumb":{"@id":"https:\/\/www.gaveanews.com\/index.php\/2022\/08\/22\/mercado-da-bola-flamengo-encaminha-sua-primeira-contratacao-para-a-proxima-temporada\/#breadcrumb"},"inLanguage":"pt-BR","potentialAction":[{"@type":"ReadAction","target":["https:\/\/www.gaveanews.com\/index.php\/2022\/08\/22\/mercado-da-bola-flamengo-encaminha-sua-primeira-contratacao-para-a-proxima-temporada\/"]}]},{"@type":"ImageObject","inLanguage":"pt-BR","@id":"https:\/\/www.gaveanews.com\/index.php\/2022\/08\/22\/mercado-da-bola-flamengo-encaminha-sua-primeira-contratacao-para-a-proxima-temporada\/#primaryimage","url":"https:\/\/www.gaveanews.com\/wp-content\/uploads\/Marcos-Braz-em-entrevista-no-CT-do-Flamengo-1.webp","contentUrl":"https:\/\/www.gaveanews.com\/wp-content\/uploads\/Marcos-Braz-em-entrevista-no-CT-do-Flamengo-1.webp","width":799,"height":533,"caption":"Marcos Braz em entrevista no CT do Flamengo (Foto: Gilvan de Souza\/Flamengo)"},{"@type":"BreadcrumbList","@id":"https:\/\/www.gaveanews.com\/index.php\/2022\/08\/22\/mercado-da-bola-flamengo-encaminha-sua-primeira-contratacao-para-a-proxima-temporada\/#breadcrumb","itemListElement":[{"@type":"ListItem","position":1,"name":"Home","item":"https:\/\/www.gaveanews.com\/"},{"@type":"ListItem","position":2,"name":"Mercado da bola: Flamengo encaminha sua primeira contrata\u00e7\u00e3o para a pr\u00f3xima temporada"}]},{"@type":"WebSite","@id":"https:\/\/www.gaveanews.com\/#website","url":"https:\/\/www.gaveanews.com\/","name":"G\u00e1vea News","description":"Veja todas as not\u00edcias sobre o Flamengo: Contrata\u00e7\u00f5es, categorias de base, resultados das partidas, tabela de classifica\u00e7\u00e3o, pr\u00f3ximos jogos!","potentialAction":[{"@type":"SearchAction","target":{"@type":"EntryPoint","urlTemplate":"https:\/\/www.gaveanews.com\/?s={search_term_string}"},"query-input":{"@type":"PropertyValueSpecification","valueRequired":true,"valueName":"search_term_string"}}],"inLanguage":"pt-BR"},{"@type":"Person","@id":"https:\/\/www.gaveanews.com\/#\/schema\/person\/2ec14f73fb96be2caf28f91afb14749d","name":"Equipe G\u00e1vea News","image":{"@type":"ImageObject","inLanguage":"pt-BR","@id":"https:\/\/www.gaveanews.com\/#\/schema\/person\/image\/","url":"https:\/\/secure.gravatar.com\/avatar\/1e1956f1facbffd3f8fa53a326721950116b3b9dc9bd44939c01180fd4a745a9?s=96&d=mm&r=g","contentUrl":"https:\/\/secure.gravatar.com\/avatar\/1e1956f1facbffd3f8fa53a326721950116b3b9dc9bd44939c01180fd4a745a9?s=96&d=mm&r=g","caption":"Equipe G\u00e1vea News"}}]}},"_links":{"self":[{"href":"https:\/\/www.gaveanews.com\/index.php\/wp-json\/wp\/v2\/posts\/86229","targetHints":{"allow":["GET"]}}],"collection":[{"href":"https:\/\/www.gaveanews.com\/index.php\/wp-json\/wp\/v2\/posts"}],"about":[{"href":"https:\/\/www.gaveanews.com\/index.php\/wp-json\/wp\/v2\/types\/post"}],"author":[{"embeddable":true,"href":"https:\/\/www.gaveanews.com\/index.php\/wp-json\/wp\/v2\/users\/1"}],"replies":[{"embeddable":true,"href":"https:\/\/www.gaveanews.com\/index.php\/wp-json\/wp\/v2\/comments?post=86229"}],"version-history":[{"count":0,"href":"https:\/\/www.gaveanews.com\/index.php\/wp-json\/wp\/v2\/posts\/86229\/revisions"}],"wp:featuredmedia":[{"embeddable":true,"href":"https:\/\/www.gaveanews.com\/index.php\/wp-json\/wp\/v2\/media\/85562"}],"wp:attachment":[{"href":"https:\/\/www.gaveanews.com\/index.php\/wp-json\/wp\/v2\/media?parent=86229"}],"wp:term":[{"taxonomy":"category","embeddable":true,"href":"https:\/\/www.gaveanews.com\/index.php\/wp-json\/wp\/v2\/categories?post=86229"},{"taxonomy":"post_tag","embeddable":true,"href":"https:\/\/www.gaveanews.com\/index.php\/wp-json\/wp\/v2\/tags?post=86229"}],"curies":[{"name":"wp","href":"https:\/\/api.w.org\/{rel}","templated":true}]}}