{"id":86233,"date":"2022-08-22T19:03:20","date_gmt":"2022-08-22T22:03:20","guid":{"rendered":"https:\/\/www.gaveanews.com\/?p=86233"},"modified":"2024-04-06T23:22:06","modified_gmt":"2024-04-07T02:22:06","slug":"treinador-do-brasil-tite-e-sincero-ao-falar-sobre-a-participacao-de-pedro-do-flamengo-na-copa-do-mundo","status":"publish","type":"post","link":"https:\/\/www.gaveanews.com\/index.php\/2022\/08\/22\/treinador-do-brasil-tite-e-sincero-ao-falar-sobre-a-participacao-de-pedro-do-flamengo-na-copa-do-mundo\/","title":{"rendered":"Treinador do Brasil, Tite \u00e9 sincero ao falar sobre a participa\u00e7\u00e3o de Pedro, do Flamengo, na Copa do Mundo"},"content":{"rendered":"\n<p>A sele\u00e7\u00e3o brasileira que ir\u00e1 para a Copa do Mundo 2022 do Catar come\u00e7ou a ser desenhada h\u00e1 mais de 2 anos pelo t\u00e9cnico Tite, que chegou a realizar diversos testes no elenco. Agora, perto do Mundial \u2013 e da convoca\u00e7\u00e3o \u2013 o elenco dos 26 jogadores ainda tem algumas d\u00favidas. E os jogos preparat\u00f3rios contra Gana e Tun\u00edsia, j\u00e1 definidos, devem ser \u2018chave\u2019 para a defini\u00e7\u00e3o do treinador, antes da convoca\u00e7\u00e3o final. E o nome de Pedro, do Flamengo, tem surgido cada vez mais forte.<\/p>\n\n\n\n<p><em>\u2014 T\u00e1 jogando muito. N\u00e3o sou eu que estou convocando, \u00e9 a performance dele [Pedro] que est\u00e1 se convocando. Um jogador com caracter\u00edsticas espec\u00edficas para a fun\u00e7\u00e3o. Ontem [contra o Palmeiras], teve um lance que ele escora para o Arrascaeta, que chuta para fora. Ele n\u00e3o tem s\u00f3 qualidade t\u00e9cnica, como raciocina numa mesma dimens\u00e3o de grandes jogadores. Ele tem uma caracter\u00edstica dif\u00edcil. N\u00e3o vai ter velocidade, mas vai ter o piv\u00f4, uma jogada combinada de cabeceio<\/em>, afirmou Tite, em entrevista ao Flow Sport Club, na tarde desta segunda-feira (22), indicando que o centroavante deve ter uma chance na sele\u00e7\u00e3o brasileira.<\/p>\n\n\n\n<h2 class=\"wp-block-heading\" id=\"h-pedro-parece-ser-unanimidade-para-tite-ao-menos-para-testes\">Pedro parece ser unanimidade para Tite, ao menos para testes<\/h2>\n\n\n\n<p>Cl\u00e9ber Xavier, auxiliar de Tite, acompanhou o treinador da sele\u00e7\u00e3o brasileira no podcast e tamb\u00e9m comentou sobre o atual momento de Pedro, que concorre diretamente para uma vaga na Copa do Mundo 2022 com outros jogadores que j\u00e1 participaram dos ciclos anteriores do treinador.<\/p>\n\n\n\n<p><em>\u2014 Hulk, Gabigol, Firmino e Matheus Cunha se assemelham muito nas fun\u00e7\u00f5es que fazem em seus clubes. N\u00e3o s\u00e3o piv\u00f4s de \u00e1reas que atacam espa\u00e7o. Eles v\u00eam buscar ou que rodam, e n\u00e3o ficam l\u00e1 enfiados. N\u00e3o atacam espa\u00e7o, atacam menos do que Richarlison, Gabriel Jesus e Pedro. S\u00e3o caracter\u00edsticas que fazem eles competirem entre eles<\/em>, afirmou Cl\u00e9ber Xavier, auxiliar de Tite, ao Flow Sport Club. <\/p>\n\n\n\n<p>O membro da comiss\u00e3o t\u00e9cnica da sele\u00e7\u00e3o brasileira colocou o atacante do\u00a0Flamengo\u00a0pr\u00f3ximo ao estilo de jogo de Gabriel Jesus, que vem fazendo sucesso no Arsenal, e a Richarlison, que est\u00e1 indo bem nas atua\u00e7\u00f5es pelo Tottenham.<\/p>\n\n\n\n<p>Na \u00faltima semana, vale ressaltar que Tite chegou a comentar sobre uma poss\u00edvel convoca\u00e7\u00e3o de Pedro na sele\u00e7\u00e3o brasileira para a Copa do Mundo 2022, em entrevista \u00e0 r\u00e1dio Globo.<\/p>\n\n\n\n<p><em>\u2014 N\u00e3o vou fugir da pergunta. Pedro tem caracter\u00edstica muito especial para enfrentar times com linhas baixas. Tem que ter op\u00e7\u00e3o com essa caracter\u00edstica. Talvez dos 26 jogadores, 80% estejam encaminhados. Mas sem fechar a lista, sem ficar na caixinha. Grandes atletas se afirmam<\/em>, afirmou Tite.<\/p>\n\n\n\n<p>Agora, Pedro e os demais jogadores cotados para a lista dos 26 atletas da sele\u00e7\u00e3o brasileira seguem na expectativa de qual ser\u00e1 a decis\u00e3o \u2013 dif\u00edcil \u2013 de Tite. Mas sabe-se que o atual momento do centroavante do\u00a0Flamengo, que tem sido cada vez mais decisivo, deve seguir como alvo de especula\u00e7\u00f5es nas pr\u00f3ximas semanas.<\/p>\n\n\n\n<p>Retirado de: Torcedores<\/p>\n","protected":false},"excerpt":{"rendered":"<p>A sele\u00e7\u00e3o brasileira que ir\u00e1 para a Copa do Mundo 2022 do Catar come\u00e7ou a ser desenhada h\u00e1 mais de 2 anos pelo t\u00e9cnico Tite, que chegou a realizar diversos testes no elenco. Agora, perto do Mundial \u2013 e da convoca\u00e7\u00e3o \u2013 o elenco dos 26 jogadores ainda tem algumas d\u00favidas. E os jogos preparat\u00f3rios [&hellip;]<\/p>\n","protected":false},"author":1,"featured_media":86062,"comment_status":"open","ping_status":"closed","sticky":false,"template":"","format":"standard","meta":{"footnotes":""},"categories":[47],"tags":[171],"class_list":["post-86233","post","type-post","status-publish","format-standard","has-post-thumbnail","hentry","category-destaques","tag-adenor-leonardo-bachi-tite"],"yoast_head":"<!-- This site is optimized with the Yoast SEO Premium plugin v24.2 (Yoast SEO v26.9) - https:\/\/yoast.com\/product\/yoast-seo-premium-wordpress\/ -->\n<title>Treinador do Brasil, Tite \u00e9 sincero ao falar sobre a participa\u00e7\u00e3o de Pedro, do Flamengo, na Copa do Mundo<\/title>\n<meta name=\"robots\" content=\"index, follow, max-snippet:-1, max-image-preview:large, max-video-preview:-1\" \/>\n<link rel=\"canonical\" href=\"https:\/\/www.gaveanews.com\/index.php\/2022\/08\/22\/treinador-do-brasil-tite-e-sincero-ao-falar-sobre-a-participacao-de-pedro-do-flamengo-na-copa-do-mundo\/\" \/>\n<meta property=\"og:locale\" content=\"pt_BR\" \/>\n<meta property=\"og:type\" content=\"article\" \/>\n<meta property=\"og:title\" content=\"Treinador do Brasil, Tite \u00e9 sincero ao falar sobre a participa\u00e7\u00e3o de Pedro, do Flamengo, na Copa do Mundo\" \/>\n<meta property=\"og:description\" content=\"A sele\u00e7\u00e3o brasileira que ir\u00e1 para a Copa do Mundo 2022 do Catar come\u00e7ou a ser desenhada h\u00e1 mais de 2 anos pelo t\u00e9cnico Tite, que chegou a realizar diversos testes no elenco. Agora, perto do Mundial \u2013 e da convoca\u00e7\u00e3o \u2013 o elenco dos 26 jogadores ainda tem algumas d\u00favidas. E os jogos preparat\u00f3rios [&hellip;]\" \/>\n<meta property=\"og:url\" content=\"https:\/\/www.gaveanews.com\/index.php\/2022\/08\/22\/treinador-do-brasil-tite-e-sincero-ao-falar-sobre-a-participacao-de-pedro-do-flamengo-na-copa-do-mundo\/\" \/>\n<meta property=\"og:site_name\" content=\"G\u00e1vea News\" \/>\n<meta property=\"article:publisher\" content=\"https:\/\/facebook.com\/gaveaNews\/\" \/>\n<meta property=\"article:published_time\" content=\"2022-08-22T22:03:20+00:00\" \/>\n<meta property=\"article:modified_time\" content=\"2024-04-07T02:22:06+00:00\" \/>\n<meta property=\"og:image\" content=\"https:\/\/www.gaveanews.com\/wp-content\/uploads\/Pedro-comemora-gol-marcado-pelo-Flamengo-contra-o-Athletico-PR-pela-Copa-do-Brasil.webp\" \/>\n\t<meta property=\"og:image:width\" content=\"800\" \/>\n\t<meta property=\"og:image:height\" content=\"533\" \/>\n\t<meta property=\"og:image:type\" content=\"image\/jpeg\" \/>\n<meta name=\"author\" content=\"Equipe G\u00e1vea News\" \/>\n<meta name=\"twitter:card\" content=\"summary_large_image\" \/>\n<meta name=\"twitter:label1\" content=\"Escrito por\" \/>\n\t<meta name=\"twitter:data1\" content=\"Equipe G\u00e1vea News\" \/>\n\t<meta name=\"twitter:label2\" content=\"Est. tempo de leitura\" \/>\n\t<meta name=\"twitter:data2\" content=\"3 minutos\" \/>\n<script type=\"application\/ld+json\" class=\"yoast-schema-graph\">{\"@context\":\"https:\/\/schema.org\",\"@graph\":[{\"@type\":\"NewsArticle\",\"@id\":\"https:\/\/www.gaveanews.com\/index.php\/2022\/08\/22\/treinador-do-brasil-tite-e-sincero-ao-falar-sobre-a-participacao-de-pedro-do-flamengo-na-copa-do-mundo\/#article\",\"isPartOf\":{\"@id\":\"https:\/\/www.gaveanews.com\/index.php\/2022\/08\/22\/treinador-do-brasil-tite-e-sincero-ao-falar-sobre-a-participacao-de-pedro-do-flamengo-na-copa-do-mundo\/\"},\"author\":{\"name\":\"Equipe G\u00e1vea News\",\"@id\":\"https:\/\/www.gaveanews.com\/#\/schema\/person\/2ec14f73fb96be2caf28f91afb14749d\"},\"headline\":\"Treinador do Brasil, Tite \u00e9 sincero ao falar sobre a participa\u00e7\u00e3o de Pedro, do Flamengo, na Copa do Mundo\",\"datePublished\":\"2022-08-22T22:03:20+00:00\",\"dateModified\":\"2024-04-07T02:22:06+00:00\",\"mainEntityOfPage\":{\"@id\":\"https:\/\/www.gaveanews.com\/index.php\/2022\/08\/22\/treinador-do-brasil-tite-e-sincero-ao-falar-sobre-a-participacao-de-pedro-do-flamengo-na-copa-do-mundo\/\"},\"wordCount\":533,\"commentCount\":0,\"image\":{\"@id\":\"https:\/\/www.gaveanews.com\/index.php\/2022\/08\/22\/treinador-do-brasil-tite-e-sincero-ao-falar-sobre-a-participacao-de-pedro-do-flamengo-na-copa-do-mundo\/#primaryimage\"},\"thumbnailUrl\":\"https:\/\/www.gaveanews.com\/wp-content\/uploads\/Pedro-comemora-gol-marcado-pelo-Flamengo-contra-o-Athletico-PR-pela-Copa-do-Brasil.webp\",\"keywords\":[\"Adenor Leonardo Bachi\"],\"articleSection\":[\"Destaques\"],\"inLanguage\":\"pt-BR\",\"potentialAction\":[{\"@type\":\"CommentAction\",\"name\":\"Comment\",\"target\":[\"https:\/\/www.gaveanews.com\/index.php\/2022\/08\/22\/treinador-do-brasil-tite-e-sincero-ao-falar-sobre-a-participacao-de-pedro-do-flamengo-na-copa-do-mundo\/#respond\"]}],\"copyrightYear\":\"2022\",\"copyrightHolder\":{\"@id\":\"https:\/\/www.gaveanews.com\/#organization\"}},{\"@type\":\"WebPage\",\"@id\":\"https:\/\/www.gaveanews.com\/index.php\/2022\/08\/22\/treinador-do-brasil-tite-e-sincero-ao-falar-sobre-a-participacao-de-pedro-do-flamengo-na-copa-do-mundo\/\",\"url\":\"https:\/\/www.gaveanews.com\/index.php\/2022\/08\/22\/treinador-do-brasil-tite-e-sincero-ao-falar-sobre-a-participacao-de-pedro-do-flamengo-na-copa-do-mundo\/\",\"name\":\"Treinador do Brasil, Tite \u00e9 sincero ao falar sobre a participa\u00e7\u00e3o de Pedro, do Flamengo, na Copa do Mundo\",\"isPartOf\":{\"@id\":\"https:\/\/www.gaveanews.com\/#website\"},\"primaryImageOfPage\":{\"@id\":\"https:\/\/www.gaveanews.com\/index.php\/2022\/08\/22\/treinador-do-brasil-tite-e-sincero-ao-falar-sobre-a-participacao-de-pedro-do-flamengo-na-copa-do-mundo\/#primaryimage\"},\"image\":{\"@id\":\"https:\/\/www.gaveanews.com\/index.php\/2022\/08\/22\/treinador-do-brasil-tite-e-sincero-ao-falar-sobre-a-participacao-de-pedro-do-flamengo-na-copa-do-mundo\/#primaryimage\"},\"thumbnailUrl\":\"https:\/\/www.gaveanews.com\/wp-content\/uploads\/Pedro-comemora-gol-marcado-pelo-Flamengo-contra-o-Athletico-PR-pela-Copa-do-Brasil.webp\",\"datePublished\":\"2022-08-22T22:03:20+00:00\",\"dateModified\":\"2024-04-07T02:22:06+00:00\",\"author\":{\"@id\":\"https:\/\/www.gaveanews.com\/#\/schema\/person\/2ec14f73fb96be2caf28f91afb14749d\"},\"breadcrumb\":{\"@id\":\"https:\/\/www.gaveanews.com\/index.php\/2022\/08\/22\/treinador-do-brasil-tite-e-sincero-ao-falar-sobre-a-participacao-de-pedro-do-flamengo-na-copa-do-mundo\/#breadcrumb\"},\"inLanguage\":\"pt-BR\",\"potentialAction\":[{\"@type\":\"ReadAction\",\"target\":[\"https:\/\/www.gaveanews.com\/index.php\/2022\/08\/22\/treinador-do-brasil-tite-e-sincero-ao-falar-sobre-a-participacao-de-pedro-do-flamengo-na-copa-do-mundo\/\"]}]},{\"@type\":\"ImageObject\",\"inLanguage\":\"pt-BR\",\"@id\":\"https:\/\/www.gaveanews.com\/index.php\/2022\/08\/22\/treinador-do-brasil-tite-e-sincero-ao-falar-sobre-a-participacao-de-pedro-do-flamengo-na-copa-do-mundo\/#primaryimage\",\"url\":\"https:\/\/www.gaveanews.com\/wp-content\/uploads\/Pedro-comemora-gol-marcado-pelo-Flamengo-contra-o-Athletico-PR-pela-Copa-do-Brasil.webp\",\"contentUrl\":\"https:\/\/www.gaveanews.com\/wp-content\/uploads\/Pedro-comemora-gol-marcado-pelo-Flamengo-contra-o-Athletico-PR-pela-Copa-do-Brasil.webp\",\"width\":800,\"height\":533,\"caption\":\"Pedro comemora gol marcado pelo Flamengo contra o Athletico-PR pela Copa do Brasil (Foto: Marcelo Cortes\/Flamengo)\"},{\"@type\":\"BreadcrumbList\",\"@id\":\"https:\/\/www.gaveanews.com\/index.php\/2022\/08\/22\/treinador-do-brasil-tite-e-sincero-ao-falar-sobre-a-participacao-de-pedro-do-flamengo-na-copa-do-mundo\/#breadcrumb\",\"itemListElement\":[{\"@type\":\"ListItem\",\"position\":1,\"name\":\"Home\",\"item\":\"https:\/\/www.gaveanews.com\/\"},{\"@type\":\"ListItem\",\"position\":2,\"name\":\"Treinador do Brasil, Tite \u00e9 sincero ao falar sobre a participa\u00e7\u00e3o de Pedro, do Flamengo, na Copa do Mundo\"}]},{\"@type\":\"WebSite\",\"@id\":\"https:\/\/www.gaveanews.com\/#website\",\"url\":\"https:\/\/www.gaveanews.com\/\",\"name\":\"G\u00e1vea News\",\"description\":\"Veja todas as not\u00edcias sobre o Flamengo: Contrata\u00e7\u00f5es, categorias de base, resultados das partidas, tabela de classifica\u00e7\u00e3o, pr\u00f3ximos jogos!\",\"potentialAction\":[{\"@type\":\"SearchAction\",\"target\":{\"@type\":\"EntryPoint\",\"urlTemplate\":\"https:\/\/www.gaveanews.com\/?s={search_term_string}\"},\"query-input\":{\"@type\":\"PropertyValueSpecification\",\"valueRequired\":true,\"valueName\":\"search_term_string\"}}],\"inLanguage\":\"pt-BR\"},{\"@type\":\"Person\",\"@id\":\"https:\/\/www.gaveanews.com\/#\/schema\/person\/2ec14f73fb96be2caf28f91afb14749d\",\"name\":\"Equipe G\u00e1vea News\",\"image\":{\"@type\":\"ImageObject\",\"inLanguage\":\"pt-BR\",\"@id\":\"https:\/\/www.gaveanews.com\/#\/schema\/person\/image\/\",\"url\":\"https:\/\/secure.gravatar.com\/avatar\/1e1956f1facbffd3f8fa53a326721950116b3b9dc9bd44939c01180fd4a745a9?s=96&d=mm&r=g\",\"contentUrl\":\"https:\/\/secure.gravatar.com\/avatar\/1e1956f1facbffd3f8fa53a326721950116b3b9dc9bd44939c01180fd4a745a9?s=96&d=mm&r=g\",\"caption\":\"Equipe G\u00e1vea News\"}}]}<\/script>\n<!-- \/ Yoast SEO Premium plugin. -->","yoast_head_json":{"title":"Treinador do Brasil, Tite \u00e9 sincero ao falar sobre a participa\u00e7\u00e3o de Pedro, do Flamengo, na Copa do Mundo","robots":{"index":"index","follow":"follow","max-snippet":"max-snippet:-1","max-image-preview":"max-image-preview:large","max-video-preview":"max-video-preview:-1"},"canonical":"https:\/\/www.gaveanews.com\/index.php\/2022\/08\/22\/treinador-do-brasil-tite-e-sincero-ao-falar-sobre-a-participacao-de-pedro-do-flamengo-na-copa-do-mundo\/","og_locale":"pt_BR","og_type":"article","og_title":"Treinador do Brasil, Tite \u00e9 sincero ao falar sobre a participa\u00e7\u00e3o de Pedro, do Flamengo, na Copa do Mundo","og_description":"A sele\u00e7\u00e3o brasileira que ir\u00e1 para a Copa do Mundo 2022 do Catar come\u00e7ou a ser desenhada h\u00e1 mais de 2 anos pelo t\u00e9cnico Tite, que chegou a realizar diversos testes no elenco. Agora, perto do Mundial \u2013 e da convoca\u00e7\u00e3o \u2013 o elenco dos 26 jogadores ainda tem algumas d\u00favidas. E os jogos preparat\u00f3rios [&hellip;]","og_url":"https:\/\/www.gaveanews.com\/index.php\/2022\/08\/22\/treinador-do-brasil-tite-e-sincero-ao-falar-sobre-a-participacao-de-pedro-do-flamengo-na-copa-do-mundo\/","og_site_name":"G\u00e1vea News","article_publisher":"https:\/\/facebook.com\/gaveaNews\/","article_published_time":"2022-08-22T22:03:20+00:00","article_modified_time":"2024-04-07T02:22:06+00:00","og_image":[{"width":800,"height":533,"url":"https:\/\/www.gaveanews.com\/wp-content\/uploads\/Pedro-comemora-gol-marcado-pelo-Flamengo-contra-o-Athletico-PR-pela-Copa-do-Brasil.webp","type":"image\/jpeg"}],"author":"Equipe G\u00e1vea News","twitter_card":"summary_large_image","twitter_misc":{"Escrito por":"Equipe G\u00e1vea News","Est. tempo de leitura":"3 minutos"},"schema":{"@context":"https:\/\/schema.org","@graph":[{"@type":"NewsArticle","@id":"https:\/\/www.gaveanews.com\/index.php\/2022\/08\/22\/treinador-do-brasil-tite-e-sincero-ao-falar-sobre-a-participacao-de-pedro-do-flamengo-na-copa-do-mundo\/#article","isPartOf":{"@id":"https:\/\/www.gaveanews.com\/index.php\/2022\/08\/22\/treinador-do-brasil-tite-e-sincero-ao-falar-sobre-a-participacao-de-pedro-do-flamengo-na-copa-do-mundo\/"},"author":{"name":"Equipe G\u00e1vea News","@id":"https:\/\/www.gaveanews.com\/#\/schema\/person\/2ec14f73fb96be2caf28f91afb14749d"},"headline":"Treinador do Brasil, Tite \u00e9 sincero ao falar sobre a participa\u00e7\u00e3o de Pedro, do Flamengo, na Copa do Mundo","datePublished":"2022-08-22T22:03:20+00:00","dateModified":"2024-04-07T02:22:06+00:00","mainEntityOfPage":{"@id":"https:\/\/www.gaveanews.com\/index.php\/2022\/08\/22\/treinador-do-brasil-tite-e-sincero-ao-falar-sobre-a-participacao-de-pedro-do-flamengo-na-copa-do-mundo\/"},"wordCount":533,"commentCount":0,"image":{"@id":"https:\/\/www.gaveanews.com\/index.php\/2022\/08\/22\/treinador-do-brasil-tite-e-sincero-ao-falar-sobre-a-participacao-de-pedro-do-flamengo-na-copa-do-mundo\/#primaryimage"},"thumbnailUrl":"https:\/\/www.gaveanews.com\/wp-content\/uploads\/Pedro-comemora-gol-marcado-pelo-Flamengo-contra-o-Athletico-PR-pela-Copa-do-Brasil.webp","keywords":["Adenor Leonardo Bachi"],"articleSection":["Destaques"],"inLanguage":"pt-BR","potentialAction":[{"@type":"CommentAction","name":"Comment","target":["https:\/\/www.gaveanews.com\/index.php\/2022\/08\/22\/treinador-do-brasil-tite-e-sincero-ao-falar-sobre-a-participacao-de-pedro-do-flamengo-na-copa-do-mundo\/#respond"]}],"copyrightYear":"2022","copyrightHolder":{"@id":"https:\/\/www.gaveanews.com\/#organization"}},{"@type":"WebPage","@id":"https:\/\/www.gaveanews.com\/index.php\/2022\/08\/22\/treinador-do-brasil-tite-e-sincero-ao-falar-sobre-a-participacao-de-pedro-do-flamengo-na-copa-do-mundo\/","url":"https:\/\/www.gaveanews.com\/index.php\/2022\/08\/22\/treinador-do-brasil-tite-e-sincero-ao-falar-sobre-a-participacao-de-pedro-do-flamengo-na-copa-do-mundo\/","name":"Treinador do Brasil, Tite \u00e9 sincero ao falar sobre a participa\u00e7\u00e3o de Pedro, do Flamengo, na Copa do Mundo","isPartOf":{"@id":"https:\/\/www.gaveanews.com\/#website"},"primaryImageOfPage":{"@id":"https:\/\/www.gaveanews.com\/index.php\/2022\/08\/22\/treinador-do-brasil-tite-e-sincero-ao-falar-sobre-a-participacao-de-pedro-do-flamengo-na-copa-do-mundo\/#primaryimage"},"image":{"@id":"https:\/\/www.gaveanews.com\/index.php\/2022\/08\/22\/treinador-do-brasil-tite-e-sincero-ao-falar-sobre-a-participacao-de-pedro-do-flamengo-na-copa-do-mundo\/#primaryimage"},"thumbnailUrl":"https:\/\/www.gaveanews.com\/wp-content\/uploads\/Pedro-comemora-gol-marcado-pelo-Flamengo-contra-o-Athletico-PR-pela-Copa-do-Brasil.webp","datePublished":"2022-08-22T22:03:20+00:00","dateModified":"2024-04-07T02:22:06+00:00","author":{"@id":"https:\/\/www.gaveanews.com\/#\/schema\/person\/2ec14f73fb96be2caf28f91afb14749d"},"breadcrumb":{"@id":"https:\/\/www.gaveanews.com\/index.php\/2022\/08\/22\/treinador-do-brasil-tite-e-sincero-ao-falar-sobre-a-participacao-de-pedro-do-flamengo-na-copa-do-mundo\/#breadcrumb"},"inLanguage":"pt-BR","potentialAction":[{"@type":"ReadAction","target":["https:\/\/www.gaveanews.com\/index.php\/2022\/08\/22\/treinador-do-brasil-tite-e-sincero-ao-falar-sobre-a-participacao-de-pedro-do-flamengo-na-copa-do-mundo\/"]}]},{"@type":"ImageObject","inLanguage":"pt-BR","@id":"https:\/\/www.gaveanews.com\/index.php\/2022\/08\/22\/treinador-do-brasil-tite-e-sincero-ao-falar-sobre-a-participacao-de-pedro-do-flamengo-na-copa-do-mundo\/#primaryimage","url":"https:\/\/www.gaveanews.com\/wp-content\/uploads\/Pedro-comemora-gol-marcado-pelo-Flamengo-contra-o-Athletico-PR-pela-Copa-do-Brasil.webp","contentUrl":"https:\/\/www.gaveanews.com\/wp-content\/uploads\/Pedro-comemora-gol-marcado-pelo-Flamengo-contra-o-Athletico-PR-pela-Copa-do-Brasil.webp","width":800,"height":533,"caption":"Pedro comemora gol marcado pelo Flamengo contra o Athletico-PR pela Copa do Brasil (Foto: Marcelo Cortes\/Flamengo)"},{"@type":"BreadcrumbList","@id":"https:\/\/www.gaveanews.com\/index.php\/2022\/08\/22\/treinador-do-brasil-tite-e-sincero-ao-falar-sobre-a-participacao-de-pedro-do-flamengo-na-copa-do-mundo\/#breadcrumb","itemListElement":[{"@type":"ListItem","position":1,"name":"Home","item":"https:\/\/www.gaveanews.com\/"},{"@type":"ListItem","position":2,"name":"Treinador do Brasil, Tite \u00e9 sincero ao falar sobre a participa\u00e7\u00e3o de Pedro, do Flamengo, na Copa do Mundo"}]},{"@type":"WebSite","@id":"https:\/\/www.gaveanews.com\/#website","url":"https:\/\/www.gaveanews.com\/","name":"G\u00e1vea News","description":"Veja todas as not\u00edcias sobre o Flamengo: Contrata\u00e7\u00f5es, categorias de base, resultados das partidas, tabela de classifica\u00e7\u00e3o, pr\u00f3ximos jogos!","potentialAction":[{"@type":"SearchAction","target":{"@type":"EntryPoint","urlTemplate":"https:\/\/www.gaveanews.com\/?s={search_term_string}"},"query-input":{"@type":"PropertyValueSpecification","valueRequired":true,"valueName":"search_term_string"}}],"inLanguage":"pt-BR"},{"@type":"Person","@id":"https:\/\/www.gaveanews.com\/#\/schema\/person\/2ec14f73fb96be2caf28f91afb14749d","name":"Equipe G\u00e1vea News","image":{"@type":"ImageObject","inLanguage":"pt-BR","@id":"https:\/\/www.gaveanews.com\/#\/schema\/person\/image\/","url":"https:\/\/secure.gravatar.com\/avatar\/1e1956f1facbffd3f8fa53a326721950116b3b9dc9bd44939c01180fd4a745a9?s=96&d=mm&r=g","contentUrl":"https:\/\/secure.gravatar.com\/avatar\/1e1956f1facbffd3f8fa53a326721950116b3b9dc9bd44939c01180fd4a745a9?s=96&d=mm&r=g","caption":"Equipe G\u00e1vea News"}}]}},"_links":{"self":[{"href":"https:\/\/www.gaveanews.com\/index.php\/wp-json\/wp\/v2\/posts\/86233","targetHints":{"allow":["GET"]}}],"collection":[{"href":"https:\/\/www.gaveanews.com\/index.php\/wp-json\/wp\/v2\/posts"}],"about":[{"href":"https:\/\/www.gaveanews.com\/index.php\/wp-json\/wp\/v2\/types\/post"}],"author":[{"embeddable":true,"href":"https:\/\/www.gaveanews.com\/index.php\/wp-json\/wp\/v2\/users\/1"}],"replies":[{"embeddable":true,"href":"https:\/\/www.gaveanews.com\/index.php\/wp-json\/wp\/v2\/comments?post=86233"}],"version-history":[{"count":1,"href":"https:\/\/www.gaveanews.com\/index.php\/wp-json\/wp\/v2\/posts\/86233\/revisions"}],"predecessor-version":[{"id":135036,"href":"https:\/\/www.gaveanews.com\/index.php\/wp-json\/wp\/v2\/posts\/86233\/revisions\/135036"}],"wp:featuredmedia":[{"embeddable":true,"href":"https:\/\/www.gaveanews.com\/index.php\/wp-json\/wp\/v2\/media\/86062"}],"wp:attachment":[{"href":"https:\/\/www.gaveanews.com\/index.php\/wp-json\/wp\/v2\/media?parent=86233"}],"wp:term":[{"taxonomy":"category","embeddable":true,"href":"https:\/\/www.gaveanews.com\/index.php\/wp-json\/wp\/v2\/categories?post=86233"},{"taxonomy":"post_tag","embeddable":true,"href":"https:\/\/www.gaveanews.com\/index.php\/wp-json\/wp\/v2\/tags?post=86233"}],"curies":[{"name":"wp","href":"https:\/\/api.w.org\/{rel}","templated":true}]}}