{"id":86235,"date":"2022-08-22T19:40:38","date_gmt":"2022-08-22T22:40:38","guid":{"rendered":"https:\/\/www.gaveanews.com\/?p=86235"},"modified":"2022-08-22T19:40:41","modified_gmt":"2022-08-22T22:40:41","slug":"velez-nao-aceita-punicao-da-conmebol-e-ira-driblar-restricao-para-o-jogo-contra-o-flamengo","status":"publish","type":"post","link":"https:\/\/www.gaveanews.com\/index.php\/2022\/08\/22\/velez-nao-aceita-punicao-da-conmebol-e-ira-driblar-restricao-para-o-jogo-contra-o-flamengo\/","title":{"rendered":"V\u00e9lez n\u00e3o aceita puni\u00e7\u00e3o da Conmebol e ir\u00e1 &#8216;driblar&#8217; restri\u00e7\u00e3o para o jogo contra o Flamengo"},"content":{"rendered":"\n<p>O fim de semana foi agitado no V\u00e9lez Sarsfield. No s\u00e1bado (20), o clube foi informado pela Conmebol que a Plateia Sul Alta do Est\u00e1dio Jos\u00e9 Amalfitani estar\u00e1 fechada para o confronto contra o Flamengo pela semifinal da Libertadores.<\/p>\n\n\n\n<p>O primeiro jogo da s\u00e9rie vai ocorrer em Buenos Aires no dia 31, quarta-feira da semana que vem, com a volta sendo disputada no Maracan\u00e3, em 7 de setembro.<\/p>\n\n\n\n<p>Ontem (21), segundo apurou a coluna, os dirigentes do V\u00e9lez come\u00e7aram a armar a defesa para solicitar \u00e0 Conmebol que o fechamento seja apenas onde ocorreu a briga contra o Talleres, e n\u00e3o em toda a plateia.<\/p>\n\n\n\n<p>Al\u00e9m da interdi\u00e7\u00e3o, o V\u00e9lez foi multado em US$ 95 mil pelo epis\u00f3dio (R$ 491 mil) de viol\u00eancia (detalhes abaixo). O t\u00e9cnico Alexander \u201cCacique\u201d Medina tamb\u00e9m precisar\u00e1 mexer no bolso: vai repassar US$ 50 mil (R$ 258 mil) aos cofres da entidade pela expuls\u00e3o por protestar na mesma partida.<\/p>\n\n\n\n<p>O Est\u00e1dio Jos\u00e9 Amalfitani, onde o V\u00e9lez joga desde 1943, tem capacidade oficial para 49.540 pessoas. A Plateia Sul Alta comporta 6.072 espectadores, e o pedido do clube agora \u00e9 que esta limita\u00e7\u00e3o imposta pela Conmebol seja de cerca de 2.000 torcedores.<\/p>\n\n\n\n<h2 class=\"wp-block-heading\" id=\"h-casa-lotada\"><strong>Casa lotada<\/strong><\/h2>\n\n\n\n<p>Embora a vers\u00e3o oficial do clube seja obviamente respeitar a medida da Conmebol e o fechamento do local, quem est\u00e1 familiarizado com o futebol argentino sabe que os est\u00e1dios do pa\u00eds recebem p\u00fablicos muitas vezes bem acima da capacidade oficial.<\/p>\n\n\n\n<p>Um exemplo veio ontem de outra zona de Buenos Aires: a sul, onde fica o Monumental de N\u00fa\u00f1ez, est\u00e1dio do River, no bairro de Belgrano. Liniers, casa do V\u00e9lez, est\u00e1 localizado na zona oeste da capital argentina.<\/p>\n\n\n\n<p>No Monumental abarrotado, com cerca de 80.000 pessoas (a capacidade oficial \u00e9 de 72.027 torcedores), o River fez 3 a 0 no Central C\u00f3rdoba.<\/p>\n\n\n\n<p>Como a praxe no pa\u00eds \u00e9 superlotar os est\u00e1dios, faz sentido imaginar que, com o fechamento parcial, o Jos\u00e9 Amalfitani estaria, assim, \u201clotado\u201d (e com sua capacidade oficial esgotada). As pessoas que ficariam na tribuna fechada seriam, afinal, distribu\u00eddas para outros setores no mais absoluto \u201cjeitinho argentino\u201d (conhecido tamb\u00e9m como \u201cviveza criolla\u201d).<\/p>\n\n\n\n<p>Retirado de: UOL<\/p>\n","protected":false},"excerpt":{"rendered":"<p>O fim de semana foi agitado no V\u00e9lez Sarsfield. No s\u00e1bado (20), o clube foi informado pela Conmebol que a Plateia Sul Alta do Est\u00e1dio Jos\u00e9 Amalfitani estar\u00e1 fechada para o confronto contra o Flamengo pela semifinal da Libertadores. O primeiro jogo da s\u00e9rie vai ocorrer em Buenos Aires no dia 31, quarta-feira da semana [&hellip;]<\/p>\n","protected":false},"author":1,"featured_media":68615,"comment_status":"open","ping_status":"closed","sticky":false,"template":"","format":"standard","meta":{"footnotes":""},"categories":[1],"tags":[],"class_list":["post-86235","post","type-post","status-publish","format-standard","has-post-thumbnail","hentry","category-flamengo"],"yoast_head":"<!-- This site is optimized with the Yoast SEO Premium plugin v24.2 (Yoast SEO v26.9) - https:\/\/yoast.com\/product\/yoast-seo-premium-wordpress\/ -->\n<title>V\u00e9lez n\u00e3o aceita puni\u00e7\u00e3o da Conmebol e ir\u00e1 &#039;driblar&#039; restri\u00e7\u00e3o para o jogo contra o Flamengo<\/title>\n<meta name=\"robots\" content=\"index, follow, max-snippet:-1, max-image-preview:large, max-video-preview:-1\" \/>\n<link rel=\"canonical\" href=\"https:\/\/www.gaveanews.com\/index.php\/2022\/08\/22\/velez-nao-aceita-punicao-da-conmebol-e-ira-driblar-restricao-para-o-jogo-contra-o-flamengo\/\" \/>\n<meta property=\"og:locale\" content=\"pt_BR\" \/>\n<meta property=\"og:type\" content=\"article\" \/>\n<meta property=\"og:title\" content=\"V\u00e9lez n\u00e3o aceita puni\u00e7\u00e3o da Conmebol e ir\u00e1 &#039;driblar&#039; restri\u00e7\u00e3o para o jogo contra o Flamengo\" \/>\n<meta property=\"og:description\" content=\"O fim de semana foi agitado no V\u00e9lez Sarsfield. No s\u00e1bado (20), o clube foi informado pela Conmebol que a Plateia Sul Alta do Est\u00e1dio Jos\u00e9 Amalfitani estar\u00e1 fechada para o confronto contra o Flamengo pela semifinal da Libertadores. O primeiro jogo da s\u00e9rie vai ocorrer em Buenos Aires no dia 31, quarta-feira da semana [&hellip;]\" \/>\n<meta property=\"og:url\" content=\"https:\/\/www.gaveanews.com\/index.php\/2022\/08\/22\/velez-nao-aceita-punicao-da-conmebol-e-ira-driblar-restricao-para-o-jogo-contra-o-flamengo\/\" \/>\n<meta property=\"og:site_name\" content=\"G\u00e1vea News\" \/>\n<meta property=\"article:publisher\" content=\"https:\/\/facebook.com\/gaveaNews\/\" \/>\n<meta property=\"article:published_time\" content=\"2022-08-22T22:40:38+00:00\" \/>\n<meta property=\"article:modified_time\" content=\"2022-08-22T22:40:41+00:00\" \/>\n<meta property=\"og:image\" content=\"https:\/\/www.gaveanews.com\/wp-content\/uploads\/Taca-da-Libertadores-e-bandeira-do-Flamengo-no-estadio-do-Maracana.webp\" \/>\n\t<meta property=\"og:image:width\" content=\"900\" \/>\n\t<meta property=\"og:image:height\" content=\"1200\" \/>\n\t<meta property=\"og:image:type\" content=\"image\/jpeg\" \/>\n<meta name=\"author\" content=\"Equipe G\u00e1vea News\" \/>\n<meta name=\"twitter:card\" content=\"summary_large_image\" \/>\n<meta name=\"twitter:label1\" content=\"Escrito por\" \/>\n\t<meta name=\"twitter:data1\" content=\"Equipe G\u00e1vea News\" \/>\n\t<meta name=\"twitter:label2\" content=\"Est. tempo de leitura\" \/>\n\t<meta name=\"twitter:data2\" content=\"2 minutos\" \/>\n<script type=\"application\/ld+json\" class=\"yoast-schema-graph\">{\"@context\":\"https:\/\/schema.org\",\"@graph\":[{\"@type\":\"NewsArticle\",\"@id\":\"https:\/\/www.gaveanews.com\/index.php\/2022\/08\/22\/velez-nao-aceita-punicao-da-conmebol-e-ira-driblar-restricao-para-o-jogo-contra-o-flamengo\/#article\",\"isPartOf\":{\"@id\":\"https:\/\/www.gaveanews.com\/index.php\/2022\/08\/22\/velez-nao-aceita-punicao-da-conmebol-e-ira-driblar-restricao-para-o-jogo-contra-o-flamengo\/\"},\"author\":{\"name\":\"Equipe G\u00e1vea News\",\"@id\":\"https:\/\/www.gaveanews.com\/#\/schema\/person\/2ec14f73fb96be2caf28f91afb14749d\"},\"headline\":\"V\u00e9lez n\u00e3o aceita puni\u00e7\u00e3o da Conmebol e ir\u00e1 &#8216;driblar&#8217; restri\u00e7\u00e3o para o jogo contra o Flamengo\",\"datePublished\":\"2022-08-22T22:40:38+00:00\",\"dateModified\":\"2022-08-22T22:40:41+00:00\",\"mainEntityOfPage\":{\"@id\":\"https:\/\/www.gaveanews.com\/index.php\/2022\/08\/22\/velez-nao-aceita-punicao-da-conmebol-e-ira-driblar-restricao-para-o-jogo-contra-o-flamengo\/\"},\"wordCount\":384,\"commentCount\":0,\"image\":{\"@id\":\"https:\/\/www.gaveanews.com\/index.php\/2022\/08\/22\/velez-nao-aceita-punicao-da-conmebol-e-ira-driblar-restricao-para-o-jogo-contra-o-flamengo\/#primaryimage\"},\"thumbnailUrl\":\"https:\/\/www.gaveanews.com\/wp-content\/uploads\/Taca-da-Libertadores-e-bandeira-do-Flamengo-no-estadio-do-Maracana.webp\",\"articleSection\":[\"Flamengo\"],\"inLanguage\":\"pt-BR\",\"potentialAction\":[{\"@type\":\"CommentAction\",\"name\":\"Comment\",\"target\":[\"https:\/\/www.gaveanews.com\/index.php\/2022\/08\/22\/velez-nao-aceita-punicao-da-conmebol-e-ira-driblar-restricao-para-o-jogo-contra-o-flamengo\/#respond\"]}],\"copyrightYear\":\"2022\",\"copyrightHolder\":{\"@id\":\"https:\/\/www.gaveanews.com\/#organization\"}},{\"@type\":\"WebPage\",\"@id\":\"https:\/\/www.gaveanews.com\/index.php\/2022\/08\/22\/velez-nao-aceita-punicao-da-conmebol-e-ira-driblar-restricao-para-o-jogo-contra-o-flamengo\/\",\"url\":\"https:\/\/www.gaveanews.com\/index.php\/2022\/08\/22\/velez-nao-aceita-punicao-da-conmebol-e-ira-driblar-restricao-para-o-jogo-contra-o-flamengo\/\",\"name\":\"V\u00e9lez n\u00e3o aceita puni\u00e7\u00e3o da Conmebol e ir\u00e1 'driblar' restri\u00e7\u00e3o para o jogo contra o Flamengo\",\"isPartOf\":{\"@id\":\"https:\/\/www.gaveanews.com\/#website\"},\"primaryImageOfPage\":{\"@id\":\"https:\/\/www.gaveanews.com\/index.php\/2022\/08\/22\/velez-nao-aceita-punicao-da-conmebol-e-ira-driblar-restricao-para-o-jogo-contra-o-flamengo\/#primaryimage\"},\"image\":{\"@id\":\"https:\/\/www.gaveanews.com\/index.php\/2022\/08\/22\/velez-nao-aceita-punicao-da-conmebol-e-ira-driblar-restricao-para-o-jogo-contra-o-flamengo\/#primaryimage\"},\"thumbnailUrl\":\"https:\/\/www.gaveanews.com\/wp-content\/uploads\/Taca-da-Libertadores-e-bandeira-do-Flamengo-no-estadio-do-Maracana.webp\",\"datePublished\":\"2022-08-22T22:40:38+00:00\",\"dateModified\":\"2022-08-22T22:40:41+00:00\",\"author\":{\"@id\":\"https:\/\/www.gaveanews.com\/#\/schema\/person\/2ec14f73fb96be2caf28f91afb14749d\"},\"breadcrumb\":{\"@id\":\"https:\/\/www.gaveanews.com\/index.php\/2022\/08\/22\/velez-nao-aceita-punicao-da-conmebol-e-ira-driblar-restricao-para-o-jogo-contra-o-flamengo\/#breadcrumb\"},\"inLanguage\":\"pt-BR\",\"potentialAction\":[{\"@type\":\"ReadAction\",\"target\":[\"https:\/\/www.gaveanews.com\/index.php\/2022\/08\/22\/velez-nao-aceita-punicao-da-conmebol-e-ira-driblar-restricao-para-o-jogo-contra-o-flamengo\/\"]}]},{\"@type\":\"ImageObject\",\"inLanguage\":\"pt-BR\",\"@id\":\"https:\/\/www.gaveanews.com\/index.php\/2022\/08\/22\/velez-nao-aceita-punicao-da-conmebol-e-ira-driblar-restricao-para-o-jogo-contra-o-flamengo\/#primaryimage\",\"url\":\"https:\/\/www.gaveanews.com\/wp-content\/uploads\/Taca-da-Libertadores-e-bandeira-do-Flamengo-no-estadio-do-Maracana.webp\",\"contentUrl\":\"https:\/\/www.gaveanews.com\/wp-content\/uploads\/Taca-da-Libertadores-e-bandeira-do-Flamengo-no-estadio-do-Maracana.webp\",\"width\":900,\"height\":1200,\"caption\":\"Ta\u00e7a da Libertadores e bandeira do Flamengo no est\u00e1dio do Maracan\u00e3 (Foto: Reprodu\u00e7\u00e3o\/ Rodrigo Dunshee de Abranches\/Twitter)\"},{\"@type\":\"BreadcrumbList\",\"@id\":\"https:\/\/www.gaveanews.com\/index.php\/2022\/08\/22\/velez-nao-aceita-punicao-da-conmebol-e-ira-driblar-restricao-para-o-jogo-contra-o-flamengo\/#breadcrumb\",\"itemListElement\":[{\"@type\":\"ListItem\",\"position\":1,\"name\":\"Home\",\"item\":\"https:\/\/www.gaveanews.com\/\"},{\"@type\":\"ListItem\",\"position\":2,\"name\":\"V\u00e9lez n\u00e3o aceita puni\u00e7\u00e3o da Conmebol e ir\u00e1 &#8216;driblar&#8217; restri\u00e7\u00e3o para o jogo contra o Flamengo\"}]},{\"@type\":\"WebSite\",\"@id\":\"https:\/\/www.gaveanews.com\/#website\",\"url\":\"https:\/\/www.gaveanews.com\/\",\"name\":\"G\u00e1vea News\",\"description\":\"Veja todas as not\u00edcias sobre o Flamengo: Contrata\u00e7\u00f5es, categorias de base, resultados das partidas, tabela de classifica\u00e7\u00e3o, pr\u00f3ximos jogos!\",\"potentialAction\":[{\"@type\":\"SearchAction\",\"target\":{\"@type\":\"EntryPoint\",\"urlTemplate\":\"https:\/\/www.gaveanews.com\/?s={search_term_string}\"},\"query-input\":{\"@type\":\"PropertyValueSpecification\",\"valueRequired\":true,\"valueName\":\"search_term_string\"}}],\"inLanguage\":\"pt-BR\"},{\"@type\":\"Person\",\"@id\":\"https:\/\/www.gaveanews.com\/#\/schema\/person\/2ec14f73fb96be2caf28f91afb14749d\",\"name\":\"Equipe G\u00e1vea News\",\"image\":{\"@type\":\"ImageObject\",\"inLanguage\":\"pt-BR\",\"@id\":\"https:\/\/www.gaveanews.com\/#\/schema\/person\/image\/\",\"url\":\"https:\/\/secure.gravatar.com\/avatar\/1e1956f1facbffd3f8fa53a326721950116b3b9dc9bd44939c01180fd4a745a9?s=96&d=mm&r=g\",\"contentUrl\":\"https:\/\/secure.gravatar.com\/avatar\/1e1956f1facbffd3f8fa53a326721950116b3b9dc9bd44939c01180fd4a745a9?s=96&d=mm&r=g\",\"caption\":\"Equipe G\u00e1vea News\"}}]}<\/script>\n<!-- \/ Yoast SEO Premium plugin. -->","yoast_head_json":{"title":"V\u00e9lez n\u00e3o aceita puni\u00e7\u00e3o da Conmebol e ir\u00e1 'driblar' restri\u00e7\u00e3o para o jogo contra o Flamengo","robots":{"index":"index","follow":"follow","max-snippet":"max-snippet:-1","max-image-preview":"max-image-preview:large","max-video-preview":"max-video-preview:-1"},"canonical":"https:\/\/www.gaveanews.com\/index.php\/2022\/08\/22\/velez-nao-aceita-punicao-da-conmebol-e-ira-driblar-restricao-para-o-jogo-contra-o-flamengo\/","og_locale":"pt_BR","og_type":"article","og_title":"V\u00e9lez n\u00e3o aceita puni\u00e7\u00e3o da Conmebol e ir\u00e1 'driblar' restri\u00e7\u00e3o para o jogo contra o Flamengo","og_description":"O fim de semana foi agitado no V\u00e9lez Sarsfield. No s\u00e1bado (20), o clube foi informado pela Conmebol que a Plateia Sul Alta do Est\u00e1dio Jos\u00e9 Amalfitani estar\u00e1 fechada para o confronto contra o Flamengo pela semifinal da Libertadores. O primeiro jogo da s\u00e9rie vai ocorrer em Buenos Aires no dia 31, quarta-feira da semana [&hellip;]","og_url":"https:\/\/www.gaveanews.com\/index.php\/2022\/08\/22\/velez-nao-aceita-punicao-da-conmebol-e-ira-driblar-restricao-para-o-jogo-contra-o-flamengo\/","og_site_name":"G\u00e1vea News","article_publisher":"https:\/\/facebook.com\/gaveaNews\/","article_published_time":"2022-08-22T22:40:38+00:00","article_modified_time":"2022-08-22T22:40:41+00:00","og_image":[{"width":900,"height":1200,"url":"https:\/\/www.gaveanews.com\/wp-content\/uploads\/Taca-da-Libertadores-e-bandeira-do-Flamengo-no-estadio-do-Maracana.webp","type":"image\/jpeg"}],"author":"Equipe G\u00e1vea News","twitter_card":"summary_large_image","twitter_misc":{"Escrito por":"Equipe G\u00e1vea News","Est. tempo de leitura":"2 minutos"},"schema":{"@context":"https:\/\/schema.org","@graph":[{"@type":"NewsArticle","@id":"https:\/\/www.gaveanews.com\/index.php\/2022\/08\/22\/velez-nao-aceita-punicao-da-conmebol-e-ira-driblar-restricao-para-o-jogo-contra-o-flamengo\/#article","isPartOf":{"@id":"https:\/\/www.gaveanews.com\/index.php\/2022\/08\/22\/velez-nao-aceita-punicao-da-conmebol-e-ira-driblar-restricao-para-o-jogo-contra-o-flamengo\/"},"author":{"name":"Equipe G\u00e1vea News","@id":"https:\/\/www.gaveanews.com\/#\/schema\/person\/2ec14f73fb96be2caf28f91afb14749d"},"headline":"V\u00e9lez n\u00e3o aceita puni\u00e7\u00e3o da Conmebol e ir\u00e1 &#8216;driblar&#8217; restri\u00e7\u00e3o para o jogo contra o Flamengo","datePublished":"2022-08-22T22:40:38+00:00","dateModified":"2022-08-22T22:40:41+00:00","mainEntityOfPage":{"@id":"https:\/\/www.gaveanews.com\/index.php\/2022\/08\/22\/velez-nao-aceita-punicao-da-conmebol-e-ira-driblar-restricao-para-o-jogo-contra-o-flamengo\/"},"wordCount":384,"commentCount":0,"image":{"@id":"https:\/\/www.gaveanews.com\/index.php\/2022\/08\/22\/velez-nao-aceita-punicao-da-conmebol-e-ira-driblar-restricao-para-o-jogo-contra-o-flamengo\/#primaryimage"},"thumbnailUrl":"https:\/\/www.gaveanews.com\/wp-content\/uploads\/Taca-da-Libertadores-e-bandeira-do-Flamengo-no-estadio-do-Maracana.webp","articleSection":["Flamengo"],"inLanguage":"pt-BR","potentialAction":[{"@type":"CommentAction","name":"Comment","target":["https:\/\/www.gaveanews.com\/index.php\/2022\/08\/22\/velez-nao-aceita-punicao-da-conmebol-e-ira-driblar-restricao-para-o-jogo-contra-o-flamengo\/#respond"]}],"copyrightYear":"2022","copyrightHolder":{"@id":"https:\/\/www.gaveanews.com\/#organization"}},{"@type":"WebPage","@id":"https:\/\/www.gaveanews.com\/index.php\/2022\/08\/22\/velez-nao-aceita-punicao-da-conmebol-e-ira-driblar-restricao-para-o-jogo-contra-o-flamengo\/","url":"https:\/\/www.gaveanews.com\/index.php\/2022\/08\/22\/velez-nao-aceita-punicao-da-conmebol-e-ira-driblar-restricao-para-o-jogo-contra-o-flamengo\/","name":"V\u00e9lez n\u00e3o aceita puni\u00e7\u00e3o da Conmebol e ir\u00e1 'driblar' restri\u00e7\u00e3o para o jogo contra o Flamengo","isPartOf":{"@id":"https:\/\/www.gaveanews.com\/#website"},"primaryImageOfPage":{"@id":"https:\/\/www.gaveanews.com\/index.php\/2022\/08\/22\/velez-nao-aceita-punicao-da-conmebol-e-ira-driblar-restricao-para-o-jogo-contra-o-flamengo\/#primaryimage"},"image":{"@id":"https:\/\/www.gaveanews.com\/index.php\/2022\/08\/22\/velez-nao-aceita-punicao-da-conmebol-e-ira-driblar-restricao-para-o-jogo-contra-o-flamengo\/#primaryimage"},"thumbnailUrl":"https:\/\/www.gaveanews.com\/wp-content\/uploads\/Taca-da-Libertadores-e-bandeira-do-Flamengo-no-estadio-do-Maracana.webp","datePublished":"2022-08-22T22:40:38+00:00","dateModified":"2022-08-22T22:40:41+00:00","author":{"@id":"https:\/\/www.gaveanews.com\/#\/schema\/person\/2ec14f73fb96be2caf28f91afb14749d"},"breadcrumb":{"@id":"https:\/\/www.gaveanews.com\/index.php\/2022\/08\/22\/velez-nao-aceita-punicao-da-conmebol-e-ira-driblar-restricao-para-o-jogo-contra-o-flamengo\/#breadcrumb"},"inLanguage":"pt-BR","potentialAction":[{"@type":"ReadAction","target":["https:\/\/www.gaveanews.com\/index.php\/2022\/08\/22\/velez-nao-aceita-punicao-da-conmebol-e-ira-driblar-restricao-para-o-jogo-contra-o-flamengo\/"]}]},{"@type":"ImageObject","inLanguage":"pt-BR","@id":"https:\/\/www.gaveanews.com\/index.php\/2022\/08\/22\/velez-nao-aceita-punicao-da-conmebol-e-ira-driblar-restricao-para-o-jogo-contra-o-flamengo\/#primaryimage","url":"https:\/\/www.gaveanews.com\/wp-content\/uploads\/Taca-da-Libertadores-e-bandeira-do-Flamengo-no-estadio-do-Maracana.webp","contentUrl":"https:\/\/www.gaveanews.com\/wp-content\/uploads\/Taca-da-Libertadores-e-bandeira-do-Flamengo-no-estadio-do-Maracana.webp","width":900,"height":1200,"caption":"Ta\u00e7a da Libertadores e bandeira do Flamengo no est\u00e1dio do Maracan\u00e3 (Foto: Reprodu\u00e7\u00e3o\/ Rodrigo Dunshee de Abranches\/Twitter)"},{"@type":"BreadcrumbList","@id":"https:\/\/www.gaveanews.com\/index.php\/2022\/08\/22\/velez-nao-aceita-punicao-da-conmebol-e-ira-driblar-restricao-para-o-jogo-contra-o-flamengo\/#breadcrumb","itemListElement":[{"@type":"ListItem","position":1,"name":"Home","item":"https:\/\/www.gaveanews.com\/"},{"@type":"ListItem","position":2,"name":"V\u00e9lez n\u00e3o aceita puni\u00e7\u00e3o da Conmebol e ir\u00e1 &#8216;driblar&#8217; restri\u00e7\u00e3o para o jogo contra o Flamengo"}]},{"@type":"WebSite","@id":"https:\/\/www.gaveanews.com\/#website","url":"https:\/\/www.gaveanews.com\/","name":"G\u00e1vea News","description":"Veja todas as not\u00edcias sobre o Flamengo: Contrata\u00e7\u00f5es, categorias de base, resultados das partidas, tabela de classifica\u00e7\u00e3o, pr\u00f3ximos jogos!","potentialAction":[{"@type":"SearchAction","target":{"@type":"EntryPoint","urlTemplate":"https:\/\/www.gaveanews.com\/?s={search_term_string}"},"query-input":{"@type":"PropertyValueSpecification","valueRequired":true,"valueName":"search_term_string"}}],"inLanguage":"pt-BR"},{"@type":"Person","@id":"https:\/\/www.gaveanews.com\/#\/schema\/person\/2ec14f73fb96be2caf28f91afb14749d","name":"Equipe G\u00e1vea News","image":{"@type":"ImageObject","inLanguage":"pt-BR","@id":"https:\/\/www.gaveanews.com\/#\/schema\/person\/image\/","url":"https:\/\/secure.gravatar.com\/avatar\/1e1956f1facbffd3f8fa53a326721950116b3b9dc9bd44939c01180fd4a745a9?s=96&d=mm&r=g","contentUrl":"https:\/\/secure.gravatar.com\/avatar\/1e1956f1facbffd3f8fa53a326721950116b3b9dc9bd44939c01180fd4a745a9?s=96&d=mm&r=g","caption":"Equipe G\u00e1vea News"}}]}},"_links":{"self":[{"href":"https:\/\/www.gaveanews.com\/index.php\/wp-json\/wp\/v2\/posts\/86235","targetHints":{"allow":["GET"]}}],"collection":[{"href":"https:\/\/www.gaveanews.com\/index.php\/wp-json\/wp\/v2\/posts"}],"about":[{"href":"https:\/\/www.gaveanews.com\/index.php\/wp-json\/wp\/v2\/types\/post"}],"author":[{"embeddable":true,"href":"https:\/\/www.gaveanews.com\/index.php\/wp-json\/wp\/v2\/users\/1"}],"replies":[{"embeddable":true,"href":"https:\/\/www.gaveanews.com\/index.php\/wp-json\/wp\/v2\/comments?post=86235"}],"version-history":[{"count":0,"href":"https:\/\/www.gaveanews.com\/index.php\/wp-json\/wp\/v2\/posts\/86235\/revisions"}],"wp:featuredmedia":[{"embeddable":true,"href":"https:\/\/www.gaveanews.com\/index.php\/wp-json\/wp\/v2\/media\/68615"}],"wp:attachment":[{"href":"https:\/\/www.gaveanews.com\/index.php\/wp-json\/wp\/v2\/media?parent=86235"}],"wp:term":[{"taxonomy":"category","embeddable":true,"href":"https:\/\/www.gaveanews.com\/index.php\/wp-json\/wp\/v2\/categories?post=86235"},{"taxonomy":"post_tag","embeddable":true,"href":"https:\/\/www.gaveanews.com\/index.php\/wp-json\/wp\/v2\/tags?post=86235"}],"curies":[{"name":"wp","href":"https:\/\/api.w.org\/{rel}","templated":true}]}}