{"id":86239,"date":"2022-08-22T21:41:50","date_gmt":"2022-08-23T00:41:50","guid":{"rendered":"https:\/\/www.gaveanews.com\/?p=86239"},"modified":"2022-08-23T01:48:49","modified_gmt":"2022-08-23T04:48:49","slug":"na-mira-dos-arabes-dirigente-do-flamengo-se-manifesta-sobre-o-futuro-de-everton-ribeiro","status":"publish","type":"post","link":"https:\/\/www.gaveanews.com\/index.php\/2022\/08\/22\/na-mira-dos-arabes-dirigente-do-flamengo-se-manifesta-sobre-o-futuro-de-everton-ribeiro\/","title":{"rendered":"Na mira dos \u00e1rabes, dirigente do Flamengo se manifesta sobre o futuro de Everton Ribeiro"},"content":{"rendered":"\n<p>No \u00faltimo final de semana, uma poss\u00edvel sa\u00edda de Everton Ribeiro do Flamengo para o futebol da Ar\u00e1bia, ganhou destaque nos ve\u00edculos de comunica\u00e7\u00e3o que cobrem o time Rubro-Negro. Por\u00e9m, tal transa\u00e7\u00e3o n\u00e3o deve ser t\u00e3o simples, muito pelo contr\u00e1rio.<\/p>\n\n\n\n<p>Isso porque, o jornalista Mauro Cezar Pereira, fez contato com um dirigente do Fla, que assegurou que nenhuma proposta oficial foi realizada pelo meia. A diretoria flamenguista, devido a v\u00e1rios fatores, entende que negociar Everton neste momento n\u00e3o \u00e9 um bom neg\u00f3cio. Ou seja, caso a sondagen transforme-se em um proposta, o Flamengo n\u00e3o pretende facilitar.<\/p>\n\n\n\n<p>O primeiro, e mais importante, fator trata-se de uma poss\u00edvel reposi\u00e7\u00e3o. Em outras palavras, se algum jogador for vendido neste momento, um refor\u00e7o s\u00f3 poder\u00e1 ser contratado no final deste ano. Portanto, se algu\u00e9m sair, o treinador Dorival Junior ter\u00e1 que encontrar uma solu\u00e7\u00e3o caseira. Aliado a este ponto, destaca-se que o Flamengo est\u00e1 disputando, a Copa do Brasil, a Libertadores e o Campeonato Brasileiro. Desta forma, o calend\u00e1rio rubro-negro est\u00e1 bastante recheado.<\/p>\n\n\n\n<p>Al\u00e9m dos argumentos apresentados no par\u00e1grafo anterior, a diretoria tamb\u00e9m est\u00e1 tranquila em rela\u00e7\u00e3o a dura\u00e7\u00e3o de contrato com Everton. O seu v\u00ednculo, com o time da G\u00e1vea, \u00e9 v\u00e1lido at\u00e9 o dia 31 de dezembro de 2023.<\/p>\n\n\n\n<h2 class=\"wp-block-heading\" id=\"h-estreia-de-everton-ribeiro-e-primeiro-gol\">Estreia de Everton Ribeiro e primeiro gol<\/h2>\n\n\n\n<p>Everton Ribeiro disputou a sua primeira partida pelo Flamengo em 2017. Na d\u00e9cima rodada do Campeonato Brasileiro, ele estreiou e o Meng\u00e3o bateu o Bahia por 1&#215;0. O \u00fanico gol do jogo foi marcado pelo atacante Orlando Berr\u00edo. Relembre abaixo:<\/p>\n\n\n\n<figure class=\"wp-block-embed is-type-video is-provider-youtube wp-block-embed-youtube wp-embed-aspect-16-9 wp-has-aspect-ratio\"><div class=\"wp-block-embed__wrapper\">\n<iframe loading=\"lazy\" title=\"Bahia x Flamengo (25\/06\/2017) Campeonato Brasileiro 2017 - 10\u00b0 Rodada [PES 2017]\" width=\"640\" height=\"360\" src=\"https:\/\/www.youtube.com\/embed\/bi_hPukjvt0?feature=oembed\" frameborder=\"0\" allow=\"accelerometer; autoplay; clipboard-write; encrypted-media; gyroscope; picture-in-picture; web-share\" referrerpolicy=\"strict-origin-when-cross-origin\" allowfullscreen><\/iframe>\n<\/div><\/figure>\n\n\n\n<p>J\u00e1 em rela\u00e7\u00e3o ao primeiro gol de Everton Ribeiro pelo Mais Querido, ele foi marcado na Copa Sul-Americana. Diante do Palestino, o time carioca aplicou uma goleada, e venceu o time chileno por 5&#215;2. Confira os gols abaixo:<\/p>\n\n\n\n<figure class=\"wp-block-embed is-type-video is-provider-youtube wp-block-embed-youtube wp-embed-aspect-16-9 wp-has-aspect-ratio\"><div class=\"wp-block-embed__wrapper\">\n<iframe loading=\"lazy\" title=\"Gols - Palestino (CHI) 2 x 5 Flamengo - Sul-Americana 2017 - Globo HD\" width=\"640\" height=\"360\" src=\"https:\/\/www.youtube.com\/embed\/jK2-Hsv4lmQ?feature=oembed\" frameborder=\"0\" allow=\"accelerometer; autoplay; clipboard-write; encrypted-media; gyroscope; picture-in-picture; web-share\" referrerpolicy=\"strict-origin-when-cross-origin\" allowfullscreen><\/iframe>\n<\/div><\/figure>\n","protected":false},"excerpt":{"rendered":"<p>No \u00faltimo final de semana, uma poss\u00edvel sa\u00edda de Everton Ribeiro do Flamengo para o futebol da Ar\u00e1bia, ganhou destaque nos ve\u00edculos de comunica\u00e7\u00e3o que cobrem o time Rubro-Negro. Por\u00e9m, tal transa\u00e7\u00e3o n\u00e3o deve ser t\u00e3o simples, muito pelo contr\u00e1rio. Isso porque, o jornalista Mauro Cezar Pereira, fez contato com um dirigente do Fla, que [&hellip;]<\/p>\n","protected":false},"author":2,"featured_media":81357,"comment_status":"open","ping_status":"closed","sticky":false,"template":"","format":"standard","meta":{"footnotes":""},"categories":[48],"tags":[],"class_list":["post-86239","post","type-post","status-publish","format-standard","has-post-thumbnail","hentry","category-negociacoes"],"yoast_head":"<!-- This site is optimized with the Yoast SEO Premium plugin v24.2 (Yoast SEO v26.9) - https:\/\/yoast.com\/product\/yoast-seo-premium-wordpress\/ -->\n<title>Na mira dos \u00e1rabes, dirigente do Flamengo se manifesta sobre o futuro de Everton Ribeiro<\/title>\n<meta name=\"robots\" content=\"index, follow, max-snippet:-1, max-image-preview:large, max-video-preview:-1\" \/>\n<link rel=\"canonical\" href=\"https:\/\/www.gaveanews.com\/index.php\/2022\/08\/22\/na-mira-dos-arabes-dirigente-do-flamengo-se-manifesta-sobre-o-futuro-de-everton-ribeiro\/\" \/>\n<meta property=\"og:locale\" content=\"pt_BR\" \/>\n<meta property=\"og:type\" content=\"article\" \/>\n<meta property=\"og:title\" content=\"Na mira dos \u00e1rabes, dirigente do Flamengo se manifesta sobre o futuro de Everton Ribeiro\" \/>\n<meta property=\"og:description\" content=\"No \u00faltimo final de semana, uma poss\u00edvel sa\u00edda de Everton Ribeiro do Flamengo para o futebol da Ar\u00e1bia, ganhou destaque nos ve\u00edculos de comunica\u00e7\u00e3o que cobrem o time Rubro-Negro. Por\u00e9m, tal transa\u00e7\u00e3o n\u00e3o deve ser t\u00e3o simples, muito pelo contr\u00e1rio. Isso porque, o jornalista Mauro Cezar Pereira, fez contato com um dirigente do Fla, que [&hellip;]\" \/>\n<meta property=\"og:url\" content=\"https:\/\/www.gaveanews.com\/index.php\/2022\/08\/22\/na-mira-dos-arabes-dirigente-do-flamengo-se-manifesta-sobre-o-futuro-de-everton-ribeiro\/\" \/>\n<meta property=\"og:site_name\" content=\"G\u00e1vea News\" \/>\n<meta property=\"article:publisher\" content=\"https:\/\/facebook.com\/gaveaNews\/\" \/>\n<meta property=\"article:published_time\" content=\"2022-08-23T00:41:50+00:00\" \/>\n<meta property=\"article:modified_time\" content=\"2022-08-23T04:48:49+00:00\" \/>\n<meta property=\"og:image\" content=\"https:\/\/www.gaveanews.com\/wp-content\/uploads\/Everton-Ribeiro-em-classico-do-Flamengo-contra-o-Botafogo-pelo-Brasileirao.webp\" \/>\n\t<meta property=\"og:image:width\" content=\"800\" \/>\n\t<meta property=\"og:image:height\" content=\"533\" \/>\n\t<meta property=\"og:image:type\" content=\"image\/jpeg\" \/>\n<meta name=\"author\" content=\"Hugo Nogueira\" \/>\n<meta name=\"twitter:card\" content=\"summary_large_image\" \/>\n<meta name=\"twitter:label1\" content=\"Escrito por\" \/>\n\t<meta name=\"twitter:data1\" content=\"Hugo Nogueira\" \/>\n\t<meta name=\"twitter:label2\" content=\"Est. tempo de leitura\" \/>\n\t<meta name=\"twitter:data2\" content=\"2 minutos\" \/>\n<script type=\"application\/ld+json\" class=\"yoast-schema-graph\">{\"@context\":\"https:\/\/schema.org\",\"@graph\":[{\"@type\":\"NewsArticle\",\"@id\":\"https:\/\/www.gaveanews.com\/index.php\/2022\/08\/22\/na-mira-dos-arabes-dirigente-do-flamengo-se-manifesta-sobre-o-futuro-de-everton-ribeiro\/#article\",\"isPartOf\":{\"@id\":\"https:\/\/www.gaveanews.com\/index.php\/2022\/08\/22\/na-mira-dos-arabes-dirigente-do-flamengo-se-manifesta-sobre-o-futuro-de-everton-ribeiro\/\"},\"author\":{\"name\":\"Hugo Nogueira\",\"@id\":\"https:\/\/www.gaveanews.com\/#\/schema\/person\/3a0372021fabaeec4e7e4242cfa27841\"},\"headline\":\"Na mira dos \u00e1rabes, dirigente do Flamengo se manifesta sobre o futuro de Everton Ribeiro\",\"datePublished\":\"2022-08-23T00:41:50+00:00\",\"dateModified\":\"2022-08-23T04:48:49+00:00\",\"mainEntityOfPage\":{\"@id\":\"https:\/\/www.gaveanews.com\/index.php\/2022\/08\/22\/na-mira-dos-arabes-dirigente-do-flamengo-se-manifesta-sobre-o-futuro-de-everton-ribeiro\/\"},\"wordCount\":355,\"commentCount\":0,\"image\":{\"@id\":\"https:\/\/www.gaveanews.com\/index.php\/2022\/08\/22\/na-mira-dos-arabes-dirigente-do-flamengo-se-manifesta-sobre-o-futuro-de-everton-ribeiro\/#primaryimage\"},\"thumbnailUrl\":\"https:\/\/www.gaveanews.com\/wp-content\/uploads\/Everton-Ribeiro-em-classico-do-Flamengo-contra-o-Botafogo-pelo-Brasileirao.webp\",\"articleSection\":[\"Negocia\u00e7\u00f5es\"],\"inLanguage\":\"pt-BR\",\"potentialAction\":[{\"@type\":\"CommentAction\",\"name\":\"Comment\",\"target\":[\"https:\/\/www.gaveanews.com\/index.php\/2022\/08\/22\/na-mira-dos-arabes-dirigente-do-flamengo-se-manifesta-sobre-o-futuro-de-everton-ribeiro\/#respond\"]}],\"copyrightYear\":\"2022\",\"copyrightHolder\":{\"@id\":\"https:\/\/www.gaveanews.com\/#organization\"}},{\"@type\":\"WebPage\",\"@id\":\"https:\/\/www.gaveanews.com\/index.php\/2022\/08\/22\/na-mira-dos-arabes-dirigente-do-flamengo-se-manifesta-sobre-o-futuro-de-everton-ribeiro\/\",\"url\":\"https:\/\/www.gaveanews.com\/index.php\/2022\/08\/22\/na-mira-dos-arabes-dirigente-do-flamengo-se-manifesta-sobre-o-futuro-de-everton-ribeiro\/\",\"name\":\"Na mira dos \u00e1rabes, dirigente do Flamengo se manifesta sobre o futuro de Everton Ribeiro\",\"isPartOf\":{\"@id\":\"https:\/\/www.gaveanews.com\/#website\"},\"primaryImageOfPage\":{\"@id\":\"https:\/\/www.gaveanews.com\/index.php\/2022\/08\/22\/na-mira-dos-arabes-dirigente-do-flamengo-se-manifesta-sobre-o-futuro-de-everton-ribeiro\/#primaryimage\"},\"image\":{\"@id\":\"https:\/\/www.gaveanews.com\/index.php\/2022\/08\/22\/na-mira-dos-arabes-dirigente-do-flamengo-se-manifesta-sobre-o-futuro-de-everton-ribeiro\/#primaryimage\"},\"thumbnailUrl\":\"https:\/\/www.gaveanews.com\/wp-content\/uploads\/Everton-Ribeiro-em-classico-do-Flamengo-contra-o-Botafogo-pelo-Brasileirao.webp\",\"datePublished\":\"2022-08-23T00:41:50+00:00\",\"dateModified\":\"2022-08-23T04:48:49+00:00\",\"author\":{\"@id\":\"https:\/\/www.gaveanews.com\/#\/schema\/person\/3a0372021fabaeec4e7e4242cfa27841\"},\"breadcrumb\":{\"@id\":\"https:\/\/www.gaveanews.com\/index.php\/2022\/08\/22\/na-mira-dos-arabes-dirigente-do-flamengo-se-manifesta-sobre-o-futuro-de-everton-ribeiro\/#breadcrumb\"},\"inLanguage\":\"pt-BR\",\"potentialAction\":[{\"@type\":\"ReadAction\",\"target\":[\"https:\/\/www.gaveanews.com\/index.php\/2022\/08\/22\/na-mira-dos-arabes-dirigente-do-flamengo-se-manifesta-sobre-o-futuro-de-everton-ribeiro\/\"]}]},{\"@type\":\"ImageObject\",\"inLanguage\":\"pt-BR\",\"@id\":\"https:\/\/www.gaveanews.com\/index.php\/2022\/08\/22\/na-mira-dos-arabes-dirigente-do-flamengo-se-manifesta-sobre-o-futuro-de-everton-ribeiro\/#primaryimage\",\"url\":\"https:\/\/www.gaveanews.com\/wp-content\/uploads\/Everton-Ribeiro-em-classico-do-Flamengo-contra-o-Botafogo-pelo-Brasileirao.webp\",\"contentUrl\":\"https:\/\/www.gaveanews.com\/wp-content\/uploads\/Everton-Ribeiro-em-classico-do-Flamengo-contra-o-Botafogo-pelo-Brasileirao.webp\",\"width\":800,\"height\":533,\"caption\":\"Everton Ribeiro em cl\u00e1ssico do Flamengo contra o Botafogo pelo Brasileir\u00e3o (Foto: Marcelo Cortes\/Flamengo)\"},{\"@type\":\"BreadcrumbList\",\"@id\":\"https:\/\/www.gaveanews.com\/index.php\/2022\/08\/22\/na-mira-dos-arabes-dirigente-do-flamengo-se-manifesta-sobre-o-futuro-de-everton-ribeiro\/#breadcrumb\",\"itemListElement\":[{\"@type\":\"ListItem\",\"position\":1,\"name\":\"Home\",\"item\":\"https:\/\/www.gaveanews.com\/\"},{\"@type\":\"ListItem\",\"position\":2,\"name\":\"Na mira dos \u00e1rabes, dirigente do Flamengo se manifesta sobre o futuro de Everton Ribeiro\"}]},{\"@type\":\"WebSite\",\"@id\":\"https:\/\/www.gaveanews.com\/#website\",\"url\":\"https:\/\/www.gaveanews.com\/\",\"name\":\"G\u00e1vea News\",\"description\":\"Veja todas as not\u00edcias sobre o Flamengo: Contrata\u00e7\u00f5es, categorias de base, resultados das partidas, tabela de classifica\u00e7\u00e3o, pr\u00f3ximos jogos!\",\"potentialAction\":[{\"@type\":\"SearchAction\",\"target\":{\"@type\":\"EntryPoint\",\"urlTemplate\":\"https:\/\/www.gaveanews.com\/?s={search_term_string}\"},\"query-input\":{\"@type\":\"PropertyValueSpecification\",\"valueRequired\":true,\"valueName\":\"search_term_string\"}}],\"inLanguage\":\"pt-BR\"},{\"@type\":\"Person\",\"@id\":\"https:\/\/www.gaveanews.com\/#\/schema\/person\/3a0372021fabaeec4e7e4242cfa27841\",\"name\":\"Hugo Nogueira\",\"image\":{\"@type\":\"ImageObject\",\"inLanguage\":\"pt-BR\",\"@id\":\"https:\/\/www.gaveanews.com\/#\/schema\/person\/image\/\",\"url\":\"https:\/\/secure.gravatar.com\/avatar\/0cdd89f3b47bb55926c08eee2db992845cfdd53f84c9fdd47a49d89b3cd40c0a?s=96&d=mm&r=g\",\"contentUrl\":\"https:\/\/secure.gravatar.com\/avatar\/0cdd89f3b47bb55926c08eee2db992845cfdd53f84c9fdd47a49d89b3cd40c0a?s=96&d=mm&r=g\",\"caption\":\"Hugo Nogueira\"}}]}<\/script>\n<!-- \/ Yoast SEO Premium plugin. -->","yoast_head_json":{"title":"Na mira dos \u00e1rabes, dirigente do Flamengo se manifesta sobre o futuro de Everton Ribeiro","robots":{"index":"index","follow":"follow","max-snippet":"max-snippet:-1","max-image-preview":"max-image-preview:large","max-video-preview":"max-video-preview:-1"},"canonical":"https:\/\/www.gaveanews.com\/index.php\/2022\/08\/22\/na-mira-dos-arabes-dirigente-do-flamengo-se-manifesta-sobre-o-futuro-de-everton-ribeiro\/","og_locale":"pt_BR","og_type":"article","og_title":"Na mira dos \u00e1rabes, dirigente do Flamengo se manifesta sobre o futuro de Everton Ribeiro","og_description":"No \u00faltimo final de semana, uma poss\u00edvel sa\u00edda de Everton Ribeiro do Flamengo para o futebol da Ar\u00e1bia, ganhou destaque nos ve\u00edculos de comunica\u00e7\u00e3o que cobrem o time Rubro-Negro. Por\u00e9m, tal transa\u00e7\u00e3o n\u00e3o deve ser t\u00e3o simples, muito pelo contr\u00e1rio. Isso porque, o jornalista Mauro Cezar Pereira, fez contato com um dirigente do Fla, que [&hellip;]","og_url":"https:\/\/www.gaveanews.com\/index.php\/2022\/08\/22\/na-mira-dos-arabes-dirigente-do-flamengo-se-manifesta-sobre-o-futuro-de-everton-ribeiro\/","og_site_name":"G\u00e1vea News","article_publisher":"https:\/\/facebook.com\/gaveaNews\/","article_published_time":"2022-08-23T00:41:50+00:00","article_modified_time":"2022-08-23T04:48:49+00:00","og_image":[{"width":800,"height":533,"url":"https:\/\/www.gaveanews.com\/wp-content\/uploads\/Everton-Ribeiro-em-classico-do-Flamengo-contra-o-Botafogo-pelo-Brasileirao.webp","type":"image\/jpeg"}],"author":"Hugo Nogueira","twitter_card":"summary_large_image","twitter_misc":{"Escrito por":"Hugo Nogueira","Est. tempo de leitura":"2 minutos"},"schema":{"@context":"https:\/\/schema.org","@graph":[{"@type":"NewsArticle","@id":"https:\/\/www.gaveanews.com\/index.php\/2022\/08\/22\/na-mira-dos-arabes-dirigente-do-flamengo-se-manifesta-sobre-o-futuro-de-everton-ribeiro\/#article","isPartOf":{"@id":"https:\/\/www.gaveanews.com\/index.php\/2022\/08\/22\/na-mira-dos-arabes-dirigente-do-flamengo-se-manifesta-sobre-o-futuro-de-everton-ribeiro\/"},"author":{"name":"Hugo Nogueira","@id":"https:\/\/www.gaveanews.com\/#\/schema\/person\/3a0372021fabaeec4e7e4242cfa27841"},"headline":"Na mira dos \u00e1rabes, dirigente do Flamengo se manifesta sobre o futuro de Everton Ribeiro","datePublished":"2022-08-23T00:41:50+00:00","dateModified":"2022-08-23T04:48:49+00:00","mainEntityOfPage":{"@id":"https:\/\/www.gaveanews.com\/index.php\/2022\/08\/22\/na-mira-dos-arabes-dirigente-do-flamengo-se-manifesta-sobre-o-futuro-de-everton-ribeiro\/"},"wordCount":355,"commentCount":0,"image":{"@id":"https:\/\/www.gaveanews.com\/index.php\/2022\/08\/22\/na-mira-dos-arabes-dirigente-do-flamengo-se-manifesta-sobre-o-futuro-de-everton-ribeiro\/#primaryimage"},"thumbnailUrl":"https:\/\/www.gaveanews.com\/wp-content\/uploads\/Everton-Ribeiro-em-classico-do-Flamengo-contra-o-Botafogo-pelo-Brasileirao.webp","articleSection":["Negocia\u00e7\u00f5es"],"inLanguage":"pt-BR","potentialAction":[{"@type":"CommentAction","name":"Comment","target":["https:\/\/www.gaveanews.com\/index.php\/2022\/08\/22\/na-mira-dos-arabes-dirigente-do-flamengo-se-manifesta-sobre-o-futuro-de-everton-ribeiro\/#respond"]}],"copyrightYear":"2022","copyrightHolder":{"@id":"https:\/\/www.gaveanews.com\/#organization"}},{"@type":"WebPage","@id":"https:\/\/www.gaveanews.com\/index.php\/2022\/08\/22\/na-mira-dos-arabes-dirigente-do-flamengo-se-manifesta-sobre-o-futuro-de-everton-ribeiro\/","url":"https:\/\/www.gaveanews.com\/index.php\/2022\/08\/22\/na-mira-dos-arabes-dirigente-do-flamengo-se-manifesta-sobre-o-futuro-de-everton-ribeiro\/","name":"Na mira dos \u00e1rabes, dirigente do Flamengo se manifesta sobre o futuro de Everton Ribeiro","isPartOf":{"@id":"https:\/\/www.gaveanews.com\/#website"},"primaryImageOfPage":{"@id":"https:\/\/www.gaveanews.com\/index.php\/2022\/08\/22\/na-mira-dos-arabes-dirigente-do-flamengo-se-manifesta-sobre-o-futuro-de-everton-ribeiro\/#primaryimage"},"image":{"@id":"https:\/\/www.gaveanews.com\/index.php\/2022\/08\/22\/na-mira-dos-arabes-dirigente-do-flamengo-se-manifesta-sobre-o-futuro-de-everton-ribeiro\/#primaryimage"},"thumbnailUrl":"https:\/\/www.gaveanews.com\/wp-content\/uploads\/Everton-Ribeiro-em-classico-do-Flamengo-contra-o-Botafogo-pelo-Brasileirao.webp","datePublished":"2022-08-23T00:41:50+00:00","dateModified":"2022-08-23T04:48:49+00:00","author":{"@id":"https:\/\/www.gaveanews.com\/#\/schema\/person\/3a0372021fabaeec4e7e4242cfa27841"},"breadcrumb":{"@id":"https:\/\/www.gaveanews.com\/index.php\/2022\/08\/22\/na-mira-dos-arabes-dirigente-do-flamengo-se-manifesta-sobre-o-futuro-de-everton-ribeiro\/#breadcrumb"},"inLanguage":"pt-BR","potentialAction":[{"@type":"ReadAction","target":["https:\/\/www.gaveanews.com\/index.php\/2022\/08\/22\/na-mira-dos-arabes-dirigente-do-flamengo-se-manifesta-sobre-o-futuro-de-everton-ribeiro\/"]}]},{"@type":"ImageObject","inLanguage":"pt-BR","@id":"https:\/\/www.gaveanews.com\/index.php\/2022\/08\/22\/na-mira-dos-arabes-dirigente-do-flamengo-se-manifesta-sobre-o-futuro-de-everton-ribeiro\/#primaryimage","url":"https:\/\/www.gaveanews.com\/wp-content\/uploads\/Everton-Ribeiro-em-classico-do-Flamengo-contra-o-Botafogo-pelo-Brasileirao.webp","contentUrl":"https:\/\/www.gaveanews.com\/wp-content\/uploads\/Everton-Ribeiro-em-classico-do-Flamengo-contra-o-Botafogo-pelo-Brasileirao.webp","width":800,"height":533,"caption":"Everton Ribeiro em cl\u00e1ssico do Flamengo contra o Botafogo pelo Brasileir\u00e3o (Foto: Marcelo Cortes\/Flamengo)"},{"@type":"BreadcrumbList","@id":"https:\/\/www.gaveanews.com\/index.php\/2022\/08\/22\/na-mira-dos-arabes-dirigente-do-flamengo-se-manifesta-sobre-o-futuro-de-everton-ribeiro\/#breadcrumb","itemListElement":[{"@type":"ListItem","position":1,"name":"Home","item":"https:\/\/www.gaveanews.com\/"},{"@type":"ListItem","position":2,"name":"Na mira dos \u00e1rabes, dirigente do Flamengo se manifesta sobre o futuro de Everton Ribeiro"}]},{"@type":"WebSite","@id":"https:\/\/www.gaveanews.com\/#website","url":"https:\/\/www.gaveanews.com\/","name":"G\u00e1vea News","description":"Veja todas as not\u00edcias sobre o Flamengo: Contrata\u00e7\u00f5es, categorias de base, resultados das partidas, tabela de classifica\u00e7\u00e3o, pr\u00f3ximos jogos!","potentialAction":[{"@type":"SearchAction","target":{"@type":"EntryPoint","urlTemplate":"https:\/\/www.gaveanews.com\/?s={search_term_string}"},"query-input":{"@type":"PropertyValueSpecification","valueRequired":true,"valueName":"search_term_string"}}],"inLanguage":"pt-BR"},{"@type":"Person","@id":"https:\/\/www.gaveanews.com\/#\/schema\/person\/3a0372021fabaeec4e7e4242cfa27841","name":"Hugo Nogueira","image":{"@type":"ImageObject","inLanguage":"pt-BR","@id":"https:\/\/www.gaveanews.com\/#\/schema\/person\/image\/","url":"https:\/\/secure.gravatar.com\/avatar\/0cdd89f3b47bb55926c08eee2db992845cfdd53f84c9fdd47a49d89b3cd40c0a?s=96&d=mm&r=g","contentUrl":"https:\/\/secure.gravatar.com\/avatar\/0cdd89f3b47bb55926c08eee2db992845cfdd53f84c9fdd47a49d89b3cd40c0a?s=96&d=mm&r=g","caption":"Hugo Nogueira"}}]}},"_links":{"self":[{"href":"https:\/\/www.gaveanews.com\/index.php\/wp-json\/wp\/v2\/posts\/86239","targetHints":{"allow":["GET"]}}],"collection":[{"href":"https:\/\/www.gaveanews.com\/index.php\/wp-json\/wp\/v2\/posts"}],"about":[{"href":"https:\/\/www.gaveanews.com\/index.php\/wp-json\/wp\/v2\/types\/post"}],"author":[{"embeddable":true,"href":"https:\/\/www.gaveanews.com\/index.php\/wp-json\/wp\/v2\/users\/2"}],"replies":[{"embeddable":true,"href":"https:\/\/www.gaveanews.com\/index.php\/wp-json\/wp\/v2\/comments?post=86239"}],"version-history":[{"count":0,"href":"https:\/\/www.gaveanews.com\/index.php\/wp-json\/wp\/v2\/posts\/86239\/revisions"}],"wp:featuredmedia":[{"embeddable":true,"href":"https:\/\/www.gaveanews.com\/index.php\/wp-json\/wp\/v2\/media\/81357"}],"wp:attachment":[{"href":"https:\/\/www.gaveanews.com\/index.php\/wp-json\/wp\/v2\/media?parent=86239"}],"wp:term":[{"taxonomy":"category","embeddable":true,"href":"https:\/\/www.gaveanews.com\/index.php\/wp-json\/wp\/v2\/categories?post=86239"},{"taxonomy":"post_tag","embeddable":true,"href":"https:\/\/www.gaveanews.com\/index.php\/wp-json\/wp\/v2\/tags?post=86239"}],"curies":[{"name":"wp","href":"https:\/\/api.w.org\/{rel}","templated":true}]}}