{"id":86269,"date":"2022-08-23T09:06:28","date_gmt":"2022-08-23T12:06:28","guid":{"rendered":"https:\/\/www.gaveanews.com\/?p=86269"},"modified":"2024-03-19T00:07:24","modified_gmt":"2024-03-19T03:07:24","slug":"veja-quando-rodrigo-caio-ficara-a-disposicao-de-dorival-junior-no-flamengo","status":"publish","type":"post","link":"https:\/\/www.gaveanews.com\/index.php\/2022\/08\/23\/veja-quando-rodrigo-caio-ficara-a-disposicao-de-dorival-junior-no-flamengo\/","title":{"rendered":"Veja quando Rodrigo Caio ficar\u00e1 \u00e0 disposi\u00e7\u00e3o de Dorival J\u00fanior no Flamengo"},"content":{"rendered":"\n<p>Quando teve constatada uma les\u00e3o no menisco do joelho esquerdo, ocorrida no dia 10 de julho, Rodrigo Caio chegou a um consenso com o departamento m\u00e9dico do Flamengo de optar por um tratamento conservador, focado na fisioterapia de modo a tentar evitar uma interven\u00e7\u00e3o cir\u00fargica. E sem estipular prazos, o zagueiro tem apresentado evolu\u00e7\u00e3o e a possibilidade de artroscopia, neste momento, est\u00e1 descartada pelas partes, not\u00edcia que traz al\u00edvio no Ninho do Urubu..<\/p>\n\n\n\n<p>Rodrigo Caio j\u00e1 tem feito trabalhos no campo e as dores t\u00eam diminu\u00eddo, algo que anima o jogador e os m\u00e9dicos do clube. A previs\u00e3o \u00e9 que o atleta volte aos gramados em setembro, mas o Rubro-negro evita estipular prazos para n\u00e3o frustrar expectativas.<\/p>\n\n\n\n<p>O zagueiro passou por uma artroscopia em dezembro de 2021 e logo depois conviveu com o drama de lidar com as complica\u00e7\u00f5es de uma infec\u00e7\u00e3o. Assim, o zagueiro disputou apenas 12 partidas neste ano &#8211; sendo dez como titular.<\/p>\n\n\n\n<p>O camisa 3 estreou contra o Altos, pela Copa do Brasil, em maio. Desde ent\u00e3o, um cronograma foi montado para o retorno gradual. Neste per\u00edodo, foram sete jogos atuando por 90 minutos em \u00f3timo n\u00edvel. Veio a nova les\u00e3o e o camisa 3 precisou dar um passo atr\u00e1s.<\/p>\n\n\n\n<p>Por conta da instabilidade de seu aproveitamento, a diretoria foi ao mercado e contratou dois zagueiros nesta temporada: Pablo e Fabr\u00edcio Bruno. Ambos t\u00eam sido reservas, com a dupla titular sendo formada por David Luiz e L\u00e9o Pereira.<\/p>\n\n\n\n<h2 class=\"wp-block-heading\" id=\"h-historico-de-lesoes\">Hist\u00f3rico de les\u00f5es<\/h2>\n\n\n\n<figure class=\"wp-block-image size-large\"><img decoding=\"async\" src=\"https:\/\/conteudo.imguol.com.br\/c\/esporte\/95\/2022\/01\/10\/o-goleiro-diego-alves-os-laterais-filipe-luis-erene-o-volante-willian-arao-e-o-meia-everton-ribeiro-visitaram-rodrigo-caio-1641850191614_v2_750x421.webp\" alt=\"\"\/><\/figure>\n\n\n\n<p>O drama de les\u00f5es de Rodrigo Caio se intensificou em 2020. J\u00e1 no in\u00edcio da temporada, ele e sofreu um corte no joelho direito, em janeiro, e uma les\u00e3o na coxa esquerda, em fevereiro. Entre outubro e dezembro, acumulou desgaste muscular, edema \u00f3sseo no joelho direito e les\u00e3o na panturrilha direita. Al\u00e9m disso, em setembro contraiu covid-19, que o deixou afastado dos gramados tamb\u00e9m.<\/p>\n\n\n\n<p>Em janeiro de 2021, teve um problema muscular na coxa esquerda. Em abril, fibrose na coxa direita. Em junho, dores na perna direita. Em julho, edema na panturrilha esquerda.<\/p>\n\n\n\n<p>A cirurgia realizada em dezembro foi projetada para dar mais resist\u00eancia ao joelho do jogador. No p\u00f3s-operat\u00f3rio, Rodrigo Caio recebeu a vista dos companheiros Diego Alves, Filipe Lu\u00eds, Ren\u00ea, Willian Ar\u00e3o e Everton Ribeiro (foto acima). A inflama\u00e7\u00e3o contra\u00edda durante um per\u00edodo de folga acabou retardando seu retorno.<\/p>\n\n\n\n<p>A les\u00e3o atual aconteceu na derrota para o Corinthians por 1 a 0, na Neo Qu\u00edmica Arena (SP), pelo Campeonato Brasileiro. O jogador tem contrato com o Flamengo at\u00e9 o fim de 2023 e a possibilidade de renova\u00e7\u00e3o ainda n\u00e3o foi discutida pela diretoria rubro-negra. A ideia \u00e9 ter o defensor na ponta dos cascos para os grandes jogos que vir\u00e3o.<\/p>\n\n\n\n<p>Retirado de: UOL<\/p>\n","protected":false},"excerpt":{"rendered":"<p>Quando teve constatada uma les\u00e3o no menisco do joelho esquerdo, ocorrida no dia 10 de julho, Rodrigo Caio chegou a um consenso com o departamento m\u00e9dico do Flamengo de optar por um tratamento conservador, focado na fisioterapia de modo a tentar evitar uma interven\u00e7\u00e3o cir\u00fargica. E sem estipular prazos, o zagueiro tem apresentado evolu\u00e7\u00e3o e [&hellip;]<\/p>\n","protected":false},"author":1,"featured_media":84611,"comment_status":"open","ping_status":"closed","sticky":false,"template":"","format":"standard","meta":{"footnotes":""},"categories":[1],"tags":[],"class_list":["post-86269","post","type-post","status-publish","format-standard","has-post-thumbnail","hentry","category-flamengo"],"yoast_head":"<!-- This site is optimized with the Yoast SEO Premium plugin v24.2 (Yoast SEO v26.9) - https:\/\/yoast.com\/product\/yoast-seo-premium-wordpress\/ -->\n<title>Veja quando Rodrigo Caio ficar\u00e1 \u00e0 disposi\u00e7\u00e3o de Dorival J\u00fanior no Flamengo<\/title>\n<meta name=\"robots\" content=\"index, follow, max-snippet:-1, max-image-preview:large, max-video-preview:-1\" \/>\n<link rel=\"canonical\" href=\"https:\/\/www.gaveanews.com\/index.php\/2022\/08\/23\/veja-quando-rodrigo-caio-ficara-a-disposicao-de-dorival-junior-no-flamengo\/\" \/>\n<meta property=\"og:locale\" content=\"pt_BR\" \/>\n<meta property=\"og:type\" content=\"article\" \/>\n<meta property=\"og:title\" content=\"Veja quando Rodrigo Caio ficar\u00e1 \u00e0 disposi\u00e7\u00e3o de Dorival J\u00fanior no Flamengo\" \/>\n<meta property=\"og:description\" content=\"Quando teve constatada uma les\u00e3o no menisco do joelho esquerdo, ocorrida no dia 10 de julho, Rodrigo Caio chegou a um consenso com o departamento m\u00e9dico do Flamengo de optar por um tratamento conservador, focado na fisioterapia de modo a tentar evitar uma interven\u00e7\u00e3o cir\u00fargica. E sem estipular prazos, o zagueiro tem apresentado evolu\u00e7\u00e3o e [&hellip;]\" \/>\n<meta property=\"og:url\" content=\"https:\/\/www.gaveanews.com\/index.php\/2022\/08\/23\/veja-quando-rodrigo-caio-ficara-a-disposicao-de-dorival-junior-no-flamengo\/\" \/>\n<meta property=\"og:site_name\" content=\"G\u00e1vea News\" \/>\n<meta property=\"article:publisher\" content=\"https:\/\/facebook.com\/gaveaNews\/\" \/>\n<meta property=\"article:published_time\" content=\"2022-08-23T12:06:28+00:00\" \/>\n<meta property=\"article:modified_time\" content=\"2024-03-19T03:07:24+00:00\" \/>\n<meta property=\"og:image\" content=\"https:\/\/www.gaveanews.com\/wp-content\/uploads\/Rodrigo-Caio-em-jogo-do-Flamengo-contra-o-Corinthians-pelo-Brasileirao.webp\" \/>\n\t<meta property=\"og:image:width\" content=\"800\" \/>\n\t<meta property=\"og:image:height\" content=\"533\" \/>\n\t<meta property=\"og:image:type\" content=\"image\/jpeg\" \/>\n<meta name=\"author\" content=\"Equipe G\u00e1vea News\" \/>\n<meta name=\"twitter:card\" content=\"summary_large_image\" \/>\n<meta name=\"twitter:label1\" content=\"Escrito por\" \/>\n\t<meta name=\"twitter:data1\" content=\"Equipe G\u00e1vea News\" \/>\n\t<meta name=\"twitter:label2\" content=\"Est. tempo de leitura\" \/>\n\t<meta name=\"twitter:data2\" content=\"3 minutos\" \/>\n<script type=\"application\/ld+json\" class=\"yoast-schema-graph\">{\"@context\":\"https:\/\/schema.org\",\"@graph\":[{\"@type\":\"NewsArticle\",\"@id\":\"https:\/\/www.gaveanews.com\/index.php\/2022\/08\/23\/veja-quando-rodrigo-caio-ficara-a-disposicao-de-dorival-junior-no-flamengo\/#article\",\"isPartOf\":{\"@id\":\"https:\/\/www.gaveanews.com\/index.php\/2022\/08\/23\/veja-quando-rodrigo-caio-ficara-a-disposicao-de-dorival-junior-no-flamengo\/\"},\"author\":{\"name\":\"Equipe G\u00e1vea News\",\"@id\":\"https:\/\/www.gaveanews.com\/#\/schema\/person\/2ec14f73fb96be2caf28f91afb14749d\"},\"headline\":\"Veja quando Rodrigo Caio ficar\u00e1 \u00e0 disposi\u00e7\u00e3o de Dorival J\u00fanior no Flamengo\",\"datePublished\":\"2022-08-23T12:06:28+00:00\",\"dateModified\":\"2024-03-19T03:07:24+00:00\",\"mainEntityOfPage\":{\"@id\":\"https:\/\/www.gaveanews.com\/index.php\/2022\/08\/23\/veja-quando-rodrigo-caio-ficara-a-disposicao-de-dorival-junior-no-flamengo\/\"},\"wordCount\":493,\"commentCount\":0,\"image\":{\"@id\":\"https:\/\/www.gaveanews.com\/index.php\/2022\/08\/23\/veja-quando-rodrigo-caio-ficara-a-disposicao-de-dorival-junior-no-flamengo\/#primaryimage\"},\"thumbnailUrl\":\"https:\/\/www.gaveanews.com\/wp-content\/uploads\/Rodrigo-Caio-em-jogo-do-Flamengo-contra-o-Corinthians-pelo-Brasileirao.webp\",\"articleSection\":[\"Flamengo\"],\"inLanguage\":\"pt-BR\",\"potentialAction\":[{\"@type\":\"CommentAction\",\"name\":\"Comment\",\"target\":[\"https:\/\/www.gaveanews.com\/index.php\/2022\/08\/23\/veja-quando-rodrigo-caio-ficara-a-disposicao-de-dorival-junior-no-flamengo\/#respond\"]}],\"copyrightYear\":\"2022\",\"copyrightHolder\":{\"@id\":\"https:\/\/www.gaveanews.com\/#organization\"}},{\"@type\":\"WebPage\",\"@id\":\"https:\/\/www.gaveanews.com\/index.php\/2022\/08\/23\/veja-quando-rodrigo-caio-ficara-a-disposicao-de-dorival-junior-no-flamengo\/\",\"url\":\"https:\/\/www.gaveanews.com\/index.php\/2022\/08\/23\/veja-quando-rodrigo-caio-ficara-a-disposicao-de-dorival-junior-no-flamengo\/\",\"name\":\"Veja quando Rodrigo Caio ficar\u00e1 \u00e0 disposi\u00e7\u00e3o de Dorival J\u00fanior no Flamengo\",\"isPartOf\":{\"@id\":\"https:\/\/www.gaveanews.com\/#website\"},\"primaryImageOfPage\":{\"@id\":\"https:\/\/www.gaveanews.com\/index.php\/2022\/08\/23\/veja-quando-rodrigo-caio-ficara-a-disposicao-de-dorival-junior-no-flamengo\/#primaryimage\"},\"image\":{\"@id\":\"https:\/\/www.gaveanews.com\/index.php\/2022\/08\/23\/veja-quando-rodrigo-caio-ficara-a-disposicao-de-dorival-junior-no-flamengo\/#primaryimage\"},\"thumbnailUrl\":\"https:\/\/www.gaveanews.com\/wp-content\/uploads\/Rodrigo-Caio-em-jogo-do-Flamengo-contra-o-Corinthians-pelo-Brasileirao.webp\",\"datePublished\":\"2022-08-23T12:06:28+00:00\",\"dateModified\":\"2024-03-19T03:07:24+00:00\",\"author\":{\"@id\":\"https:\/\/www.gaveanews.com\/#\/schema\/person\/2ec14f73fb96be2caf28f91afb14749d\"},\"breadcrumb\":{\"@id\":\"https:\/\/www.gaveanews.com\/index.php\/2022\/08\/23\/veja-quando-rodrigo-caio-ficara-a-disposicao-de-dorival-junior-no-flamengo\/#breadcrumb\"},\"inLanguage\":\"pt-BR\",\"potentialAction\":[{\"@type\":\"ReadAction\",\"target\":[\"https:\/\/www.gaveanews.com\/index.php\/2022\/08\/23\/veja-quando-rodrigo-caio-ficara-a-disposicao-de-dorival-junior-no-flamengo\/\"]}]},{\"@type\":\"ImageObject\",\"inLanguage\":\"pt-BR\",\"@id\":\"https:\/\/www.gaveanews.com\/index.php\/2022\/08\/23\/veja-quando-rodrigo-caio-ficara-a-disposicao-de-dorival-junior-no-flamengo\/#primaryimage\",\"url\":\"https:\/\/www.gaveanews.com\/wp-content\/uploads\/Rodrigo-Caio-em-jogo-do-Flamengo-contra-o-Corinthians-pelo-Brasileirao.webp\",\"contentUrl\":\"https:\/\/www.gaveanews.com\/wp-content\/uploads\/Rodrigo-Caio-em-jogo-do-Flamengo-contra-o-Corinthians-pelo-Brasileirao.webp\",\"width\":800,\"height\":533,\"caption\":\"Rodrigo Caio em jogo do Flamengo contra o Corinthians pelo Brasileir\u00e3o (Foto: Marcelo\/Flamengo)\"},{\"@type\":\"BreadcrumbList\",\"@id\":\"https:\/\/www.gaveanews.com\/index.php\/2022\/08\/23\/veja-quando-rodrigo-caio-ficara-a-disposicao-de-dorival-junior-no-flamengo\/#breadcrumb\",\"itemListElement\":[{\"@type\":\"ListItem\",\"position\":1,\"name\":\"Home\",\"item\":\"https:\/\/www.gaveanews.com\/\"},{\"@type\":\"ListItem\",\"position\":2,\"name\":\"Veja quando Rodrigo Caio ficar\u00e1 \u00e0 disposi\u00e7\u00e3o de Dorival J\u00fanior no Flamengo\"}]},{\"@type\":\"WebSite\",\"@id\":\"https:\/\/www.gaveanews.com\/#website\",\"url\":\"https:\/\/www.gaveanews.com\/\",\"name\":\"G\u00e1vea News\",\"description\":\"Veja todas as not\u00edcias sobre o Flamengo: Contrata\u00e7\u00f5es, categorias de base, resultados das partidas, tabela de classifica\u00e7\u00e3o, pr\u00f3ximos jogos!\",\"potentialAction\":[{\"@type\":\"SearchAction\",\"target\":{\"@type\":\"EntryPoint\",\"urlTemplate\":\"https:\/\/www.gaveanews.com\/?s={search_term_string}\"},\"query-input\":{\"@type\":\"PropertyValueSpecification\",\"valueRequired\":true,\"valueName\":\"search_term_string\"}}],\"inLanguage\":\"pt-BR\"},{\"@type\":\"Person\",\"@id\":\"https:\/\/www.gaveanews.com\/#\/schema\/person\/2ec14f73fb96be2caf28f91afb14749d\",\"name\":\"Equipe G\u00e1vea News\",\"image\":{\"@type\":\"ImageObject\",\"inLanguage\":\"pt-BR\",\"@id\":\"https:\/\/www.gaveanews.com\/#\/schema\/person\/image\/\",\"url\":\"https:\/\/secure.gravatar.com\/avatar\/1e1956f1facbffd3f8fa53a326721950116b3b9dc9bd44939c01180fd4a745a9?s=96&d=mm&r=g\",\"contentUrl\":\"https:\/\/secure.gravatar.com\/avatar\/1e1956f1facbffd3f8fa53a326721950116b3b9dc9bd44939c01180fd4a745a9?s=96&d=mm&r=g\",\"caption\":\"Equipe G\u00e1vea News\"}}]}<\/script>\n<!-- \/ Yoast SEO Premium plugin. -->","yoast_head_json":{"title":"Veja quando Rodrigo Caio ficar\u00e1 \u00e0 disposi\u00e7\u00e3o de Dorival J\u00fanior no Flamengo","robots":{"index":"index","follow":"follow","max-snippet":"max-snippet:-1","max-image-preview":"max-image-preview:large","max-video-preview":"max-video-preview:-1"},"canonical":"https:\/\/www.gaveanews.com\/index.php\/2022\/08\/23\/veja-quando-rodrigo-caio-ficara-a-disposicao-de-dorival-junior-no-flamengo\/","og_locale":"pt_BR","og_type":"article","og_title":"Veja quando Rodrigo Caio ficar\u00e1 \u00e0 disposi\u00e7\u00e3o de Dorival J\u00fanior no Flamengo","og_description":"Quando teve constatada uma les\u00e3o no menisco do joelho esquerdo, ocorrida no dia 10 de julho, Rodrigo Caio chegou a um consenso com o departamento m\u00e9dico do Flamengo de optar por um tratamento conservador, focado na fisioterapia de modo a tentar evitar uma interven\u00e7\u00e3o cir\u00fargica. E sem estipular prazos, o zagueiro tem apresentado evolu\u00e7\u00e3o e [&hellip;]","og_url":"https:\/\/www.gaveanews.com\/index.php\/2022\/08\/23\/veja-quando-rodrigo-caio-ficara-a-disposicao-de-dorival-junior-no-flamengo\/","og_site_name":"G\u00e1vea News","article_publisher":"https:\/\/facebook.com\/gaveaNews\/","article_published_time":"2022-08-23T12:06:28+00:00","article_modified_time":"2024-03-19T03:07:24+00:00","og_image":[{"width":800,"height":533,"url":"https:\/\/www.gaveanews.com\/wp-content\/uploads\/Rodrigo-Caio-em-jogo-do-Flamengo-contra-o-Corinthians-pelo-Brasileirao.webp","type":"image\/jpeg"}],"author":"Equipe G\u00e1vea News","twitter_card":"summary_large_image","twitter_misc":{"Escrito por":"Equipe G\u00e1vea News","Est. tempo de leitura":"3 minutos"},"schema":{"@context":"https:\/\/schema.org","@graph":[{"@type":"NewsArticle","@id":"https:\/\/www.gaveanews.com\/index.php\/2022\/08\/23\/veja-quando-rodrigo-caio-ficara-a-disposicao-de-dorival-junior-no-flamengo\/#article","isPartOf":{"@id":"https:\/\/www.gaveanews.com\/index.php\/2022\/08\/23\/veja-quando-rodrigo-caio-ficara-a-disposicao-de-dorival-junior-no-flamengo\/"},"author":{"name":"Equipe G\u00e1vea News","@id":"https:\/\/www.gaveanews.com\/#\/schema\/person\/2ec14f73fb96be2caf28f91afb14749d"},"headline":"Veja quando Rodrigo Caio ficar\u00e1 \u00e0 disposi\u00e7\u00e3o de Dorival J\u00fanior no Flamengo","datePublished":"2022-08-23T12:06:28+00:00","dateModified":"2024-03-19T03:07:24+00:00","mainEntityOfPage":{"@id":"https:\/\/www.gaveanews.com\/index.php\/2022\/08\/23\/veja-quando-rodrigo-caio-ficara-a-disposicao-de-dorival-junior-no-flamengo\/"},"wordCount":493,"commentCount":0,"image":{"@id":"https:\/\/www.gaveanews.com\/index.php\/2022\/08\/23\/veja-quando-rodrigo-caio-ficara-a-disposicao-de-dorival-junior-no-flamengo\/#primaryimage"},"thumbnailUrl":"https:\/\/www.gaveanews.com\/wp-content\/uploads\/Rodrigo-Caio-em-jogo-do-Flamengo-contra-o-Corinthians-pelo-Brasileirao.webp","articleSection":["Flamengo"],"inLanguage":"pt-BR","potentialAction":[{"@type":"CommentAction","name":"Comment","target":["https:\/\/www.gaveanews.com\/index.php\/2022\/08\/23\/veja-quando-rodrigo-caio-ficara-a-disposicao-de-dorival-junior-no-flamengo\/#respond"]}],"copyrightYear":"2022","copyrightHolder":{"@id":"https:\/\/www.gaveanews.com\/#organization"}},{"@type":"WebPage","@id":"https:\/\/www.gaveanews.com\/index.php\/2022\/08\/23\/veja-quando-rodrigo-caio-ficara-a-disposicao-de-dorival-junior-no-flamengo\/","url":"https:\/\/www.gaveanews.com\/index.php\/2022\/08\/23\/veja-quando-rodrigo-caio-ficara-a-disposicao-de-dorival-junior-no-flamengo\/","name":"Veja quando Rodrigo Caio ficar\u00e1 \u00e0 disposi\u00e7\u00e3o de Dorival J\u00fanior no Flamengo","isPartOf":{"@id":"https:\/\/www.gaveanews.com\/#website"},"primaryImageOfPage":{"@id":"https:\/\/www.gaveanews.com\/index.php\/2022\/08\/23\/veja-quando-rodrigo-caio-ficara-a-disposicao-de-dorival-junior-no-flamengo\/#primaryimage"},"image":{"@id":"https:\/\/www.gaveanews.com\/index.php\/2022\/08\/23\/veja-quando-rodrigo-caio-ficara-a-disposicao-de-dorival-junior-no-flamengo\/#primaryimage"},"thumbnailUrl":"https:\/\/www.gaveanews.com\/wp-content\/uploads\/Rodrigo-Caio-em-jogo-do-Flamengo-contra-o-Corinthians-pelo-Brasileirao.webp","datePublished":"2022-08-23T12:06:28+00:00","dateModified":"2024-03-19T03:07:24+00:00","author":{"@id":"https:\/\/www.gaveanews.com\/#\/schema\/person\/2ec14f73fb96be2caf28f91afb14749d"},"breadcrumb":{"@id":"https:\/\/www.gaveanews.com\/index.php\/2022\/08\/23\/veja-quando-rodrigo-caio-ficara-a-disposicao-de-dorival-junior-no-flamengo\/#breadcrumb"},"inLanguage":"pt-BR","potentialAction":[{"@type":"ReadAction","target":["https:\/\/www.gaveanews.com\/index.php\/2022\/08\/23\/veja-quando-rodrigo-caio-ficara-a-disposicao-de-dorival-junior-no-flamengo\/"]}]},{"@type":"ImageObject","inLanguage":"pt-BR","@id":"https:\/\/www.gaveanews.com\/index.php\/2022\/08\/23\/veja-quando-rodrigo-caio-ficara-a-disposicao-de-dorival-junior-no-flamengo\/#primaryimage","url":"https:\/\/www.gaveanews.com\/wp-content\/uploads\/Rodrigo-Caio-em-jogo-do-Flamengo-contra-o-Corinthians-pelo-Brasileirao.webp","contentUrl":"https:\/\/www.gaveanews.com\/wp-content\/uploads\/Rodrigo-Caio-em-jogo-do-Flamengo-contra-o-Corinthians-pelo-Brasileirao.webp","width":800,"height":533,"caption":"Rodrigo Caio em jogo do Flamengo contra o Corinthians pelo Brasileir\u00e3o (Foto: Marcelo\/Flamengo)"},{"@type":"BreadcrumbList","@id":"https:\/\/www.gaveanews.com\/index.php\/2022\/08\/23\/veja-quando-rodrigo-caio-ficara-a-disposicao-de-dorival-junior-no-flamengo\/#breadcrumb","itemListElement":[{"@type":"ListItem","position":1,"name":"Home","item":"https:\/\/www.gaveanews.com\/"},{"@type":"ListItem","position":2,"name":"Veja quando Rodrigo Caio ficar\u00e1 \u00e0 disposi\u00e7\u00e3o de Dorival J\u00fanior no Flamengo"}]},{"@type":"WebSite","@id":"https:\/\/www.gaveanews.com\/#website","url":"https:\/\/www.gaveanews.com\/","name":"G\u00e1vea News","description":"Veja todas as not\u00edcias sobre o Flamengo: Contrata\u00e7\u00f5es, categorias de base, resultados das partidas, tabela de classifica\u00e7\u00e3o, pr\u00f3ximos jogos!","potentialAction":[{"@type":"SearchAction","target":{"@type":"EntryPoint","urlTemplate":"https:\/\/www.gaveanews.com\/?s={search_term_string}"},"query-input":{"@type":"PropertyValueSpecification","valueRequired":true,"valueName":"search_term_string"}}],"inLanguage":"pt-BR"},{"@type":"Person","@id":"https:\/\/www.gaveanews.com\/#\/schema\/person\/2ec14f73fb96be2caf28f91afb14749d","name":"Equipe G\u00e1vea News","image":{"@type":"ImageObject","inLanguage":"pt-BR","@id":"https:\/\/www.gaveanews.com\/#\/schema\/person\/image\/","url":"https:\/\/secure.gravatar.com\/avatar\/1e1956f1facbffd3f8fa53a326721950116b3b9dc9bd44939c01180fd4a745a9?s=96&d=mm&r=g","contentUrl":"https:\/\/secure.gravatar.com\/avatar\/1e1956f1facbffd3f8fa53a326721950116b3b9dc9bd44939c01180fd4a745a9?s=96&d=mm&r=g","caption":"Equipe G\u00e1vea News"}}]}},"_links":{"self":[{"href":"https:\/\/www.gaveanews.com\/index.php\/wp-json\/wp\/v2\/posts\/86269","targetHints":{"allow":["GET"]}}],"collection":[{"href":"https:\/\/www.gaveanews.com\/index.php\/wp-json\/wp\/v2\/posts"}],"about":[{"href":"https:\/\/www.gaveanews.com\/index.php\/wp-json\/wp\/v2\/types\/post"}],"author":[{"embeddable":true,"href":"https:\/\/www.gaveanews.com\/index.php\/wp-json\/wp\/v2\/users\/1"}],"replies":[{"embeddable":true,"href":"https:\/\/www.gaveanews.com\/index.php\/wp-json\/wp\/v2\/comments?post=86269"}],"version-history":[{"count":1,"href":"https:\/\/www.gaveanews.com\/index.php\/wp-json\/wp\/v2\/posts\/86269\/revisions"}],"predecessor-version":[{"id":129748,"href":"https:\/\/www.gaveanews.com\/index.php\/wp-json\/wp\/v2\/posts\/86269\/revisions\/129748"}],"wp:featuredmedia":[{"embeddable":true,"href":"https:\/\/www.gaveanews.com\/index.php\/wp-json\/wp\/v2\/media\/84611"}],"wp:attachment":[{"href":"https:\/\/www.gaveanews.com\/index.php\/wp-json\/wp\/v2\/media?parent=86269"}],"wp:term":[{"taxonomy":"category","embeddable":true,"href":"https:\/\/www.gaveanews.com\/index.php\/wp-json\/wp\/v2\/categories?post=86269"},{"taxonomy":"post_tag","embeddable":true,"href":"https:\/\/www.gaveanews.com\/index.php\/wp-json\/wp\/v2\/tags?post=86269"}],"curies":[{"name":"wp","href":"https:\/\/api.w.org\/{rel}","templated":true}]}}