{"id":86293,"date":"2022-08-23T13:33:39","date_gmt":"2022-08-23T16:33:39","guid":{"rendered":"https:\/\/www.gaveanews.com\/?p=86293"},"modified":"2022-08-23T13:33:42","modified_gmt":"2022-08-23T16:33:42","slug":"palmeiras-ira-protestar-erro-protocolar-da-arbitragem-em-jogo-contra-o-flamengo","status":"publish","type":"post","link":"https:\/\/www.gaveanews.com\/index.php\/2022\/08\/23\/palmeiras-ira-protestar-erro-protocolar-da-arbitragem-em-jogo-contra-o-flamengo\/","title":{"rendered":"Palmeiras ir\u00e1 protestar erro protocolar da arbitragem em jogo contra o Flamengo"},"content":{"rendered":"\n<p>O empate entre Flamengo e Palmeiras pelo segundo turno do Brasileir\u00e3o ainda est\u00e1 rendendo debates. O duelo que manteve o Alviverde com 9 pontos de vantagem sobre o Mais Querido contou com um lance que foi polemizado apenas pelas partes n\u00e3o envolvidas diretamente no caso e render\u00e1 uma reclama\u00e7\u00e3o formal.<\/p>\n\n\n\n<p>J\u00e1 na segunda metade do segundo tempo, Arturo Vidal e Gustavo G\u00f3mez protagonizaram um epis\u00f3dio rapidamente avaliado pela arbitragem. Ao correr para alcan\u00e7ar a bola, Vidal atinge o zagueiro do Palmeiras dentro da \u00e1rea, que logo cai no ch\u00e3o.<\/p>\n\n\n\n<p>Apesar das reclama\u00e7\u00f5es por p\u00eanalti durante o jogo, o defensor esclareceu seu lado ap\u00f3s a partida e revelou que desistiu da bola e foi ao ch\u00e3o pois sentiu um contato do advers\u00e1rio.<\/p>\n\n\n\n<p><em>\u2014 Queria pular para disputar a bola, mas senti o contato e ca\u00ed no ch\u00e3o. No final do jogo eles (o Flamengo) protestaram, mas \u00e9 normal. Eu senti o contato e eles protestaram, mas isso \u00e9 do futebol, n\u00e9? N\u00e3o sei se foi p\u00eanalti ou n\u00e3o, mas foi decis\u00e3o do \u00e1rbitro. Senti o contato, tem a imagem e a decis\u00e3o foi dele.<\/em><\/p>\n\n\n\n<p>A CBF divulgou o \u00e1udio do VAR na checagem do lance, onde \u00e9 poss\u00edvel perceber que a arbitragem de v\u00eddeo at\u00e9 concorda com a marca\u00e7\u00e3o de campo. O ponto em quest\u00e3o \u00e9 o fato de que o \u00e1rbitro recome\u00e7ou a partida antes da confirma\u00e7\u00e3o da cabine do VAR.<\/p>\n\n\n\n<p>A diretoria do Palmeiras n\u00e3o gostou da atitude de Ramon Abatti e ir\u00e1 enviar um of\u00edcio \u00e0 entidade do futebol brasileiro para protestar o erro protocolar cometido na partida contra o Flamengo. A informa\u00e7\u00e3o \u00e9 do jornalista Andr\u00e9 Hernan.<\/p>\n","protected":false},"excerpt":{"rendered":"<p>O empate entre Flamengo e Palmeiras pelo segundo turno do Brasileir\u00e3o ainda est\u00e1 rendendo debates. O duelo que manteve o Alviverde com 9 pontos de vantagem sobre o Mais Querido contou com um lance que foi polemizado apenas pelas partes n\u00e3o envolvidas diretamente no caso e render\u00e1 uma reclama\u00e7\u00e3o formal. J\u00e1 na segunda metade do [&hellip;]<\/p>\n","protected":false},"author":4,"featured_media":86294,"comment_status":"open","ping_status":"closed","sticky":false,"template":"","format":"standard","meta":{"footnotes":""},"categories":[47],"tags":[],"class_list":["post-86293","post","type-post","status-publish","format-standard","has-post-thumbnail","hentry","category-destaques"],"yoast_head":"<!-- This site is optimized with the Yoast SEO Premium plugin v24.2 (Yoast SEO v26.9) - https:\/\/yoast.com\/product\/yoast-seo-premium-wordpress\/ -->\n<title>Palmeiras ir\u00e1 protestar erro protocolar da arbitragem em jogo contra o Flamengo<\/title>\n<meta name=\"robots\" content=\"index, follow, max-snippet:-1, max-image-preview:large, max-video-preview:-1\" \/>\n<link rel=\"canonical\" href=\"https:\/\/www.gaveanews.com\/index.php\/2022\/08\/23\/palmeiras-ira-protestar-erro-protocolar-da-arbitragem-em-jogo-contra-o-flamengo\/\" \/>\n<meta property=\"og:locale\" content=\"pt_BR\" \/>\n<meta property=\"og:type\" content=\"article\" \/>\n<meta property=\"og:title\" content=\"Palmeiras ir\u00e1 protestar erro protocolar da arbitragem em jogo contra o Flamengo\" \/>\n<meta property=\"og:description\" content=\"O empate entre Flamengo e Palmeiras pelo segundo turno do Brasileir\u00e3o ainda est\u00e1 rendendo debates. O duelo que manteve o Alviverde com 9 pontos de vantagem sobre o Mais Querido contou com um lance que foi polemizado apenas pelas partes n\u00e3o envolvidas diretamente no caso e render\u00e1 uma reclama\u00e7\u00e3o formal. J\u00e1 na segunda metade do [&hellip;]\" \/>\n<meta property=\"og:url\" content=\"https:\/\/www.gaveanews.com\/index.php\/2022\/08\/23\/palmeiras-ira-protestar-erro-protocolar-da-arbitragem-em-jogo-contra-o-flamengo\/\" \/>\n<meta property=\"og:site_name\" content=\"G\u00e1vea News\" \/>\n<meta property=\"article:publisher\" content=\"https:\/\/facebook.com\/gaveaNews\/\" \/>\n<meta property=\"article:published_time\" content=\"2022-08-23T16:33:39+00:00\" \/>\n<meta property=\"article:modified_time\" content=\"2022-08-23T16:33:42+00:00\" \/>\n<meta property=\"og:image\" content=\"https:\/\/www.gaveanews.com\/wp-content\/uploads\/Arturo-Vidal-e-Gustavo-Gomez-em-jogo-entre-Flamengo-e-Palmeiras-pelo-Brasileirao.webp\" \/>\n\t<meta property=\"og:image:width\" content=\"799\" \/>\n\t<meta property=\"og:image:height\" content=\"533\" \/>\n\t<meta property=\"og:image:type\" content=\"image\/jpeg\" \/>\n<meta name=\"author\" content=\"Let\u00edcia Gerheim\" \/>\n<meta name=\"twitter:card\" content=\"summary_large_image\" \/>\n<meta name=\"twitter:label1\" content=\"Escrito por\" \/>\n\t<meta name=\"twitter:data1\" content=\"Let\u00edcia Gerheim\" \/>\n\t<meta name=\"twitter:label2\" content=\"Est. tempo de leitura\" \/>\n\t<meta name=\"twitter:data2\" content=\"2 minutos\" \/>\n<script type=\"application\/ld+json\" class=\"yoast-schema-graph\">{\"@context\":\"https:\/\/schema.org\",\"@graph\":[{\"@type\":\"NewsArticle\",\"@id\":\"https:\/\/www.gaveanews.com\/index.php\/2022\/08\/23\/palmeiras-ira-protestar-erro-protocolar-da-arbitragem-em-jogo-contra-o-flamengo\/#article\",\"isPartOf\":{\"@id\":\"https:\/\/www.gaveanews.com\/index.php\/2022\/08\/23\/palmeiras-ira-protestar-erro-protocolar-da-arbitragem-em-jogo-contra-o-flamengo\/\"},\"author\":{\"name\":\"Let\u00edcia Gerheim\",\"@id\":\"https:\/\/www.gaveanews.com\/#\/schema\/person\/714c67050b836198af2450ba1c142a67\"},\"headline\":\"Palmeiras ir\u00e1 protestar erro protocolar da arbitragem em jogo contra o Flamengo\",\"datePublished\":\"2022-08-23T16:33:39+00:00\",\"dateModified\":\"2022-08-23T16:33:42+00:00\",\"mainEntityOfPage\":{\"@id\":\"https:\/\/www.gaveanews.com\/index.php\/2022\/08\/23\/palmeiras-ira-protestar-erro-protocolar-da-arbitragem-em-jogo-contra-o-flamengo\/\"},\"wordCount\":301,\"commentCount\":0,\"image\":{\"@id\":\"https:\/\/www.gaveanews.com\/index.php\/2022\/08\/23\/palmeiras-ira-protestar-erro-protocolar-da-arbitragem-em-jogo-contra-o-flamengo\/#primaryimage\"},\"thumbnailUrl\":\"https:\/\/www.gaveanews.com\/wp-content\/uploads\/Arturo-Vidal-e-Gustavo-Gomez-em-jogo-entre-Flamengo-e-Palmeiras-pelo-Brasileirao.webp\",\"articleSection\":[\"Destaques\"],\"inLanguage\":\"pt-BR\",\"potentialAction\":[{\"@type\":\"CommentAction\",\"name\":\"Comment\",\"target\":[\"https:\/\/www.gaveanews.com\/index.php\/2022\/08\/23\/palmeiras-ira-protestar-erro-protocolar-da-arbitragem-em-jogo-contra-o-flamengo\/#respond\"]}],\"copyrightYear\":\"2022\",\"copyrightHolder\":{\"@id\":\"https:\/\/www.gaveanews.com\/#organization\"}},{\"@type\":\"WebPage\",\"@id\":\"https:\/\/www.gaveanews.com\/index.php\/2022\/08\/23\/palmeiras-ira-protestar-erro-protocolar-da-arbitragem-em-jogo-contra-o-flamengo\/\",\"url\":\"https:\/\/www.gaveanews.com\/index.php\/2022\/08\/23\/palmeiras-ira-protestar-erro-protocolar-da-arbitragem-em-jogo-contra-o-flamengo\/\",\"name\":\"Palmeiras ir\u00e1 protestar erro protocolar da arbitragem em jogo contra o Flamengo\",\"isPartOf\":{\"@id\":\"https:\/\/www.gaveanews.com\/#website\"},\"primaryImageOfPage\":{\"@id\":\"https:\/\/www.gaveanews.com\/index.php\/2022\/08\/23\/palmeiras-ira-protestar-erro-protocolar-da-arbitragem-em-jogo-contra-o-flamengo\/#primaryimage\"},\"image\":{\"@id\":\"https:\/\/www.gaveanews.com\/index.php\/2022\/08\/23\/palmeiras-ira-protestar-erro-protocolar-da-arbitragem-em-jogo-contra-o-flamengo\/#primaryimage\"},\"thumbnailUrl\":\"https:\/\/www.gaveanews.com\/wp-content\/uploads\/Arturo-Vidal-e-Gustavo-Gomez-em-jogo-entre-Flamengo-e-Palmeiras-pelo-Brasileirao.webp\",\"datePublished\":\"2022-08-23T16:33:39+00:00\",\"dateModified\":\"2022-08-23T16:33:42+00:00\",\"author\":{\"@id\":\"https:\/\/www.gaveanews.com\/#\/schema\/person\/714c67050b836198af2450ba1c142a67\"},\"breadcrumb\":{\"@id\":\"https:\/\/www.gaveanews.com\/index.php\/2022\/08\/23\/palmeiras-ira-protestar-erro-protocolar-da-arbitragem-em-jogo-contra-o-flamengo\/#breadcrumb\"},\"inLanguage\":\"pt-BR\",\"potentialAction\":[{\"@type\":\"ReadAction\",\"target\":[\"https:\/\/www.gaveanews.com\/index.php\/2022\/08\/23\/palmeiras-ira-protestar-erro-protocolar-da-arbitragem-em-jogo-contra-o-flamengo\/\"]}]},{\"@type\":\"ImageObject\",\"inLanguage\":\"pt-BR\",\"@id\":\"https:\/\/www.gaveanews.com\/index.php\/2022\/08\/23\/palmeiras-ira-protestar-erro-protocolar-da-arbitragem-em-jogo-contra-o-flamengo\/#primaryimage\",\"url\":\"https:\/\/www.gaveanews.com\/wp-content\/uploads\/Arturo-Vidal-e-Gustavo-Gomez-em-jogo-entre-Flamengo-e-Palmeiras-pelo-Brasileirao.webp\",\"contentUrl\":\"https:\/\/www.gaveanews.com\/wp-content\/uploads\/Arturo-Vidal-e-Gustavo-Gomez-em-jogo-entre-Flamengo-e-Palmeiras-pelo-Brasileirao.webp\",\"width\":799,\"height\":533,\"caption\":\"Arturo Vidal e Gustavo G\u00f3mez em jogo entre Flamengo e Palmeiras pelo Brasileir\u00e3o (Foto: Gilvan de Souza \/ Flamengo)\"},{\"@type\":\"BreadcrumbList\",\"@id\":\"https:\/\/www.gaveanews.com\/index.php\/2022\/08\/23\/palmeiras-ira-protestar-erro-protocolar-da-arbitragem-em-jogo-contra-o-flamengo\/#breadcrumb\",\"itemListElement\":[{\"@type\":\"ListItem\",\"position\":1,\"name\":\"Home\",\"item\":\"https:\/\/www.gaveanews.com\/\"},{\"@type\":\"ListItem\",\"position\":2,\"name\":\"Palmeiras ir\u00e1 protestar erro protocolar da arbitragem em jogo contra o Flamengo\"}]},{\"@type\":\"WebSite\",\"@id\":\"https:\/\/www.gaveanews.com\/#website\",\"url\":\"https:\/\/www.gaveanews.com\/\",\"name\":\"G\u00e1vea News\",\"description\":\"Veja todas as not\u00edcias sobre o Flamengo: Contrata\u00e7\u00f5es, categorias de base, resultados das partidas, tabela de classifica\u00e7\u00e3o, pr\u00f3ximos jogos!\",\"potentialAction\":[{\"@type\":\"SearchAction\",\"target\":{\"@type\":\"EntryPoint\",\"urlTemplate\":\"https:\/\/www.gaveanews.com\/?s={search_term_string}\"},\"query-input\":{\"@type\":\"PropertyValueSpecification\",\"valueRequired\":true,\"valueName\":\"search_term_string\"}}],\"inLanguage\":\"pt-BR\"},{\"@type\":\"Person\",\"@id\":\"https:\/\/www.gaveanews.com\/#\/schema\/person\/714c67050b836198af2450ba1c142a67\",\"name\":\"Let\u00edcia Gerheim\",\"image\":{\"@type\":\"ImageObject\",\"inLanguage\":\"pt-BR\",\"@id\":\"https:\/\/www.gaveanews.com\/#\/schema\/person\/image\/\",\"url\":\"https:\/\/secure.gravatar.com\/avatar\/60734739c50fcebfbac509e2a826ccd0ff405c019bc73aab9354f19ecad1dcb4?s=96&d=mm&r=g\",\"contentUrl\":\"https:\/\/secure.gravatar.com\/avatar\/60734739c50fcebfbac509e2a826ccd0ff405c019bc73aab9354f19ecad1dcb4?s=96&d=mm&r=g\",\"caption\":\"Let\u00edcia Gerheim\"}}]}<\/script>\n<!-- \/ Yoast SEO Premium plugin. -->","yoast_head_json":{"title":"Palmeiras ir\u00e1 protestar erro protocolar da arbitragem em jogo contra o Flamengo","robots":{"index":"index","follow":"follow","max-snippet":"max-snippet:-1","max-image-preview":"max-image-preview:large","max-video-preview":"max-video-preview:-1"},"canonical":"https:\/\/www.gaveanews.com\/index.php\/2022\/08\/23\/palmeiras-ira-protestar-erro-protocolar-da-arbitragem-em-jogo-contra-o-flamengo\/","og_locale":"pt_BR","og_type":"article","og_title":"Palmeiras ir\u00e1 protestar erro protocolar da arbitragem em jogo contra o Flamengo","og_description":"O empate entre Flamengo e Palmeiras pelo segundo turno do Brasileir\u00e3o ainda est\u00e1 rendendo debates. O duelo que manteve o Alviverde com 9 pontos de vantagem sobre o Mais Querido contou com um lance que foi polemizado apenas pelas partes n\u00e3o envolvidas diretamente no caso e render\u00e1 uma reclama\u00e7\u00e3o formal. J\u00e1 na segunda metade do [&hellip;]","og_url":"https:\/\/www.gaveanews.com\/index.php\/2022\/08\/23\/palmeiras-ira-protestar-erro-protocolar-da-arbitragem-em-jogo-contra-o-flamengo\/","og_site_name":"G\u00e1vea News","article_publisher":"https:\/\/facebook.com\/gaveaNews\/","article_published_time":"2022-08-23T16:33:39+00:00","article_modified_time":"2022-08-23T16:33:42+00:00","og_image":[{"width":799,"height":533,"url":"https:\/\/www.gaveanews.com\/wp-content\/uploads\/Arturo-Vidal-e-Gustavo-Gomez-em-jogo-entre-Flamengo-e-Palmeiras-pelo-Brasileirao.webp","type":"image\/jpeg"}],"author":"Let\u00edcia Gerheim","twitter_card":"summary_large_image","twitter_misc":{"Escrito por":"Let\u00edcia Gerheim","Est. tempo de leitura":"2 minutos"},"schema":{"@context":"https:\/\/schema.org","@graph":[{"@type":"NewsArticle","@id":"https:\/\/www.gaveanews.com\/index.php\/2022\/08\/23\/palmeiras-ira-protestar-erro-protocolar-da-arbitragem-em-jogo-contra-o-flamengo\/#article","isPartOf":{"@id":"https:\/\/www.gaveanews.com\/index.php\/2022\/08\/23\/palmeiras-ira-protestar-erro-protocolar-da-arbitragem-em-jogo-contra-o-flamengo\/"},"author":{"name":"Let\u00edcia Gerheim","@id":"https:\/\/www.gaveanews.com\/#\/schema\/person\/714c67050b836198af2450ba1c142a67"},"headline":"Palmeiras ir\u00e1 protestar erro protocolar da arbitragem em jogo contra o Flamengo","datePublished":"2022-08-23T16:33:39+00:00","dateModified":"2022-08-23T16:33:42+00:00","mainEntityOfPage":{"@id":"https:\/\/www.gaveanews.com\/index.php\/2022\/08\/23\/palmeiras-ira-protestar-erro-protocolar-da-arbitragem-em-jogo-contra-o-flamengo\/"},"wordCount":301,"commentCount":0,"image":{"@id":"https:\/\/www.gaveanews.com\/index.php\/2022\/08\/23\/palmeiras-ira-protestar-erro-protocolar-da-arbitragem-em-jogo-contra-o-flamengo\/#primaryimage"},"thumbnailUrl":"https:\/\/www.gaveanews.com\/wp-content\/uploads\/Arturo-Vidal-e-Gustavo-Gomez-em-jogo-entre-Flamengo-e-Palmeiras-pelo-Brasileirao.webp","articleSection":["Destaques"],"inLanguage":"pt-BR","potentialAction":[{"@type":"CommentAction","name":"Comment","target":["https:\/\/www.gaveanews.com\/index.php\/2022\/08\/23\/palmeiras-ira-protestar-erro-protocolar-da-arbitragem-em-jogo-contra-o-flamengo\/#respond"]}],"copyrightYear":"2022","copyrightHolder":{"@id":"https:\/\/www.gaveanews.com\/#organization"}},{"@type":"WebPage","@id":"https:\/\/www.gaveanews.com\/index.php\/2022\/08\/23\/palmeiras-ira-protestar-erro-protocolar-da-arbitragem-em-jogo-contra-o-flamengo\/","url":"https:\/\/www.gaveanews.com\/index.php\/2022\/08\/23\/palmeiras-ira-protestar-erro-protocolar-da-arbitragem-em-jogo-contra-o-flamengo\/","name":"Palmeiras ir\u00e1 protestar erro protocolar da arbitragem em jogo contra o Flamengo","isPartOf":{"@id":"https:\/\/www.gaveanews.com\/#website"},"primaryImageOfPage":{"@id":"https:\/\/www.gaveanews.com\/index.php\/2022\/08\/23\/palmeiras-ira-protestar-erro-protocolar-da-arbitragem-em-jogo-contra-o-flamengo\/#primaryimage"},"image":{"@id":"https:\/\/www.gaveanews.com\/index.php\/2022\/08\/23\/palmeiras-ira-protestar-erro-protocolar-da-arbitragem-em-jogo-contra-o-flamengo\/#primaryimage"},"thumbnailUrl":"https:\/\/www.gaveanews.com\/wp-content\/uploads\/Arturo-Vidal-e-Gustavo-Gomez-em-jogo-entre-Flamengo-e-Palmeiras-pelo-Brasileirao.webp","datePublished":"2022-08-23T16:33:39+00:00","dateModified":"2022-08-23T16:33:42+00:00","author":{"@id":"https:\/\/www.gaveanews.com\/#\/schema\/person\/714c67050b836198af2450ba1c142a67"},"breadcrumb":{"@id":"https:\/\/www.gaveanews.com\/index.php\/2022\/08\/23\/palmeiras-ira-protestar-erro-protocolar-da-arbitragem-em-jogo-contra-o-flamengo\/#breadcrumb"},"inLanguage":"pt-BR","potentialAction":[{"@type":"ReadAction","target":["https:\/\/www.gaveanews.com\/index.php\/2022\/08\/23\/palmeiras-ira-protestar-erro-protocolar-da-arbitragem-em-jogo-contra-o-flamengo\/"]}]},{"@type":"ImageObject","inLanguage":"pt-BR","@id":"https:\/\/www.gaveanews.com\/index.php\/2022\/08\/23\/palmeiras-ira-protestar-erro-protocolar-da-arbitragem-em-jogo-contra-o-flamengo\/#primaryimage","url":"https:\/\/www.gaveanews.com\/wp-content\/uploads\/Arturo-Vidal-e-Gustavo-Gomez-em-jogo-entre-Flamengo-e-Palmeiras-pelo-Brasileirao.webp","contentUrl":"https:\/\/www.gaveanews.com\/wp-content\/uploads\/Arturo-Vidal-e-Gustavo-Gomez-em-jogo-entre-Flamengo-e-Palmeiras-pelo-Brasileirao.webp","width":799,"height":533,"caption":"Arturo Vidal e Gustavo G\u00f3mez em jogo entre Flamengo e Palmeiras pelo Brasileir\u00e3o (Foto: Gilvan de Souza \/ Flamengo)"},{"@type":"BreadcrumbList","@id":"https:\/\/www.gaveanews.com\/index.php\/2022\/08\/23\/palmeiras-ira-protestar-erro-protocolar-da-arbitragem-em-jogo-contra-o-flamengo\/#breadcrumb","itemListElement":[{"@type":"ListItem","position":1,"name":"Home","item":"https:\/\/www.gaveanews.com\/"},{"@type":"ListItem","position":2,"name":"Palmeiras ir\u00e1 protestar erro protocolar da arbitragem em jogo contra o Flamengo"}]},{"@type":"WebSite","@id":"https:\/\/www.gaveanews.com\/#website","url":"https:\/\/www.gaveanews.com\/","name":"G\u00e1vea News","description":"Veja todas as not\u00edcias sobre o Flamengo: Contrata\u00e7\u00f5es, categorias de base, resultados das partidas, tabela de classifica\u00e7\u00e3o, pr\u00f3ximos jogos!","potentialAction":[{"@type":"SearchAction","target":{"@type":"EntryPoint","urlTemplate":"https:\/\/www.gaveanews.com\/?s={search_term_string}"},"query-input":{"@type":"PropertyValueSpecification","valueRequired":true,"valueName":"search_term_string"}}],"inLanguage":"pt-BR"},{"@type":"Person","@id":"https:\/\/www.gaveanews.com\/#\/schema\/person\/714c67050b836198af2450ba1c142a67","name":"Let\u00edcia Gerheim","image":{"@type":"ImageObject","inLanguage":"pt-BR","@id":"https:\/\/www.gaveanews.com\/#\/schema\/person\/image\/","url":"https:\/\/secure.gravatar.com\/avatar\/60734739c50fcebfbac509e2a826ccd0ff405c019bc73aab9354f19ecad1dcb4?s=96&d=mm&r=g","contentUrl":"https:\/\/secure.gravatar.com\/avatar\/60734739c50fcebfbac509e2a826ccd0ff405c019bc73aab9354f19ecad1dcb4?s=96&d=mm&r=g","caption":"Let\u00edcia Gerheim"}}]}},"_links":{"self":[{"href":"https:\/\/www.gaveanews.com\/index.php\/wp-json\/wp\/v2\/posts\/86293","targetHints":{"allow":["GET"]}}],"collection":[{"href":"https:\/\/www.gaveanews.com\/index.php\/wp-json\/wp\/v2\/posts"}],"about":[{"href":"https:\/\/www.gaveanews.com\/index.php\/wp-json\/wp\/v2\/types\/post"}],"author":[{"embeddable":true,"href":"https:\/\/www.gaveanews.com\/index.php\/wp-json\/wp\/v2\/users\/4"}],"replies":[{"embeddable":true,"href":"https:\/\/www.gaveanews.com\/index.php\/wp-json\/wp\/v2\/comments?post=86293"}],"version-history":[{"count":0,"href":"https:\/\/www.gaveanews.com\/index.php\/wp-json\/wp\/v2\/posts\/86293\/revisions"}],"wp:featuredmedia":[{"embeddable":true,"href":"https:\/\/www.gaveanews.com\/index.php\/wp-json\/wp\/v2\/media\/86294"}],"wp:attachment":[{"href":"https:\/\/www.gaveanews.com\/index.php\/wp-json\/wp\/v2\/media?parent=86293"}],"wp:term":[{"taxonomy":"category","embeddable":true,"href":"https:\/\/www.gaveanews.com\/index.php\/wp-json\/wp\/v2\/categories?post=86293"},{"taxonomy":"post_tag","embeddable":true,"href":"https:\/\/www.gaveanews.com\/index.php\/wp-json\/wp\/v2\/tags?post=86293"}],"curies":[{"name":"wp","href":"https:\/\/api.w.org\/{rel}","templated":true}]}}