{"id":86311,"date":"2022-08-23T16:14:27","date_gmt":"2022-08-23T19:14:27","guid":{"rendered":"https:\/\/www.gaveanews.com\/?p=86311"},"modified":"2022-08-23T16:14:29","modified_gmt":"2022-08-23T19:14:29","slug":"alem-do-atletico-mg-rodinei-do-flamengo-recebe-mais-uma-sondagem","status":"publish","type":"post","link":"https:\/\/www.gaveanews.com\/index.php\/2022\/08\/23\/alem-do-atletico-mg-rodinei-do-flamengo-recebe-mais-uma-sondagem\/","title":{"rendered":"Al\u00e9m do Atl\u00e9tico-MG, Rodinei, do Flamengo, recebe mais uma sondagem"},"content":{"rendered":"\n<p>Embora o Flamengo tenha encerrado suas movimenta\u00e7\u00f5es por contrata\u00e7\u00f5es na janela de transfer\u00eancias, diversos outros clubes brasileiros ainda se movimentam em busca de refor\u00e7os para suas equipes.<\/p>\n\n\n\n<p>Estes s\u00e3o os casos de Atl\u00e9tico-MG e Gr\u00eamio, ambos interessados em um atleta do Meng\u00e3o. O Rubro-Negro vive ano de fim de contrato com Rodinei e avalia op\u00e7\u00f5es de mercado para negociar o lateral-direito.<\/p>\n\n\n\n<p>Apesar do bom momento do defensor no clube e sua titularidade sob o comando de Dorival J\u00fanior, o jogador entende que o far\u00e1 bem respirar novos ares. A inten\u00e7\u00e3o do atleta \u00e9 apoiada pelo Fla, que tamb\u00e9m n\u00e3o tem interesse em renovar contrato.<\/p>\n\n\n\n<p>Por isso, ambas as partes se mant\u00e9m atentas \u00e0s possibilidades de Rodinei no mercado. Recentemente o Atl\u00e9tico-MG demonstrou interesse na contrata\u00e7\u00e3o do lateral. <\/p>\n\n\n\n<p>E ao que parece o Galo ter\u00e1 concorr\u00eancia. O Gr\u00eamio, que j\u00e1 havia sondado o jogador anteriormente, voltou a mostrar o desejo por ter Rodinei em seu plantel. <\/p>\n\n\n\n<p>No momento o foco do atleta est\u00e1 no restante da temporada e na campanha feita pelo Fla, mas caso ele acabe sendo negociado de fato, o Mais Querido possui uma op\u00e7\u00e3o para acionar e ainda assim permanecer com um jogador da posi\u00e7\u00e3o para cada um dos dois times que possui.<\/p>\n\n\n\n<p>Depois de algumas semanas de treinamentos no Ninho do Urubu, Guilhermo Varela foi relacionado pelo Flamengo pela primeira vez no \u00faltimo final de semana, quando o Rubro-Negro enfrentou o Palmeiras, e pode estrear pelo clube em breve.<\/p>\n\n\n\n<p>Com o uruguaio, o Meng\u00e3o fica com tr\u00eas jogadores atuantes na lateral-direita. Isso porque al\u00e9m de Rodinei o plantel ainda tem Matheuzinho.<\/p>\n","protected":false},"excerpt":{"rendered":"<p>Embora o Flamengo tenha encerrado suas movimenta\u00e7\u00f5es por contrata\u00e7\u00f5es na janela de transfer\u00eancias, diversos outros clubes brasileiros ainda se movimentam em busca de refor\u00e7os para suas equipes. Estes s\u00e3o os casos de Atl\u00e9tico-MG e Gr\u00eamio, ambos interessados em um atleta do Meng\u00e3o. O Rubro-Negro vive ano de fim de contrato com Rodinei e avalia op\u00e7\u00f5es [&hellip;]<\/p>\n","protected":false},"author":4,"featured_media":86312,"comment_status":"open","ping_status":"closed","sticky":false,"template":"","format":"standard","meta":{"footnotes":""},"categories":[48],"tags":[],"class_list":["post-86311","post","type-post","status-publish","format-standard","has-post-thumbnail","hentry","category-negociacoes"],"yoast_head":"<!-- This site is optimized with the Yoast SEO Premium plugin v24.2 (Yoast SEO v26.9) - https:\/\/yoast.com\/product\/yoast-seo-premium-wordpress\/ -->\n<title>Al\u00e9m do Atl\u00e9tico-MG, Rodinei, do Flamengo, recebe mais uma sondagem<\/title>\n<meta name=\"robots\" content=\"index, follow, max-snippet:-1, max-image-preview:large, max-video-preview:-1\" \/>\n<link rel=\"canonical\" href=\"https:\/\/www.gaveanews.com\/index.php\/2022\/08\/23\/alem-do-atletico-mg-rodinei-do-flamengo-recebe-mais-uma-sondagem\/\" \/>\n<meta property=\"og:locale\" content=\"pt_BR\" \/>\n<meta property=\"og:type\" content=\"article\" \/>\n<meta property=\"og:title\" content=\"Al\u00e9m do Atl\u00e9tico-MG, Rodinei, do Flamengo, recebe mais uma sondagem\" \/>\n<meta property=\"og:description\" content=\"Embora o Flamengo tenha encerrado suas movimenta\u00e7\u00f5es por contrata\u00e7\u00f5es na janela de transfer\u00eancias, diversos outros clubes brasileiros ainda se movimentam em busca de refor\u00e7os para suas equipes. Estes s\u00e3o os casos de Atl\u00e9tico-MG e Gr\u00eamio, ambos interessados em um atleta do Meng\u00e3o. O Rubro-Negro vive ano de fim de contrato com Rodinei e avalia op\u00e7\u00f5es [&hellip;]\" \/>\n<meta property=\"og:url\" content=\"https:\/\/www.gaveanews.com\/index.php\/2022\/08\/23\/alem-do-atletico-mg-rodinei-do-flamengo-recebe-mais-uma-sondagem\/\" \/>\n<meta property=\"og:site_name\" content=\"G\u00e1vea News\" \/>\n<meta property=\"article:publisher\" content=\"https:\/\/facebook.com\/gaveaNews\/\" \/>\n<meta property=\"article:published_time\" content=\"2022-08-23T19:14:27+00:00\" \/>\n<meta property=\"article:modified_time\" content=\"2022-08-23T19:14:29+00:00\" \/>\n<meta property=\"og:image\" content=\"https:\/\/www.gaveanews.com\/wp-content\/uploads\/Rodinei-em-jogo-do-Flamengo-contra-o-Athletico-PR-pela-Copa-do-Brasil.webp\" \/>\n\t<meta property=\"og:image:width\" content=\"800\" \/>\n\t<meta property=\"og:image:height\" content=\"532\" \/>\n\t<meta property=\"og:image:type\" content=\"image\/jpeg\" \/>\n<meta name=\"author\" content=\"Let\u00edcia Gerheim\" \/>\n<meta name=\"twitter:card\" content=\"summary_large_image\" \/>\n<meta name=\"twitter:label1\" content=\"Escrito por\" \/>\n\t<meta name=\"twitter:data1\" content=\"Let\u00edcia Gerheim\" \/>\n\t<meta name=\"twitter:label2\" content=\"Est. tempo de leitura\" \/>\n\t<meta name=\"twitter:data2\" content=\"2 minutos\" \/>\n<script type=\"application\/ld+json\" class=\"yoast-schema-graph\">{\"@context\":\"https:\/\/schema.org\",\"@graph\":[{\"@type\":\"NewsArticle\",\"@id\":\"https:\/\/www.gaveanews.com\/index.php\/2022\/08\/23\/alem-do-atletico-mg-rodinei-do-flamengo-recebe-mais-uma-sondagem\/#article\",\"isPartOf\":{\"@id\":\"https:\/\/www.gaveanews.com\/index.php\/2022\/08\/23\/alem-do-atletico-mg-rodinei-do-flamengo-recebe-mais-uma-sondagem\/\"},\"author\":{\"name\":\"Let\u00edcia Gerheim\",\"@id\":\"https:\/\/www.gaveanews.com\/#\/schema\/person\/714c67050b836198af2450ba1c142a67\"},\"headline\":\"Al\u00e9m do Atl\u00e9tico-MG, Rodinei, do Flamengo, recebe mais uma sondagem\",\"datePublished\":\"2022-08-23T19:14:27+00:00\",\"dateModified\":\"2022-08-23T19:14:29+00:00\",\"mainEntityOfPage\":{\"@id\":\"https:\/\/www.gaveanews.com\/index.php\/2022\/08\/23\/alem-do-atletico-mg-rodinei-do-flamengo-recebe-mais-uma-sondagem\/\"},\"wordCount\":298,\"commentCount\":0,\"image\":{\"@id\":\"https:\/\/www.gaveanews.com\/index.php\/2022\/08\/23\/alem-do-atletico-mg-rodinei-do-flamengo-recebe-mais-uma-sondagem\/#primaryimage\"},\"thumbnailUrl\":\"https:\/\/www.gaveanews.com\/wp-content\/uploads\/Rodinei-em-jogo-do-Flamengo-contra-o-Athletico-PR-pela-Copa-do-Brasil.webp\",\"articleSection\":[\"Negocia\u00e7\u00f5es\"],\"inLanguage\":\"pt-BR\",\"potentialAction\":[{\"@type\":\"CommentAction\",\"name\":\"Comment\",\"target\":[\"https:\/\/www.gaveanews.com\/index.php\/2022\/08\/23\/alem-do-atletico-mg-rodinei-do-flamengo-recebe-mais-uma-sondagem\/#respond\"]}],\"copyrightYear\":\"2022\",\"copyrightHolder\":{\"@id\":\"https:\/\/www.gaveanews.com\/#organization\"}},{\"@type\":\"WebPage\",\"@id\":\"https:\/\/www.gaveanews.com\/index.php\/2022\/08\/23\/alem-do-atletico-mg-rodinei-do-flamengo-recebe-mais-uma-sondagem\/\",\"url\":\"https:\/\/www.gaveanews.com\/index.php\/2022\/08\/23\/alem-do-atletico-mg-rodinei-do-flamengo-recebe-mais-uma-sondagem\/\",\"name\":\"Al\u00e9m do Atl\u00e9tico-MG, Rodinei, do Flamengo, recebe mais uma sondagem\",\"isPartOf\":{\"@id\":\"https:\/\/www.gaveanews.com\/#website\"},\"primaryImageOfPage\":{\"@id\":\"https:\/\/www.gaveanews.com\/index.php\/2022\/08\/23\/alem-do-atletico-mg-rodinei-do-flamengo-recebe-mais-uma-sondagem\/#primaryimage\"},\"image\":{\"@id\":\"https:\/\/www.gaveanews.com\/index.php\/2022\/08\/23\/alem-do-atletico-mg-rodinei-do-flamengo-recebe-mais-uma-sondagem\/#primaryimage\"},\"thumbnailUrl\":\"https:\/\/www.gaveanews.com\/wp-content\/uploads\/Rodinei-em-jogo-do-Flamengo-contra-o-Athletico-PR-pela-Copa-do-Brasil.webp\",\"datePublished\":\"2022-08-23T19:14:27+00:00\",\"dateModified\":\"2022-08-23T19:14:29+00:00\",\"author\":{\"@id\":\"https:\/\/www.gaveanews.com\/#\/schema\/person\/714c67050b836198af2450ba1c142a67\"},\"breadcrumb\":{\"@id\":\"https:\/\/www.gaveanews.com\/index.php\/2022\/08\/23\/alem-do-atletico-mg-rodinei-do-flamengo-recebe-mais-uma-sondagem\/#breadcrumb\"},\"inLanguage\":\"pt-BR\",\"potentialAction\":[{\"@type\":\"ReadAction\",\"target\":[\"https:\/\/www.gaveanews.com\/index.php\/2022\/08\/23\/alem-do-atletico-mg-rodinei-do-flamengo-recebe-mais-uma-sondagem\/\"]}]},{\"@type\":\"ImageObject\",\"inLanguage\":\"pt-BR\",\"@id\":\"https:\/\/www.gaveanews.com\/index.php\/2022\/08\/23\/alem-do-atletico-mg-rodinei-do-flamengo-recebe-mais-uma-sondagem\/#primaryimage\",\"url\":\"https:\/\/www.gaveanews.com\/wp-content\/uploads\/Rodinei-em-jogo-do-Flamengo-contra-o-Athletico-PR-pela-Copa-do-Brasil.webp\",\"contentUrl\":\"https:\/\/www.gaveanews.com\/wp-content\/uploads\/Rodinei-em-jogo-do-Flamengo-contra-o-Athletico-PR-pela-Copa-do-Brasil.webp\",\"width\":800,\"height\":532,\"caption\":\"Rodinei em jogo do Flamengo contra o Athletico-PR pela Copa do Brasil (Foto: Marcelo Cortes \/ Flamengo)\"},{\"@type\":\"BreadcrumbList\",\"@id\":\"https:\/\/www.gaveanews.com\/index.php\/2022\/08\/23\/alem-do-atletico-mg-rodinei-do-flamengo-recebe-mais-uma-sondagem\/#breadcrumb\",\"itemListElement\":[{\"@type\":\"ListItem\",\"position\":1,\"name\":\"Home\",\"item\":\"https:\/\/www.gaveanews.com\/\"},{\"@type\":\"ListItem\",\"position\":2,\"name\":\"Al\u00e9m do Atl\u00e9tico-MG, Rodinei, do Flamengo, recebe mais uma sondagem\"}]},{\"@type\":\"WebSite\",\"@id\":\"https:\/\/www.gaveanews.com\/#website\",\"url\":\"https:\/\/www.gaveanews.com\/\",\"name\":\"G\u00e1vea News\",\"description\":\"Veja todas as not\u00edcias sobre o Flamengo: Contrata\u00e7\u00f5es, categorias de base, resultados das partidas, tabela de classifica\u00e7\u00e3o, pr\u00f3ximos jogos!\",\"potentialAction\":[{\"@type\":\"SearchAction\",\"target\":{\"@type\":\"EntryPoint\",\"urlTemplate\":\"https:\/\/www.gaveanews.com\/?s={search_term_string}\"},\"query-input\":{\"@type\":\"PropertyValueSpecification\",\"valueRequired\":true,\"valueName\":\"search_term_string\"}}],\"inLanguage\":\"pt-BR\"},{\"@type\":\"Person\",\"@id\":\"https:\/\/www.gaveanews.com\/#\/schema\/person\/714c67050b836198af2450ba1c142a67\",\"name\":\"Let\u00edcia Gerheim\",\"image\":{\"@type\":\"ImageObject\",\"inLanguage\":\"pt-BR\",\"@id\":\"https:\/\/www.gaveanews.com\/#\/schema\/person\/image\/\",\"url\":\"https:\/\/secure.gravatar.com\/avatar\/60734739c50fcebfbac509e2a826ccd0ff405c019bc73aab9354f19ecad1dcb4?s=96&d=mm&r=g\",\"contentUrl\":\"https:\/\/secure.gravatar.com\/avatar\/60734739c50fcebfbac509e2a826ccd0ff405c019bc73aab9354f19ecad1dcb4?s=96&d=mm&r=g\",\"caption\":\"Let\u00edcia Gerheim\"}}]}<\/script>\n<!-- \/ Yoast SEO Premium plugin. -->","yoast_head_json":{"title":"Al\u00e9m do Atl\u00e9tico-MG, Rodinei, do Flamengo, recebe mais uma sondagem","robots":{"index":"index","follow":"follow","max-snippet":"max-snippet:-1","max-image-preview":"max-image-preview:large","max-video-preview":"max-video-preview:-1"},"canonical":"https:\/\/www.gaveanews.com\/index.php\/2022\/08\/23\/alem-do-atletico-mg-rodinei-do-flamengo-recebe-mais-uma-sondagem\/","og_locale":"pt_BR","og_type":"article","og_title":"Al\u00e9m do Atl\u00e9tico-MG, Rodinei, do Flamengo, recebe mais uma sondagem","og_description":"Embora o Flamengo tenha encerrado suas movimenta\u00e7\u00f5es por contrata\u00e7\u00f5es na janela de transfer\u00eancias, diversos outros clubes brasileiros ainda se movimentam em busca de refor\u00e7os para suas equipes. Estes s\u00e3o os casos de Atl\u00e9tico-MG e Gr\u00eamio, ambos interessados em um atleta do Meng\u00e3o. O Rubro-Negro vive ano de fim de contrato com Rodinei e avalia op\u00e7\u00f5es [&hellip;]","og_url":"https:\/\/www.gaveanews.com\/index.php\/2022\/08\/23\/alem-do-atletico-mg-rodinei-do-flamengo-recebe-mais-uma-sondagem\/","og_site_name":"G\u00e1vea News","article_publisher":"https:\/\/facebook.com\/gaveaNews\/","article_published_time":"2022-08-23T19:14:27+00:00","article_modified_time":"2022-08-23T19:14:29+00:00","og_image":[{"width":800,"height":532,"url":"https:\/\/www.gaveanews.com\/wp-content\/uploads\/Rodinei-em-jogo-do-Flamengo-contra-o-Athletico-PR-pela-Copa-do-Brasil.webp","type":"image\/jpeg"}],"author":"Let\u00edcia Gerheim","twitter_card":"summary_large_image","twitter_misc":{"Escrito por":"Let\u00edcia Gerheim","Est. tempo de leitura":"2 minutos"},"schema":{"@context":"https:\/\/schema.org","@graph":[{"@type":"NewsArticle","@id":"https:\/\/www.gaveanews.com\/index.php\/2022\/08\/23\/alem-do-atletico-mg-rodinei-do-flamengo-recebe-mais-uma-sondagem\/#article","isPartOf":{"@id":"https:\/\/www.gaveanews.com\/index.php\/2022\/08\/23\/alem-do-atletico-mg-rodinei-do-flamengo-recebe-mais-uma-sondagem\/"},"author":{"name":"Let\u00edcia Gerheim","@id":"https:\/\/www.gaveanews.com\/#\/schema\/person\/714c67050b836198af2450ba1c142a67"},"headline":"Al\u00e9m do Atl\u00e9tico-MG, Rodinei, do Flamengo, recebe mais uma sondagem","datePublished":"2022-08-23T19:14:27+00:00","dateModified":"2022-08-23T19:14:29+00:00","mainEntityOfPage":{"@id":"https:\/\/www.gaveanews.com\/index.php\/2022\/08\/23\/alem-do-atletico-mg-rodinei-do-flamengo-recebe-mais-uma-sondagem\/"},"wordCount":298,"commentCount":0,"image":{"@id":"https:\/\/www.gaveanews.com\/index.php\/2022\/08\/23\/alem-do-atletico-mg-rodinei-do-flamengo-recebe-mais-uma-sondagem\/#primaryimage"},"thumbnailUrl":"https:\/\/www.gaveanews.com\/wp-content\/uploads\/Rodinei-em-jogo-do-Flamengo-contra-o-Athletico-PR-pela-Copa-do-Brasil.webp","articleSection":["Negocia\u00e7\u00f5es"],"inLanguage":"pt-BR","potentialAction":[{"@type":"CommentAction","name":"Comment","target":["https:\/\/www.gaveanews.com\/index.php\/2022\/08\/23\/alem-do-atletico-mg-rodinei-do-flamengo-recebe-mais-uma-sondagem\/#respond"]}],"copyrightYear":"2022","copyrightHolder":{"@id":"https:\/\/www.gaveanews.com\/#organization"}},{"@type":"WebPage","@id":"https:\/\/www.gaveanews.com\/index.php\/2022\/08\/23\/alem-do-atletico-mg-rodinei-do-flamengo-recebe-mais-uma-sondagem\/","url":"https:\/\/www.gaveanews.com\/index.php\/2022\/08\/23\/alem-do-atletico-mg-rodinei-do-flamengo-recebe-mais-uma-sondagem\/","name":"Al\u00e9m do Atl\u00e9tico-MG, Rodinei, do Flamengo, recebe mais uma sondagem","isPartOf":{"@id":"https:\/\/www.gaveanews.com\/#website"},"primaryImageOfPage":{"@id":"https:\/\/www.gaveanews.com\/index.php\/2022\/08\/23\/alem-do-atletico-mg-rodinei-do-flamengo-recebe-mais-uma-sondagem\/#primaryimage"},"image":{"@id":"https:\/\/www.gaveanews.com\/index.php\/2022\/08\/23\/alem-do-atletico-mg-rodinei-do-flamengo-recebe-mais-uma-sondagem\/#primaryimage"},"thumbnailUrl":"https:\/\/www.gaveanews.com\/wp-content\/uploads\/Rodinei-em-jogo-do-Flamengo-contra-o-Athletico-PR-pela-Copa-do-Brasil.webp","datePublished":"2022-08-23T19:14:27+00:00","dateModified":"2022-08-23T19:14:29+00:00","author":{"@id":"https:\/\/www.gaveanews.com\/#\/schema\/person\/714c67050b836198af2450ba1c142a67"},"breadcrumb":{"@id":"https:\/\/www.gaveanews.com\/index.php\/2022\/08\/23\/alem-do-atletico-mg-rodinei-do-flamengo-recebe-mais-uma-sondagem\/#breadcrumb"},"inLanguage":"pt-BR","potentialAction":[{"@type":"ReadAction","target":["https:\/\/www.gaveanews.com\/index.php\/2022\/08\/23\/alem-do-atletico-mg-rodinei-do-flamengo-recebe-mais-uma-sondagem\/"]}]},{"@type":"ImageObject","inLanguage":"pt-BR","@id":"https:\/\/www.gaveanews.com\/index.php\/2022\/08\/23\/alem-do-atletico-mg-rodinei-do-flamengo-recebe-mais-uma-sondagem\/#primaryimage","url":"https:\/\/www.gaveanews.com\/wp-content\/uploads\/Rodinei-em-jogo-do-Flamengo-contra-o-Athletico-PR-pela-Copa-do-Brasil.webp","contentUrl":"https:\/\/www.gaveanews.com\/wp-content\/uploads\/Rodinei-em-jogo-do-Flamengo-contra-o-Athletico-PR-pela-Copa-do-Brasil.webp","width":800,"height":532,"caption":"Rodinei em jogo do Flamengo contra o Athletico-PR pela Copa do Brasil (Foto: Marcelo Cortes \/ Flamengo)"},{"@type":"BreadcrumbList","@id":"https:\/\/www.gaveanews.com\/index.php\/2022\/08\/23\/alem-do-atletico-mg-rodinei-do-flamengo-recebe-mais-uma-sondagem\/#breadcrumb","itemListElement":[{"@type":"ListItem","position":1,"name":"Home","item":"https:\/\/www.gaveanews.com\/"},{"@type":"ListItem","position":2,"name":"Al\u00e9m do Atl\u00e9tico-MG, Rodinei, do Flamengo, recebe mais uma sondagem"}]},{"@type":"WebSite","@id":"https:\/\/www.gaveanews.com\/#website","url":"https:\/\/www.gaveanews.com\/","name":"G\u00e1vea News","description":"Veja todas as not\u00edcias sobre o Flamengo: Contrata\u00e7\u00f5es, categorias de base, resultados das partidas, tabela de classifica\u00e7\u00e3o, pr\u00f3ximos jogos!","potentialAction":[{"@type":"SearchAction","target":{"@type":"EntryPoint","urlTemplate":"https:\/\/www.gaveanews.com\/?s={search_term_string}"},"query-input":{"@type":"PropertyValueSpecification","valueRequired":true,"valueName":"search_term_string"}}],"inLanguage":"pt-BR"},{"@type":"Person","@id":"https:\/\/www.gaveanews.com\/#\/schema\/person\/714c67050b836198af2450ba1c142a67","name":"Let\u00edcia Gerheim","image":{"@type":"ImageObject","inLanguage":"pt-BR","@id":"https:\/\/www.gaveanews.com\/#\/schema\/person\/image\/","url":"https:\/\/secure.gravatar.com\/avatar\/60734739c50fcebfbac509e2a826ccd0ff405c019bc73aab9354f19ecad1dcb4?s=96&d=mm&r=g","contentUrl":"https:\/\/secure.gravatar.com\/avatar\/60734739c50fcebfbac509e2a826ccd0ff405c019bc73aab9354f19ecad1dcb4?s=96&d=mm&r=g","caption":"Let\u00edcia Gerheim"}}]}},"_links":{"self":[{"href":"https:\/\/www.gaveanews.com\/index.php\/wp-json\/wp\/v2\/posts\/86311","targetHints":{"allow":["GET"]}}],"collection":[{"href":"https:\/\/www.gaveanews.com\/index.php\/wp-json\/wp\/v2\/posts"}],"about":[{"href":"https:\/\/www.gaveanews.com\/index.php\/wp-json\/wp\/v2\/types\/post"}],"author":[{"embeddable":true,"href":"https:\/\/www.gaveanews.com\/index.php\/wp-json\/wp\/v2\/users\/4"}],"replies":[{"embeddable":true,"href":"https:\/\/www.gaveanews.com\/index.php\/wp-json\/wp\/v2\/comments?post=86311"}],"version-history":[{"count":0,"href":"https:\/\/www.gaveanews.com\/index.php\/wp-json\/wp\/v2\/posts\/86311\/revisions"}],"wp:featuredmedia":[{"embeddable":true,"href":"https:\/\/www.gaveanews.com\/index.php\/wp-json\/wp\/v2\/media\/86312"}],"wp:attachment":[{"href":"https:\/\/www.gaveanews.com\/index.php\/wp-json\/wp\/v2\/media?parent=86311"}],"wp:term":[{"taxonomy":"category","embeddable":true,"href":"https:\/\/www.gaveanews.com\/index.php\/wp-json\/wp\/v2\/categories?post=86311"},{"taxonomy":"post_tag","embeddable":true,"href":"https:\/\/www.gaveanews.com\/index.php\/wp-json\/wp\/v2\/tags?post=86311"}],"curies":[{"name":"wp","href":"https:\/\/api.w.org\/{rel}","templated":true}]}}