{"id":86321,"date":"2022-08-24T00:10:02","date_gmt":"2022-08-24T03:10:02","guid":{"rendered":"https:\/\/www.gaveanews.com\/?p=86321"},"modified":"2022-08-24T00:10:06","modified_gmt":"2022-08-24T03:10:06","slug":"atletico-mg-gremio-emissora-revela-possivel-reviravolta-envolvendo-rodinei-no-flamengo","status":"publish","type":"post","link":"https:\/\/www.gaveanews.com\/index.php\/2022\/08\/24\/atletico-mg-gremio-emissora-revela-possivel-reviravolta-envolvendo-rodinei-no-flamengo\/","title":{"rendered":"Atl\u00e9tico-MG? Gr\u00eamio? Emissora revela poss\u00edvel reviravolta envolvendo Rodinei no Flamengo"},"content":{"rendered":"\n<p>De acordo com a ESPN, Rodinei ainda pode continuar no Flamengo para pr\u00f3xima temporada. Ap\u00f3s as boas atua\u00e7\u00f5es do lateral-direito, al\u00e9m do bom clima que o jogador possui dentro do vesti\u00e1rio, o clube est\u00e1 repensando a decis\u00e3o sobre estender o v\u00ednculo dele.<\/p>\n\n\n\n<p>O lateral tem contrato at\u00e9 dezembro e tem o desejo de permanecer no Flamengo. Com isso, deve acontecer um esfor\u00e7o pela assinatura de um novo contrato. Recentemente, Rodinei foi especulado em Atl\u00e9tico-MG e Gr\u00eamio.<\/p>\n\n\n\n<p>Dorival J\u00fanior elogiou, na \u00faltima semana, a evolu\u00e7\u00e3o de Rodinei nas partidas recentes. \u201cRodinei sempre foi muito bem comigo. Ele me deu uma resposta positiva. Ele \u00e9 importante e vem em uma crescente e em uma evolu\u00e7\u00e3o, afirmou.<\/p>\n\n\n\n<p>Recentemente, o vice-presidente de futebol do Flamengo, Marcos Braz, falou sobre a renova\u00e7\u00e3o do lateral-direito ao jornalista Ven\u00ea Casagrande.<\/p>\n\n\n\n<p><em>\u2014 Um jogador que j\u00e1 fez in\u00fameros jogos pelo time profissional. (\u2026) Mas, de fato, deu uma esfriada na renova\u00e7\u00e3o pelos dois lados e isso \u00e9 um processo natural que as vezes acontece. Hoje est\u00e1 nessa situa\u00e7\u00e3o. Isso nada tem a ver com o que se possa ter uma mudan\u00e7a de quadro, de pensamento do atleta ou nosso. Temos uma excelente rela\u00e7\u00e3o com o jogador, que diz que est\u00e1 sempre feliz de estar no conv\u00edvio com os jogadores. Numa hora certa, se a gente entender que deve fazer uma conversa com mais proximidade a gente vai fazer<\/em>, disse.<\/p>\n\n\n\n<p>Por fim, Rodinei foi contratado em 2016 e tem 207 jogos pelo Flamengo, tendo participado da gera\u00e7\u00e3o vitoriosa do Rubro-Negro, com t\u00edtulo da Libertadores e Brasileiro.<\/p>\n\n\n\n<p>Retirado de: Mercado do Futebol<\/p>\n","protected":false},"excerpt":{"rendered":"<p>De acordo com a ESPN, Rodinei ainda pode continuar no Flamengo para pr\u00f3xima temporada. Ap\u00f3s as boas atua\u00e7\u00f5es do lateral-direito, al\u00e9m do bom clima que o jogador possui dentro do vesti\u00e1rio, o clube est\u00e1 repensando a decis\u00e3o sobre estender o v\u00ednculo dele. O lateral tem contrato at\u00e9 dezembro e tem o desejo de permanecer no [&hellip;]<\/p>\n","protected":false},"author":1,"featured_media":84573,"comment_status":"open","ping_status":"closed","sticky":false,"template":"","format":"standard","meta":{"footnotes":""},"categories":[48],"tags":[],"class_list":["post-86321","post","type-post","status-publish","format-standard","has-post-thumbnail","hentry","category-negociacoes"],"yoast_head":"<!-- This site is optimized with the Yoast SEO Premium plugin v24.2 (Yoast SEO v26.9) - https:\/\/yoast.com\/product\/yoast-seo-premium-wordpress\/ -->\n<title>Atl\u00e9tico-MG? Gr\u00eamio? Emissora revela poss\u00edvel reviravolta envolvendo Rodinei no Flamengo<\/title>\n<meta name=\"robots\" content=\"index, follow, max-snippet:-1, max-image-preview:large, max-video-preview:-1\" \/>\n<link rel=\"canonical\" href=\"https:\/\/www.gaveanews.com\/index.php\/2022\/08\/24\/atletico-mg-gremio-emissora-revela-possivel-reviravolta-envolvendo-rodinei-no-flamengo\/\" \/>\n<meta property=\"og:locale\" content=\"pt_BR\" \/>\n<meta property=\"og:type\" content=\"article\" \/>\n<meta property=\"og:title\" content=\"Atl\u00e9tico-MG? Gr\u00eamio? Emissora revela poss\u00edvel reviravolta envolvendo Rodinei no Flamengo\" \/>\n<meta property=\"og:description\" content=\"De acordo com a ESPN, Rodinei ainda pode continuar no Flamengo para pr\u00f3xima temporada. Ap\u00f3s as boas atua\u00e7\u00f5es do lateral-direito, al\u00e9m do bom clima que o jogador possui dentro do vesti\u00e1rio, o clube est\u00e1 repensando a decis\u00e3o sobre estender o v\u00ednculo dele. O lateral tem contrato at\u00e9 dezembro e tem o desejo de permanecer no [&hellip;]\" \/>\n<meta property=\"og:url\" content=\"https:\/\/www.gaveanews.com\/index.php\/2022\/08\/24\/atletico-mg-gremio-emissora-revela-possivel-reviravolta-envolvendo-rodinei-no-flamengo\/\" \/>\n<meta property=\"og:site_name\" content=\"G\u00e1vea News\" \/>\n<meta property=\"article:publisher\" content=\"https:\/\/facebook.com\/gaveaNews\/\" \/>\n<meta property=\"article:published_time\" content=\"2022-08-24T03:10:02+00:00\" \/>\n<meta property=\"article:modified_time\" content=\"2022-08-24T03:10:06+00:00\" \/>\n<meta property=\"og:image\" content=\"https:\/\/www.gaveanews.com\/wp-content\/uploads\/Rodinei-em-jogo-do-Flamengo-contra-o-Corinthians-pelo-Brasileirao.webp\" \/>\n\t<meta property=\"og:image:width\" content=\"799\" \/>\n\t<meta property=\"og:image:height\" content=\"533\" \/>\n\t<meta property=\"og:image:type\" content=\"image\/jpeg\" \/>\n<meta name=\"author\" content=\"Equipe G\u00e1vea News\" \/>\n<meta name=\"twitter:card\" content=\"summary_large_image\" \/>\n<meta name=\"twitter:label1\" content=\"Escrito por\" \/>\n\t<meta name=\"twitter:data1\" content=\"Equipe G\u00e1vea News\" \/>\n\t<meta name=\"twitter:label2\" content=\"Est. tempo de leitura\" \/>\n\t<meta name=\"twitter:data2\" content=\"2 minutos\" \/>\n<script type=\"application\/ld+json\" class=\"yoast-schema-graph\">{\"@context\":\"https:\/\/schema.org\",\"@graph\":[{\"@type\":\"NewsArticle\",\"@id\":\"https:\/\/www.gaveanews.com\/index.php\/2022\/08\/24\/atletico-mg-gremio-emissora-revela-possivel-reviravolta-envolvendo-rodinei-no-flamengo\/#article\",\"isPartOf\":{\"@id\":\"https:\/\/www.gaveanews.com\/index.php\/2022\/08\/24\/atletico-mg-gremio-emissora-revela-possivel-reviravolta-envolvendo-rodinei-no-flamengo\/\"},\"author\":{\"name\":\"Equipe G\u00e1vea News\",\"@id\":\"https:\/\/www.gaveanews.com\/#\/schema\/person\/2ec14f73fb96be2caf28f91afb14749d\"},\"headline\":\"Atl\u00e9tico-MG? Gr\u00eamio? Emissora revela poss\u00edvel reviravolta envolvendo Rodinei no Flamengo\",\"datePublished\":\"2022-08-24T03:10:02+00:00\",\"dateModified\":\"2022-08-24T03:10:06+00:00\",\"mainEntityOfPage\":{\"@id\":\"https:\/\/www.gaveanews.com\/index.php\/2022\/08\/24\/atletico-mg-gremio-emissora-revela-possivel-reviravolta-envolvendo-rodinei-no-flamengo\/\"},\"wordCount\":291,\"commentCount\":0,\"image\":{\"@id\":\"https:\/\/www.gaveanews.com\/index.php\/2022\/08\/24\/atletico-mg-gremio-emissora-revela-possivel-reviravolta-envolvendo-rodinei-no-flamengo\/#primaryimage\"},\"thumbnailUrl\":\"https:\/\/www.gaveanews.com\/wp-content\/uploads\/Rodinei-em-jogo-do-Flamengo-contra-o-Corinthians-pelo-Brasileirao.webp\",\"articleSection\":[\"Negocia\u00e7\u00f5es\"],\"inLanguage\":\"pt-BR\",\"potentialAction\":[{\"@type\":\"CommentAction\",\"name\":\"Comment\",\"target\":[\"https:\/\/www.gaveanews.com\/index.php\/2022\/08\/24\/atletico-mg-gremio-emissora-revela-possivel-reviravolta-envolvendo-rodinei-no-flamengo\/#respond\"]}],\"copyrightYear\":\"2022\",\"copyrightHolder\":{\"@id\":\"https:\/\/www.gaveanews.com\/#organization\"}},{\"@type\":\"WebPage\",\"@id\":\"https:\/\/www.gaveanews.com\/index.php\/2022\/08\/24\/atletico-mg-gremio-emissora-revela-possivel-reviravolta-envolvendo-rodinei-no-flamengo\/\",\"url\":\"https:\/\/www.gaveanews.com\/index.php\/2022\/08\/24\/atletico-mg-gremio-emissora-revela-possivel-reviravolta-envolvendo-rodinei-no-flamengo\/\",\"name\":\"Atl\u00e9tico-MG? Gr\u00eamio? Emissora revela poss\u00edvel reviravolta envolvendo Rodinei no Flamengo\",\"isPartOf\":{\"@id\":\"https:\/\/www.gaveanews.com\/#website\"},\"primaryImageOfPage\":{\"@id\":\"https:\/\/www.gaveanews.com\/index.php\/2022\/08\/24\/atletico-mg-gremio-emissora-revela-possivel-reviravolta-envolvendo-rodinei-no-flamengo\/#primaryimage\"},\"image\":{\"@id\":\"https:\/\/www.gaveanews.com\/index.php\/2022\/08\/24\/atletico-mg-gremio-emissora-revela-possivel-reviravolta-envolvendo-rodinei-no-flamengo\/#primaryimage\"},\"thumbnailUrl\":\"https:\/\/www.gaveanews.com\/wp-content\/uploads\/Rodinei-em-jogo-do-Flamengo-contra-o-Corinthians-pelo-Brasileirao.webp\",\"datePublished\":\"2022-08-24T03:10:02+00:00\",\"dateModified\":\"2022-08-24T03:10:06+00:00\",\"author\":{\"@id\":\"https:\/\/www.gaveanews.com\/#\/schema\/person\/2ec14f73fb96be2caf28f91afb14749d\"},\"breadcrumb\":{\"@id\":\"https:\/\/www.gaveanews.com\/index.php\/2022\/08\/24\/atletico-mg-gremio-emissora-revela-possivel-reviravolta-envolvendo-rodinei-no-flamengo\/#breadcrumb\"},\"inLanguage\":\"pt-BR\",\"potentialAction\":[{\"@type\":\"ReadAction\",\"target\":[\"https:\/\/www.gaveanews.com\/index.php\/2022\/08\/24\/atletico-mg-gremio-emissora-revela-possivel-reviravolta-envolvendo-rodinei-no-flamengo\/\"]}]},{\"@type\":\"ImageObject\",\"inLanguage\":\"pt-BR\",\"@id\":\"https:\/\/www.gaveanews.com\/index.php\/2022\/08\/24\/atletico-mg-gremio-emissora-revela-possivel-reviravolta-envolvendo-rodinei-no-flamengo\/#primaryimage\",\"url\":\"https:\/\/www.gaveanews.com\/wp-content\/uploads\/Rodinei-em-jogo-do-Flamengo-contra-o-Corinthians-pelo-Brasileirao.webp\",\"contentUrl\":\"https:\/\/www.gaveanews.com\/wp-content\/uploads\/Rodinei-em-jogo-do-Flamengo-contra-o-Corinthians-pelo-Brasileirao.webp\",\"width\":799,\"height\":533,\"caption\":\"Rodinei em jogo do Flamengo contra o Corinthians pelo Brasileir\u00e3o (Foto: Marcelo Cortes\/Flamengo)\"},{\"@type\":\"BreadcrumbList\",\"@id\":\"https:\/\/www.gaveanews.com\/index.php\/2022\/08\/24\/atletico-mg-gremio-emissora-revela-possivel-reviravolta-envolvendo-rodinei-no-flamengo\/#breadcrumb\",\"itemListElement\":[{\"@type\":\"ListItem\",\"position\":1,\"name\":\"Home\",\"item\":\"https:\/\/www.gaveanews.com\/\"},{\"@type\":\"ListItem\",\"position\":2,\"name\":\"Atl\u00e9tico-MG? Gr\u00eamio? Emissora revela poss\u00edvel reviravolta envolvendo Rodinei no Flamengo\"}]},{\"@type\":\"WebSite\",\"@id\":\"https:\/\/www.gaveanews.com\/#website\",\"url\":\"https:\/\/www.gaveanews.com\/\",\"name\":\"G\u00e1vea News\",\"description\":\"Veja todas as not\u00edcias sobre o Flamengo: Contrata\u00e7\u00f5es, categorias de base, resultados das partidas, tabela de classifica\u00e7\u00e3o, pr\u00f3ximos jogos!\",\"potentialAction\":[{\"@type\":\"SearchAction\",\"target\":{\"@type\":\"EntryPoint\",\"urlTemplate\":\"https:\/\/www.gaveanews.com\/?s={search_term_string}\"},\"query-input\":{\"@type\":\"PropertyValueSpecification\",\"valueRequired\":true,\"valueName\":\"search_term_string\"}}],\"inLanguage\":\"pt-BR\"},{\"@type\":\"Person\",\"@id\":\"https:\/\/www.gaveanews.com\/#\/schema\/person\/2ec14f73fb96be2caf28f91afb14749d\",\"name\":\"Equipe G\u00e1vea News\",\"image\":{\"@type\":\"ImageObject\",\"inLanguage\":\"pt-BR\",\"@id\":\"https:\/\/www.gaveanews.com\/#\/schema\/person\/image\/\",\"url\":\"https:\/\/secure.gravatar.com\/avatar\/1e1956f1facbffd3f8fa53a326721950116b3b9dc9bd44939c01180fd4a745a9?s=96&d=mm&r=g\",\"contentUrl\":\"https:\/\/secure.gravatar.com\/avatar\/1e1956f1facbffd3f8fa53a326721950116b3b9dc9bd44939c01180fd4a745a9?s=96&d=mm&r=g\",\"caption\":\"Equipe G\u00e1vea News\"}}]}<\/script>\n<!-- \/ Yoast SEO Premium plugin. -->","yoast_head_json":{"title":"Atl\u00e9tico-MG? Gr\u00eamio? Emissora revela poss\u00edvel reviravolta envolvendo Rodinei no Flamengo","robots":{"index":"index","follow":"follow","max-snippet":"max-snippet:-1","max-image-preview":"max-image-preview:large","max-video-preview":"max-video-preview:-1"},"canonical":"https:\/\/www.gaveanews.com\/index.php\/2022\/08\/24\/atletico-mg-gremio-emissora-revela-possivel-reviravolta-envolvendo-rodinei-no-flamengo\/","og_locale":"pt_BR","og_type":"article","og_title":"Atl\u00e9tico-MG? Gr\u00eamio? Emissora revela poss\u00edvel reviravolta envolvendo Rodinei no Flamengo","og_description":"De acordo com a ESPN, Rodinei ainda pode continuar no Flamengo para pr\u00f3xima temporada. Ap\u00f3s as boas atua\u00e7\u00f5es do lateral-direito, al\u00e9m do bom clima que o jogador possui dentro do vesti\u00e1rio, o clube est\u00e1 repensando a decis\u00e3o sobre estender o v\u00ednculo dele. O lateral tem contrato at\u00e9 dezembro e tem o desejo de permanecer no [&hellip;]","og_url":"https:\/\/www.gaveanews.com\/index.php\/2022\/08\/24\/atletico-mg-gremio-emissora-revela-possivel-reviravolta-envolvendo-rodinei-no-flamengo\/","og_site_name":"G\u00e1vea News","article_publisher":"https:\/\/facebook.com\/gaveaNews\/","article_published_time":"2022-08-24T03:10:02+00:00","article_modified_time":"2022-08-24T03:10:06+00:00","og_image":[{"width":799,"height":533,"url":"https:\/\/www.gaveanews.com\/wp-content\/uploads\/Rodinei-em-jogo-do-Flamengo-contra-o-Corinthians-pelo-Brasileirao.webp","type":"image\/jpeg"}],"author":"Equipe G\u00e1vea News","twitter_card":"summary_large_image","twitter_misc":{"Escrito por":"Equipe G\u00e1vea News","Est. tempo de leitura":"2 minutos"},"schema":{"@context":"https:\/\/schema.org","@graph":[{"@type":"NewsArticle","@id":"https:\/\/www.gaveanews.com\/index.php\/2022\/08\/24\/atletico-mg-gremio-emissora-revela-possivel-reviravolta-envolvendo-rodinei-no-flamengo\/#article","isPartOf":{"@id":"https:\/\/www.gaveanews.com\/index.php\/2022\/08\/24\/atletico-mg-gremio-emissora-revela-possivel-reviravolta-envolvendo-rodinei-no-flamengo\/"},"author":{"name":"Equipe G\u00e1vea News","@id":"https:\/\/www.gaveanews.com\/#\/schema\/person\/2ec14f73fb96be2caf28f91afb14749d"},"headline":"Atl\u00e9tico-MG? Gr\u00eamio? Emissora revela poss\u00edvel reviravolta envolvendo Rodinei no Flamengo","datePublished":"2022-08-24T03:10:02+00:00","dateModified":"2022-08-24T03:10:06+00:00","mainEntityOfPage":{"@id":"https:\/\/www.gaveanews.com\/index.php\/2022\/08\/24\/atletico-mg-gremio-emissora-revela-possivel-reviravolta-envolvendo-rodinei-no-flamengo\/"},"wordCount":291,"commentCount":0,"image":{"@id":"https:\/\/www.gaveanews.com\/index.php\/2022\/08\/24\/atletico-mg-gremio-emissora-revela-possivel-reviravolta-envolvendo-rodinei-no-flamengo\/#primaryimage"},"thumbnailUrl":"https:\/\/www.gaveanews.com\/wp-content\/uploads\/Rodinei-em-jogo-do-Flamengo-contra-o-Corinthians-pelo-Brasileirao.webp","articleSection":["Negocia\u00e7\u00f5es"],"inLanguage":"pt-BR","potentialAction":[{"@type":"CommentAction","name":"Comment","target":["https:\/\/www.gaveanews.com\/index.php\/2022\/08\/24\/atletico-mg-gremio-emissora-revela-possivel-reviravolta-envolvendo-rodinei-no-flamengo\/#respond"]}],"copyrightYear":"2022","copyrightHolder":{"@id":"https:\/\/www.gaveanews.com\/#organization"}},{"@type":"WebPage","@id":"https:\/\/www.gaveanews.com\/index.php\/2022\/08\/24\/atletico-mg-gremio-emissora-revela-possivel-reviravolta-envolvendo-rodinei-no-flamengo\/","url":"https:\/\/www.gaveanews.com\/index.php\/2022\/08\/24\/atletico-mg-gremio-emissora-revela-possivel-reviravolta-envolvendo-rodinei-no-flamengo\/","name":"Atl\u00e9tico-MG? Gr\u00eamio? Emissora revela poss\u00edvel reviravolta envolvendo Rodinei no Flamengo","isPartOf":{"@id":"https:\/\/www.gaveanews.com\/#website"},"primaryImageOfPage":{"@id":"https:\/\/www.gaveanews.com\/index.php\/2022\/08\/24\/atletico-mg-gremio-emissora-revela-possivel-reviravolta-envolvendo-rodinei-no-flamengo\/#primaryimage"},"image":{"@id":"https:\/\/www.gaveanews.com\/index.php\/2022\/08\/24\/atletico-mg-gremio-emissora-revela-possivel-reviravolta-envolvendo-rodinei-no-flamengo\/#primaryimage"},"thumbnailUrl":"https:\/\/www.gaveanews.com\/wp-content\/uploads\/Rodinei-em-jogo-do-Flamengo-contra-o-Corinthians-pelo-Brasileirao.webp","datePublished":"2022-08-24T03:10:02+00:00","dateModified":"2022-08-24T03:10:06+00:00","author":{"@id":"https:\/\/www.gaveanews.com\/#\/schema\/person\/2ec14f73fb96be2caf28f91afb14749d"},"breadcrumb":{"@id":"https:\/\/www.gaveanews.com\/index.php\/2022\/08\/24\/atletico-mg-gremio-emissora-revela-possivel-reviravolta-envolvendo-rodinei-no-flamengo\/#breadcrumb"},"inLanguage":"pt-BR","potentialAction":[{"@type":"ReadAction","target":["https:\/\/www.gaveanews.com\/index.php\/2022\/08\/24\/atletico-mg-gremio-emissora-revela-possivel-reviravolta-envolvendo-rodinei-no-flamengo\/"]}]},{"@type":"ImageObject","inLanguage":"pt-BR","@id":"https:\/\/www.gaveanews.com\/index.php\/2022\/08\/24\/atletico-mg-gremio-emissora-revela-possivel-reviravolta-envolvendo-rodinei-no-flamengo\/#primaryimage","url":"https:\/\/www.gaveanews.com\/wp-content\/uploads\/Rodinei-em-jogo-do-Flamengo-contra-o-Corinthians-pelo-Brasileirao.webp","contentUrl":"https:\/\/www.gaveanews.com\/wp-content\/uploads\/Rodinei-em-jogo-do-Flamengo-contra-o-Corinthians-pelo-Brasileirao.webp","width":799,"height":533,"caption":"Rodinei em jogo do Flamengo contra o Corinthians pelo Brasileir\u00e3o (Foto: Marcelo Cortes\/Flamengo)"},{"@type":"BreadcrumbList","@id":"https:\/\/www.gaveanews.com\/index.php\/2022\/08\/24\/atletico-mg-gremio-emissora-revela-possivel-reviravolta-envolvendo-rodinei-no-flamengo\/#breadcrumb","itemListElement":[{"@type":"ListItem","position":1,"name":"Home","item":"https:\/\/www.gaveanews.com\/"},{"@type":"ListItem","position":2,"name":"Atl\u00e9tico-MG? Gr\u00eamio? Emissora revela poss\u00edvel reviravolta envolvendo Rodinei no Flamengo"}]},{"@type":"WebSite","@id":"https:\/\/www.gaveanews.com\/#website","url":"https:\/\/www.gaveanews.com\/","name":"G\u00e1vea News","description":"Veja todas as not\u00edcias sobre o Flamengo: Contrata\u00e7\u00f5es, categorias de base, resultados das partidas, tabela de classifica\u00e7\u00e3o, pr\u00f3ximos jogos!","potentialAction":[{"@type":"SearchAction","target":{"@type":"EntryPoint","urlTemplate":"https:\/\/www.gaveanews.com\/?s={search_term_string}"},"query-input":{"@type":"PropertyValueSpecification","valueRequired":true,"valueName":"search_term_string"}}],"inLanguage":"pt-BR"},{"@type":"Person","@id":"https:\/\/www.gaveanews.com\/#\/schema\/person\/2ec14f73fb96be2caf28f91afb14749d","name":"Equipe G\u00e1vea News","image":{"@type":"ImageObject","inLanguage":"pt-BR","@id":"https:\/\/www.gaveanews.com\/#\/schema\/person\/image\/","url":"https:\/\/secure.gravatar.com\/avatar\/1e1956f1facbffd3f8fa53a326721950116b3b9dc9bd44939c01180fd4a745a9?s=96&d=mm&r=g","contentUrl":"https:\/\/secure.gravatar.com\/avatar\/1e1956f1facbffd3f8fa53a326721950116b3b9dc9bd44939c01180fd4a745a9?s=96&d=mm&r=g","caption":"Equipe G\u00e1vea News"}}]}},"_links":{"self":[{"href":"https:\/\/www.gaveanews.com\/index.php\/wp-json\/wp\/v2\/posts\/86321","targetHints":{"allow":["GET"]}}],"collection":[{"href":"https:\/\/www.gaveanews.com\/index.php\/wp-json\/wp\/v2\/posts"}],"about":[{"href":"https:\/\/www.gaveanews.com\/index.php\/wp-json\/wp\/v2\/types\/post"}],"author":[{"embeddable":true,"href":"https:\/\/www.gaveanews.com\/index.php\/wp-json\/wp\/v2\/users\/1"}],"replies":[{"embeddable":true,"href":"https:\/\/www.gaveanews.com\/index.php\/wp-json\/wp\/v2\/comments?post=86321"}],"version-history":[{"count":0,"href":"https:\/\/www.gaveanews.com\/index.php\/wp-json\/wp\/v2\/posts\/86321\/revisions"}],"wp:featuredmedia":[{"embeddable":true,"href":"https:\/\/www.gaveanews.com\/index.php\/wp-json\/wp\/v2\/media\/84573"}],"wp:attachment":[{"href":"https:\/\/www.gaveanews.com\/index.php\/wp-json\/wp\/v2\/media?parent=86321"}],"wp:term":[{"taxonomy":"category","embeddable":true,"href":"https:\/\/www.gaveanews.com\/index.php\/wp-json\/wp\/v2\/categories?post=86321"},{"taxonomy":"post_tag","embeddable":true,"href":"https:\/\/www.gaveanews.com\/index.php\/wp-json\/wp\/v2\/tags?post=86321"}],"curies":[{"name":"wp","href":"https:\/\/api.w.org\/{rel}","templated":true}]}}