{"id":86326,"date":"2022-08-24T01:27:20","date_gmt":"2022-08-24T04:27:20","guid":{"rendered":"https:\/\/www.gaveanews.com\/?p=86326"},"modified":"2022-08-24T01:27:24","modified_gmt":"2022-08-24T04:27:24","slug":"empresario-do-meia-arrascaeta-tranquiliza-a-torcida-do-flamengo","status":"publish","type":"post","link":"https:\/\/www.gaveanews.com\/index.php\/2022\/08\/24\/empresario-do-meia-arrascaeta-tranquiliza-a-torcida-do-flamengo\/","title":{"rendered":"Empres\u00e1rio do meia Arrascaeta tranquiliza a torcida do Flamengo"},"content":{"rendered":"\n<p>Analisando o futuro de Arrascaeta, Daniel Fonseca, representante do uruguaio, n\u00e3o cravou a perman\u00eancia do jogador no Flamengo ap\u00f3s a Copa do Mundo. Por conta disso, os torcedores come\u00e7aram a temer que o camisa 14, em 2023, fosse negociado com o futebol europeu, possibilidade que, no momento, est\u00e1 distante de ocorrer. Em entrevista ao canal Paparazzo Rubro-Negro, o empres\u00e1rio se posicionou sobre suas declara\u00e7\u00f5es \u00e0 r\u00e1dio 890 Sport.<\/p>\n\n\n\n<p>Ap\u00f3s a repercuss\u00e3o envolvendo seu discurso, Daniel Fonseca afirmou que suas palavras foram tiradas do contexto. Brincando sobre a poss\u00edvel influ\u00eancia de um torcedor do Palmeiras no fato, o agente deixou claro que n\u00e3o ir\u00e1 for\u00e7ar a sa\u00edda do meia.<\/p>\n\n\n\n<p><em>\u2014 Arrascaeta tem a camisa do Flamengo como uma alian\u00e7a com o clube. Como se fosse casado. Est\u00e1 com um casamento feliz, vivendo na cidade que ama, a 3 horas de Montevideo e que n\u00e3o tem interesse em sair. A entrevista foi tirada do contexto. Quem espalhou deve ser ser palmeirense (\u2026) O que eu disse \u00e9 que ele est\u00e1 feliz no Flamengo e que n\u00e3o tenho como adivinhar o futuro<\/em>, iniciou.<\/p>\n\n\n\n<p>Neste cen\u00e1rio, Daniel Fonseca cravou que a \u00fanica possibilidade de Arrascaeta deixar o Flamengo est\u00e1 ligada ao pagamento da multa rescis\u00f3ria. Feliz no Rubro-Negro, o atleta vem sendo aconselhado a ficar no Brasil pelo seu empres\u00e1rio. Segundo o jornal O Globo, o montante previsto no contrato para libera\u00e7\u00e3o do craque \u00e9 de 40 milh\u00f5es de euros (R$ 204 milh\u00f5es).<\/p>\n\n\n\n<p><em>\u2014 O torcedor do Flamengo tem que agradecer o Danielito, que trouxe ele do Cruzeiro pra c\u00e1 em 2018 e que agora estava lutando pelo melhor para seu atleta, mas renovou por cinco anos mais. Giorgian s\u00f3 sai do Rio se eles quiserem ou algu\u00e9m queira pagar a multa. Mas digo que queremos que ele fique. Toda hora querem criar pol\u00eamica comigo, mas poucos agradecem por ter trazido para c\u00e1 o melhor jogador da Am\u00e9rica<\/em>, finalizou.<\/p>\n\n\n\n<p>Retirado de: Torcedores<\/p>\n","protected":false},"excerpt":{"rendered":"<p>Analisando o futuro de Arrascaeta, Daniel Fonseca, representante do uruguaio, n\u00e3o cravou a perman\u00eancia do jogador no Flamengo ap\u00f3s a Copa do Mundo. Por conta disso, os torcedores come\u00e7aram a temer que o camisa 14, em 2023, fosse negociado com o futebol europeu, possibilidade que, no momento, est\u00e1 distante de ocorrer. Em entrevista ao canal [&hellip;]<\/p>\n","protected":false},"author":1,"featured_media":76722,"comment_status":"open","ping_status":"closed","sticky":false,"template":"","format":"standard","meta":{"footnotes":""},"categories":[48],"tags":[],"class_list":["post-86326","post","type-post","status-publish","format-standard","has-post-thumbnail","hentry","category-negociacoes"],"yoast_head":"<!-- This site is optimized with the Yoast SEO Premium plugin v24.2 (Yoast SEO v26.9) - https:\/\/yoast.com\/product\/yoast-seo-premium-wordpress\/ -->\n<title>Empres\u00e1rio do meia Arrascaeta tranquiliza a torcida do Flamengo<\/title>\n<meta name=\"robots\" content=\"index, follow, max-snippet:-1, max-image-preview:large, max-video-preview:-1\" \/>\n<link rel=\"canonical\" href=\"https:\/\/www.gaveanews.com\/index.php\/2022\/08\/24\/empresario-do-meia-arrascaeta-tranquiliza-a-torcida-do-flamengo\/\" \/>\n<meta property=\"og:locale\" content=\"pt_BR\" \/>\n<meta property=\"og:type\" content=\"article\" \/>\n<meta property=\"og:title\" content=\"Empres\u00e1rio do meia Arrascaeta tranquiliza a torcida do Flamengo\" \/>\n<meta property=\"og:description\" content=\"Analisando o futuro de Arrascaeta, Daniel Fonseca, representante do uruguaio, n\u00e3o cravou a perman\u00eancia do jogador no Flamengo ap\u00f3s a Copa do Mundo. Por conta disso, os torcedores come\u00e7aram a temer que o camisa 14, em 2023, fosse negociado com o futebol europeu, possibilidade que, no momento, est\u00e1 distante de ocorrer. Em entrevista ao canal [&hellip;]\" \/>\n<meta property=\"og:url\" content=\"https:\/\/www.gaveanews.com\/index.php\/2022\/08\/24\/empresario-do-meia-arrascaeta-tranquiliza-a-torcida-do-flamengo\/\" \/>\n<meta property=\"og:site_name\" content=\"G\u00e1vea News\" \/>\n<meta property=\"article:publisher\" content=\"https:\/\/facebook.com\/gaveaNews\/\" \/>\n<meta property=\"article:published_time\" content=\"2022-08-24T04:27:20+00:00\" \/>\n<meta property=\"article:modified_time\" content=\"2022-08-24T04:27:24+00:00\" \/>\n<meta property=\"og:image\" content=\"https:\/\/www.gaveanews.com\/wp-content\/uploads\/Arrascaeta-em-acao-pelo-Flamengo-contra-o-Nova-Iguacu-pelo-Campeonato-Carioca-2022.webp\" \/>\n\t<meta property=\"og:image:width\" content=\"800\" \/>\n\t<meta property=\"og:image:height\" content=\"533\" \/>\n\t<meta property=\"og:image:type\" content=\"image\/jpeg\" \/>\n<meta name=\"author\" content=\"Equipe G\u00e1vea News\" \/>\n<meta name=\"twitter:card\" content=\"summary_large_image\" \/>\n<meta name=\"twitter:label1\" content=\"Escrito por\" \/>\n\t<meta name=\"twitter:data1\" content=\"Equipe G\u00e1vea News\" \/>\n\t<meta name=\"twitter:label2\" content=\"Est. tempo de leitura\" \/>\n\t<meta name=\"twitter:data2\" content=\"2 minutos\" \/>\n<script type=\"application\/ld+json\" class=\"yoast-schema-graph\">{\"@context\":\"https:\/\/schema.org\",\"@graph\":[{\"@type\":\"NewsArticle\",\"@id\":\"https:\/\/www.gaveanews.com\/index.php\/2022\/08\/24\/empresario-do-meia-arrascaeta-tranquiliza-a-torcida-do-flamengo\/#article\",\"isPartOf\":{\"@id\":\"https:\/\/www.gaveanews.com\/index.php\/2022\/08\/24\/empresario-do-meia-arrascaeta-tranquiliza-a-torcida-do-flamengo\/\"},\"author\":{\"name\":\"Equipe G\u00e1vea News\",\"@id\":\"https:\/\/www.gaveanews.com\/#\/schema\/person\/2ec14f73fb96be2caf28f91afb14749d\"},\"headline\":\"Empres\u00e1rio do meia Arrascaeta tranquiliza a torcida do Flamengo\",\"datePublished\":\"2022-08-24T04:27:20+00:00\",\"dateModified\":\"2022-08-24T04:27:24+00:00\",\"mainEntityOfPage\":{\"@id\":\"https:\/\/www.gaveanews.com\/index.php\/2022\/08\/24\/empresario-do-meia-arrascaeta-tranquiliza-a-torcida-do-flamengo\/\"},\"wordCount\":341,\"commentCount\":0,\"image\":{\"@id\":\"https:\/\/www.gaveanews.com\/index.php\/2022\/08\/24\/empresario-do-meia-arrascaeta-tranquiliza-a-torcida-do-flamengo\/#primaryimage\"},\"thumbnailUrl\":\"https:\/\/www.gaveanews.com\/wp-content\/uploads\/Arrascaeta-em-acao-pelo-Flamengo-contra-o-Nova-Iguacu-pelo-Campeonato-Carioca-2022.webp\",\"articleSection\":[\"Negocia\u00e7\u00f5es\"],\"inLanguage\":\"pt-BR\",\"potentialAction\":[{\"@type\":\"CommentAction\",\"name\":\"Comment\",\"target\":[\"https:\/\/www.gaveanews.com\/index.php\/2022\/08\/24\/empresario-do-meia-arrascaeta-tranquiliza-a-torcida-do-flamengo\/#respond\"]}],\"copyrightYear\":\"2022\",\"copyrightHolder\":{\"@id\":\"https:\/\/www.gaveanews.com\/#organization\"}},{\"@type\":\"WebPage\",\"@id\":\"https:\/\/www.gaveanews.com\/index.php\/2022\/08\/24\/empresario-do-meia-arrascaeta-tranquiliza-a-torcida-do-flamengo\/\",\"url\":\"https:\/\/www.gaveanews.com\/index.php\/2022\/08\/24\/empresario-do-meia-arrascaeta-tranquiliza-a-torcida-do-flamengo\/\",\"name\":\"Empres\u00e1rio do meia Arrascaeta tranquiliza a torcida do Flamengo\",\"isPartOf\":{\"@id\":\"https:\/\/www.gaveanews.com\/#website\"},\"primaryImageOfPage\":{\"@id\":\"https:\/\/www.gaveanews.com\/index.php\/2022\/08\/24\/empresario-do-meia-arrascaeta-tranquiliza-a-torcida-do-flamengo\/#primaryimage\"},\"image\":{\"@id\":\"https:\/\/www.gaveanews.com\/index.php\/2022\/08\/24\/empresario-do-meia-arrascaeta-tranquiliza-a-torcida-do-flamengo\/#primaryimage\"},\"thumbnailUrl\":\"https:\/\/www.gaveanews.com\/wp-content\/uploads\/Arrascaeta-em-acao-pelo-Flamengo-contra-o-Nova-Iguacu-pelo-Campeonato-Carioca-2022.webp\",\"datePublished\":\"2022-08-24T04:27:20+00:00\",\"dateModified\":\"2022-08-24T04:27:24+00:00\",\"author\":{\"@id\":\"https:\/\/www.gaveanews.com\/#\/schema\/person\/2ec14f73fb96be2caf28f91afb14749d\"},\"breadcrumb\":{\"@id\":\"https:\/\/www.gaveanews.com\/index.php\/2022\/08\/24\/empresario-do-meia-arrascaeta-tranquiliza-a-torcida-do-flamengo\/#breadcrumb\"},\"inLanguage\":\"pt-BR\",\"potentialAction\":[{\"@type\":\"ReadAction\",\"target\":[\"https:\/\/www.gaveanews.com\/index.php\/2022\/08\/24\/empresario-do-meia-arrascaeta-tranquiliza-a-torcida-do-flamengo\/\"]}]},{\"@type\":\"ImageObject\",\"inLanguage\":\"pt-BR\",\"@id\":\"https:\/\/www.gaveanews.com\/index.php\/2022\/08\/24\/empresario-do-meia-arrascaeta-tranquiliza-a-torcida-do-flamengo\/#primaryimage\",\"url\":\"https:\/\/www.gaveanews.com\/wp-content\/uploads\/Arrascaeta-em-acao-pelo-Flamengo-contra-o-Nova-Iguacu-pelo-Campeonato-Carioca-2022.webp\",\"contentUrl\":\"https:\/\/www.gaveanews.com\/wp-content\/uploads\/Arrascaeta-em-acao-pelo-Flamengo-contra-o-Nova-Iguacu-pelo-Campeonato-Carioca-2022.webp\",\"width\":800,\"height\":533,\"caption\":\"Arrascaeta em a\u00e7\u00e3o pelo Flamengo contra o Nova Igua\u00e7u pelo Campeonato Carioca 2022 (Foto: Marcelo Cortes\/Flamengo)\"},{\"@type\":\"BreadcrumbList\",\"@id\":\"https:\/\/www.gaveanews.com\/index.php\/2022\/08\/24\/empresario-do-meia-arrascaeta-tranquiliza-a-torcida-do-flamengo\/#breadcrumb\",\"itemListElement\":[{\"@type\":\"ListItem\",\"position\":1,\"name\":\"Home\",\"item\":\"https:\/\/www.gaveanews.com\/\"},{\"@type\":\"ListItem\",\"position\":2,\"name\":\"Empres\u00e1rio do meia Arrascaeta tranquiliza a torcida do Flamengo\"}]},{\"@type\":\"WebSite\",\"@id\":\"https:\/\/www.gaveanews.com\/#website\",\"url\":\"https:\/\/www.gaveanews.com\/\",\"name\":\"G\u00e1vea News\",\"description\":\"Veja todas as not\u00edcias sobre o Flamengo: Contrata\u00e7\u00f5es, categorias de base, resultados das partidas, tabela de classifica\u00e7\u00e3o, pr\u00f3ximos jogos!\",\"potentialAction\":[{\"@type\":\"SearchAction\",\"target\":{\"@type\":\"EntryPoint\",\"urlTemplate\":\"https:\/\/www.gaveanews.com\/?s={search_term_string}\"},\"query-input\":{\"@type\":\"PropertyValueSpecification\",\"valueRequired\":true,\"valueName\":\"search_term_string\"}}],\"inLanguage\":\"pt-BR\"},{\"@type\":\"Person\",\"@id\":\"https:\/\/www.gaveanews.com\/#\/schema\/person\/2ec14f73fb96be2caf28f91afb14749d\",\"name\":\"Equipe G\u00e1vea News\",\"image\":{\"@type\":\"ImageObject\",\"inLanguage\":\"pt-BR\",\"@id\":\"https:\/\/www.gaveanews.com\/#\/schema\/person\/image\/\",\"url\":\"https:\/\/secure.gravatar.com\/avatar\/1e1956f1facbffd3f8fa53a326721950116b3b9dc9bd44939c01180fd4a745a9?s=96&d=mm&r=g\",\"contentUrl\":\"https:\/\/secure.gravatar.com\/avatar\/1e1956f1facbffd3f8fa53a326721950116b3b9dc9bd44939c01180fd4a745a9?s=96&d=mm&r=g\",\"caption\":\"Equipe G\u00e1vea News\"}}]}<\/script>\n<!-- \/ Yoast SEO Premium plugin. -->","yoast_head_json":{"title":"Empres\u00e1rio do meia Arrascaeta tranquiliza a torcida do Flamengo","robots":{"index":"index","follow":"follow","max-snippet":"max-snippet:-1","max-image-preview":"max-image-preview:large","max-video-preview":"max-video-preview:-1"},"canonical":"https:\/\/www.gaveanews.com\/index.php\/2022\/08\/24\/empresario-do-meia-arrascaeta-tranquiliza-a-torcida-do-flamengo\/","og_locale":"pt_BR","og_type":"article","og_title":"Empres\u00e1rio do meia Arrascaeta tranquiliza a torcida do Flamengo","og_description":"Analisando o futuro de Arrascaeta, Daniel Fonseca, representante do uruguaio, n\u00e3o cravou a perman\u00eancia do jogador no Flamengo ap\u00f3s a Copa do Mundo. Por conta disso, os torcedores come\u00e7aram a temer que o camisa 14, em 2023, fosse negociado com o futebol europeu, possibilidade que, no momento, est\u00e1 distante de ocorrer. Em entrevista ao canal [&hellip;]","og_url":"https:\/\/www.gaveanews.com\/index.php\/2022\/08\/24\/empresario-do-meia-arrascaeta-tranquiliza-a-torcida-do-flamengo\/","og_site_name":"G\u00e1vea News","article_publisher":"https:\/\/facebook.com\/gaveaNews\/","article_published_time":"2022-08-24T04:27:20+00:00","article_modified_time":"2022-08-24T04:27:24+00:00","og_image":[{"width":800,"height":533,"url":"https:\/\/www.gaveanews.com\/wp-content\/uploads\/Arrascaeta-em-acao-pelo-Flamengo-contra-o-Nova-Iguacu-pelo-Campeonato-Carioca-2022.webp","type":"image\/jpeg"}],"author":"Equipe G\u00e1vea News","twitter_card":"summary_large_image","twitter_misc":{"Escrito por":"Equipe G\u00e1vea News","Est. tempo de leitura":"2 minutos"},"schema":{"@context":"https:\/\/schema.org","@graph":[{"@type":"NewsArticle","@id":"https:\/\/www.gaveanews.com\/index.php\/2022\/08\/24\/empresario-do-meia-arrascaeta-tranquiliza-a-torcida-do-flamengo\/#article","isPartOf":{"@id":"https:\/\/www.gaveanews.com\/index.php\/2022\/08\/24\/empresario-do-meia-arrascaeta-tranquiliza-a-torcida-do-flamengo\/"},"author":{"name":"Equipe G\u00e1vea News","@id":"https:\/\/www.gaveanews.com\/#\/schema\/person\/2ec14f73fb96be2caf28f91afb14749d"},"headline":"Empres\u00e1rio do meia Arrascaeta tranquiliza a torcida do Flamengo","datePublished":"2022-08-24T04:27:20+00:00","dateModified":"2022-08-24T04:27:24+00:00","mainEntityOfPage":{"@id":"https:\/\/www.gaveanews.com\/index.php\/2022\/08\/24\/empresario-do-meia-arrascaeta-tranquiliza-a-torcida-do-flamengo\/"},"wordCount":341,"commentCount":0,"image":{"@id":"https:\/\/www.gaveanews.com\/index.php\/2022\/08\/24\/empresario-do-meia-arrascaeta-tranquiliza-a-torcida-do-flamengo\/#primaryimage"},"thumbnailUrl":"https:\/\/www.gaveanews.com\/wp-content\/uploads\/Arrascaeta-em-acao-pelo-Flamengo-contra-o-Nova-Iguacu-pelo-Campeonato-Carioca-2022.webp","articleSection":["Negocia\u00e7\u00f5es"],"inLanguage":"pt-BR","potentialAction":[{"@type":"CommentAction","name":"Comment","target":["https:\/\/www.gaveanews.com\/index.php\/2022\/08\/24\/empresario-do-meia-arrascaeta-tranquiliza-a-torcida-do-flamengo\/#respond"]}],"copyrightYear":"2022","copyrightHolder":{"@id":"https:\/\/www.gaveanews.com\/#organization"}},{"@type":"WebPage","@id":"https:\/\/www.gaveanews.com\/index.php\/2022\/08\/24\/empresario-do-meia-arrascaeta-tranquiliza-a-torcida-do-flamengo\/","url":"https:\/\/www.gaveanews.com\/index.php\/2022\/08\/24\/empresario-do-meia-arrascaeta-tranquiliza-a-torcida-do-flamengo\/","name":"Empres\u00e1rio do meia Arrascaeta tranquiliza a torcida do Flamengo","isPartOf":{"@id":"https:\/\/www.gaveanews.com\/#website"},"primaryImageOfPage":{"@id":"https:\/\/www.gaveanews.com\/index.php\/2022\/08\/24\/empresario-do-meia-arrascaeta-tranquiliza-a-torcida-do-flamengo\/#primaryimage"},"image":{"@id":"https:\/\/www.gaveanews.com\/index.php\/2022\/08\/24\/empresario-do-meia-arrascaeta-tranquiliza-a-torcida-do-flamengo\/#primaryimage"},"thumbnailUrl":"https:\/\/www.gaveanews.com\/wp-content\/uploads\/Arrascaeta-em-acao-pelo-Flamengo-contra-o-Nova-Iguacu-pelo-Campeonato-Carioca-2022.webp","datePublished":"2022-08-24T04:27:20+00:00","dateModified":"2022-08-24T04:27:24+00:00","author":{"@id":"https:\/\/www.gaveanews.com\/#\/schema\/person\/2ec14f73fb96be2caf28f91afb14749d"},"breadcrumb":{"@id":"https:\/\/www.gaveanews.com\/index.php\/2022\/08\/24\/empresario-do-meia-arrascaeta-tranquiliza-a-torcida-do-flamengo\/#breadcrumb"},"inLanguage":"pt-BR","potentialAction":[{"@type":"ReadAction","target":["https:\/\/www.gaveanews.com\/index.php\/2022\/08\/24\/empresario-do-meia-arrascaeta-tranquiliza-a-torcida-do-flamengo\/"]}]},{"@type":"ImageObject","inLanguage":"pt-BR","@id":"https:\/\/www.gaveanews.com\/index.php\/2022\/08\/24\/empresario-do-meia-arrascaeta-tranquiliza-a-torcida-do-flamengo\/#primaryimage","url":"https:\/\/www.gaveanews.com\/wp-content\/uploads\/Arrascaeta-em-acao-pelo-Flamengo-contra-o-Nova-Iguacu-pelo-Campeonato-Carioca-2022.webp","contentUrl":"https:\/\/www.gaveanews.com\/wp-content\/uploads\/Arrascaeta-em-acao-pelo-Flamengo-contra-o-Nova-Iguacu-pelo-Campeonato-Carioca-2022.webp","width":800,"height":533,"caption":"Arrascaeta em a\u00e7\u00e3o pelo Flamengo contra o Nova Igua\u00e7u pelo Campeonato Carioca 2022 (Foto: Marcelo Cortes\/Flamengo)"},{"@type":"BreadcrumbList","@id":"https:\/\/www.gaveanews.com\/index.php\/2022\/08\/24\/empresario-do-meia-arrascaeta-tranquiliza-a-torcida-do-flamengo\/#breadcrumb","itemListElement":[{"@type":"ListItem","position":1,"name":"Home","item":"https:\/\/www.gaveanews.com\/"},{"@type":"ListItem","position":2,"name":"Empres\u00e1rio do meia Arrascaeta tranquiliza a torcida do Flamengo"}]},{"@type":"WebSite","@id":"https:\/\/www.gaveanews.com\/#website","url":"https:\/\/www.gaveanews.com\/","name":"G\u00e1vea News","description":"Veja todas as not\u00edcias sobre o Flamengo: Contrata\u00e7\u00f5es, categorias de base, resultados das partidas, tabela de classifica\u00e7\u00e3o, pr\u00f3ximos jogos!","potentialAction":[{"@type":"SearchAction","target":{"@type":"EntryPoint","urlTemplate":"https:\/\/www.gaveanews.com\/?s={search_term_string}"},"query-input":{"@type":"PropertyValueSpecification","valueRequired":true,"valueName":"search_term_string"}}],"inLanguage":"pt-BR"},{"@type":"Person","@id":"https:\/\/www.gaveanews.com\/#\/schema\/person\/2ec14f73fb96be2caf28f91afb14749d","name":"Equipe G\u00e1vea News","image":{"@type":"ImageObject","inLanguage":"pt-BR","@id":"https:\/\/www.gaveanews.com\/#\/schema\/person\/image\/","url":"https:\/\/secure.gravatar.com\/avatar\/1e1956f1facbffd3f8fa53a326721950116b3b9dc9bd44939c01180fd4a745a9?s=96&d=mm&r=g","contentUrl":"https:\/\/secure.gravatar.com\/avatar\/1e1956f1facbffd3f8fa53a326721950116b3b9dc9bd44939c01180fd4a745a9?s=96&d=mm&r=g","caption":"Equipe G\u00e1vea News"}}]}},"_links":{"self":[{"href":"https:\/\/www.gaveanews.com\/index.php\/wp-json\/wp\/v2\/posts\/86326","targetHints":{"allow":["GET"]}}],"collection":[{"href":"https:\/\/www.gaveanews.com\/index.php\/wp-json\/wp\/v2\/posts"}],"about":[{"href":"https:\/\/www.gaveanews.com\/index.php\/wp-json\/wp\/v2\/types\/post"}],"author":[{"embeddable":true,"href":"https:\/\/www.gaveanews.com\/index.php\/wp-json\/wp\/v2\/users\/1"}],"replies":[{"embeddable":true,"href":"https:\/\/www.gaveanews.com\/index.php\/wp-json\/wp\/v2\/comments?post=86326"}],"version-history":[{"count":0,"href":"https:\/\/www.gaveanews.com\/index.php\/wp-json\/wp\/v2\/posts\/86326\/revisions"}],"wp:featuredmedia":[{"embeddable":true,"href":"https:\/\/www.gaveanews.com\/index.php\/wp-json\/wp\/v2\/media\/76722"}],"wp:attachment":[{"href":"https:\/\/www.gaveanews.com\/index.php\/wp-json\/wp\/v2\/media?parent=86326"}],"wp:term":[{"taxonomy":"category","embeddable":true,"href":"https:\/\/www.gaveanews.com\/index.php\/wp-json\/wp\/v2\/categories?post=86326"},{"taxonomy":"post_tag","embeddable":true,"href":"https:\/\/www.gaveanews.com\/index.php\/wp-json\/wp\/v2\/tags?post=86326"}],"curies":[{"name":"wp","href":"https:\/\/api.w.org\/{rel}","templated":true}]}}