{"id":86423,"date":"2022-08-25T14:30:13","date_gmt":"2022-08-25T17:30:13","guid":{"rendered":"https:\/\/www.gaveanews.com\/?p=86423"},"modified":"2024-04-06T23:22:02","modified_gmt":"2024-04-07T02:22:02","slug":"entenda-o-motivo-de-david-luiz-ter-entrado-em-campo-pelo-flamengo-apos-sintomas-de-hepatite","status":"publish","type":"post","link":"https:\/\/www.gaveanews.com\/index.php\/2022\/08\/25\/entenda-o-motivo-de-david-luiz-ter-entrado-em-campo-pelo-flamengo-apos-sintomas-de-hepatite\/","title":{"rendered":"Entenda o motivo de David Luiz ter entrado em campo pelo Flamengo ap\u00f3s sintomas de hepatite"},"content":{"rendered":"\n<p>Apesar da vit\u00f3ria importante sobre o S\u00e3o Paulo na \u00faltima quarta-feira (24), o Flamengo ganhou uma nova preocupa\u00e7\u00e3o. David Luiz voltou a sentir desconforto e precisou ser substitu\u00eddo no intervalo da partida contra o time paulista.<\/p>\n\n\n\n<p>O quadro m\u00e9dico do jogador sugere hepatite viral, mas o clube ainda realizar\u00e1 exames no atleta para confirmar o diagn\u00f3stico. A informa\u00e7\u00e3o \u00e9 de que David come\u00e7ou a sentir os sintomas dias antes da partida. Mas a\u00ed fica a pergunta: por que o Flamengo colocou o jogador em campo ap\u00f3s sentir sintomas da doen\u00e7a? <\/p>\n\n\n\n<p>Inicialmente, David Luiz reclamou do cansa\u00e7o e de dificuldade para dormir. Outros sintomas ainda foram observados pelo departamento m\u00e9dico. Contudo, o zagueiro estava bem fisicamente na quarta-feira, fez o aquecimento com os companheiros e n\u00e3o se queixou de desconforto.<\/p>\n\n\n\n<p>Por se sentir melhor, o jogador se colocou \u00e0 disposi\u00e7\u00e3o e foi escalado para a partida. Por\u00e9m, o cansa\u00e7o voltou ainda no primeiro tempo e o departamento m\u00e9dico optou por substituir o defensor, que apresentou colora\u00e7\u00e3o amarelada &#8211; mais um sintoma de hepatite &#8211; no intervalo do jogo.<\/p>\n\n\n\n<p>Caso os exames constatem a hepatite viral, David Luiz iniciar\u00e1 o tratamento devido, que consiste em descansar o organismo para que ele possa combater o v\u00edrus. Sendo assim, \u00e9 improv\u00e1vel que o atleta seja relacionado para enfrentar o Botafogo no final de semana.<\/p>\n\n\n\n<h2 class=\"wp-block-heading\" id=\"h-saiba-quais-sao-os-sintomas-da-hepatite-viral\">Saiba quais s\u00e3o os sintomas da hepatite viral:<\/h2>\n\n\n\n<ul class=\"wp-block-list\"><li>cansa\u00e7o;<\/li><li>febre;<\/li><li>mal-estar;<\/li><li>tontura;<\/li><li>enjoo;<\/li><li>v\u00f4mitos;<\/li><li>dor abdominal;<\/li><li>pele e olhos amarelados;<\/li><li>urina escura;<\/li><li>fezes claras.<\/li><\/ul>\n","protected":false},"excerpt":{"rendered":"<p>Apesar da vit\u00f3ria importante sobre o S\u00e3o Paulo na \u00faltima quarta-feira (24), o Flamengo ganhou uma nova preocupa\u00e7\u00e3o. David Luiz voltou a sentir desconforto e precisou ser substitu\u00eddo no intervalo da partida contra o time paulista. O quadro m\u00e9dico do jogador sugere hepatite viral, mas o clube ainda realizar\u00e1 exames no atleta para confirmar o [&hellip;]<\/p>\n","protected":false},"author":4,"featured_media":86418,"comment_status":"open","ping_status":"closed","sticky":false,"template":"","format":"standard","meta":{"footnotes":""},"categories":[47],"tags":[171],"class_list":["post-86423","post","type-post","status-publish","format-standard","has-post-thumbnail","hentry","category-destaques","tag-adenor-leonardo-bachi-tite"],"yoast_head":"<!-- This site is optimized with the Yoast SEO Premium plugin v24.2 (Yoast SEO v26.9) - https:\/\/yoast.com\/product\/yoast-seo-premium-wordpress\/ -->\n<title>Entenda o motivo de David Luiz ter entrado em campo pelo Flamengo ap\u00f3s sintomas de hepatite<\/title>\n<meta name=\"robots\" content=\"index, follow, max-snippet:-1, max-image-preview:large, max-video-preview:-1\" \/>\n<link rel=\"canonical\" href=\"https:\/\/www.gaveanews.com\/index.php\/2022\/08\/25\/entenda-o-motivo-de-david-luiz-ter-entrado-em-campo-pelo-flamengo-apos-sintomas-de-hepatite\/\" \/>\n<meta property=\"og:locale\" content=\"pt_BR\" \/>\n<meta property=\"og:type\" content=\"article\" \/>\n<meta property=\"og:title\" content=\"Entenda o motivo de David Luiz ter entrado em campo pelo Flamengo ap\u00f3s sintomas de hepatite\" \/>\n<meta property=\"og:description\" content=\"Apesar da vit\u00f3ria importante sobre o S\u00e3o Paulo na \u00faltima quarta-feira (24), o Flamengo ganhou uma nova preocupa\u00e7\u00e3o. David Luiz voltou a sentir desconforto e precisou ser substitu\u00eddo no intervalo da partida contra o time paulista. O quadro m\u00e9dico do jogador sugere hepatite viral, mas o clube ainda realizar\u00e1 exames no atleta para confirmar o [&hellip;]\" \/>\n<meta property=\"og:url\" content=\"https:\/\/www.gaveanews.com\/index.php\/2022\/08\/25\/entenda-o-motivo-de-david-luiz-ter-entrado-em-campo-pelo-flamengo-apos-sintomas-de-hepatite\/\" \/>\n<meta property=\"og:site_name\" content=\"G\u00e1vea News\" \/>\n<meta property=\"article:publisher\" content=\"https:\/\/facebook.com\/gaveaNews\/\" \/>\n<meta property=\"article:published_time\" content=\"2022-08-25T17:30:13+00:00\" \/>\n<meta property=\"article:modified_time\" content=\"2024-04-07T02:22:02+00:00\" \/>\n<meta property=\"og:image\" content=\"https:\/\/www.gaveanews.com\/wp-content\/uploads\/David-Luiz-em-acao-pelo-Flamengo-contra-o-Sao-Paulo.webp\" \/>\n\t<meta property=\"og:image:width\" content=\"800\" \/>\n\t<meta property=\"og:image:height\" content=\"533\" \/>\n\t<meta property=\"og:image:type\" content=\"image\/jpeg\" \/>\n<meta name=\"author\" content=\"Let\u00edcia Gerheim\" \/>\n<meta name=\"twitter:card\" content=\"summary_large_image\" \/>\n<meta name=\"twitter:label1\" content=\"Escrito por\" \/>\n\t<meta name=\"twitter:data1\" content=\"Let\u00edcia Gerheim\" \/>\n\t<meta name=\"twitter:label2\" content=\"Est. tempo de leitura\" \/>\n\t<meta name=\"twitter:data2\" content=\"2 minutos\" \/>\n<script type=\"application\/ld+json\" class=\"yoast-schema-graph\">{\"@context\":\"https:\/\/schema.org\",\"@graph\":[{\"@type\":\"NewsArticle\",\"@id\":\"https:\/\/www.gaveanews.com\/index.php\/2022\/08\/25\/entenda-o-motivo-de-david-luiz-ter-entrado-em-campo-pelo-flamengo-apos-sintomas-de-hepatite\/#article\",\"isPartOf\":{\"@id\":\"https:\/\/www.gaveanews.com\/index.php\/2022\/08\/25\/entenda-o-motivo-de-david-luiz-ter-entrado-em-campo-pelo-flamengo-apos-sintomas-de-hepatite\/\"},\"author\":{\"name\":\"Let\u00edcia Gerheim\",\"@id\":\"https:\/\/www.gaveanews.com\/#\/schema\/person\/714c67050b836198af2450ba1c142a67\"},\"headline\":\"Entenda o motivo de David Luiz ter entrado em campo pelo Flamengo ap\u00f3s sintomas de hepatite\",\"datePublished\":\"2022-08-25T17:30:13+00:00\",\"dateModified\":\"2024-04-07T02:22:02+00:00\",\"mainEntityOfPage\":{\"@id\":\"https:\/\/www.gaveanews.com\/index.php\/2022\/08\/25\/entenda-o-motivo-de-david-luiz-ter-entrado-em-campo-pelo-flamengo-apos-sintomas-de-hepatite\/\"},\"wordCount\":280,\"commentCount\":0,\"image\":{\"@id\":\"https:\/\/www.gaveanews.com\/index.php\/2022\/08\/25\/entenda-o-motivo-de-david-luiz-ter-entrado-em-campo-pelo-flamengo-apos-sintomas-de-hepatite\/#primaryimage\"},\"thumbnailUrl\":\"https:\/\/www.gaveanews.com\/wp-content\/uploads\/David-Luiz-em-acao-pelo-Flamengo-contra-o-Sao-Paulo.webp\",\"keywords\":[\"Adenor Leonardo Bachi\"],\"articleSection\":[\"Destaques\"],\"inLanguage\":\"pt-BR\",\"potentialAction\":[{\"@type\":\"CommentAction\",\"name\":\"Comment\",\"target\":[\"https:\/\/www.gaveanews.com\/index.php\/2022\/08\/25\/entenda-o-motivo-de-david-luiz-ter-entrado-em-campo-pelo-flamengo-apos-sintomas-de-hepatite\/#respond\"]}],\"copyrightYear\":\"2022\",\"copyrightHolder\":{\"@id\":\"https:\/\/www.gaveanews.com\/#organization\"}},{\"@type\":\"WebPage\",\"@id\":\"https:\/\/www.gaveanews.com\/index.php\/2022\/08\/25\/entenda-o-motivo-de-david-luiz-ter-entrado-em-campo-pelo-flamengo-apos-sintomas-de-hepatite\/\",\"url\":\"https:\/\/www.gaveanews.com\/index.php\/2022\/08\/25\/entenda-o-motivo-de-david-luiz-ter-entrado-em-campo-pelo-flamengo-apos-sintomas-de-hepatite\/\",\"name\":\"Entenda o motivo de David Luiz ter entrado em campo pelo Flamengo ap\u00f3s sintomas de hepatite\",\"isPartOf\":{\"@id\":\"https:\/\/www.gaveanews.com\/#website\"},\"primaryImageOfPage\":{\"@id\":\"https:\/\/www.gaveanews.com\/index.php\/2022\/08\/25\/entenda-o-motivo-de-david-luiz-ter-entrado-em-campo-pelo-flamengo-apos-sintomas-de-hepatite\/#primaryimage\"},\"image\":{\"@id\":\"https:\/\/www.gaveanews.com\/index.php\/2022\/08\/25\/entenda-o-motivo-de-david-luiz-ter-entrado-em-campo-pelo-flamengo-apos-sintomas-de-hepatite\/#primaryimage\"},\"thumbnailUrl\":\"https:\/\/www.gaveanews.com\/wp-content\/uploads\/David-Luiz-em-acao-pelo-Flamengo-contra-o-Sao-Paulo.webp\",\"datePublished\":\"2022-08-25T17:30:13+00:00\",\"dateModified\":\"2024-04-07T02:22:02+00:00\",\"author\":{\"@id\":\"https:\/\/www.gaveanews.com\/#\/schema\/person\/714c67050b836198af2450ba1c142a67\"},\"breadcrumb\":{\"@id\":\"https:\/\/www.gaveanews.com\/index.php\/2022\/08\/25\/entenda-o-motivo-de-david-luiz-ter-entrado-em-campo-pelo-flamengo-apos-sintomas-de-hepatite\/#breadcrumb\"},\"inLanguage\":\"pt-BR\",\"potentialAction\":[{\"@type\":\"ReadAction\",\"target\":[\"https:\/\/www.gaveanews.com\/index.php\/2022\/08\/25\/entenda-o-motivo-de-david-luiz-ter-entrado-em-campo-pelo-flamengo-apos-sintomas-de-hepatite\/\"]}]},{\"@type\":\"ImageObject\",\"inLanguage\":\"pt-BR\",\"@id\":\"https:\/\/www.gaveanews.com\/index.php\/2022\/08\/25\/entenda-o-motivo-de-david-luiz-ter-entrado-em-campo-pelo-flamengo-apos-sintomas-de-hepatite\/#primaryimage\",\"url\":\"https:\/\/www.gaveanews.com\/wp-content\/uploads\/David-Luiz-em-acao-pelo-Flamengo-contra-o-Sao-Paulo.webp\",\"contentUrl\":\"https:\/\/www.gaveanews.com\/wp-content\/uploads\/David-Luiz-em-acao-pelo-Flamengo-contra-o-Sao-Paulo.webp\",\"width\":800,\"height\":533,\"caption\":\"David Luiz em a\u00e7\u00e3o pelo Flamengo contra o S\u00e3o Paulo (Foto: Marcelo Cortes \/ Flamengo)\"},{\"@type\":\"BreadcrumbList\",\"@id\":\"https:\/\/www.gaveanews.com\/index.php\/2022\/08\/25\/entenda-o-motivo-de-david-luiz-ter-entrado-em-campo-pelo-flamengo-apos-sintomas-de-hepatite\/#breadcrumb\",\"itemListElement\":[{\"@type\":\"ListItem\",\"position\":1,\"name\":\"Home\",\"item\":\"https:\/\/www.gaveanews.com\/\"},{\"@type\":\"ListItem\",\"position\":2,\"name\":\"Entenda o motivo de David Luiz ter entrado em campo pelo Flamengo ap\u00f3s sintomas de hepatite\"}]},{\"@type\":\"WebSite\",\"@id\":\"https:\/\/www.gaveanews.com\/#website\",\"url\":\"https:\/\/www.gaveanews.com\/\",\"name\":\"G\u00e1vea News\",\"description\":\"Veja todas as not\u00edcias sobre o Flamengo: Contrata\u00e7\u00f5es, categorias de base, resultados das partidas, tabela de classifica\u00e7\u00e3o, pr\u00f3ximos jogos!\",\"potentialAction\":[{\"@type\":\"SearchAction\",\"target\":{\"@type\":\"EntryPoint\",\"urlTemplate\":\"https:\/\/www.gaveanews.com\/?s={search_term_string}\"},\"query-input\":{\"@type\":\"PropertyValueSpecification\",\"valueRequired\":true,\"valueName\":\"search_term_string\"}}],\"inLanguage\":\"pt-BR\"},{\"@type\":\"Person\",\"@id\":\"https:\/\/www.gaveanews.com\/#\/schema\/person\/714c67050b836198af2450ba1c142a67\",\"name\":\"Let\u00edcia Gerheim\",\"image\":{\"@type\":\"ImageObject\",\"inLanguage\":\"pt-BR\",\"@id\":\"https:\/\/www.gaveanews.com\/#\/schema\/person\/image\/\",\"url\":\"https:\/\/secure.gravatar.com\/avatar\/60734739c50fcebfbac509e2a826ccd0ff405c019bc73aab9354f19ecad1dcb4?s=96&d=mm&r=g\",\"contentUrl\":\"https:\/\/secure.gravatar.com\/avatar\/60734739c50fcebfbac509e2a826ccd0ff405c019bc73aab9354f19ecad1dcb4?s=96&d=mm&r=g\",\"caption\":\"Let\u00edcia Gerheim\"}}]}<\/script>\n<!-- \/ Yoast SEO Premium plugin. -->","yoast_head_json":{"title":"Entenda o motivo de David Luiz ter entrado em campo pelo Flamengo ap\u00f3s sintomas de hepatite","robots":{"index":"index","follow":"follow","max-snippet":"max-snippet:-1","max-image-preview":"max-image-preview:large","max-video-preview":"max-video-preview:-1"},"canonical":"https:\/\/www.gaveanews.com\/index.php\/2022\/08\/25\/entenda-o-motivo-de-david-luiz-ter-entrado-em-campo-pelo-flamengo-apos-sintomas-de-hepatite\/","og_locale":"pt_BR","og_type":"article","og_title":"Entenda o motivo de David Luiz ter entrado em campo pelo Flamengo ap\u00f3s sintomas de hepatite","og_description":"Apesar da vit\u00f3ria importante sobre o S\u00e3o Paulo na \u00faltima quarta-feira (24), o Flamengo ganhou uma nova preocupa\u00e7\u00e3o. David Luiz voltou a sentir desconforto e precisou ser substitu\u00eddo no intervalo da partida contra o time paulista. O quadro m\u00e9dico do jogador sugere hepatite viral, mas o clube ainda realizar\u00e1 exames no atleta para confirmar o [&hellip;]","og_url":"https:\/\/www.gaveanews.com\/index.php\/2022\/08\/25\/entenda-o-motivo-de-david-luiz-ter-entrado-em-campo-pelo-flamengo-apos-sintomas-de-hepatite\/","og_site_name":"G\u00e1vea News","article_publisher":"https:\/\/facebook.com\/gaveaNews\/","article_published_time":"2022-08-25T17:30:13+00:00","article_modified_time":"2024-04-07T02:22:02+00:00","og_image":[{"width":800,"height":533,"url":"https:\/\/www.gaveanews.com\/wp-content\/uploads\/David-Luiz-em-acao-pelo-Flamengo-contra-o-Sao-Paulo.webp","type":"image\/jpeg"}],"author":"Let\u00edcia Gerheim","twitter_card":"summary_large_image","twitter_misc":{"Escrito por":"Let\u00edcia Gerheim","Est. tempo de leitura":"2 minutos"},"schema":{"@context":"https:\/\/schema.org","@graph":[{"@type":"NewsArticle","@id":"https:\/\/www.gaveanews.com\/index.php\/2022\/08\/25\/entenda-o-motivo-de-david-luiz-ter-entrado-em-campo-pelo-flamengo-apos-sintomas-de-hepatite\/#article","isPartOf":{"@id":"https:\/\/www.gaveanews.com\/index.php\/2022\/08\/25\/entenda-o-motivo-de-david-luiz-ter-entrado-em-campo-pelo-flamengo-apos-sintomas-de-hepatite\/"},"author":{"name":"Let\u00edcia Gerheim","@id":"https:\/\/www.gaveanews.com\/#\/schema\/person\/714c67050b836198af2450ba1c142a67"},"headline":"Entenda o motivo de David Luiz ter entrado em campo pelo Flamengo ap\u00f3s sintomas de hepatite","datePublished":"2022-08-25T17:30:13+00:00","dateModified":"2024-04-07T02:22:02+00:00","mainEntityOfPage":{"@id":"https:\/\/www.gaveanews.com\/index.php\/2022\/08\/25\/entenda-o-motivo-de-david-luiz-ter-entrado-em-campo-pelo-flamengo-apos-sintomas-de-hepatite\/"},"wordCount":280,"commentCount":0,"image":{"@id":"https:\/\/www.gaveanews.com\/index.php\/2022\/08\/25\/entenda-o-motivo-de-david-luiz-ter-entrado-em-campo-pelo-flamengo-apos-sintomas-de-hepatite\/#primaryimage"},"thumbnailUrl":"https:\/\/www.gaveanews.com\/wp-content\/uploads\/David-Luiz-em-acao-pelo-Flamengo-contra-o-Sao-Paulo.webp","keywords":["Adenor Leonardo Bachi"],"articleSection":["Destaques"],"inLanguage":"pt-BR","potentialAction":[{"@type":"CommentAction","name":"Comment","target":["https:\/\/www.gaveanews.com\/index.php\/2022\/08\/25\/entenda-o-motivo-de-david-luiz-ter-entrado-em-campo-pelo-flamengo-apos-sintomas-de-hepatite\/#respond"]}],"copyrightYear":"2022","copyrightHolder":{"@id":"https:\/\/www.gaveanews.com\/#organization"}},{"@type":"WebPage","@id":"https:\/\/www.gaveanews.com\/index.php\/2022\/08\/25\/entenda-o-motivo-de-david-luiz-ter-entrado-em-campo-pelo-flamengo-apos-sintomas-de-hepatite\/","url":"https:\/\/www.gaveanews.com\/index.php\/2022\/08\/25\/entenda-o-motivo-de-david-luiz-ter-entrado-em-campo-pelo-flamengo-apos-sintomas-de-hepatite\/","name":"Entenda o motivo de David Luiz ter entrado em campo pelo Flamengo ap\u00f3s sintomas de hepatite","isPartOf":{"@id":"https:\/\/www.gaveanews.com\/#website"},"primaryImageOfPage":{"@id":"https:\/\/www.gaveanews.com\/index.php\/2022\/08\/25\/entenda-o-motivo-de-david-luiz-ter-entrado-em-campo-pelo-flamengo-apos-sintomas-de-hepatite\/#primaryimage"},"image":{"@id":"https:\/\/www.gaveanews.com\/index.php\/2022\/08\/25\/entenda-o-motivo-de-david-luiz-ter-entrado-em-campo-pelo-flamengo-apos-sintomas-de-hepatite\/#primaryimage"},"thumbnailUrl":"https:\/\/www.gaveanews.com\/wp-content\/uploads\/David-Luiz-em-acao-pelo-Flamengo-contra-o-Sao-Paulo.webp","datePublished":"2022-08-25T17:30:13+00:00","dateModified":"2024-04-07T02:22:02+00:00","author":{"@id":"https:\/\/www.gaveanews.com\/#\/schema\/person\/714c67050b836198af2450ba1c142a67"},"breadcrumb":{"@id":"https:\/\/www.gaveanews.com\/index.php\/2022\/08\/25\/entenda-o-motivo-de-david-luiz-ter-entrado-em-campo-pelo-flamengo-apos-sintomas-de-hepatite\/#breadcrumb"},"inLanguage":"pt-BR","potentialAction":[{"@type":"ReadAction","target":["https:\/\/www.gaveanews.com\/index.php\/2022\/08\/25\/entenda-o-motivo-de-david-luiz-ter-entrado-em-campo-pelo-flamengo-apos-sintomas-de-hepatite\/"]}]},{"@type":"ImageObject","inLanguage":"pt-BR","@id":"https:\/\/www.gaveanews.com\/index.php\/2022\/08\/25\/entenda-o-motivo-de-david-luiz-ter-entrado-em-campo-pelo-flamengo-apos-sintomas-de-hepatite\/#primaryimage","url":"https:\/\/www.gaveanews.com\/wp-content\/uploads\/David-Luiz-em-acao-pelo-Flamengo-contra-o-Sao-Paulo.webp","contentUrl":"https:\/\/www.gaveanews.com\/wp-content\/uploads\/David-Luiz-em-acao-pelo-Flamengo-contra-o-Sao-Paulo.webp","width":800,"height":533,"caption":"David Luiz em a\u00e7\u00e3o pelo Flamengo contra o S\u00e3o Paulo (Foto: Marcelo Cortes \/ Flamengo)"},{"@type":"BreadcrumbList","@id":"https:\/\/www.gaveanews.com\/index.php\/2022\/08\/25\/entenda-o-motivo-de-david-luiz-ter-entrado-em-campo-pelo-flamengo-apos-sintomas-de-hepatite\/#breadcrumb","itemListElement":[{"@type":"ListItem","position":1,"name":"Home","item":"https:\/\/www.gaveanews.com\/"},{"@type":"ListItem","position":2,"name":"Entenda o motivo de David Luiz ter entrado em campo pelo Flamengo ap\u00f3s sintomas de hepatite"}]},{"@type":"WebSite","@id":"https:\/\/www.gaveanews.com\/#website","url":"https:\/\/www.gaveanews.com\/","name":"G\u00e1vea News","description":"Veja todas as not\u00edcias sobre o Flamengo: Contrata\u00e7\u00f5es, categorias de base, resultados das partidas, tabela de classifica\u00e7\u00e3o, pr\u00f3ximos jogos!","potentialAction":[{"@type":"SearchAction","target":{"@type":"EntryPoint","urlTemplate":"https:\/\/www.gaveanews.com\/?s={search_term_string}"},"query-input":{"@type":"PropertyValueSpecification","valueRequired":true,"valueName":"search_term_string"}}],"inLanguage":"pt-BR"},{"@type":"Person","@id":"https:\/\/www.gaveanews.com\/#\/schema\/person\/714c67050b836198af2450ba1c142a67","name":"Let\u00edcia Gerheim","image":{"@type":"ImageObject","inLanguage":"pt-BR","@id":"https:\/\/www.gaveanews.com\/#\/schema\/person\/image\/","url":"https:\/\/secure.gravatar.com\/avatar\/60734739c50fcebfbac509e2a826ccd0ff405c019bc73aab9354f19ecad1dcb4?s=96&d=mm&r=g","contentUrl":"https:\/\/secure.gravatar.com\/avatar\/60734739c50fcebfbac509e2a826ccd0ff405c019bc73aab9354f19ecad1dcb4?s=96&d=mm&r=g","caption":"Let\u00edcia Gerheim"}}]}},"_links":{"self":[{"href":"https:\/\/www.gaveanews.com\/index.php\/wp-json\/wp\/v2\/posts\/86423","targetHints":{"allow":["GET"]}}],"collection":[{"href":"https:\/\/www.gaveanews.com\/index.php\/wp-json\/wp\/v2\/posts"}],"about":[{"href":"https:\/\/www.gaveanews.com\/index.php\/wp-json\/wp\/v2\/types\/post"}],"author":[{"embeddable":true,"href":"https:\/\/www.gaveanews.com\/index.php\/wp-json\/wp\/v2\/users\/4"}],"replies":[{"embeddable":true,"href":"https:\/\/www.gaveanews.com\/index.php\/wp-json\/wp\/v2\/comments?post=86423"}],"version-history":[{"count":1,"href":"https:\/\/www.gaveanews.com\/index.php\/wp-json\/wp\/v2\/posts\/86423\/revisions"}],"predecessor-version":[{"id":135024,"href":"https:\/\/www.gaveanews.com\/index.php\/wp-json\/wp\/v2\/posts\/86423\/revisions\/135024"}],"wp:featuredmedia":[{"embeddable":true,"href":"https:\/\/www.gaveanews.com\/index.php\/wp-json\/wp\/v2\/media\/86418"}],"wp:attachment":[{"href":"https:\/\/www.gaveanews.com\/index.php\/wp-json\/wp\/v2\/media?parent=86423"}],"wp:term":[{"taxonomy":"category","embeddable":true,"href":"https:\/\/www.gaveanews.com\/index.php\/wp-json\/wp\/v2\/categories?post=86423"},{"taxonomy":"post_tag","embeddable":true,"href":"https:\/\/www.gaveanews.com\/index.php\/wp-json\/wp\/v2\/tags?post=86423"}],"curies":[{"name":"wp","href":"https:\/\/api.w.org\/{rel}","templated":true}]}}