{"id":86434,"date":"2022-08-25T18:49:22","date_gmt":"2022-08-25T21:49:22","guid":{"rendered":"https:\/\/www.gaveanews.com\/?p=86434"},"modified":"2022-08-25T18:49:25","modified_gmt":"2022-08-25T21:49:25","slug":"david-luiz-do-flamengo-se-manifesta-nas-redes-sociais","status":"publish","type":"post","link":"https:\/\/www.gaveanews.com\/index.php\/2022\/08\/25\/david-luiz-do-flamengo-se-manifesta-nas-redes-sociais\/","title":{"rendered":"David Luiz, do Flamengo, se manifesta nas redes sociais"},"content":{"rendered":"\n<p>Com suspeita de um quadro de hepatite viral, o zagueiro David Luiz tem recebido o apoio desde o fim da partida de quarta-feira, entre Flamengo e S\u00e3o Paulo, na qual foi substitu\u00eddo no intervalo por Dorival J\u00fanior. O defensor, que est\u00e1 sendo reavaliado pelo departamento m\u00e9dico do clube, agradeceu ao carinho da torcida desde ent\u00e3o.<\/p>\n\n\n\n<p><em>\u2014 Seguimos na batalha! Obrigado, Na\u00e7\u00e3o, pelo apoio e pelas mensagens comigo! Estou bem, Deus \u00e9 bom o tempo todo! <\/em>&#8211; publicou o zagueiro David Luiz, em seu perfil no Instagram, nesta quinta-feira.<\/p>\n\n\n\n<p>O Flamengo trata o caso com cautela e ainda n\u00e3o se pronunciou oficialmente. David Luiz seguir\u00e1 a bateria de exames nos pr\u00f3ximos dias, acompanhado pelos m\u00e9dicos que investigam o caso. O atleta havia apresentado sintomas nas \u00faltimas semanas, antes da partida entre Fla e S\u00e3o Paulo, no Morumbi, pela semifinal da Copa do Brasil.<\/p>\n\n\n\n<p>Ap\u00f3s sua publica\u00e7\u00e3o, v\u00e1rios companheiros de Flamengo e outros jogadores e personalidades do esporte demonstraram seu apoio ao atleta. Marinho, por exemplo, escreveu: &#8220;Vai dar tudo certo, amamos voc\u00ea&#8221;. J\u00e1 Fabr\u00edcio Bruno publicou: &#8220;T\u00f4 contigo meu irm\u00e3o, Deus \u00e9 fiel&#8221;.<\/p>\n\n\n\n<p>Retirado de: Lance<\/p>\n","protected":false},"excerpt":{"rendered":"<p>Com suspeita de um quadro de hepatite viral, o zagueiro David Luiz tem recebido o apoio desde o fim da partida de quarta-feira, entre Flamengo e S\u00e3o Paulo, na qual foi substitu\u00eddo no intervalo por Dorival J\u00fanior. O defensor, que est\u00e1 sendo reavaliado pelo departamento m\u00e9dico do clube, agradeceu ao carinho da torcida desde ent\u00e3o. [&hellip;]<\/p>\n","protected":false},"author":1,"featured_media":79177,"comment_status":"open","ping_status":"closed","sticky":false,"template":"","format":"standard","meta":{"footnotes":""},"categories":[1],"tags":[],"class_list":["post-86434","post","type-post","status-publish","format-standard","has-post-thumbnail","hentry","category-flamengo"],"yoast_head":"<!-- This site is optimized with the Yoast SEO Premium plugin v24.2 (Yoast SEO v26.9) - https:\/\/yoast.com\/product\/yoast-seo-premium-wordpress\/ -->\n<title>David Luiz, do Flamengo, se manifesta nas redes sociais<\/title>\n<meta name=\"robots\" content=\"index, follow, max-snippet:-1, max-image-preview:large, max-video-preview:-1\" \/>\n<link rel=\"canonical\" href=\"https:\/\/www.gaveanews.com\/index.php\/2022\/08\/25\/david-luiz-do-flamengo-se-manifesta-nas-redes-sociais\/\" \/>\n<meta property=\"og:locale\" content=\"pt_BR\" \/>\n<meta property=\"og:type\" content=\"article\" \/>\n<meta property=\"og:title\" content=\"David Luiz, do Flamengo, se manifesta nas redes sociais\" \/>\n<meta property=\"og:description\" content=\"Com suspeita de um quadro de hepatite viral, o zagueiro David Luiz tem recebido o apoio desde o fim da partida de quarta-feira, entre Flamengo e S\u00e3o Paulo, na qual foi substitu\u00eddo no intervalo por Dorival J\u00fanior. O defensor, que est\u00e1 sendo reavaliado pelo departamento m\u00e9dico do clube, agradeceu ao carinho da torcida desde ent\u00e3o. [&hellip;]\" \/>\n<meta property=\"og:url\" content=\"https:\/\/www.gaveanews.com\/index.php\/2022\/08\/25\/david-luiz-do-flamengo-se-manifesta-nas-redes-sociais\/\" \/>\n<meta property=\"og:site_name\" content=\"G\u00e1vea News\" \/>\n<meta property=\"article:publisher\" content=\"https:\/\/facebook.com\/gaveaNews\/\" \/>\n<meta property=\"article:published_time\" content=\"2022-08-25T21:49:22+00:00\" \/>\n<meta property=\"article:modified_time\" content=\"2022-08-25T21:49:25+00:00\" \/>\n<meta property=\"og:image\" content=\"https:\/\/www.gaveanews.com\/wp-content\/uploads\/David-Luiz-Vitinho-Everton-Ribeiro-e-Marinho-em-acao-pelo-Flamengo-contra-o-Fluminense-na-final-do-Campeonato-Carioca.webp\" \/>\n\t<meta property=\"og:image:width\" content=\"800\" \/>\n\t<meta property=\"og:image:height\" content=\"533\" \/>\n\t<meta property=\"og:image:type\" content=\"image\/jpeg\" \/>\n<meta name=\"author\" content=\"Equipe G\u00e1vea News\" \/>\n<meta name=\"twitter:card\" content=\"summary_large_image\" \/>\n<meta name=\"twitter:label1\" content=\"Escrito por\" \/>\n\t<meta name=\"twitter:data1\" content=\"Equipe G\u00e1vea News\" \/>\n\t<meta name=\"twitter:label2\" content=\"Est. tempo de leitura\" \/>\n\t<meta name=\"twitter:data2\" content=\"2 minutos\" \/>\n<script type=\"application\/ld+json\" class=\"yoast-schema-graph\">{\"@context\":\"https:\/\/schema.org\",\"@graph\":[{\"@type\":\"NewsArticle\",\"@id\":\"https:\/\/www.gaveanews.com\/index.php\/2022\/08\/25\/david-luiz-do-flamengo-se-manifesta-nas-redes-sociais\/#article\",\"isPartOf\":{\"@id\":\"https:\/\/www.gaveanews.com\/index.php\/2022\/08\/25\/david-luiz-do-flamengo-se-manifesta-nas-redes-sociais\/\"},\"author\":{\"name\":\"Equipe G\u00e1vea News\",\"@id\":\"https:\/\/www.gaveanews.com\/#\/schema\/person\/2ec14f73fb96be2caf28f91afb14749d\"},\"headline\":\"David Luiz, do Flamengo, se manifesta nas redes sociais\",\"datePublished\":\"2022-08-25T21:49:22+00:00\",\"dateModified\":\"2022-08-25T21:49:25+00:00\",\"mainEntityOfPage\":{\"@id\":\"https:\/\/www.gaveanews.com\/index.php\/2022\/08\/25\/david-luiz-do-flamengo-se-manifesta-nas-redes-sociais\/\"},\"wordCount\":206,\"commentCount\":0,\"image\":{\"@id\":\"https:\/\/www.gaveanews.com\/index.php\/2022\/08\/25\/david-luiz-do-flamengo-se-manifesta-nas-redes-sociais\/#primaryimage\"},\"thumbnailUrl\":\"https:\/\/www.gaveanews.com\/wp-content\/uploads\/David-Luiz-Vitinho-Everton-Ribeiro-e-Marinho-em-acao-pelo-Flamengo-contra-o-Fluminense-na-final-do-Campeonato-Carioca.webp\",\"articleSection\":[\"Flamengo\"],\"inLanguage\":\"pt-BR\",\"potentialAction\":[{\"@type\":\"CommentAction\",\"name\":\"Comment\",\"target\":[\"https:\/\/www.gaveanews.com\/index.php\/2022\/08\/25\/david-luiz-do-flamengo-se-manifesta-nas-redes-sociais\/#respond\"]}],\"copyrightYear\":\"2022\",\"copyrightHolder\":{\"@id\":\"https:\/\/www.gaveanews.com\/#organization\"}},{\"@type\":\"WebPage\",\"@id\":\"https:\/\/www.gaveanews.com\/index.php\/2022\/08\/25\/david-luiz-do-flamengo-se-manifesta-nas-redes-sociais\/\",\"url\":\"https:\/\/www.gaveanews.com\/index.php\/2022\/08\/25\/david-luiz-do-flamengo-se-manifesta-nas-redes-sociais\/\",\"name\":\"David Luiz, do Flamengo, se manifesta nas redes sociais\",\"isPartOf\":{\"@id\":\"https:\/\/www.gaveanews.com\/#website\"},\"primaryImageOfPage\":{\"@id\":\"https:\/\/www.gaveanews.com\/index.php\/2022\/08\/25\/david-luiz-do-flamengo-se-manifesta-nas-redes-sociais\/#primaryimage\"},\"image\":{\"@id\":\"https:\/\/www.gaveanews.com\/index.php\/2022\/08\/25\/david-luiz-do-flamengo-se-manifesta-nas-redes-sociais\/#primaryimage\"},\"thumbnailUrl\":\"https:\/\/www.gaveanews.com\/wp-content\/uploads\/David-Luiz-Vitinho-Everton-Ribeiro-e-Marinho-em-acao-pelo-Flamengo-contra-o-Fluminense-na-final-do-Campeonato-Carioca.webp\",\"datePublished\":\"2022-08-25T21:49:22+00:00\",\"dateModified\":\"2022-08-25T21:49:25+00:00\",\"author\":{\"@id\":\"https:\/\/www.gaveanews.com\/#\/schema\/person\/2ec14f73fb96be2caf28f91afb14749d\"},\"breadcrumb\":{\"@id\":\"https:\/\/www.gaveanews.com\/index.php\/2022\/08\/25\/david-luiz-do-flamengo-se-manifesta-nas-redes-sociais\/#breadcrumb\"},\"inLanguage\":\"pt-BR\",\"potentialAction\":[{\"@type\":\"ReadAction\",\"target\":[\"https:\/\/www.gaveanews.com\/index.php\/2022\/08\/25\/david-luiz-do-flamengo-se-manifesta-nas-redes-sociais\/\"]}]},{\"@type\":\"ImageObject\",\"inLanguage\":\"pt-BR\",\"@id\":\"https:\/\/www.gaveanews.com\/index.php\/2022\/08\/25\/david-luiz-do-flamengo-se-manifesta-nas-redes-sociais\/#primaryimage\",\"url\":\"https:\/\/www.gaveanews.com\/wp-content\/uploads\/David-Luiz-Vitinho-Everton-Ribeiro-e-Marinho-em-acao-pelo-Flamengo-contra-o-Fluminense-na-final-do-Campeonato-Carioca.webp\",\"contentUrl\":\"https:\/\/www.gaveanews.com\/wp-content\/uploads\/David-Luiz-Vitinho-Everton-Ribeiro-e-Marinho-em-acao-pelo-Flamengo-contra-o-Fluminense-na-final-do-Campeonato-Carioca.webp\",\"width\":800,\"height\":533,\"caption\":\"David Luiz, Vitinho, Everton Ribeiro e Marinho em a\u00e7\u00e3o pelo Flamengo contra o Fluminense na final do Campeonato Carioca (Foto: Marcelo Cortes\/Flamengo)\"},{\"@type\":\"BreadcrumbList\",\"@id\":\"https:\/\/www.gaveanews.com\/index.php\/2022\/08\/25\/david-luiz-do-flamengo-se-manifesta-nas-redes-sociais\/#breadcrumb\",\"itemListElement\":[{\"@type\":\"ListItem\",\"position\":1,\"name\":\"Home\",\"item\":\"https:\/\/www.gaveanews.com\/\"},{\"@type\":\"ListItem\",\"position\":2,\"name\":\"David Luiz, do Flamengo, se manifesta nas redes sociais\"}]},{\"@type\":\"WebSite\",\"@id\":\"https:\/\/www.gaveanews.com\/#website\",\"url\":\"https:\/\/www.gaveanews.com\/\",\"name\":\"G\u00e1vea News\",\"description\":\"Veja todas as not\u00edcias sobre o Flamengo: Contrata\u00e7\u00f5es, categorias de base, resultados das partidas, tabela de classifica\u00e7\u00e3o, pr\u00f3ximos jogos!\",\"potentialAction\":[{\"@type\":\"SearchAction\",\"target\":{\"@type\":\"EntryPoint\",\"urlTemplate\":\"https:\/\/www.gaveanews.com\/?s={search_term_string}\"},\"query-input\":{\"@type\":\"PropertyValueSpecification\",\"valueRequired\":true,\"valueName\":\"search_term_string\"}}],\"inLanguage\":\"pt-BR\"},{\"@type\":\"Person\",\"@id\":\"https:\/\/www.gaveanews.com\/#\/schema\/person\/2ec14f73fb96be2caf28f91afb14749d\",\"name\":\"Equipe G\u00e1vea News\",\"image\":{\"@type\":\"ImageObject\",\"inLanguage\":\"pt-BR\",\"@id\":\"https:\/\/www.gaveanews.com\/#\/schema\/person\/image\/\",\"url\":\"https:\/\/secure.gravatar.com\/avatar\/1e1956f1facbffd3f8fa53a326721950116b3b9dc9bd44939c01180fd4a745a9?s=96&d=mm&r=g\",\"contentUrl\":\"https:\/\/secure.gravatar.com\/avatar\/1e1956f1facbffd3f8fa53a326721950116b3b9dc9bd44939c01180fd4a745a9?s=96&d=mm&r=g\",\"caption\":\"Equipe G\u00e1vea News\"}}]}<\/script>\n<!-- \/ Yoast SEO Premium plugin. -->","yoast_head_json":{"title":"David Luiz, do Flamengo, se manifesta nas redes sociais","robots":{"index":"index","follow":"follow","max-snippet":"max-snippet:-1","max-image-preview":"max-image-preview:large","max-video-preview":"max-video-preview:-1"},"canonical":"https:\/\/www.gaveanews.com\/index.php\/2022\/08\/25\/david-luiz-do-flamengo-se-manifesta-nas-redes-sociais\/","og_locale":"pt_BR","og_type":"article","og_title":"David Luiz, do Flamengo, se manifesta nas redes sociais","og_description":"Com suspeita de um quadro de hepatite viral, o zagueiro David Luiz tem recebido o apoio desde o fim da partida de quarta-feira, entre Flamengo e S\u00e3o Paulo, na qual foi substitu\u00eddo no intervalo por Dorival J\u00fanior. O defensor, que est\u00e1 sendo reavaliado pelo departamento m\u00e9dico do clube, agradeceu ao carinho da torcida desde ent\u00e3o. [&hellip;]","og_url":"https:\/\/www.gaveanews.com\/index.php\/2022\/08\/25\/david-luiz-do-flamengo-se-manifesta-nas-redes-sociais\/","og_site_name":"G\u00e1vea News","article_publisher":"https:\/\/facebook.com\/gaveaNews\/","article_published_time":"2022-08-25T21:49:22+00:00","article_modified_time":"2022-08-25T21:49:25+00:00","og_image":[{"width":800,"height":533,"url":"https:\/\/www.gaveanews.com\/wp-content\/uploads\/David-Luiz-Vitinho-Everton-Ribeiro-e-Marinho-em-acao-pelo-Flamengo-contra-o-Fluminense-na-final-do-Campeonato-Carioca.webp","type":"image\/jpeg"}],"author":"Equipe G\u00e1vea News","twitter_card":"summary_large_image","twitter_misc":{"Escrito por":"Equipe G\u00e1vea News","Est. tempo de leitura":"2 minutos"},"schema":{"@context":"https:\/\/schema.org","@graph":[{"@type":"NewsArticle","@id":"https:\/\/www.gaveanews.com\/index.php\/2022\/08\/25\/david-luiz-do-flamengo-se-manifesta-nas-redes-sociais\/#article","isPartOf":{"@id":"https:\/\/www.gaveanews.com\/index.php\/2022\/08\/25\/david-luiz-do-flamengo-se-manifesta-nas-redes-sociais\/"},"author":{"name":"Equipe G\u00e1vea News","@id":"https:\/\/www.gaveanews.com\/#\/schema\/person\/2ec14f73fb96be2caf28f91afb14749d"},"headline":"David Luiz, do Flamengo, se manifesta nas redes sociais","datePublished":"2022-08-25T21:49:22+00:00","dateModified":"2022-08-25T21:49:25+00:00","mainEntityOfPage":{"@id":"https:\/\/www.gaveanews.com\/index.php\/2022\/08\/25\/david-luiz-do-flamengo-se-manifesta-nas-redes-sociais\/"},"wordCount":206,"commentCount":0,"image":{"@id":"https:\/\/www.gaveanews.com\/index.php\/2022\/08\/25\/david-luiz-do-flamengo-se-manifesta-nas-redes-sociais\/#primaryimage"},"thumbnailUrl":"https:\/\/www.gaveanews.com\/wp-content\/uploads\/David-Luiz-Vitinho-Everton-Ribeiro-e-Marinho-em-acao-pelo-Flamengo-contra-o-Fluminense-na-final-do-Campeonato-Carioca.webp","articleSection":["Flamengo"],"inLanguage":"pt-BR","potentialAction":[{"@type":"CommentAction","name":"Comment","target":["https:\/\/www.gaveanews.com\/index.php\/2022\/08\/25\/david-luiz-do-flamengo-se-manifesta-nas-redes-sociais\/#respond"]}],"copyrightYear":"2022","copyrightHolder":{"@id":"https:\/\/www.gaveanews.com\/#organization"}},{"@type":"WebPage","@id":"https:\/\/www.gaveanews.com\/index.php\/2022\/08\/25\/david-luiz-do-flamengo-se-manifesta-nas-redes-sociais\/","url":"https:\/\/www.gaveanews.com\/index.php\/2022\/08\/25\/david-luiz-do-flamengo-se-manifesta-nas-redes-sociais\/","name":"David Luiz, do Flamengo, se manifesta nas redes sociais","isPartOf":{"@id":"https:\/\/www.gaveanews.com\/#website"},"primaryImageOfPage":{"@id":"https:\/\/www.gaveanews.com\/index.php\/2022\/08\/25\/david-luiz-do-flamengo-se-manifesta-nas-redes-sociais\/#primaryimage"},"image":{"@id":"https:\/\/www.gaveanews.com\/index.php\/2022\/08\/25\/david-luiz-do-flamengo-se-manifesta-nas-redes-sociais\/#primaryimage"},"thumbnailUrl":"https:\/\/www.gaveanews.com\/wp-content\/uploads\/David-Luiz-Vitinho-Everton-Ribeiro-e-Marinho-em-acao-pelo-Flamengo-contra-o-Fluminense-na-final-do-Campeonato-Carioca.webp","datePublished":"2022-08-25T21:49:22+00:00","dateModified":"2022-08-25T21:49:25+00:00","author":{"@id":"https:\/\/www.gaveanews.com\/#\/schema\/person\/2ec14f73fb96be2caf28f91afb14749d"},"breadcrumb":{"@id":"https:\/\/www.gaveanews.com\/index.php\/2022\/08\/25\/david-luiz-do-flamengo-se-manifesta-nas-redes-sociais\/#breadcrumb"},"inLanguage":"pt-BR","potentialAction":[{"@type":"ReadAction","target":["https:\/\/www.gaveanews.com\/index.php\/2022\/08\/25\/david-luiz-do-flamengo-se-manifesta-nas-redes-sociais\/"]}]},{"@type":"ImageObject","inLanguage":"pt-BR","@id":"https:\/\/www.gaveanews.com\/index.php\/2022\/08\/25\/david-luiz-do-flamengo-se-manifesta-nas-redes-sociais\/#primaryimage","url":"https:\/\/www.gaveanews.com\/wp-content\/uploads\/David-Luiz-Vitinho-Everton-Ribeiro-e-Marinho-em-acao-pelo-Flamengo-contra-o-Fluminense-na-final-do-Campeonato-Carioca.webp","contentUrl":"https:\/\/www.gaveanews.com\/wp-content\/uploads\/David-Luiz-Vitinho-Everton-Ribeiro-e-Marinho-em-acao-pelo-Flamengo-contra-o-Fluminense-na-final-do-Campeonato-Carioca.webp","width":800,"height":533,"caption":"David Luiz, Vitinho, Everton Ribeiro e Marinho em a\u00e7\u00e3o pelo Flamengo contra o Fluminense na final do Campeonato Carioca (Foto: Marcelo Cortes\/Flamengo)"},{"@type":"BreadcrumbList","@id":"https:\/\/www.gaveanews.com\/index.php\/2022\/08\/25\/david-luiz-do-flamengo-se-manifesta-nas-redes-sociais\/#breadcrumb","itemListElement":[{"@type":"ListItem","position":1,"name":"Home","item":"https:\/\/www.gaveanews.com\/"},{"@type":"ListItem","position":2,"name":"David Luiz, do Flamengo, se manifesta nas redes sociais"}]},{"@type":"WebSite","@id":"https:\/\/www.gaveanews.com\/#website","url":"https:\/\/www.gaveanews.com\/","name":"G\u00e1vea News","description":"Veja todas as not\u00edcias sobre o Flamengo: Contrata\u00e7\u00f5es, categorias de base, resultados das partidas, tabela de classifica\u00e7\u00e3o, pr\u00f3ximos jogos!","potentialAction":[{"@type":"SearchAction","target":{"@type":"EntryPoint","urlTemplate":"https:\/\/www.gaveanews.com\/?s={search_term_string}"},"query-input":{"@type":"PropertyValueSpecification","valueRequired":true,"valueName":"search_term_string"}}],"inLanguage":"pt-BR"},{"@type":"Person","@id":"https:\/\/www.gaveanews.com\/#\/schema\/person\/2ec14f73fb96be2caf28f91afb14749d","name":"Equipe G\u00e1vea News","image":{"@type":"ImageObject","inLanguage":"pt-BR","@id":"https:\/\/www.gaveanews.com\/#\/schema\/person\/image\/","url":"https:\/\/secure.gravatar.com\/avatar\/1e1956f1facbffd3f8fa53a326721950116b3b9dc9bd44939c01180fd4a745a9?s=96&d=mm&r=g","contentUrl":"https:\/\/secure.gravatar.com\/avatar\/1e1956f1facbffd3f8fa53a326721950116b3b9dc9bd44939c01180fd4a745a9?s=96&d=mm&r=g","caption":"Equipe G\u00e1vea News"}}]}},"_links":{"self":[{"href":"https:\/\/www.gaveanews.com\/index.php\/wp-json\/wp\/v2\/posts\/86434","targetHints":{"allow":["GET"]}}],"collection":[{"href":"https:\/\/www.gaveanews.com\/index.php\/wp-json\/wp\/v2\/posts"}],"about":[{"href":"https:\/\/www.gaveanews.com\/index.php\/wp-json\/wp\/v2\/types\/post"}],"author":[{"embeddable":true,"href":"https:\/\/www.gaveanews.com\/index.php\/wp-json\/wp\/v2\/users\/1"}],"replies":[{"embeddable":true,"href":"https:\/\/www.gaveanews.com\/index.php\/wp-json\/wp\/v2\/comments?post=86434"}],"version-history":[{"count":0,"href":"https:\/\/www.gaveanews.com\/index.php\/wp-json\/wp\/v2\/posts\/86434\/revisions"}],"wp:featuredmedia":[{"embeddable":true,"href":"https:\/\/www.gaveanews.com\/index.php\/wp-json\/wp\/v2\/media\/79177"}],"wp:attachment":[{"href":"https:\/\/www.gaveanews.com\/index.php\/wp-json\/wp\/v2\/media?parent=86434"}],"wp:term":[{"taxonomy":"category","embeddable":true,"href":"https:\/\/www.gaveanews.com\/index.php\/wp-json\/wp\/v2\/categories?post=86434"},{"taxonomy":"post_tag","embeddable":true,"href":"https:\/\/www.gaveanews.com\/index.php\/wp-json\/wp\/v2\/tags?post=86434"}],"curies":[{"name":"wp","href":"https:\/\/api.w.org\/{rel}","templated":true}]}}