{"id":86442,"date":"2022-08-25T23:32:33","date_gmt":"2022-08-26T02:32:33","guid":{"rendered":"https:\/\/www.gaveanews.com\/?p=86442"},"modified":"2022-08-25T23:32:37","modified_gmt":"2022-08-26T02:32:37","slug":"especialista-explica-situacao-de-david-luiz-do-flamengo-e-revela-tempo-de-recuperacao","status":"publish","type":"post","link":"https:\/\/www.gaveanews.com\/index.php\/2022\/08\/25\/especialista-explica-situacao-de-david-luiz-do-flamengo-e-revela-tempo-de-recuperacao\/","title":{"rendered":"Especialista explica situa\u00e7\u00e3o de David Luiz, do Flamengo, e revela tempo de recupera\u00e7\u00e3o"},"content":{"rendered":"\n<p>O Flamengo pode ter uma not\u00edcia ruim em meio ao bom momento na temporada. Substitu\u00eddo no intervalo da partida contra o S\u00e3o Paulo, nesta quarta-feira, o zagueiro David Luiz tem suspeita de hepatite viral e aguarda o resultado dos exames para ter o diagn\u00f3stico definitivo. Mas, afinal, o que \u00e9 essa doen\u00e7a?<\/p>\n\n\n\n<p>O jornal &#8216;Lance&#8217; conversou com o m\u00e9dico Carlos Terra, hepatologista da Casa de Sa\u00fade S\u00e3o Jos\u00e9, para descobrir os detalhes da enfermidade, como os principais sintomas e o tempo de recupera\u00e7\u00e3o.<\/p>\n\n\n\n<h2 class=\"wp-block-heading\" id=\"h-o-que-e\">O que \u00e9?<\/h2>\n\n\n\n<p>De modo geral, as hepatites s\u00e3o inflama\u00e7\u00f5es do f\u00edgado, um dos principais \u00f3rg\u00e3os do corpo e respons\u00e1vel pelo armazenamento, pela libera\u00e7\u00e3o, pela s\u00edntese e pela metaboliza\u00e7\u00e3o de diversas subst\u00e2ncias.<\/p>\n\n\n\n<p><em>\u2014 A hepatite viral \u00e9 uma inflama\u00e7\u00e3o do f\u00edgado que acontece a partir de uma agress\u00e3o causada por um v\u00edrus. Os v\u00edrus que mais causam s\u00e3o os v\u00edrus da hepatite A &#8211; de longe, o mais frequente -, seguido pelos v\u00edrus da hepatite C e B. S\u00e3o os tr\u00eas v\u00edrus que agridem o f\u00edgado mais frequentes no nosso meio<\/em> &#8211; explica o m\u00e9dico Carlos Terra.<\/p>\n\n\n\n<p>Os casos de hepatite nem sempre apresentam sintomas. Quando estes podem estar presentes, o quadro se assemelha a uma t\u00edpica virose &#8211; como a apresentada por David Luiz nos \u00faltimos dias.<\/p>\n\n\n\n<p><em>\u2014 S\u00e3o os sintomas comuns a qualquer virose: dor pelo corpo, febre baixa, mal-estar, inapet\u00eancia\u2026 S\u00e3o sintomas muito frequentes. De forma mais espec\u00edfica, alguns pacientes podem apresentar icter\u00edcia, que se caracteriza pelos olhos amarelados, urina escura e fezes mais claras.<\/em><\/p>\n\n\n\n<h2 class=\"wp-block-heading\" id=\"h-tratamento-e-recuperacao\">Tratamento e recupera\u00e7\u00e3o<\/h2>\n\n\n\n<p>De acordo com o Globo Esporte, David Luiz apresenta o quadro de virose h\u00e1 duas semanas, mas os primeiros exames n\u00e3o apontaram nenhuma altera\u00e7\u00e3o importante.<\/p>\n\n\n\n<p>Carlos Terra explica que o diagn\u00f3stico da hepatite viral se d\u00e1 por meio de exames de sangue espec\u00edficos para determinar a presen\u00e7a de anticorpos, que o sistema imunol\u00f3gico do paciente produz contra o v\u00edrus.<\/p>\n\n\n\n<p>Nos casos agudos de hepatite viral &#8211; dos tipos A, B e C-, o quadro costuma ter uma evolu\u00e7\u00e3o natural benigna e n\u00e3o requer um tratamento espec\u00edfico. No caso de um atleta de alto n\u00edvel, como David Luiz, a indica\u00e7\u00e3o principal \u00e9 o repouso relativo.<\/p>\n\n\n\n<p><em>\u2014 N\u00e3o seria adequado que um paciente com hepatite aguda viral desempenhasse uma atividade f\u00edsica de alto rendimento. N\u00e3o h\u00e1 uma necessidade de repouso restrito no leito, mas a pr\u00e1tica esportiva em alto n\u00edvel n\u00e3o \u00e9 recomendada na fase aguda da doen\u00e7a.<\/em><\/p>\n\n\n\n<p>O tempo de recupera\u00e7\u00e3o do quadro de hepatite viral \u00e9 vari\u00e1vel. H\u00e1 pacientes que se recuperam em duas ou tr\u00eas semanas, mas h\u00e1 casos &#8211; menos frequentes &#8211; que podem se prolongar at\u00e9 seis meses.<\/p>\n\n\n\n<p><em>\u2014 Eu diria que em torno de duas, tr\u00eas semanas at\u00e9 dois meses seria o per\u00edodo de recupera\u00e7\u00e3o na imensa maioria dos pacientes<\/em> &#8211; explica o hepatologista.<\/p>\n\n\n\n<h2 class=\"wp-block-heading\" id=\"h-doenca-pode-afetar-o-dia-a-dia\">Doen\u00e7a pode afetar o dia a dia<\/h2>\n\n\n\n<p>Mesmo sem o diagn\u00f3stico definitivo, a tend\u00eancia \u00e9 que David Luiz seja preservado do jogo com o Botafogo, domingo, no Nilton Santos. A evolu\u00e7\u00e3o do quadro cl\u00ednico e dos sintomas definir\u00e3o se ele poder\u00e1 participar dos treinos no Ninho do Urubu nos pr\u00f3ximos dias.<\/p>\n\n\n\n<p>Carlos Terra ressalta que, se confirmado o quadro de hepatite viral, o atleta n\u00e3o deve realizar atividades f\u00edsicas extenuantes, sob o risco de agravar a doen\u00e7a.<\/p>\n\n\n\n<p><em>\u2014 Durante o transcurso de uma hepatite viral aguda, os pacientes podem ter sintomas, como mal-estar, enjoo, fraqueza\u2026 Com esses sintomas, ele n\u00e3o se sente bem para desempenhar as atividades. Caso ele tente, provavelmente o desempenho dele n\u00e3o ser\u00e1 adequado e estar\u00e1 correndo o risco de ter seu problema agravado.<\/em><\/p>\n\n\n\n<p>David Luiz realizar\u00e1 novos exames nesta sexta-feira, sob monitoramento do departamento m\u00e9dico do Flamengo. O clube deve se manifestar oficialmente sobre o tema apenas na segunda-feira, quando ter\u00e1 todos os resultados de maneira oficial.<\/p>\n\n\n\n<p>Retirado de: Lance<\/p>\n","protected":false},"excerpt":{"rendered":"<p>O Flamengo pode ter uma not\u00edcia ruim em meio ao bom momento na temporada. Substitu\u00eddo no intervalo da partida contra o S\u00e3o Paulo, nesta quarta-feira, o zagueiro David Luiz tem suspeita de hepatite viral e aguarda o resultado dos exames para ter o diagn\u00f3stico definitivo. Mas, afinal, o que \u00e9 essa doen\u00e7a? O jornal &#8216;Lance&#8217; [&hellip;]<\/p>\n","protected":false},"author":1,"featured_media":71285,"comment_status":"open","ping_status":"closed","sticky":false,"template":"","format":"standard","meta":{"footnotes":""},"categories":[1],"tags":[],"class_list":["post-86442","post","type-post","status-publish","format-standard","has-post-thumbnail","hentry","category-flamengo"],"yoast_head":"<!-- This site is optimized with the Yoast SEO Premium plugin v24.2 (Yoast SEO v26.9) - https:\/\/yoast.com\/product\/yoast-seo-premium-wordpress\/ -->\n<title>Especialista explica situa\u00e7\u00e3o de David Luiz, do Flamengo, e revela tempo de recupera\u00e7\u00e3o<\/title>\n<meta name=\"robots\" content=\"index, follow, max-snippet:-1, max-image-preview:large, max-video-preview:-1\" \/>\n<link rel=\"canonical\" href=\"https:\/\/www.gaveanews.com\/index.php\/2022\/08\/25\/especialista-explica-situacao-de-david-luiz-do-flamengo-e-revela-tempo-de-recuperacao\/\" \/>\n<meta property=\"og:locale\" content=\"pt_BR\" \/>\n<meta property=\"og:type\" content=\"article\" \/>\n<meta property=\"og:title\" content=\"Especialista explica situa\u00e7\u00e3o de David Luiz, do Flamengo, e revela tempo de recupera\u00e7\u00e3o\" \/>\n<meta property=\"og:description\" content=\"O Flamengo pode ter uma not\u00edcia ruim em meio ao bom momento na temporada. Substitu\u00eddo no intervalo da partida contra o S\u00e3o Paulo, nesta quarta-feira, o zagueiro David Luiz tem suspeita de hepatite viral e aguarda o resultado dos exames para ter o diagn\u00f3stico definitivo. Mas, afinal, o que \u00e9 essa doen\u00e7a? O jornal &#8216;Lance&#8217; [&hellip;]\" \/>\n<meta property=\"og:url\" content=\"https:\/\/www.gaveanews.com\/index.php\/2022\/08\/25\/especialista-explica-situacao-de-david-luiz-do-flamengo-e-revela-tempo-de-recuperacao\/\" \/>\n<meta property=\"og:site_name\" content=\"G\u00e1vea News\" \/>\n<meta property=\"article:publisher\" content=\"https:\/\/facebook.com\/gaveaNews\/\" \/>\n<meta property=\"article:published_time\" content=\"2022-08-26T02:32:33+00:00\" \/>\n<meta property=\"article:modified_time\" content=\"2022-08-26T02:32:37+00:00\" \/>\n<meta property=\"og:image\" content=\"https:\/\/www.gaveanews.com\/wp-content\/uploads\/David-Luiz-durante-o-jogo-entre-Flamengo-e-Atletico-GO-pelo-Campeonato-Brasileiro-de-2021.webp\" \/>\n\t<meta property=\"og:image:width\" content=\"799\" \/>\n\t<meta property=\"og:image:height\" content=\"533\" \/>\n\t<meta property=\"og:image:type\" content=\"image\/jpeg\" \/>\n<meta name=\"author\" content=\"Equipe G\u00e1vea News\" \/>\n<meta name=\"twitter:card\" content=\"summary_large_image\" \/>\n<meta name=\"twitter:label1\" content=\"Escrito por\" \/>\n\t<meta name=\"twitter:data1\" content=\"Equipe G\u00e1vea News\" \/>\n\t<meta name=\"twitter:label2\" content=\"Est. tempo de leitura\" \/>\n\t<meta name=\"twitter:data2\" content=\"4 minutos\" \/>\n<script type=\"application\/ld+json\" class=\"yoast-schema-graph\">{\"@context\":\"https:\/\/schema.org\",\"@graph\":[{\"@type\":\"NewsArticle\",\"@id\":\"https:\/\/www.gaveanews.com\/index.php\/2022\/08\/25\/especialista-explica-situacao-de-david-luiz-do-flamengo-e-revela-tempo-de-recuperacao\/#article\",\"isPartOf\":{\"@id\":\"https:\/\/www.gaveanews.com\/index.php\/2022\/08\/25\/especialista-explica-situacao-de-david-luiz-do-flamengo-e-revela-tempo-de-recuperacao\/\"},\"author\":{\"name\":\"Equipe G\u00e1vea News\",\"@id\":\"https:\/\/www.gaveanews.com\/#\/schema\/person\/2ec14f73fb96be2caf28f91afb14749d\"},\"headline\":\"Especialista explica situa\u00e7\u00e3o de David Luiz, do Flamengo, e revela tempo de recupera\u00e7\u00e3o\",\"datePublished\":\"2022-08-26T02:32:33+00:00\",\"dateModified\":\"2022-08-26T02:32:37+00:00\",\"mainEntityOfPage\":{\"@id\":\"https:\/\/www.gaveanews.com\/index.php\/2022\/08\/25\/especialista-explica-situacao-de-david-luiz-do-flamengo-e-revela-tempo-de-recuperacao\/\"},\"wordCount\":705,\"commentCount\":0,\"image\":{\"@id\":\"https:\/\/www.gaveanews.com\/index.php\/2022\/08\/25\/especialista-explica-situacao-de-david-luiz-do-flamengo-e-revela-tempo-de-recuperacao\/#primaryimage\"},\"thumbnailUrl\":\"https:\/\/www.gaveanews.com\/wp-content\/uploads\/David-Luiz-durante-o-jogo-entre-Flamengo-e-Atletico-GO-pelo-Campeonato-Brasileiro-de-2021.webp\",\"articleSection\":[\"Flamengo\"],\"inLanguage\":\"pt-BR\",\"potentialAction\":[{\"@type\":\"CommentAction\",\"name\":\"Comment\",\"target\":[\"https:\/\/www.gaveanews.com\/index.php\/2022\/08\/25\/especialista-explica-situacao-de-david-luiz-do-flamengo-e-revela-tempo-de-recuperacao\/#respond\"]}],\"copyrightYear\":\"2022\",\"copyrightHolder\":{\"@id\":\"https:\/\/www.gaveanews.com\/#organization\"}},{\"@type\":\"WebPage\",\"@id\":\"https:\/\/www.gaveanews.com\/index.php\/2022\/08\/25\/especialista-explica-situacao-de-david-luiz-do-flamengo-e-revela-tempo-de-recuperacao\/\",\"url\":\"https:\/\/www.gaveanews.com\/index.php\/2022\/08\/25\/especialista-explica-situacao-de-david-luiz-do-flamengo-e-revela-tempo-de-recuperacao\/\",\"name\":\"Especialista explica situa\u00e7\u00e3o de David Luiz, do Flamengo, e revela tempo de recupera\u00e7\u00e3o\",\"isPartOf\":{\"@id\":\"https:\/\/www.gaveanews.com\/#website\"},\"primaryImageOfPage\":{\"@id\":\"https:\/\/www.gaveanews.com\/index.php\/2022\/08\/25\/especialista-explica-situacao-de-david-luiz-do-flamengo-e-revela-tempo-de-recuperacao\/#primaryimage\"},\"image\":{\"@id\":\"https:\/\/www.gaveanews.com\/index.php\/2022\/08\/25\/especialista-explica-situacao-de-david-luiz-do-flamengo-e-revela-tempo-de-recuperacao\/#primaryimage\"},\"thumbnailUrl\":\"https:\/\/www.gaveanews.com\/wp-content\/uploads\/David-Luiz-durante-o-jogo-entre-Flamengo-e-Atletico-GO-pelo-Campeonato-Brasileiro-de-2021.webp\",\"datePublished\":\"2022-08-26T02:32:33+00:00\",\"dateModified\":\"2022-08-26T02:32:37+00:00\",\"author\":{\"@id\":\"https:\/\/www.gaveanews.com\/#\/schema\/person\/2ec14f73fb96be2caf28f91afb14749d\"},\"breadcrumb\":{\"@id\":\"https:\/\/www.gaveanews.com\/index.php\/2022\/08\/25\/especialista-explica-situacao-de-david-luiz-do-flamengo-e-revela-tempo-de-recuperacao\/#breadcrumb\"},\"inLanguage\":\"pt-BR\",\"potentialAction\":[{\"@type\":\"ReadAction\",\"target\":[\"https:\/\/www.gaveanews.com\/index.php\/2022\/08\/25\/especialista-explica-situacao-de-david-luiz-do-flamengo-e-revela-tempo-de-recuperacao\/\"]}]},{\"@type\":\"ImageObject\",\"inLanguage\":\"pt-BR\",\"@id\":\"https:\/\/www.gaveanews.com\/index.php\/2022\/08\/25\/especialista-explica-situacao-de-david-luiz-do-flamengo-e-revela-tempo-de-recuperacao\/#primaryimage\",\"url\":\"https:\/\/www.gaveanews.com\/wp-content\/uploads\/David-Luiz-durante-o-jogo-entre-Flamengo-e-Atletico-GO-pelo-Campeonato-Brasileiro-de-2021.webp\",\"contentUrl\":\"https:\/\/www.gaveanews.com\/wp-content\/uploads\/David-Luiz-durante-o-jogo-entre-Flamengo-e-Atletico-GO-pelo-Campeonato-Brasileiro-de-2021.webp\",\"width\":799,\"height\":533,\"caption\":\"David Luiz durante o jogo entre Flamengo e Atl\u00e9tico-GO pelo Campeonato Brasileiro de 2021 (Foto: Alexandre Vidal\/Flamengo)\"},{\"@type\":\"BreadcrumbList\",\"@id\":\"https:\/\/www.gaveanews.com\/index.php\/2022\/08\/25\/especialista-explica-situacao-de-david-luiz-do-flamengo-e-revela-tempo-de-recuperacao\/#breadcrumb\",\"itemListElement\":[{\"@type\":\"ListItem\",\"position\":1,\"name\":\"Home\",\"item\":\"https:\/\/www.gaveanews.com\/\"},{\"@type\":\"ListItem\",\"position\":2,\"name\":\"Especialista explica situa\u00e7\u00e3o de David Luiz, do Flamengo, e revela tempo de recupera\u00e7\u00e3o\"}]},{\"@type\":\"WebSite\",\"@id\":\"https:\/\/www.gaveanews.com\/#website\",\"url\":\"https:\/\/www.gaveanews.com\/\",\"name\":\"G\u00e1vea News\",\"description\":\"Veja todas as not\u00edcias sobre o Flamengo: Contrata\u00e7\u00f5es, categorias de base, resultados das partidas, tabela de classifica\u00e7\u00e3o, pr\u00f3ximos jogos!\",\"potentialAction\":[{\"@type\":\"SearchAction\",\"target\":{\"@type\":\"EntryPoint\",\"urlTemplate\":\"https:\/\/www.gaveanews.com\/?s={search_term_string}\"},\"query-input\":{\"@type\":\"PropertyValueSpecification\",\"valueRequired\":true,\"valueName\":\"search_term_string\"}}],\"inLanguage\":\"pt-BR\"},{\"@type\":\"Person\",\"@id\":\"https:\/\/www.gaveanews.com\/#\/schema\/person\/2ec14f73fb96be2caf28f91afb14749d\",\"name\":\"Equipe G\u00e1vea News\",\"image\":{\"@type\":\"ImageObject\",\"inLanguage\":\"pt-BR\",\"@id\":\"https:\/\/www.gaveanews.com\/#\/schema\/person\/image\/\",\"url\":\"https:\/\/secure.gravatar.com\/avatar\/1e1956f1facbffd3f8fa53a326721950116b3b9dc9bd44939c01180fd4a745a9?s=96&d=mm&r=g\",\"contentUrl\":\"https:\/\/secure.gravatar.com\/avatar\/1e1956f1facbffd3f8fa53a326721950116b3b9dc9bd44939c01180fd4a745a9?s=96&d=mm&r=g\",\"caption\":\"Equipe G\u00e1vea News\"}}]}<\/script>\n<!-- \/ Yoast SEO Premium plugin. -->","yoast_head_json":{"title":"Especialista explica situa\u00e7\u00e3o de David Luiz, do Flamengo, e revela tempo de recupera\u00e7\u00e3o","robots":{"index":"index","follow":"follow","max-snippet":"max-snippet:-1","max-image-preview":"max-image-preview:large","max-video-preview":"max-video-preview:-1"},"canonical":"https:\/\/www.gaveanews.com\/index.php\/2022\/08\/25\/especialista-explica-situacao-de-david-luiz-do-flamengo-e-revela-tempo-de-recuperacao\/","og_locale":"pt_BR","og_type":"article","og_title":"Especialista explica situa\u00e7\u00e3o de David Luiz, do Flamengo, e revela tempo de recupera\u00e7\u00e3o","og_description":"O Flamengo pode ter uma not\u00edcia ruim em meio ao bom momento na temporada. Substitu\u00eddo no intervalo da partida contra o S\u00e3o Paulo, nesta quarta-feira, o zagueiro David Luiz tem suspeita de hepatite viral e aguarda o resultado dos exames para ter o diagn\u00f3stico definitivo. Mas, afinal, o que \u00e9 essa doen\u00e7a? O jornal &#8216;Lance&#8217; [&hellip;]","og_url":"https:\/\/www.gaveanews.com\/index.php\/2022\/08\/25\/especialista-explica-situacao-de-david-luiz-do-flamengo-e-revela-tempo-de-recuperacao\/","og_site_name":"G\u00e1vea News","article_publisher":"https:\/\/facebook.com\/gaveaNews\/","article_published_time":"2022-08-26T02:32:33+00:00","article_modified_time":"2022-08-26T02:32:37+00:00","og_image":[{"width":799,"height":533,"url":"https:\/\/www.gaveanews.com\/wp-content\/uploads\/David-Luiz-durante-o-jogo-entre-Flamengo-e-Atletico-GO-pelo-Campeonato-Brasileiro-de-2021.webp","type":"image\/jpeg"}],"author":"Equipe G\u00e1vea News","twitter_card":"summary_large_image","twitter_misc":{"Escrito por":"Equipe G\u00e1vea News","Est. tempo de leitura":"4 minutos"},"schema":{"@context":"https:\/\/schema.org","@graph":[{"@type":"NewsArticle","@id":"https:\/\/www.gaveanews.com\/index.php\/2022\/08\/25\/especialista-explica-situacao-de-david-luiz-do-flamengo-e-revela-tempo-de-recuperacao\/#article","isPartOf":{"@id":"https:\/\/www.gaveanews.com\/index.php\/2022\/08\/25\/especialista-explica-situacao-de-david-luiz-do-flamengo-e-revela-tempo-de-recuperacao\/"},"author":{"name":"Equipe G\u00e1vea News","@id":"https:\/\/www.gaveanews.com\/#\/schema\/person\/2ec14f73fb96be2caf28f91afb14749d"},"headline":"Especialista explica situa\u00e7\u00e3o de David Luiz, do Flamengo, e revela tempo de recupera\u00e7\u00e3o","datePublished":"2022-08-26T02:32:33+00:00","dateModified":"2022-08-26T02:32:37+00:00","mainEntityOfPage":{"@id":"https:\/\/www.gaveanews.com\/index.php\/2022\/08\/25\/especialista-explica-situacao-de-david-luiz-do-flamengo-e-revela-tempo-de-recuperacao\/"},"wordCount":705,"commentCount":0,"image":{"@id":"https:\/\/www.gaveanews.com\/index.php\/2022\/08\/25\/especialista-explica-situacao-de-david-luiz-do-flamengo-e-revela-tempo-de-recuperacao\/#primaryimage"},"thumbnailUrl":"https:\/\/www.gaveanews.com\/wp-content\/uploads\/David-Luiz-durante-o-jogo-entre-Flamengo-e-Atletico-GO-pelo-Campeonato-Brasileiro-de-2021.webp","articleSection":["Flamengo"],"inLanguage":"pt-BR","potentialAction":[{"@type":"CommentAction","name":"Comment","target":["https:\/\/www.gaveanews.com\/index.php\/2022\/08\/25\/especialista-explica-situacao-de-david-luiz-do-flamengo-e-revela-tempo-de-recuperacao\/#respond"]}],"copyrightYear":"2022","copyrightHolder":{"@id":"https:\/\/www.gaveanews.com\/#organization"}},{"@type":"WebPage","@id":"https:\/\/www.gaveanews.com\/index.php\/2022\/08\/25\/especialista-explica-situacao-de-david-luiz-do-flamengo-e-revela-tempo-de-recuperacao\/","url":"https:\/\/www.gaveanews.com\/index.php\/2022\/08\/25\/especialista-explica-situacao-de-david-luiz-do-flamengo-e-revela-tempo-de-recuperacao\/","name":"Especialista explica situa\u00e7\u00e3o de David Luiz, do Flamengo, e revela tempo de recupera\u00e7\u00e3o","isPartOf":{"@id":"https:\/\/www.gaveanews.com\/#website"},"primaryImageOfPage":{"@id":"https:\/\/www.gaveanews.com\/index.php\/2022\/08\/25\/especialista-explica-situacao-de-david-luiz-do-flamengo-e-revela-tempo-de-recuperacao\/#primaryimage"},"image":{"@id":"https:\/\/www.gaveanews.com\/index.php\/2022\/08\/25\/especialista-explica-situacao-de-david-luiz-do-flamengo-e-revela-tempo-de-recuperacao\/#primaryimage"},"thumbnailUrl":"https:\/\/www.gaveanews.com\/wp-content\/uploads\/David-Luiz-durante-o-jogo-entre-Flamengo-e-Atletico-GO-pelo-Campeonato-Brasileiro-de-2021.webp","datePublished":"2022-08-26T02:32:33+00:00","dateModified":"2022-08-26T02:32:37+00:00","author":{"@id":"https:\/\/www.gaveanews.com\/#\/schema\/person\/2ec14f73fb96be2caf28f91afb14749d"},"breadcrumb":{"@id":"https:\/\/www.gaveanews.com\/index.php\/2022\/08\/25\/especialista-explica-situacao-de-david-luiz-do-flamengo-e-revela-tempo-de-recuperacao\/#breadcrumb"},"inLanguage":"pt-BR","potentialAction":[{"@type":"ReadAction","target":["https:\/\/www.gaveanews.com\/index.php\/2022\/08\/25\/especialista-explica-situacao-de-david-luiz-do-flamengo-e-revela-tempo-de-recuperacao\/"]}]},{"@type":"ImageObject","inLanguage":"pt-BR","@id":"https:\/\/www.gaveanews.com\/index.php\/2022\/08\/25\/especialista-explica-situacao-de-david-luiz-do-flamengo-e-revela-tempo-de-recuperacao\/#primaryimage","url":"https:\/\/www.gaveanews.com\/wp-content\/uploads\/David-Luiz-durante-o-jogo-entre-Flamengo-e-Atletico-GO-pelo-Campeonato-Brasileiro-de-2021.webp","contentUrl":"https:\/\/www.gaveanews.com\/wp-content\/uploads\/David-Luiz-durante-o-jogo-entre-Flamengo-e-Atletico-GO-pelo-Campeonato-Brasileiro-de-2021.webp","width":799,"height":533,"caption":"David Luiz durante o jogo entre Flamengo e Atl\u00e9tico-GO pelo Campeonato Brasileiro de 2021 (Foto: Alexandre Vidal\/Flamengo)"},{"@type":"BreadcrumbList","@id":"https:\/\/www.gaveanews.com\/index.php\/2022\/08\/25\/especialista-explica-situacao-de-david-luiz-do-flamengo-e-revela-tempo-de-recuperacao\/#breadcrumb","itemListElement":[{"@type":"ListItem","position":1,"name":"Home","item":"https:\/\/www.gaveanews.com\/"},{"@type":"ListItem","position":2,"name":"Especialista explica situa\u00e7\u00e3o de David Luiz, do Flamengo, e revela tempo de recupera\u00e7\u00e3o"}]},{"@type":"WebSite","@id":"https:\/\/www.gaveanews.com\/#website","url":"https:\/\/www.gaveanews.com\/","name":"G\u00e1vea News","description":"Veja todas as not\u00edcias sobre o Flamengo: Contrata\u00e7\u00f5es, categorias de base, resultados das partidas, tabela de classifica\u00e7\u00e3o, pr\u00f3ximos jogos!","potentialAction":[{"@type":"SearchAction","target":{"@type":"EntryPoint","urlTemplate":"https:\/\/www.gaveanews.com\/?s={search_term_string}"},"query-input":{"@type":"PropertyValueSpecification","valueRequired":true,"valueName":"search_term_string"}}],"inLanguage":"pt-BR"},{"@type":"Person","@id":"https:\/\/www.gaveanews.com\/#\/schema\/person\/2ec14f73fb96be2caf28f91afb14749d","name":"Equipe G\u00e1vea News","image":{"@type":"ImageObject","inLanguage":"pt-BR","@id":"https:\/\/www.gaveanews.com\/#\/schema\/person\/image\/","url":"https:\/\/secure.gravatar.com\/avatar\/1e1956f1facbffd3f8fa53a326721950116b3b9dc9bd44939c01180fd4a745a9?s=96&d=mm&r=g","contentUrl":"https:\/\/secure.gravatar.com\/avatar\/1e1956f1facbffd3f8fa53a326721950116b3b9dc9bd44939c01180fd4a745a9?s=96&d=mm&r=g","caption":"Equipe G\u00e1vea News"}}]}},"_links":{"self":[{"href":"https:\/\/www.gaveanews.com\/index.php\/wp-json\/wp\/v2\/posts\/86442","targetHints":{"allow":["GET"]}}],"collection":[{"href":"https:\/\/www.gaveanews.com\/index.php\/wp-json\/wp\/v2\/posts"}],"about":[{"href":"https:\/\/www.gaveanews.com\/index.php\/wp-json\/wp\/v2\/types\/post"}],"author":[{"embeddable":true,"href":"https:\/\/www.gaveanews.com\/index.php\/wp-json\/wp\/v2\/users\/1"}],"replies":[{"embeddable":true,"href":"https:\/\/www.gaveanews.com\/index.php\/wp-json\/wp\/v2\/comments?post=86442"}],"version-history":[{"count":0,"href":"https:\/\/www.gaveanews.com\/index.php\/wp-json\/wp\/v2\/posts\/86442\/revisions"}],"wp:featuredmedia":[{"embeddable":true,"href":"https:\/\/www.gaveanews.com\/index.php\/wp-json\/wp\/v2\/media\/71285"}],"wp:attachment":[{"href":"https:\/\/www.gaveanews.com\/index.php\/wp-json\/wp\/v2\/media?parent=86442"}],"wp:term":[{"taxonomy":"category","embeddable":true,"href":"https:\/\/www.gaveanews.com\/index.php\/wp-json\/wp\/v2\/categories?post=86442"},{"taxonomy":"post_tag","embeddable":true,"href":"https:\/\/www.gaveanews.com\/index.php\/wp-json\/wp\/v2\/tags?post=86442"}],"curies":[{"name":"wp","href":"https:\/\/api.w.org\/{rel}","templated":true}]}}