{"id":86447,"date":"2022-08-26T00:06:46","date_gmt":"2022-08-26T03:06:46","guid":{"rendered":"https:\/\/www.gaveanews.com\/?p=86447"},"modified":"2022-08-26T00:06:49","modified_gmt":"2022-08-26T03:06:49","slug":"ex-flamengo-andreas-pereira-elogia-dorival-junior-e-alfineta-paulo-sousa","status":"publish","type":"post","link":"https:\/\/www.gaveanews.com\/index.php\/2022\/08\/26\/ex-flamengo-andreas-pereira-elogia-dorival-junior-e-alfineta-paulo-sousa\/","title":{"rendered":"Ex-Flamengo, Andreas Pereira elogia Dorival Junior e alfineta Paulo Sousa"},"content":{"rendered":"\n<p>Andreas Pereira deixou o Flamengo recentemente e mesmo atuando no futebol ingl\u00eas continua observando o clube carioca. O jogador, de 26 anos, afirmou que a sua hist\u00f3ria no clube carioca poderia ter sido outra, caso Dorival J\u00fanior tivesse assumido o comando do Rubro-Negro no come\u00e7o do ano.<\/p>\n\n\n\n<p><em>\u2014 Acho que (o futuro) poderia ser diferente (se Dorival tivesse chegado antes). Desde o primeiro dia que o Dorival chegou, ele j\u00e1 deixou bem claro que queria que eu ficasse. Ele me deu uma sensa\u00e7\u00e3o de paz, de ficar tranquilo, comecei a jogar melhor. Acho que poderia ter sido diferente se ele chegasse no in\u00edcio da temporada, mas, infelizmente, chegou s\u00f3 no finalzinho. Passei s\u00f3 duas, tr\u00eas semanas, que foram incr\u00edveis<\/em>, explicou Andreas em entrevista \u00e0 &#8220;ESPN&#8221;.<\/p>\n\n\n\n<p>Andreas Pereira tamb\u00e9m abordou o trabalho de Paulo Sousa. Apesar de elogiar a capacidade do portugu\u00eas, o meia afirmou que o ex-treinador do Flamengo tinha uma for\u00e7a de pensar futebol bem diferente da dele.<\/p>\n\n\n\n<p><em>\u2014 O Paulo Sousa foi mais dif\u00edcil. \u00c9 um \u00f3timo professor, mas n\u00e3o pensava da mesma forma que eu pensava sobre futebol. E a\u00ed quando as mentes n\u00e3o batem, pode ser mais dif\u00edcil. Eu respeito o trabalho dele, ele sempre me respeitou tamb\u00e9m, mas com o Dorival eu tive essa conex\u00e3o desde a primeira conversa, voc\u00ea sabe que \u00e9 a mesma cabe\u00e7a, mesma forma de pensar, de jogar, a\u00ed fica mais f\u00e1cil<\/em>, concluiu.<\/p>\n\n\n\n<p>Retirado de: O Dia<\/p>\n","protected":false},"excerpt":{"rendered":"<p>Andreas Pereira deixou o Flamengo recentemente e mesmo atuando no futebol ingl\u00eas continua observando o clube carioca. O jogador, de 26 anos, afirmou que a sua hist\u00f3ria no clube carioca poderia ter sido outra, caso Dorival J\u00fanior tivesse assumido o comando do Rubro-Negro no come\u00e7o do ano. \u2014 Acho que (o futuro) poderia ser diferente [&hellip;]<\/p>\n","protected":false},"author":1,"featured_media":81843,"comment_status":"open","ping_status":"closed","sticky":false,"template":"","format":"standard","meta":{"footnotes":""},"categories":[1],"tags":[],"class_list":["post-86447","post","type-post","status-publish","format-standard","has-post-thumbnail","hentry","category-flamengo"],"yoast_head":"<!-- This site is optimized with the Yoast SEO Premium plugin v24.2 (Yoast SEO v26.9) - https:\/\/yoast.com\/product\/yoast-seo-premium-wordpress\/ -->\n<title>Ex-Flamengo, Andreas Pereira elogia Dorival Junior e alfineta Paulo Sousa<\/title>\n<meta name=\"robots\" content=\"index, follow, max-snippet:-1, max-image-preview:large, max-video-preview:-1\" \/>\n<link rel=\"canonical\" href=\"https:\/\/www.gaveanews.com\/index.php\/2022\/08\/26\/ex-flamengo-andreas-pereira-elogia-dorival-junior-e-alfineta-paulo-sousa\/\" \/>\n<meta property=\"og:locale\" content=\"pt_BR\" \/>\n<meta property=\"og:type\" content=\"article\" \/>\n<meta property=\"og:title\" content=\"Ex-Flamengo, Andreas Pereira elogia Dorival Junior e alfineta Paulo Sousa\" \/>\n<meta property=\"og:description\" content=\"Andreas Pereira deixou o Flamengo recentemente e mesmo atuando no futebol ingl\u00eas continua observando o clube carioca. O jogador, de 26 anos, afirmou que a sua hist\u00f3ria no clube carioca poderia ter sido outra, caso Dorival J\u00fanior tivesse assumido o comando do Rubro-Negro no come\u00e7o do ano. \u2014 Acho que (o futuro) poderia ser diferente [&hellip;]\" \/>\n<meta property=\"og:url\" content=\"https:\/\/www.gaveanews.com\/index.php\/2022\/08\/26\/ex-flamengo-andreas-pereira-elogia-dorival-junior-e-alfineta-paulo-sousa\/\" \/>\n<meta property=\"og:site_name\" content=\"G\u00e1vea News\" \/>\n<meta property=\"article:publisher\" content=\"https:\/\/facebook.com\/gaveaNews\/\" \/>\n<meta property=\"article:published_time\" content=\"2022-08-26T03:06:46+00:00\" \/>\n<meta property=\"article:modified_time\" content=\"2022-08-26T03:06:49+00:00\" \/>\n<meta property=\"og:image\" content=\"https:\/\/www.gaveanews.com\/wp-content\/uploads\/Bruno-Henrique-Andreas-e-Arrascaeta-em-jogo-do-Flamengo-no-Maracana.webp\" \/>\n\t<meta property=\"og:image:width\" content=\"799\" \/>\n\t<meta property=\"og:image:height\" content=\"533\" \/>\n\t<meta property=\"og:image:type\" content=\"image\/jpeg\" \/>\n<meta name=\"author\" content=\"Equipe G\u00e1vea News\" \/>\n<meta name=\"twitter:card\" content=\"summary_large_image\" \/>\n<meta name=\"twitter:label1\" content=\"Escrito por\" \/>\n\t<meta name=\"twitter:data1\" content=\"Equipe G\u00e1vea News\" \/>\n\t<meta name=\"twitter:label2\" content=\"Est. tempo de leitura\" \/>\n\t<meta name=\"twitter:data2\" content=\"2 minutos\" \/>\n<script type=\"application\/ld+json\" class=\"yoast-schema-graph\">{\"@context\":\"https:\/\/schema.org\",\"@graph\":[{\"@type\":\"NewsArticle\",\"@id\":\"https:\/\/www.gaveanews.com\/index.php\/2022\/08\/26\/ex-flamengo-andreas-pereira-elogia-dorival-junior-e-alfineta-paulo-sousa\/#article\",\"isPartOf\":{\"@id\":\"https:\/\/www.gaveanews.com\/index.php\/2022\/08\/26\/ex-flamengo-andreas-pereira-elogia-dorival-junior-e-alfineta-paulo-sousa\/\"},\"author\":{\"name\":\"Equipe G\u00e1vea News\",\"@id\":\"https:\/\/www.gaveanews.com\/#\/schema\/person\/2ec14f73fb96be2caf28f91afb14749d\"},\"headline\":\"Ex-Flamengo, Andreas Pereira elogia Dorival Junior e alfineta Paulo Sousa\",\"datePublished\":\"2022-08-26T03:06:46+00:00\",\"dateModified\":\"2022-08-26T03:06:49+00:00\",\"mainEntityOfPage\":{\"@id\":\"https:\/\/www.gaveanews.com\/index.php\/2022\/08\/26\/ex-flamengo-andreas-pereira-elogia-dorival-junior-e-alfineta-paulo-sousa\/\"},\"wordCount\":259,\"commentCount\":0,\"image\":{\"@id\":\"https:\/\/www.gaveanews.com\/index.php\/2022\/08\/26\/ex-flamengo-andreas-pereira-elogia-dorival-junior-e-alfineta-paulo-sousa\/#primaryimage\"},\"thumbnailUrl\":\"https:\/\/www.gaveanews.com\/wp-content\/uploads\/Bruno-Henrique-Andreas-e-Arrascaeta-em-jogo-do-Flamengo-no-Maracana.webp\",\"articleSection\":[\"Flamengo\"],\"inLanguage\":\"pt-BR\",\"potentialAction\":[{\"@type\":\"CommentAction\",\"name\":\"Comment\",\"target\":[\"https:\/\/www.gaveanews.com\/index.php\/2022\/08\/26\/ex-flamengo-andreas-pereira-elogia-dorival-junior-e-alfineta-paulo-sousa\/#respond\"]}],\"copyrightYear\":\"2022\",\"copyrightHolder\":{\"@id\":\"https:\/\/www.gaveanews.com\/#organization\"}},{\"@type\":\"WebPage\",\"@id\":\"https:\/\/www.gaveanews.com\/index.php\/2022\/08\/26\/ex-flamengo-andreas-pereira-elogia-dorival-junior-e-alfineta-paulo-sousa\/\",\"url\":\"https:\/\/www.gaveanews.com\/index.php\/2022\/08\/26\/ex-flamengo-andreas-pereira-elogia-dorival-junior-e-alfineta-paulo-sousa\/\",\"name\":\"Ex-Flamengo, Andreas Pereira elogia Dorival Junior e alfineta Paulo Sousa\",\"isPartOf\":{\"@id\":\"https:\/\/www.gaveanews.com\/#website\"},\"primaryImageOfPage\":{\"@id\":\"https:\/\/www.gaveanews.com\/index.php\/2022\/08\/26\/ex-flamengo-andreas-pereira-elogia-dorival-junior-e-alfineta-paulo-sousa\/#primaryimage\"},\"image\":{\"@id\":\"https:\/\/www.gaveanews.com\/index.php\/2022\/08\/26\/ex-flamengo-andreas-pereira-elogia-dorival-junior-e-alfineta-paulo-sousa\/#primaryimage\"},\"thumbnailUrl\":\"https:\/\/www.gaveanews.com\/wp-content\/uploads\/Bruno-Henrique-Andreas-e-Arrascaeta-em-jogo-do-Flamengo-no-Maracana.webp\",\"datePublished\":\"2022-08-26T03:06:46+00:00\",\"dateModified\":\"2022-08-26T03:06:49+00:00\",\"author\":{\"@id\":\"https:\/\/www.gaveanews.com\/#\/schema\/person\/2ec14f73fb96be2caf28f91afb14749d\"},\"breadcrumb\":{\"@id\":\"https:\/\/www.gaveanews.com\/index.php\/2022\/08\/26\/ex-flamengo-andreas-pereira-elogia-dorival-junior-e-alfineta-paulo-sousa\/#breadcrumb\"},\"inLanguage\":\"pt-BR\",\"potentialAction\":[{\"@type\":\"ReadAction\",\"target\":[\"https:\/\/www.gaveanews.com\/index.php\/2022\/08\/26\/ex-flamengo-andreas-pereira-elogia-dorival-junior-e-alfineta-paulo-sousa\/\"]}]},{\"@type\":\"ImageObject\",\"inLanguage\":\"pt-BR\",\"@id\":\"https:\/\/www.gaveanews.com\/index.php\/2022\/08\/26\/ex-flamengo-andreas-pereira-elogia-dorival-junior-e-alfineta-paulo-sousa\/#primaryimage\",\"url\":\"https:\/\/www.gaveanews.com\/wp-content\/uploads\/Bruno-Henrique-Andreas-e-Arrascaeta-em-jogo-do-Flamengo-no-Maracana.webp\",\"contentUrl\":\"https:\/\/www.gaveanews.com\/wp-content\/uploads\/Bruno-Henrique-Andreas-e-Arrascaeta-em-jogo-do-Flamengo-no-Maracana.webp\",\"width\":799,\"height\":533,\"caption\":\"Bruno Henrique, Andreas e Arrascaeta em jogo do Flamengo no Maracan\u00e3 (Foto: Alexandre Vidal\/Flamengo)\"},{\"@type\":\"BreadcrumbList\",\"@id\":\"https:\/\/www.gaveanews.com\/index.php\/2022\/08\/26\/ex-flamengo-andreas-pereira-elogia-dorival-junior-e-alfineta-paulo-sousa\/#breadcrumb\",\"itemListElement\":[{\"@type\":\"ListItem\",\"position\":1,\"name\":\"Home\",\"item\":\"https:\/\/www.gaveanews.com\/\"},{\"@type\":\"ListItem\",\"position\":2,\"name\":\"Ex-Flamengo, Andreas Pereira elogia Dorival Junior e alfineta Paulo Sousa\"}]},{\"@type\":\"WebSite\",\"@id\":\"https:\/\/www.gaveanews.com\/#website\",\"url\":\"https:\/\/www.gaveanews.com\/\",\"name\":\"G\u00e1vea News\",\"description\":\"Veja todas as not\u00edcias sobre o Flamengo: Contrata\u00e7\u00f5es, categorias de base, resultados das partidas, tabela de classifica\u00e7\u00e3o, pr\u00f3ximos jogos!\",\"potentialAction\":[{\"@type\":\"SearchAction\",\"target\":{\"@type\":\"EntryPoint\",\"urlTemplate\":\"https:\/\/www.gaveanews.com\/?s={search_term_string}\"},\"query-input\":{\"@type\":\"PropertyValueSpecification\",\"valueRequired\":true,\"valueName\":\"search_term_string\"}}],\"inLanguage\":\"pt-BR\"},{\"@type\":\"Person\",\"@id\":\"https:\/\/www.gaveanews.com\/#\/schema\/person\/2ec14f73fb96be2caf28f91afb14749d\",\"name\":\"Equipe G\u00e1vea News\",\"image\":{\"@type\":\"ImageObject\",\"inLanguage\":\"pt-BR\",\"@id\":\"https:\/\/www.gaveanews.com\/#\/schema\/person\/image\/\",\"url\":\"https:\/\/secure.gravatar.com\/avatar\/1e1956f1facbffd3f8fa53a326721950116b3b9dc9bd44939c01180fd4a745a9?s=96&d=mm&r=g\",\"contentUrl\":\"https:\/\/secure.gravatar.com\/avatar\/1e1956f1facbffd3f8fa53a326721950116b3b9dc9bd44939c01180fd4a745a9?s=96&d=mm&r=g\",\"caption\":\"Equipe G\u00e1vea News\"}}]}<\/script>\n<!-- \/ Yoast SEO Premium plugin. -->","yoast_head_json":{"title":"Ex-Flamengo, Andreas Pereira elogia Dorival Junior e alfineta Paulo Sousa","robots":{"index":"index","follow":"follow","max-snippet":"max-snippet:-1","max-image-preview":"max-image-preview:large","max-video-preview":"max-video-preview:-1"},"canonical":"https:\/\/www.gaveanews.com\/index.php\/2022\/08\/26\/ex-flamengo-andreas-pereira-elogia-dorival-junior-e-alfineta-paulo-sousa\/","og_locale":"pt_BR","og_type":"article","og_title":"Ex-Flamengo, Andreas Pereira elogia Dorival Junior e alfineta Paulo Sousa","og_description":"Andreas Pereira deixou o Flamengo recentemente e mesmo atuando no futebol ingl\u00eas continua observando o clube carioca. O jogador, de 26 anos, afirmou que a sua hist\u00f3ria no clube carioca poderia ter sido outra, caso Dorival J\u00fanior tivesse assumido o comando do Rubro-Negro no come\u00e7o do ano. \u2014 Acho que (o futuro) poderia ser diferente [&hellip;]","og_url":"https:\/\/www.gaveanews.com\/index.php\/2022\/08\/26\/ex-flamengo-andreas-pereira-elogia-dorival-junior-e-alfineta-paulo-sousa\/","og_site_name":"G\u00e1vea News","article_publisher":"https:\/\/facebook.com\/gaveaNews\/","article_published_time":"2022-08-26T03:06:46+00:00","article_modified_time":"2022-08-26T03:06:49+00:00","og_image":[{"width":799,"height":533,"url":"https:\/\/www.gaveanews.com\/wp-content\/uploads\/Bruno-Henrique-Andreas-e-Arrascaeta-em-jogo-do-Flamengo-no-Maracana.webp","type":"image\/jpeg"}],"author":"Equipe G\u00e1vea News","twitter_card":"summary_large_image","twitter_misc":{"Escrito por":"Equipe G\u00e1vea News","Est. tempo de leitura":"2 minutos"},"schema":{"@context":"https:\/\/schema.org","@graph":[{"@type":"NewsArticle","@id":"https:\/\/www.gaveanews.com\/index.php\/2022\/08\/26\/ex-flamengo-andreas-pereira-elogia-dorival-junior-e-alfineta-paulo-sousa\/#article","isPartOf":{"@id":"https:\/\/www.gaveanews.com\/index.php\/2022\/08\/26\/ex-flamengo-andreas-pereira-elogia-dorival-junior-e-alfineta-paulo-sousa\/"},"author":{"name":"Equipe G\u00e1vea News","@id":"https:\/\/www.gaveanews.com\/#\/schema\/person\/2ec14f73fb96be2caf28f91afb14749d"},"headline":"Ex-Flamengo, Andreas Pereira elogia Dorival Junior e alfineta Paulo Sousa","datePublished":"2022-08-26T03:06:46+00:00","dateModified":"2022-08-26T03:06:49+00:00","mainEntityOfPage":{"@id":"https:\/\/www.gaveanews.com\/index.php\/2022\/08\/26\/ex-flamengo-andreas-pereira-elogia-dorival-junior-e-alfineta-paulo-sousa\/"},"wordCount":259,"commentCount":0,"image":{"@id":"https:\/\/www.gaveanews.com\/index.php\/2022\/08\/26\/ex-flamengo-andreas-pereira-elogia-dorival-junior-e-alfineta-paulo-sousa\/#primaryimage"},"thumbnailUrl":"https:\/\/www.gaveanews.com\/wp-content\/uploads\/Bruno-Henrique-Andreas-e-Arrascaeta-em-jogo-do-Flamengo-no-Maracana.webp","articleSection":["Flamengo"],"inLanguage":"pt-BR","potentialAction":[{"@type":"CommentAction","name":"Comment","target":["https:\/\/www.gaveanews.com\/index.php\/2022\/08\/26\/ex-flamengo-andreas-pereira-elogia-dorival-junior-e-alfineta-paulo-sousa\/#respond"]}],"copyrightYear":"2022","copyrightHolder":{"@id":"https:\/\/www.gaveanews.com\/#organization"}},{"@type":"WebPage","@id":"https:\/\/www.gaveanews.com\/index.php\/2022\/08\/26\/ex-flamengo-andreas-pereira-elogia-dorival-junior-e-alfineta-paulo-sousa\/","url":"https:\/\/www.gaveanews.com\/index.php\/2022\/08\/26\/ex-flamengo-andreas-pereira-elogia-dorival-junior-e-alfineta-paulo-sousa\/","name":"Ex-Flamengo, Andreas Pereira elogia Dorival Junior e alfineta Paulo Sousa","isPartOf":{"@id":"https:\/\/www.gaveanews.com\/#website"},"primaryImageOfPage":{"@id":"https:\/\/www.gaveanews.com\/index.php\/2022\/08\/26\/ex-flamengo-andreas-pereira-elogia-dorival-junior-e-alfineta-paulo-sousa\/#primaryimage"},"image":{"@id":"https:\/\/www.gaveanews.com\/index.php\/2022\/08\/26\/ex-flamengo-andreas-pereira-elogia-dorival-junior-e-alfineta-paulo-sousa\/#primaryimage"},"thumbnailUrl":"https:\/\/www.gaveanews.com\/wp-content\/uploads\/Bruno-Henrique-Andreas-e-Arrascaeta-em-jogo-do-Flamengo-no-Maracana.webp","datePublished":"2022-08-26T03:06:46+00:00","dateModified":"2022-08-26T03:06:49+00:00","author":{"@id":"https:\/\/www.gaveanews.com\/#\/schema\/person\/2ec14f73fb96be2caf28f91afb14749d"},"breadcrumb":{"@id":"https:\/\/www.gaveanews.com\/index.php\/2022\/08\/26\/ex-flamengo-andreas-pereira-elogia-dorival-junior-e-alfineta-paulo-sousa\/#breadcrumb"},"inLanguage":"pt-BR","potentialAction":[{"@type":"ReadAction","target":["https:\/\/www.gaveanews.com\/index.php\/2022\/08\/26\/ex-flamengo-andreas-pereira-elogia-dorival-junior-e-alfineta-paulo-sousa\/"]}]},{"@type":"ImageObject","inLanguage":"pt-BR","@id":"https:\/\/www.gaveanews.com\/index.php\/2022\/08\/26\/ex-flamengo-andreas-pereira-elogia-dorival-junior-e-alfineta-paulo-sousa\/#primaryimage","url":"https:\/\/www.gaveanews.com\/wp-content\/uploads\/Bruno-Henrique-Andreas-e-Arrascaeta-em-jogo-do-Flamengo-no-Maracana.webp","contentUrl":"https:\/\/www.gaveanews.com\/wp-content\/uploads\/Bruno-Henrique-Andreas-e-Arrascaeta-em-jogo-do-Flamengo-no-Maracana.webp","width":799,"height":533,"caption":"Bruno Henrique, Andreas e Arrascaeta em jogo do Flamengo no Maracan\u00e3 (Foto: Alexandre Vidal\/Flamengo)"},{"@type":"BreadcrumbList","@id":"https:\/\/www.gaveanews.com\/index.php\/2022\/08\/26\/ex-flamengo-andreas-pereira-elogia-dorival-junior-e-alfineta-paulo-sousa\/#breadcrumb","itemListElement":[{"@type":"ListItem","position":1,"name":"Home","item":"https:\/\/www.gaveanews.com\/"},{"@type":"ListItem","position":2,"name":"Ex-Flamengo, Andreas Pereira elogia Dorival Junior e alfineta Paulo Sousa"}]},{"@type":"WebSite","@id":"https:\/\/www.gaveanews.com\/#website","url":"https:\/\/www.gaveanews.com\/","name":"G\u00e1vea News","description":"Veja todas as not\u00edcias sobre o Flamengo: Contrata\u00e7\u00f5es, categorias de base, resultados das partidas, tabela de classifica\u00e7\u00e3o, pr\u00f3ximos jogos!","potentialAction":[{"@type":"SearchAction","target":{"@type":"EntryPoint","urlTemplate":"https:\/\/www.gaveanews.com\/?s={search_term_string}"},"query-input":{"@type":"PropertyValueSpecification","valueRequired":true,"valueName":"search_term_string"}}],"inLanguage":"pt-BR"},{"@type":"Person","@id":"https:\/\/www.gaveanews.com\/#\/schema\/person\/2ec14f73fb96be2caf28f91afb14749d","name":"Equipe G\u00e1vea News","image":{"@type":"ImageObject","inLanguage":"pt-BR","@id":"https:\/\/www.gaveanews.com\/#\/schema\/person\/image\/","url":"https:\/\/secure.gravatar.com\/avatar\/1e1956f1facbffd3f8fa53a326721950116b3b9dc9bd44939c01180fd4a745a9?s=96&d=mm&r=g","contentUrl":"https:\/\/secure.gravatar.com\/avatar\/1e1956f1facbffd3f8fa53a326721950116b3b9dc9bd44939c01180fd4a745a9?s=96&d=mm&r=g","caption":"Equipe G\u00e1vea News"}}]}},"_links":{"self":[{"href":"https:\/\/www.gaveanews.com\/index.php\/wp-json\/wp\/v2\/posts\/86447","targetHints":{"allow":["GET"]}}],"collection":[{"href":"https:\/\/www.gaveanews.com\/index.php\/wp-json\/wp\/v2\/posts"}],"about":[{"href":"https:\/\/www.gaveanews.com\/index.php\/wp-json\/wp\/v2\/types\/post"}],"author":[{"embeddable":true,"href":"https:\/\/www.gaveanews.com\/index.php\/wp-json\/wp\/v2\/users\/1"}],"replies":[{"embeddable":true,"href":"https:\/\/www.gaveanews.com\/index.php\/wp-json\/wp\/v2\/comments?post=86447"}],"version-history":[{"count":0,"href":"https:\/\/www.gaveanews.com\/index.php\/wp-json\/wp\/v2\/posts\/86447\/revisions"}],"wp:featuredmedia":[{"embeddable":true,"href":"https:\/\/www.gaveanews.com\/index.php\/wp-json\/wp\/v2\/media\/81843"}],"wp:attachment":[{"href":"https:\/\/www.gaveanews.com\/index.php\/wp-json\/wp\/v2\/media?parent=86447"}],"wp:term":[{"taxonomy":"category","embeddable":true,"href":"https:\/\/www.gaveanews.com\/index.php\/wp-json\/wp\/v2\/categories?post=86447"},{"taxonomy":"post_tag","embeddable":true,"href":"https:\/\/www.gaveanews.com\/index.php\/wp-json\/wp\/v2\/tags?post=86447"}],"curies":[{"name":"wp","href":"https:\/\/api.w.org\/{rel}","templated":true}]}}