{"id":86559,"date":"2022-08-29T00:14:59","date_gmt":"2022-08-29T03:14:59","guid":{"rendered":"https:\/\/www.gaveanews.com\/?p=86559"},"modified":"2024-04-06T23:21:59","modified_gmt":"2024-04-07T02:21:59","slug":"pedro-do-flamengo-cita-convocacao-de-tite-e-revela-qual-e-o-seu-foco-neste-momento","status":"publish","type":"post","link":"https:\/\/www.gaveanews.com\/index.php\/2022\/08\/29\/pedro-do-flamengo-cita-convocacao-de-tite-e-revela-qual-e-o-seu-foco-neste-momento\/","title":{"rendered":"Pedro, do Flamengo, cita convoca\u00e7\u00e3o de Tite e revela qual \u00e9 o seu foco neste momento"},"content":{"rendered":"\n<p>Autor da assist\u00eancia para o gol de Vidal na vit\u00f3ria do Flamengo sobre o Botafogo, o atacante Pedro ressaltou a for\u00e7a do elenco rubro-negro e a import\u00e2ncia do resultado para a caminhada na da equipe na competi\u00e7\u00e3o. Com o triunfo, o clube da G\u00e1vea voltou \u00e0 segunda coloca\u00e7\u00e3o do Campeonato Brasileiro, com 43 pontos, sete atr\u00e1s do l\u00edder Palmeiras.<\/p>\n\n\n\n<p>O t\u00e9cnico Dorival J\u00fanior repetiu a estrat\u00e9gia que vem utilizando e escalou o time apontado como alternativo, mas tendo Gabigol no ataque. No segundo tempo, por\u00e9m, colocou jogadores tidos como titulares, dentre eles, Pedro.<\/p>\n\n\n\n<p><em>\u2014 A qualidade do elenco \u00e9 muito boa. A gente provou, mais uma vez, que todos est\u00e3o prontos para vestir essa camisa. Foi um jogo complicado, um cl\u00e1ssico, onde todo mundo quer ganhar, e hoje mostramos a for\u00e7a do grupo. Conseguimos a vit\u00f3ria para encostar na lideran\u00e7a<\/em>, disse, ao Premiere.<\/p>\n\n\n\n<p>Questionado sobre sele\u00e7\u00e3o brasileira, o camisa 21, novamente, n\u00e3o escondeu o desejo de integrar o time nacional, mas salientou que isso ser\u00e1 fruto do trabalho realizado no Fla.<\/p>\n\n\n\n<p><em>\u2014 \u00c9 um sonho vestir a camisa da sele\u00e7\u00e3o. Fico feliz com cada coment\u00e1rio deles, mas o foco agora \u00e9 o Flamengo, em dar o meu melhor para o Flamengo. Continuar evoluindo, continuar trabalhando com os p\u00e9s no ch\u00e3o que, se Deus quiser, vai pintar essa chance na sele\u00e7\u00e3o. \u00c9 continuar fazendo meu trabalho no Flamengo que, se Deus quiser, as portas na sele\u00e7\u00e3o v\u00e3o se abrir<\/em>, afirmou.<\/p>\n\n\n\n<p>O Flamengo volta a campo na quarta-feira, contra o V\u00e9lez Sarsfield, na Argentina, pela semifinal da Libertadores.<\/p>\n\n\n\n<p>Retirado de: UOL<\/p>\n","protected":false},"excerpt":{"rendered":"<p>Autor da assist\u00eancia para o gol de Vidal na vit\u00f3ria do Flamengo sobre o Botafogo, o atacante Pedro ressaltou a for\u00e7a do elenco rubro-negro e a import\u00e2ncia do resultado para a caminhada na da equipe na competi\u00e7\u00e3o. Com o triunfo, o clube da G\u00e1vea voltou \u00e0 segunda coloca\u00e7\u00e3o do Campeonato Brasileiro, com 43 pontos, sete [&hellip;]<\/p>\n","protected":false},"author":1,"featured_media":86560,"comment_status":"open","ping_status":"closed","sticky":false,"template":"","format":"standard","meta":{"footnotes":""},"categories":[1],"tags":[171],"class_list":["post-86559","post","type-post","status-publish","format-standard","has-post-thumbnail","hentry","category-flamengo","tag-adenor-leonardo-bachi-tite"],"yoast_head":"<!-- This site is optimized with the Yoast SEO Premium plugin v24.2 (Yoast SEO v26.9) - https:\/\/yoast.com\/product\/yoast-seo-premium-wordpress\/ -->\n<title>Pedro, do Flamengo, cita convoca\u00e7\u00e3o de Tite e revela qual \u00e9 o seu foco neste momento<\/title>\n<meta name=\"robots\" content=\"index, follow, max-snippet:-1, max-image-preview:large, max-video-preview:-1\" \/>\n<link rel=\"canonical\" href=\"https:\/\/www.gaveanews.com\/index.php\/2022\/08\/29\/pedro-do-flamengo-cita-convocacao-de-tite-e-revela-qual-e-o-seu-foco-neste-momento\/\" \/>\n<meta property=\"og:locale\" content=\"pt_BR\" \/>\n<meta property=\"og:type\" content=\"article\" \/>\n<meta property=\"og:title\" content=\"Pedro, do Flamengo, cita convoca\u00e7\u00e3o de Tite e revela qual \u00e9 o seu foco neste momento\" \/>\n<meta property=\"og:description\" content=\"Autor da assist\u00eancia para o gol de Vidal na vit\u00f3ria do Flamengo sobre o Botafogo, o atacante Pedro ressaltou a for\u00e7a do elenco rubro-negro e a import\u00e2ncia do resultado para a caminhada na da equipe na competi\u00e7\u00e3o. Com o triunfo, o clube da G\u00e1vea voltou \u00e0 segunda coloca\u00e7\u00e3o do Campeonato Brasileiro, com 43 pontos, sete [&hellip;]\" \/>\n<meta property=\"og:url\" content=\"https:\/\/www.gaveanews.com\/index.php\/2022\/08\/29\/pedro-do-flamengo-cita-convocacao-de-tite-e-revela-qual-e-o-seu-foco-neste-momento\/\" \/>\n<meta property=\"og:site_name\" content=\"G\u00e1vea News\" \/>\n<meta property=\"article:publisher\" content=\"https:\/\/facebook.com\/gaveaNews\/\" \/>\n<meta property=\"article:published_time\" content=\"2022-08-29T03:14:59+00:00\" \/>\n<meta property=\"article:modified_time\" content=\"2024-04-07T02:21:59+00:00\" \/>\n<meta property=\"og:image\" content=\"https:\/\/www.gaveanews.com\/wp-content\/uploads\/Pedro-em-acao-pelo-Flamengo-durante-o-jogo-contra-o-Botafogo-pelo-Campeonato-Brasileiro-de-2022.webp\" \/>\n\t<meta property=\"og:image:width\" content=\"799\" \/>\n\t<meta property=\"og:image:height\" content=\"533\" \/>\n\t<meta property=\"og:image:type\" content=\"image\/jpeg\" \/>\n<meta name=\"author\" content=\"Equipe G\u00e1vea News\" \/>\n<meta name=\"twitter:card\" content=\"summary_large_image\" \/>\n<meta name=\"twitter:label1\" content=\"Escrito por\" \/>\n\t<meta name=\"twitter:data1\" content=\"Equipe G\u00e1vea News\" \/>\n\t<meta name=\"twitter:label2\" content=\"Est. tempo de leitura\" \/>\n\t<meta name=\"twitter:data2\" content=\"2 minutos\" \/>\n<script type=\"application\/ld+json\" class=\"yoast-schema-graph\">{\"@context\":\"https:\/\/schema.org\",\"@graph\":[{\"@type\":\"NewsArticle\",\"@id\":\"https:\/\/www.gaveanews.com\/index.php\/2022\/08\/29\/pedro-do-flamengo-cita-convocacao-de-tite-e-revela-qual-e-o-seu-foco-neste-momento\/#article\",\"isPartOf\":{\"@id\":\"https:\/\/www.gaveanews.com\/index.php\/2022\/08\/29\/pedro-do-flamengo-cita-convocacao-de-tite-e-revela-qual-e-o-seu-foco-neste-momento\/\"},\"author\":{\"name\":\"Equipe G\u00e1vea News\",\"@id\":\"https:\/\/www.gaveanews.com\/#\/schema\/person\/2ec14f73fb96be2caf28f91afb14749d\"},\"headline\":\"Pedro, do Flamengo, cita convoca\u00e7\u00e3o de Tite e revela qual \u00e9 o seu foco neste momento\",\"datePublished\":\"2022-08-29T03:14:59+00:00\",\"dateModified\":\"2024-04-07T02:21:59+00:00\",\"mainEntityOfPage\":{\"@id\":\"https:\/\/www.gaveanews.com\/index.php\/2022\/08\/29\/pedro-do-flamengo-cita-convocacao-de-tite-e-revela-qual-e-o-seu-foco-neste-momento\/\"},\"wordCount\":294,\"commentCount\":0,\"image\":{\"@id\":\"https:\/\/www.gaveanews.com\/index.php\/2022\/08\/29\/pedro-do-flamengo-cita-convocacao-de-tite-e-revela-qual-e-o-seu-foco-neste-momento\/#primaryimage\"},\"thumbnailUrl\":\"https:\/\/www.gaveanews.com\/wp-content\/uploads\/Pedro-em-acao-pelo-Flamengo-durante-o-jogo-contra-o-Botafogo-pelo-Campeonato-Brasileiro-de-2022.webp\",\"keywords\":[\"Adenor Leonardo Bachi\"],\"articleSection\":[\"Flamengo\"],\"inLanguage\":\"pt-BR\",\"potentialAction\":[{\"@type\":\"CommentAction\",\"name\":\"Comment\",\"target\":[\"https:\/\/www.gaveanews.com\/index.php\/2022\/08\/29\/pedro-do-flamengo-cita-convocacao-de-tite-e-revela-qual-e-o-seu-foco-neste-momento\/#respond\"]}],\"copyrightYear\":\"2022\",\"copyrightHolder\":{\"@id\":\"https:\/\/www.gaveanews.com\/#organization\"}},{\"@type\":\"WebPage\",\"@id\":\"https:\/\/www.gaveanews.com\/index.php\/2022\/08\/29\/pedro-do-flamengo-cita-convocacao-de-tite-e-revela-qual-e-o-seu-foco-neste-momento\/\",\"url\":\"https:\/\/www.gaveanews.com\/index.php\/2022\/08\/29\/pedro-do-flamengo-cita-convocacao-de-tite-e-revela-qual-e-o-seu-foco-neste-momento\/\",\"name\":\"Pedro, do Flamengo, cita convoca\u00e7\u00e3o de Tite e revela qual \u00e9 o seu foco neste momento\",\"isPartOf\":{\"@id\":\"https:\/\/www.gaveanews.com\/#website\"},\"primaryImageOfPage\":{\"@id\":\"https:\/\/www.gaveanews.com\/index.php\/2022\/08\/29\/pedro-do-flamengo-cita-convocacao-de-tite-e-revela-qual-e-o-seu-foco-neste-momento\/#primaryimage\"},\"image\":{\"@id\":\"https:\/\/www.gaveanews.com\/index.php\/2022\/08\/29\/pedro-do-flamengo-cita-convocacao-de-tite-e-revela-qual-e-o-seu-foco-neste-momento\/#primaryimage\"},\"thumbnailUrl\":\"https:\/\/www.gaveanews.com\/wp-content\/uploads\/Pedro-em-acao-pelo-Flamengo-durante-o-jogo-contra-o-Botafogo-pelo-Campeonato-Brasileiro-de-2022.webp\",\"datePublished\":\"2022-08-29T03:14:59+00:00\",\"dateModified\":\"2024-04-07T02:21:59+00:00\",\"author\":{\"@id\":\"https:\/\/www.gaveanews.com\/#\/schema\/person\/2ec14f73fb96be2caf28f91afb14749d\"},\"breadcrumb\":{\"@id\":\"https:\/\/www.gaveanews.com\/index.php\/2022\/08\/29\/pedro-do-flamengo-cita-convocacao-de-tite-e-revela-qual-e-o-seu-foco-neste-momento\/#breadcrumb\"},\"inLanguage\":\"pt-BR\",\"potentialAction\":[{\"@type\":\"ReadAction\",\"target\":[\"https:\/\/www.gaveanews.com\/index.php\/2022\/08\/29\/pedro-do-flamengo-cita-convocacao-de-tite-e-revela-qual-e-o-seu-foco-neste-momento\/\"]}]},{\"@type\":\"ImageObject\",\"inLanguage\":\"pt-BR\",\"@id\":\"https:\/\/www.gaveanews.com\/index.php\/2022\/08\/29\/pedro-do-flamengo-cita-convocacao-de-tite-e-revela-qual-e-o-seu-foco-neste-momento\/#primaryimage\",\"url\":\"https:\/\/www.gaveanews.com\/wp-content\/uploads\/Pedro-em-acao-pelo-Flamengo-durante-o-jogo-contra-o-Botafogo-pelo-Campeonato-Brasileiro-de-2022.webp\",\"contentUrl\":\"https:\/\/www.gaveanews.com\/wp-content\/uploads\/Pedro-em-acao-pelo-Flamengo-durante-o-jogo-contra-o-Botafogo-pelo-Campeonato-Brasileiro-de-2022.webp\",\"width\":799,\"height\":533,\"caption\":\"Pedro em a\u00e7\u00e3o pelo Flamengo durante o jogo contra o Botafogo pelo Campeonato Brasileiro de 2022 (Foto: Reprodu\u00e7\u00e3o\/Flamengo)\"},{\"@type\":\"BreadcrumbList\",\"@id\":\"https:\/\/www.gaveanews.com\/index.php\/2022\/08\/29\/pedro-do-flamengo-cita-convocacao-de-tite-e-revela-qual-e-o-seu-foco-neste-momento\/#breadcrumb\",\"itemListElement\":[{\"@type\":\"ListItem\",\"position\":1,\"name\":\"Home\",\"item\":\"https:\/\/www.gaveanews.com\/\"},{\"@type\":\"ListItem\",\"position\":2,\"name\":\"Pedro, do Flamengo, cita convoca\u00e7\u00e3o de Tite e revela qual \u00e9 o seu foco neste momento\"}]},{\"@type\":\"WebSite\",\"@id\":\"https:\/\/www.gaveanews.com\/#website\",\"url\":\"https:\/\/www.gaveanews.com\/\",\"name\":\"G\u00e1vea News\",\"description\":\"Veja todas as not\u00edcias sobre o Flamengo: Contrata\u00e7\u00f5es, categorias de base, resultados das partidas, tabela de classifica\u00e7\u00e3o, pr\u00f3ximos jogos!\",\"potentialAction\":[{\"@type\":\"SearchAction\",\"target\":{\"@type\":\"EntryPoint\",\"urlTemplate\":\"https:\/\/www.gaveanews.com\/?s={search_term_string}\"},\"query-input\":{\"@type\":\"PropertyValueSpecification\",\"valueRequired\":true,\"valueName\":\"search_term_string\"}}],\"inLanguage\":\"pt-BR\"},{\"@type\":\"Person\",\"@id\":\"https:\/\/www.gaveanews.com\/#\/schema\/person\/2ec14f73fb96be2caf28f91afb14749d\",\"name\":\"Equipe G\u00e1vea News\",\"image\":{\"@type\":\"ImageObject\",\"inLanguage\":\"pt-BR\",\"@id\":\"https:\/\/www.gaveanews.com\/#\/schema\/person\/image\/\",\"url\":\"https:\/\/secure.gravatar.com\/avatar\/1e1956f1facbffd3f8fa53a326721950116b3b9dc9bd44939c01180fd4a745a9?s=96&d=mm&r=g\",\"contentUrl\":\"https:\/\/secure.gravatar.com\/avatar\/1e1956f1facbffd3f8fa53a326721950116b3b9dc9bd44939c01180fd4a745a9?s=96&d=mm&r=g\",\"caption\":\"Equipe G\u00e1vea News\"}}]}<\/script>\n<!-- \/ Yoast SEO Premium plugin. -->","yoast_head_json":{"title":"Pedro, do Flamengo, cita convoca\u00e7\u00e3o de Tite e revela qual \u00e9 o seu foco neste momento","robots":{"index":"index","follow":"follow","max-snippet":"max-snippet:-1","max-image-preview":"max-image-preview:large","max-video-preview":"max-video-preview:-1"},"canonical":"https:\/\/www.gaveanews.com\/index.php\/2022\/08\/29\/pedro-do-flamengo-cita-convocacao-de-tite-e-revela-qual-e-o-seu-foco-neste-momento\/","og_locale":"pt_BR","og_type":"article","og_title":"Pedro, do Flamengo, cita convoca\u00e7\u00e3o de Tite e revela qual \u00e9 o seu foco neste momento","og_description":"Autor da assist\u00eancia para o gol de Vidal na vit\u00f3ria do Flamengo sobre o Botafogo, o atacante Pedro ressaltou a for\u00e7a do elenco rubro-negro e a import\u00e2ncia do resultado para a caminhada na da equipe na competi\u00e7\u00e3o. Com o triunfo, o clube da G\u00e1vea voltou \u00e0 segunda coloca\u00e7\u00e3o do Campeonato Brasileiro, com 43 pontos, sete [&hellip;]","og_url":"https:\/\/www.gaveanews.com\/index.php\/2022\/08\/29\/pedro-do-flamengo-cita-convocacao-de-tite-e-revela-qual-e-o-seu-foco-neste-momento\/","og_site_name":"G\u00e1vea News","article_publisher":"https:\/\/facebook.com\/gaveaNews\/","article_published_time":"2022-08-29T03:14:59+00:00","article_modified_time":"2024-04-07T02:21:59+00:00","og_image":[{"width":799,"height":533,"url":"https:\/\/www.gaveanews.com\/wp-content\/uploads\/Pedro-em-acao-pelo-Flamengo-durante-o-jogo-contra-o-Botafogo-pelo-Campeonato-Brasileiro-de-2022.webp","type":"image\/jpeg"}],"author":"Equipe G\u00e1vea News","twitter_card":"summary_large_image","twitter_misc":{"Escrito por":"Equipe G\u00e1vea News","Est. tempo de leitura":"2 minutos"},"schema":{"@context":"https:\/\/schema.org","@graph":[{"@type":"NewsArticle","@id":"https:\/\/www.gaveanews.com\/index.php\/2022\/08\/29\/pedro-do-flamengo-cita-convocacao-de-tite-e-revela-qual-e-o-seu-foco-neste-momento\/#article","isPartOf":{"@id":"https:\/\/www.gaveanews.com\/index.php\/2022\/08\/29\/pedro-do-flamengo-cita-convocacao-de-tite-e-revela-qual-e-o-seu-foco-neste-momento\/"},"author":{"name":"Equipe G\u00e1vea News","@id":"https:\/\/www.gaveanews.com\/#\/schema\/person\/2ec14f73fb96be2caf28f91afb14749d"},"headline":"Pedro, do Flamengo, cita convoca\u00e7\u00e3o de Tite e revela qual \u00e9 o seu foco neste momento","datePublished":"2022-08-29T03:14:59+00:00","dateModified":"2024-04-07T02:21:59+00:00","mainEntityOfPage":{"@id":"https:\/\/www.gaveanews.com\/index.php\/2022\/08\/29\/pedro-do-flamengo-cita-convocacao-de-tite-e-revela-qual-e-o-seu-foco-neste-momento\/"},"wordCount":294,"commentCount":0,"image":{"@id":"https:\/\/www.gaveanews.com\/index.php\/2022\/08\/29\/pedro-do-flamengo-cita-convocacao-de-tite-e-revela-qual-e-o-seu-foco-neste-momento\/#primaryimage"},"thumbnailUrl":"https:\/\/www.gaveanews.com\/wp-content\/uploads\/Pedro-em-acao-pelo-Flamengo-durante-o-jogo-contra-o-Botafogo-pelo-Campeonato-Brasileiro-de-2022.webp","keywords":["Adenor Leonardo Bachi"],"articleSection":["Flamengo"],"inLanguage":"pt-BR","potentialAction":[{"@type":"CommentAction","name":"Comment","target":["https:\/\/www.gaveanews.com\/index.php\/2022\/08\/29\/pedro-do-flamengo-cita-convocacao-de-tite-e-revela-qual-e-o-seu-foco-neste-momento\/#respond"]}],"copyrightYear":"2022","copyrightHolder":{"@id":"https:\/\/www.gaveanews.com\/#organization"}},{"@type":"WebPage","@id":"https:\/\/www.gaveanews.com\/index.php\/2022\/08\/29\/pedro-do-flamengo-cita-convocacao-de-tite-e-revela-qual-e-o-seu-foco-neste-momento\/","url":"https:\/\/www.gaveanews.com\/index.php\/2022\/08\/29\/pedro-do-flamengo-cita-convocacao-de-tite-e-revela-qual-e-o-seu-foco-neste-momento\/","name":"Pedro, do Flamengo, cita convoca\u00e7\u00e3o de Tite e revela qual \u00e9 o seu foco neste momento","isPartOf":{"@id":"https:\/\/www.gaveanews.com\/#website"},"primaryImageOfPage":{"@id":"https:\/\/www.gaveanews.com\/index.php\/2022\/08\/29\/pedro-do-flamengo-cita-convocacao-de-tite-e-revela-qual-e-o-seu-foco-neste-momento\/#primaryimage"},"image":{"@id":"https:\/\/www.gaveanews.com\/index.php\/2022\/08\/29\/pedro-do-flamengo-cita-convocacao-de-tite-e-revela-qual-e-o-seu-foco-neste-momento\/#primaryimage"},"thumbnailUrl":"https:\/\/www.gaveanews.com\/wp-content\/uploads\/Pedro-em-acao-pelo-Flamengo-durante-o-jogo-contra-o-Botafogo-pelo-Campeonato-Brasileiro-de-2022.webp","datePublished":"2022-08-29T03:14:59+00:00","dateModified":"2024-04-07T02:21:59+00:00","author":{"@id":"https:\/\/www.gaveanews.com\/#\/schema\/person\/2ec14f73fb96be2caf28f91afb14749d"},"breadcrumb":{"@id":"https:\/\/www.gaveanews.com\/index.php\/2022\/08\/29\/pedro-do-flamengo-cita-convocacao-de-tite-e-revela-qual-e-o-seu-foco-neste-momento\/#breadcrumb"},"inLanguage":"pt-BR","potentialAction":[{"@type":"ReadAction","target":["https:\/\/www.gaveanews.com\/index.php\/2022\/08\/29\/pedro-do-flamengo-cita-convocacao-de-tite-e-revela-qual-e-o-seu-foco-neste-momento\/"]}]},{"@type":"ImageObject","inLanguage":"pt-BR","@id":"https:\/\/www.gaveanews.com\/index.php\/2022\/08\/29\/pedro-do-flamengo-cita-convocacao-de-tite-e-revela-qual-e-o-seu-foco-neste-momento\/#primaryimage","url":"https:\/\/www.gaveanews.com\/wp-content\/uploads\/Pedro-em-acao-pelo-Flamengo-durante-o-jogo-contra-o-Botafogo-pelo-Campeonato-Brasileiro-de-2022.webp","contentUrl":"https:\/\/www.gaveanews.com\/wp-content\/uploads\/Pedro-em-acao-pelo-Flamengo-durante-o-jogo-contra-o-Botafogo-pelo-Campeonato-Brasileiro-de-2022.webp","width":799,"height":533,"caption":"Pedro em a\u00e7\u00e3o pelo Flamengo durante o jogo contra o Botafogo pelo Campeonato Brasileiro de 2022 (Foto: Reprodu\u00e7\u00e3o\/Flamengo)"},{"@type":"BreadcrumbList","@id":"https:\/\/www.gaveanews.com\/index.php\/2022\/08\/29\/pedro-do-flamengo-cita-convocacao-de-tite-e-revela-qual-e-o-seu-foco-neste-momento\/#breadcrumb","itemListElement":[{"@type":"ListItem","position":1,"name":"Home","item":"https:\/\/www.gaveanews.com\/"},{"@type":"ListItem","position":2,"name":"Pedro, do Flamengo, cita convoca\u00e7\u00e3o de Tite e revela qual \u00e9 o seu foco neste momento"}]},{"@type":"WebSite","@id":"https:\/\/www.gaveanews.com\/#website","url":"https:\/\/www.gaveanews.com\/","name":"G\u00e1vea News","description":"Veja todas as not\u00edcias sobre o Flamengo: Contrata\u00e7\u00f5es, categorias de base, resultados das partidas, tabela de classifica\u00e7\u00e3o, pr\u00f3ximos jogos!","potentialAction":[{"@type":"SearchAction","target":{"@type":"EntryPoint","urlTemplate":"https:\/\/www.gaveanews.com\/?s={search_term_string}"},"query-input":{"@type":"PropertyValueSpecification","valueRequired":true,"valueName":"search_term_string"}}],"inLanguage":"pt-BR"},{"@type":"Person","@id":"https:\/\/www.gaveanews.com\/#\/schema\/person\/2ec14f73fb96be2caf28f91afb14749d","name":"Equipe G\u00e1vea News","image":{"@type":"ImageObject","inLanguage":"pt-BR","@id":"https:\/\/www.gaveanews.com\/#\/schema\/person\/image\/","url":"https:\/\/secure.gravatar.com\/avatar\/1e1956f1facbffd3f8fa53a326721950116b3b9dc9bd44939c01180fd4a745a9?s=96&d=mm&r=g","contentUrl":"https:\/\/secure.gravatar.com\/avatar\/1e1956f1facbffd3f8fa53a326721950116b3b9dc9bd44939c01180fd4a745a9?s=96&d=mm&r=g","caption":"Equipe G\u00e1vea News"}}]}},"_links":{"self":[{"href":"https:\/\/www.gaveanews.com\/index.php\/wp-json\/wp\/v2\/posts\/86559","targetHints":{"allow":["GET"]}}],"collection":[{"href":"https:\/\/www.gaveanews.com\/index.php\/wp-json\/wp\/v2\/posts"}],"about":[{"href":"https:\/\/www.gaveanews.com\/index.php\/wp-json\/wp\/v2\/types\/post"}],"author":[{"embeddable":true,"href":"https:\/\/www.gaveanews.com\/index.php\/wp-json\/wp\/v2\/users\/1"}],"replies":[{"embeddable":true,"href":"https:\/\/www.gaveanews.com\/index.php\/wp-json\/wp\/v2\/comments?post=86559"}],"version-history":[{"count":1,"href":"https:\/\/www.gaveanews.com\/index.php\/wp-json\/wp\/v2\/posts\/86559\/revisions"}],"predecessor-version":[{"id":135017,"href":"https:\/\/www.gaveanews.com\/index.php\/wp-json\/wp\/v2\/posts\/86559\/revisions\/135017"}],"wp:featuredmedia":[{"embeddable":true,"href":"https:\/\/www.gaveanews.com\/index.php\/wp-json\/wp\/v2\/media\/86560"}],"wp:attachment":[{"href":"https:\/\/www.gaveanews.com\/index.php\/wp-json\/wp\/v2\/media?parent=86559"}],"wp:term":[{"taxonomy":"category","embeddable":true,"href":"https:\/\/www.gaveanews.com\/index.php\/wp-json\/wp\/v2\/categories?post=86559"},{"taxonomy":"post_tag","embeddable":true,"href":"https:\/\/www.gaveanews.com\/index.php\/wp-json\/wp\/v2\/tags?post=86559"}],"curies":[{"name":"wp","href":"https:\/\/api.w.org\/{rel}","templated":true}]}}