{"id":86566,"date":"2022-08-29T00:17:00","date_gmt":"2022-08-29T03:17:00","guid":{"rendered":"https:\/\/www.gaveanews.com\/?p=86566"},"modified":"2024-04-07T09:54:47","modified_gmt":"2024-04-07T12:54:47","slug":"erick-pulgar-fala-sobre-a-sua-estreia-e-revela-ajuda-de-seus-companheiros-no-flamengo","status":"publish","type":"post","link":"https:\/\/www.gaveanews.com\/index.php\/2022\/08\/29\/erick-pulgar-fala-sobre-a-sua-estreia-e-revela-ajuda-de-seus-companheiros-no-flamengo\/","title":{"rendered":"Erick Pulgar fala sobre a sua estreia e revela ajuda de seus companheiros no Flamengo"},"content":{"rendered":"\n<p>A vit\u00f3ria do Flamengo sobre o Botafogo marcou a estreia de um dos \u00faltimos refor\u00e7os contratados pelo clube na janela de transfer\u00eancias. Erick Pulgar ficou 12 minutos em campo depois de passar as \u00faltimas tr\u00eas semanas aprimorando a parte f\u00edsica. Ap\u00f3s a partida, o chileno falou na zona mista do Nilton Santos sobre a sensa\u00e7\u00e3o de atuar.<\/p>\n\n\n\n<p><em>\u2014 Senti um inc\u00f4modo. Mas creio que o grupo me ajudou muito desde a hora que entrei. Acho que algo fundamental para atuar bem em campo \u00e9 estar bem fisicamente. Da minha parte, faltava um pouco mais de for\u00e7a e eu tive paci\u00eancia tamb\u00e9m. Agora chegou minha oportunidade e entrei para ajudar a equipe. Agora me sinto 100% fisicamente<\/em> &#8211; afirmou o jogador.<\/p>\n\n\n\n<p>\u200bO atleta foi relacionado pela primeira vez para a partida contra o Palmeiras, no \u00faltimo domingo, mas n\u00e3o saiu do banco. Como n\u00e3o chegou a tempo de ser inscrito na Copa do Brasil, n\u00e3o foi op\u00e7\u00e3o diante do S\u00e3o Paulo. Por outro lado, Erick est\u00e1 inscrito na Libertadores e, assim, pode ser relacionado para a partida contra o V\u00e9lez (ARG), na quarta-feira.<\/p>\n\n\n\n<p><em>\u2014 Sim. Ser\u00e1 uma partida muito dif\u00edcil na Argentina. Mas vamos seguir com a mesma mentalidade <\/em>&#8211; afirmou.<\/p>\n\n\n\n<p>Com o resultado, o Fla sobe para a vice-lideran\u00e7a do Brasileir\u00e3o, com 43 pontos, sete a menos do que o Palmeiras, em primeiro. Agora, o Flamengo tem o importante duelo com o V\u00e9lez S\u00e1rsfield pelo jogo de ida da semifinal da Libertadores na quarta-feira, \u00e0s 21h30, na Argentina. Pelo Brasileir\u00e3o, a equipe entra em campo no domingo diante do Cear\u00e1, \u00e0s 11h, no Maracan\u00e3.<\/p>\n\n\n\n<p>Retirado de: Lance<\/p>\n","protected":false},"excerpt":{"rendered":"<p>A vit\u00f3ria do Flamengo sobre o Botafogo marcou a estreia de um dos \u00faltimos refor\u00e7os contratados pelo clube na janela de transfer\u00eancias. Erick Pulgar ficou 12 minutos em campo depois de passar as \u00faltimas tr\u00eas semanas aprimorando a parte f\u00edsica. Ap\u00f3s a partida, o chileno falou na zona mista do Nilton Santos sobre a sensa\u00e7\u00e3o [&hellip;]<\/p>\n","protected":false},"author":1,"featured_media":85570,"comment_status":"open","ping_status":"closed","sticky":false,"template":"","format":"standard","meta":{"footnotes":""},"categories":[1],"tags":[210],"class_list":["post-86566","post","type-post","status-publish","format-standard","has-post-thumbnail","hentry","category-flamengo","tag-erick-antonio-pulgar-farfan"],"yoast_head":"<!-- This site is optimized with the Yoast SEO Premium plugin v24.2 (Yoast SEO v26.9) - https:\/\/yoast.com\/product\/yoast-seo-premium-wordpress\/ -->\n<title>Erick Pulgar fala sobre a sua estreia e revela ajuda de seus companheiros no Flamengo<\/title>\n<meta name=\"robots\" content=\"index, follow, max-snippet:-1, max-image-preview:large, max-video-preview:-1\" \/>\n<link rel=\"canonical\" href=\"https:\/\/www.gaveanews.com\/index.php\/2022\/08\/29\/erick-pulgar-fala-sobre-a-sua-estreia-e-revela-ajuda-de-seus-companheiros-no-flamengo\/\" \/>\n<meta property=\"og:locale\" content=\"pt_BR\" \/>\n<meta property=\"og:type\" content=\"article\" \/>\n<meta property=\"og:title\" content=\"Erick Pulgar fala sobre a sua estreia e revela ajuda de seus companheiros no Flamengo\" \/>\n<meta property=\"og:description\" content=\"A vit\u00f3ria do Flamengo sobre o Botafogo marcou a estreia de um dos \u00faltimos refor\u00e7os contratados pelo clube na janela de transfer\u00eancias. Erick Pulgar ficou 12 minutos em campo depois de passar as \u00faltimas tr\u00eas semanas aprimorando a parte f\u00edsica. Ap\u00f3s a partida, o chileno falou na zona mista do Nilton Santos sobre a sensa\u00e7\u00e3o [&hellip;]\" \/>\n<meta property=\"og:url\" content=\"https:\/\/www.gaveanews.com\/index.php\/2022\/08\/29\/erick-pulgar-fala-sobre-a-sua-estreia-e-revela-ajuda-de-seus-companheiros-no-flamengo\/\" \/>\n<meta property=\"og:site_name\" content=\"G\u00e1vea News\" \/>\n<meta property=\"article:publisher\" content=\"https:\/\/facebook.com\/gaveaNews\/\" \/>\n<meta property=\"article:published_time\" content=\"2022-08-29T03:17:00+00:00\" \/>\n<meta property=\"article:modified_time\" content=\"2024-04-07T12:54:47+00:00\" \/>\n<meta property=\"og:image\" content=\"https:\/\/www.gaveanews.com\/wp-content\/uploads\/Guilhermo-Varela-Erick-Pulgar-e-Arrascaeta-em-treino-do-Flamengo-no-Ninho-do-Urubu.webp\" \/>\n\t<meta property=\"og:image:width\" content=\"799\" \/>\n\t<meta property=\"og:image:height\" content=\"533\" \/>\n\t<meta property=\"og:image:type\" content=\"image\/jpeg\" \/>\n<meta name=\"author\" content=\"Equipe G\u00e1vea News\" \/>\n<meta name=\"twitter:card\" content=\"summary_large_image\" \/>\n<meta name=\"twitter:label1\" content=\"Escrito por\" \/>\n\t<meta name=\"twitter:data1\" content=\"Equipe G\u00e1vea News\" \/>\n\t<meta name=\"twitter:label2\" content=\"Est. tempo de leitura\" \/>\n\t<meta name=\"twitter:data2\" content=\"2 minutos\" \/>\n<script type=\"application\/ld+json\" class=\"yoast-schema-graph\">{\"@context\":\"https:\/\/schema.org\",\"@graph\":[{\"@type\":\"NewsArticle\",\"@id\":\"https:\/\/www.gaveanews.com\/index.php\/2022\/08\/29\/erick-pulgar-fala-sobre-a-sua-estreia-e-revela-ajuda-de-seus-companheiros-no-flamengo\/#article\",\"isPartOf\":{\"@id\":\"https:\/\/www.gaveanews.com\/index.php\/2022\/08\/29\/erick-pulgar-fala-sobre-a-sua-estreia-e-revela-ajuda-de-seus-companheiros-no-flamengo\/\"},\"author\":{\"name\":\"Equipe G\u00e1vea News\",\"@id\":\"https:\/\/www.gaveanews.com\/#\/schema\/person\/2ec14f73fb96be2caf28f91afb14749d\"},\"headline\":\"Erick Pulgar fala sobre a sua estreia e revela ajuda de seus companheiros no Flamengo\",\"datePublished\":\"2022-08-29T03:17:00+00:00\",\"dateModified\":\"2024-04-07T12:54:47+00:00\",\"mainEntityOfPage\":{\"@id\":\"https:\/\/www.gaveanews.com\/index.php\/2022\/08\/29\/erick-pulgar-fala-sobre-a-sua-estreia-e-revela-ajuda-de-seus-companheiros-no-flamengo\/\"},\"wordCount\":299,\"commentCount\":0,\"image\":{\"@id\":\"https:\/\/www.gaveanews.com\/index.php\/2022\/08\/29\/erick-pulgar-fala-sobre-a-sua-estreia-e-revela-ajuda-de-seus-companheiros-no-flamengo\/#primaryimage\"},\"thumbnailUrl\":\"https:\/\/www.gaveanews.com\/wp-content\/uploads\/Guilhermo-Varela-Erick-Pulgar-e-Arrascaeta-em-treino-do-Flamengo-no-Ninho-do-Urubu.webp\",\"keywords\":[\"Erick Antonio Pulgar Farf\u00e1n\"],\"articleSection\":[\"Flamengo\"],\"inLanguage\":\"pt-BR\",\"potentialAction\":[{\"@type\":\"CommentAction\",\"name\":\"Comment\",\"target\":[\"https:\/\/www.gaveanews.com\/index.php\/2022\/08\/29\/erick-pulgar-fala-sobre-a-sua-estreia-e-revela-ajuda-de-seus-companheiros-no-flamengo\/#respond\"]}],\"copyrightYear\":\"2022\",\"copyrightHolder\":{\"@id\":\"https:\/\/www.gaveanews.com\/#organization\"}},{\"@type\":\"WebPage\",\"@id\":\"https:\/\/www.gaveanews.com\/index.php\/2022\/08\/29\/erick-pulgar-fala-sobre-a-sua-estreia-e-revela-ajuda-de-seus-companheiros-no-flamengo\/\",\"url\":\"https:\/\/www.gaveanews.com\/index.php\/2022\/08\/29\/erick-pulgar-fala-sobre-a-sua-estreia-e-revela-ajuda-de-seus-companheiros-no-flamengo\/\",\"name\":\"Erick Pulgar fala sobre a sua estreia e revela ajuda de seus companheiros no Flamengo\",\"isPartOf\":{\"@id\":\"https:\/\/www.gaveanews.com\/#website\"},\"primaryImageOfPage\":{\"@id\":\"https:\/\/www.gaveanews.com\/index.php\/2022\/08\/29\/erick-pulgar-fala-sobre-a-sua-estreia-e-revela-ajuda-de-seus-companheiros-no-flamengo\/#primaryimage\"},\"image\":{\"@id\":\"https:\/\/www.gaveanews.com\/index.php\/2022\/08\/29\/erick-pulgar-fala-sobre-a-sua-estreia-e-revela-ajuda-de-seus-companheiros-no-flamengo\/#primaryimage\"},\"thumbnailUrl\":\"https:\/\/www.gaveanews.com\/wp-content\/uploads\/Guilhermo-Varela-Erick-Pulgar-e-Arrascaeta-em-treino-do-Flamengo-no-Ninho-do-Urubu.webp\",\"datePublished\":\"2022-08-29T03:17:00+00:00\",\"dateModified\":\"2024-04-07T12:54:47+00:00\",\"author\":{\"@id\":\"https:\/\/www.gaveanews.com\/#\/schema\/person\/2ec14f73fb96be2caf28f91afb14749d\"},\"breadcrumb\":{\"@id\":\"https:\/\/www.gaveanews.com\/index.php\/2022\/08\/29\/erick-pulgar-fala-sobre-a-sua-estreia-e-revela-ajuda-de-seus-companheiros-no-flamengo\/#breadcrumb\"},\"inLanguage\":\"pt-BR\",\"potentialAction\":[{\"@type\":\"ReadAction\",\"target\":[\"https:\/\/www.gaveanews.com\/index.php\/2022\/08\/29\/erick-pulgar-fala-sobre-a-sua-estreia-e-revela-ajuda-de-seus-companheiros-no-flamengo\/\"]}]},{\"@type\":\"ImageObject\",\"inLanguage\":\"pt-BR\",\"@id\":\"https:\/\/www.gaveanews.com\/index.php\/2022\/08\/29\/erick-pulgar-fala-sobre-a-sua-estreia-e-revela-ajuda-de-seus-companheiros-no-flamengo\/#primaryimage\",\"url\":\"https:\/\/www.gaveanews.com\/wp-content\/uploads\/Guilhermo-Varela-Erick-Pulgar-e-Arrascaeta-em-treino-do-Flamengo-no-Ninho-do-Urubu.webp\",\"contentUrl\":\"https:\/\/www.gaveanews.com\/wp-content\/uploads\/Guilhermo-Varela-Erick-Pulgar-e-Arrascaeta-em-treino-do-Flamengo-no-Ninho-do-Urubu.webp\",\"width\":799,\"height\":533,\"caption\":\"Guilhermo Varela, Erick Pulgar e Arrascaeta em treino do Flamengo no Ninho do Urubu (Foto: Gilvan de Souza\/Flamengo)\"},{\"@type\":\"BreadcrumbList\",\"@id\":\"https:\/\/www.gaveanews.com\/index.php\/2022\/08\/29\/erick-pulgar-fala-sobre-a-sua-estreia-e-revela-ajuda-de-seus-companheiros-no-flamengo\/#breadcrumb\",\"itemListElement\":[{\"@type\":\"ListItem\",\"position\":1,\"name\":\"Home\",\"item\":\"https:\/\/www.gaveanews.com\/\"},{\"@type\":\"ListItem\",\"position\":2,\"name\":\"Erick Pulgar fala sobre a sua estreia e revela ajuda de seus companheiros no Flamengo\"}]},{\"@type\":\"WebSite\",\"@id\":\"https:\/\/www.gaveanews.com\/#website\",\"url\":\"https:\/\/www.gaveanews.com\/\",\"name\":\"G\u00e1vea News\",\"description\":\"Veja todas as not\u00edcias sobre o Flamengo: Contrata\u00e7\u00f5es, categorias de base, resultados das partidas, tabela de classifica\u00e7\u00e3o, pr\u00f3ximos jogos!\",\"potentialAction\":[{\"@type\":\"SearchAction\",\"target\":{\"@type\":\"EntryPoint\",\"urlTemplate\":\"https:\/\/www.gaveanews.com\/?s={search_term_string}\"},\"query-input\":{\"@type\":\"PropertyValueSpecification\",\"valueRequired\":true,\"valueName\":\"search_term_string\"}}],\"inLanguage\":\"pt-BR\"},{\"@type\":\"Person\",\"@id\":\"https:\/\/www.gaveanews.com\/#\/schema\/person\/2ec14f73fb96be2caf28f91afb14749d\",\"name\":\"Equipe G\u00e1vea News\",\"image\":{\"@type\":\"ImageObject\",\"inLanguage\":\"pt-BR\",\"@id\":\"https:\/\/www.gaveanews.com\/#\/schema\/person\/image\/\",\"url\":\"https:\/\/secure.gravatar.com\/avatar\/1e1956f1facbffd3f8fa53a326721950116b3b9dc9bd44939c01180fd4a745a9?s=96&d=mm&r=g\",\"contentUrl\":\"https:\/\/secure.gravatar.com\/avatar\/1e1956f1facbffd3f8fa53a326721950116b3b9dc9bd44939c01180fd4a745a9?s=96&d=mm&r=g\",\"caption\":\"Equipe G\u00e1vea News\"}}]}<\/script>\n<!-- \/ Yoast SEO Premium plugin. -->","yoast_head_json":{"title":"Erick Pulgar fala sobre a sua estreia e revela ajuda de seus companheiros no Flamengo","robots":{"index":"index","follow":"follow","max-snippet":"max-snippet:-1","max-image-preview":"max-image-preview:large","max-video-preview":"max-video-preview:-1"},"canonical":"https:\/\/www.gaveanews.com\/index.php\/2022\/08\/29\/erick-pulgar-fala-sobre-a-sua-estreia-e-revela-ajuda-de-seus-companheiros-no-flamengo\/","og_locale":"pt_BR","og_type":"article","og_title":"Erick Pulgar fala sobre a sua estreia e revela ajuda de seus companheiros no Flamengo","og_description":"A vit\u00f3ria do Flamengo sobre o Botafogo marcou a estreia de um dos \u00faltimos refor\u00e7os contratados pelo clube na janela de transfer\u00eancias. Erick Pulgar ficou 12 minutos em campo depois de passar as \u00faltimas tr\u00eas semanas aprimorando a parte f\u00edsica. Ap\u00f3s a partida, o chileno falou na zona mista do Nilton Santos sobre a sensa\u00e7\u00e3o [&hellip;]","og_url":"https:\/\/www.gaveanews.com\/index.php\/2022\/08\/29\/erick-pulgar-fala-sobre-a-sua-estreia-e-revela-ajuda-de-seus-companheiros-no-flamengo\/","og_site_name":"G\u00e1vea News","article_publisher":"https:\/\/facebook.com\/gaveaNews\/","article_published_time":"2022-08-29T03:17:00+00:00","article_modified_time":"2024-04-07T12:54:47+00:00","og_image":[{"width":799,"height":533,"url":"https:\/\/www.gaveanews.com\/wp-content\/uploads\/Guilhermo-Varela-Erick-Pulgar-e-Arrascaeta-em-treino-do-Flamengo-no-Ninho-do-Urubu.webp","type":"image\/jpeg"}],"author":"Equipe G\u00e1vea News","twitter_card":"summary_large_image","twitter_misc":{"Escrito por":"Equipe G\u00e1vea News","Est. tempo de leitura":"2 minutos"},"schema":{"@context":"https:\/\/schema.org","@graph":[{"@type":"NewsArticle","@id":"https:\/\/www.gaveanews.com\/index.php\/2022\/08\/29\/erick-pulgar-fala-sobre-a-sua-estreia-e-revela-ajuda-de-seus-companheiros-no-flamengo\/#article","isPartOf":{"@id":"https:\/\/www.gaveanews.com\/index.php\/2022\/08\/29\/erick-pulgar-fala-sobre-a-sua-estreia-e-revela-ajuda-de-seus-companheiros-no-flamengo\/"},"author":{"name":"Equipe G\u00e1vea News","@id":"https:\/\/www.gaveanews.com\/#\/schema\/person\/2ec14f73fb96be2caf28f91afb14749d"},"headline":"Erick Pulgar fala sobre a sua estreia e revela ajuda de seus companheiros no Flamengo","datePublished":"2022-08-29T03:17:00+00:00","dateModified":"2024-04-07T12:54:47+00:00","mainEntityOfPage":{"@id":"https:\/\/www.gaveanews.com\/index.php\/2022\/08\/29\/erick-pulgar-fala-sobre-a-sua-estreia-e-revela-ajuda-de-seus-companheiros-no-flamengo\/"},"wordCount":299,"commentCount":0,"image":{"@id":"https:\/\/www.gaveanews.com\/index.php\/2022\/08\/29\/erick-pulgar-fala-sobre-a-sua-estreia-e-revela-ajuda-de-seus-companheiros-no-flamengo\/#primaryimage"},"thumbnailUrl":"https:\/\/www.gaveanews.com\/wp-content\/uploads\/Guilhermo-Varela-Erick-Pulgar-e-Arrascaeta-em-treino-do-Flamengo-no-Ninho-do-Urubu.webp","keywords":["Erick Antonio Pulgar Farf\u00e1n"],"articleSection":["Flamengo"],"inLanguage":"pt-BR","potentialAction":[{"@type":"CommentAction","name":"Comment","target":["https:\/\/www.gaveanews.com\/index.php\/2022\/08\/29\/erick-pulgar-fala-sobre-a-sua-estreia-e-revela-ajuda-de-seus-companheiros-no-flamengo\/#respond"]}],"copyrightYear":"2022","copyrightHolder":{"@id":"https:\/\/www.gaveanews.com\/#organization"}},{"@type":"WebPage","@id":"https:\/\/www.gaveanews.com\/index.php\/2022\/08\/29\/erick-pulgar-fala-sobre-a-sua-estreia-e-revela-ajuda-de-seus-companheiros-no-flamengo\/","url":"https:\/\/www.gaveanews.com\/index.php\/2022\/08\/29\/erick-pulgar-fala-sobre-a-sua-estreia-e-revela-ajuda-de-seus-companheiros-no-flamengo\/","name":"Erick Pulgar fala sobre a sua estreia e revela ajuda de seus companheiros no Flamengo","isPartOf":{"@id":"https:\/\/www.gaveanews.com\/#website"},"primaryImageOfPage":{"@id":"https:\/\/www.gaveanews.com\/index.php\/2022\/08\/29\/erick-pulgar-fala-sobre-a-sua-estreia-e-revela-ajuda-de-seus-companheiros-no-flamengo\/#primaryimage"},"image":{"@id":"https:\/\/www.gaveanews.com\/index.php\/2022\/08\/29\/erick-pulgar-fala-sobre-a-sua-estreia-e-revela-ajuda-de-seus-companheiros-no-flamengo\/#primaryimage"},"thumbnailUrl":"https:\/\/www.gaveanews.com\/wp-content\/uploads\/Guilhermo-Varela-Erick-Pulgar-e-Arrascaeta-em-treino-do-Flamengo-no-Ninho-do-Urubu.webp","datePublished":"2022-08-29T03:17:00+00:00","dateModified":"2024-04-07T12:54:47+00:00","author":{"@id":"https:\/\/www.gaveanews.com\/#\/schema\/person\/2ec14f73fb96be2caf28f91afb14749d"},"breadcrumb":{"@id":"https:\/\/www.gaveanews.com\/index.php\/2022\/08\/29\/erick-pulgar-fala-sobre-a-sua-estreia-e-revela-ajuda-de-seus-companheiros-no-flamengo\/#breadcrumb"},"inLanguage":"pt-BR","potentialAction":[{"@type":"ReadAction","target":["https:\/\/www.gaveanews.com\/index.php\/2022\/08\/29\/erick-pulgar-fala-sobre-a-sua-estreia-e-revela-ajuda-de-seus-companheiros-no-flamengo\/"]}]},{"@type":"ImageObject","inLanguage":"pt-BR","@id":"https:\/\/www.gaveanews.com\/index.php\/2022\/08\/29\/erick-pulgar-fala-sobre-a-sua-estreia-e-revela-ajuda-de-seus-companheiros-no-flamengo\/#primaryimage","url":"https:\/\/www.gaveanews.com\/wp-content\/uploads\/Guilhermo-Varela-Erick-Pulgar-e-Arrascaeta-em-treino-do-Flamengo-no-Ninho-do-Urubu.webp","contentUrl":"https:\/\/www.gaveanews.com\/wp-content\/uploads\/Guilhermo-Varela-Erick-Pulgar-e-Arrascaeta-em-treino-do-Flamengo-no-Ninho-do-Urubu.webp","width":799,"height":533,"caption":"Guilhermo Varela, Erick Pulgar e Arrascaeta em treino do Flamengo no Ninho do Urubu (Foto: Gilvan de Souza\/Flamengo)"},{"@type":"BreadcrumbList","@id":"https:\/\/www.gaveanews.com\/index.php\/2022\/08\/29\/erick-pulgar-fala-sobre-a-sua-estreia-e-revela-ajuda-de-seus-companheiros-no-flamengo\/#breadcrumb","itemListElement":[{"@type":"ListItem","position":1,"name":"Home","item":"https:\/\/www.gaveanews.com\/"},{"@type":"ListItem","position":2,"name":"Erick Pulgar fala sobre a sua estreia e revela ajuda de seus companheiros no Flamengo"}]},{"@type":"WebSite","@id":"https:\/\/www.gaveanews.com\/#website","url":"https:\/\/www.gaveanews.com\/","name":"G\u00e1vea News","description":"Veja todas as not\u00edcias sobre o Flamengo: Contrata\u00e7\u00f5es, categorias de base, resultados das partidas, tabela de classifica\u00e7\u00e3o, pr\u00f3ximos jogos!","potentialAction":[{"@type":"SearchAction","target":{"@type":"EntryPoint","urlTemplate":"https:\/\/www.gaveanews.com\/?s={search_term_string}"},"query-input":{"@type":"PropertyValueSpecification","valueRequired":true,"valueName":"search_term_string"}}],"inLanguage":"pt-BR"},{"@type":"Person","@id":"https:\/\/www.gaveanews.com\/#\/schema\/person\/2ec14f73fb96be2caf28f91afb14749d","name":"Equipe G\u00e1vea News","image":{"@type":"ImageObject","inLanguage":"pt-BR","@id":"https:\/\/www.gaveanews.com\/#\/schema\/person\/image\/","url":"https:\/\/secure.gravatar.com\/avatar\/1e1956f1facbffd3f8fa53a326721950116b3b9dc9bd44939c01180fd4a745a9?s=96&d=mm&r=g","contentUrl":"https:\/\/secure.gravatar.com\/avatar\/1e1956f1facbffd3f8fa53a326721950116b3b9dc9bd44939c01180fd4a745a9?s=96&d=mm&r=g","caption":"Equipe G\u00e1vea News"}}]}},"_links":{"self":[{"href":"https:\/\/www.gaveanews.com\/index.php\/wp-json\/wp\/v2\/posts\/86566","targetHints":{"allow":["GET"]}}],"collection":[{"href":"https:\/\/www.gaveanews.com\/index.php\/wp-json\/wp\/v2\/posts"}],"about":[{"href":"https:\/\/www.gaveanews.com\/index.php\/wp-json\/wp\/v2\/types\/post"}],"author":[{"embeddable":true,"href":"https:\/\/www.gaveanews.com\/index.php\/wp-json\/wp\/v2\/users\/1"}],"replies":[{"embeddable":true,"href":"https:\/\/www.gaveanews.com\/index.php\/wp-json\/wp\/v2\/comments?post=86566"}],"version-history":[{"count":1,"href":"https:\/\/www.gaveanews.com\/index.php\/wp-json\/wp\/v2\/posts\/86566\/revisions"}],"predecessor-version":[{"id":137256,"href":"https:\/\/www.gaveanews.com\/index.php\/wp-json\/wp\/v2\/posts\/86566\/revisions\/137256"}],"wp:featuredmedia":[{"embeddable":true,"href":"https:\/\/www.gaveanews.com\/index.php\/wp-json\/wp\/v2\/media\/85570"}],"wp:attachment":[{"href":"https:\/\/www.gaveanews.com\/index.php\/wp-json\/wp\/v2\/media?parent=86566"}],"wp:term":[{"taxonomy":"category","embeddable":true,"href":"https:\/\/www.gaveanews.com\/index.php\/wp-json\/wp\/v2\/categories?post=86566"},{"taxonomy":"post_tag","embeddable":true,"href":"https:\/\/www.gaveanews.com\/index.php\/wp-json\/wp\/v2\/tags?post=86566"}],"curies":[{"name":"wp","href":"https:\/\/api.w.org\/{rel}","templated":true}]}}