{"id":86573,"date":"2022-08-29T07:43:53","date_gmt":"2022-08-29T10:43:53","guid":{"rendered":"https:\/\/www.gaveanews.com\/?p=86573"},"modified":"2022-08-29T07:43:57","modified_gmt":"2022-08-29T10:43:57","slug":"arturo-vidal-se-destaca-no-flamengo-e-coloca-pressao-em-dorival-jr","status":"publish","type":"post","link":"https:\/\/www.gaveanews.com\/index.php\/2022\/08\/29\/arturo-vidal-se-destaca-no-flamengo-e-coloca-pressao-em-dorival-jr\/","title":{"rendered":"Arturo Vidal se destaca no Flamengo e coloca &#8216;press\u00e3o&#8217; em Dorival Jr"},"content":{"rendered":"\n<p>Foram anos de namoro at\u00e9 que o casamento se concretizasse, mas o in\u00edcio desse relacionamento parece bastante promissor entre Arturo Vidal e Flamengo. Her\u00f3i da vit\u00f3ria por 1 a 0 sobre o Botafogo, o chileno coloca cada vez mais a pulga atr\u00e1s da orelha de Dorival Jr e levanta o questionamento: j\u00e1 \u00e9 o momento dele sair do time B e passar a se fazer presente na equipe das competi\u00e7\u00f5es mata-mata?<\/p>\n\n\n\n<p>O treinador j\u00e1 falou em outras oportunidades que a tend\u00eancia \u00e9 que os jogadores contratados depois demorem um pouco mais a serem titulares. Vidal, por exemplo, chegou ao Fla sem ritmo de jogo e precisou de 10 dias entre o an\u00fancio oficial e a estreia diante do Ava\u00ed saindo do banco de reservas. J\u00e1 mais adaptado, o jogador se mostra cada dia mais confort\u00e1vel no meio-campo rubro-negro.<\/p>\n\n\n\n<p>Nos momentos em que foi titular no time principal, Vidal atuou porque Thiago Maia estava suspenso, fazendo dupla com Jo\u00e3o Gomes. A melhor atua\u00e7\u00e3o foi justamente em um desses momentos, na vit\u00f3ria do Fla por 1 a 0 sobre o Athletico na Arena da Baixada, pela Copa do Brasil. At\u00e9 o momento, Vidal tem 11 jogos, dois gols e uma assist\u00eancia.<\/p>\n\n\n\n<p><em>\u200b\u2014 \u00c9 muito f\u00e1cil para um treinador colocar. O complicador \u00e9 quem tirar. N\u00f3s n\u00e3o tivemos uma ca\u00edda t\u00e9cnica de rendimento, n\u00f3s n\u00e3o tivemos uma les\u00e3o sequer em quase tr\u00eas meses. A equipe vem ganhando impulso, f\u00f4lego e realizando belas partidas. Oscilando o m\u00ednimo poss\u00edvel. Temos que ter essa calma, ele tem sido importante em todos os jogos. Vidal tem entrado na maioria das partidas<\/em> &#8211; analisou Dorival.<\/p>\n\n\n\n<p>Vidal foi um dos destaques do Flamengo no cl\u00e1ssico carioca. Nos 75 minutos que esteve em campo, o jogador teve 94% de acerto nos passes, acertou todas as seis bolas longas que tentou, teve uma finaliza\u00e7\u00e3o no alvo, ganhou seis dos 11 duelos no ch\u00e3o e cometeu tr\u00eas faltas, sofrendo uma. Ele tamb\u00e9m teve um corte, uma intercepta\u00e7\u00e3o e cinco desarmes. Os n\u00fameros s\u00e3o do &#8220;SofaScore&#8221;.<\/p>\n\n\n\n<p>Com o resultado, o Fla sobe para a vice-lideran\u00e7a do Brasileir\u00e3o, com 43 pontos, sete a menos do que o Palmeiras, em primeiro. Agora, o Flamengo tem o importante duelo com o V\u00e9lez S\u00e1rsfield pelo jogo de ida da semifinal da Libertadores na quarta-feira, \u00e0s 21h30, na Argentina. Pelo Brasileir\u00e3o, a equipe entra em campo no domingo diante do Cear\u00e1, \u00e0s 11h, no Maracan\u00e3.<\/p>\n\n\n\n<p>Retirado de: Lance<\/p>\n","protected":false},"excerpt":{"rendered":"<p>Foram anos de namoro at\u00e9 que o casamento se concretizasse, mas o in\u00edcio desse relacionamento parece bastante promissor entre Arturo Vidal e Flamengo. Her\u00f3i da vit\u00f3ria por 1 a 0 sobre o Botafogo, o chileno coloca cada vez mais a pulga atr\u00e1s da orelha de Dorival Jr e levanta o questionamento: j\u00e1 \u00e9 o momento [&hellip;]<\/p>\n","protected":false},"author":1,"featured_media":85520,"comment_status":"open","ping_status":"closed","sticky":false,"template":"","format":"standard","meta":{"footnotes":""},"categories":[1],"tags":[],"class_list":["post-86573","post","type-post","status-publish","format-standard","has-post-thumbnail","hentry","category-flamengo"],"yoast_head":"<!-- This site is optimized with the Yoast SEO Premium plugin v24.2 (Yoast SEO v26.9) - https:\/\/yoast.com\/product\/yoast-seo-premium-wordpress\/ -->\n<title>Arturo Vidal se destaca no Flamengo e coloca &#039;press\u00e3o&#039; em Dorival Jr<\/title>\n<meta name=\"robots\" content=\"index, follow, max-snippet:-1, max-image-preview:large, max-video-preview:-1\" \/>\n<link rel=\"canonical\" href=\"https:\/\/www.gaveanews.com\/index.php\/2022\/08\/29\/arturo-vidal-se-destaca-no-flamengo-e-coloca-pressao-em-dorival-jr\/\" \/>\n<meta property=\"og:locale\" content=\"pt_BR\" \/>\n<meta property=\"og:type\" content=\"article\" \/>\n<meta property=\"og:title\" content=\"Arturo Vidal se destaca no Flamengo e coloca &#039;press\u00e3o&#039; em Dorival Jr\" \/>\n<meta property=\"og:description\" content=\"Foram anos de namoro at\u00e9 que o casamento se concretizasse, mas o in\u00edcio desse relacionamento parece bastante promissor entre Arturo Vidal e Flamengo. Her\u00f3i da vit\u00f3ria por 1 a 0 sobre o Botafogo, o chileno coloca cada vez mais a pulga atr\u00e1s da orelha de Dorival Jr e levanta o questionamento: j\u00e1 \u00e9 o momento [&hellip;]\" \/>\n<meta property=\"og:url\" content=\"https:\/\/www.gaveanews.com\/index.php\/2022\/08\/29\/arturo-vidal-se-destaca-no-flamengo-e-coloca-pressao-em-dorival-jr\/\" \/>\n<meta property=\"og:site_name\" content=\"G\u00e1vea News\" \/>\n<meta property=\"article:publisher\" content=\"https:\/\/facebook.com\/gaveaNews\/\" \/>\n<meta property=\"article:published_time\" content=\"2022-08-29T10:43:53+00:00\" \/>\n<meta property=\"article:modified_time\" content=\"2022-08-29T10:43:57+00:00\" \/>\n<meta property=\"og:image\" content=\"https:\/\/www.gaveanews.com\/wp-content\/uploads\/Arturo-Vidal-em-jogo-do-Flamengo-contra-o-Corinthians-pela-Libertadores.webp\" \/>\n\t<meta property=\"og:image:width\" content=\"800\" \/>\n\t<meta property=\"og:image:height\" content=\"533\" \/>\n\t<meta property=\"og:image:type\" content=\"image\/jpeg\" \/>\n<meta name=\"author\" content=\"Equipe G\u00e1vea News\" \/>\n<meta name=\"twitter:card\" content=\"summary_large_image\" \/>\n<meta name=\"twitter:label1\" content=\"Escrito por\" \/>\n\t<meta name=\"twitter:data1\" content=\"Equipe G\u00e1vea News\" \/>\n\t<meta name=\"twitter:label2\" content=\"Est. tempo de leitura\" \/>\n\t<meta name=\"twitter:data2\" content=\"3 minutos\" \/>\n<script type=\"application\/ld+json\" class=\"yoast-schema-graph\">{\"@context\":\"https:\/\/schema.org\",\"@graph\":[{\"@type\":\"NewsArticle\",\"@id\":\"https:\/\/www.gaveanews.com\/index.php\/2022\/08\/29\/arturo-vidal-se-destaca-no-flamengo-e-coloca-pressao-em-dorival-jr\/#article\",\"isPartOf\":{\"@id\":\"https:\/\/www.gaveanews.com\/index.php\/2022\/08\/29\/arturo-vidal-se-destaca-no-flamengo-e-coloca-pressao-em-dorival-jr\/\"},\"author\":{\"name\":\"Equipe G\u00e1vea News\",\"@id\":\"https:\/\/www.gaveanews.com\/#\/schema\/person\/2ec14f73fb96be2caf28f91afb14749d\"},\"headline\":\"Arturo Vidal se destaca no Flamengo e coloca &#8216;press\u00e3o&#8217; em Dorival Jr\",\"datePublished\":\"2022-08-29T10:43:53+00:00\",\"dateModified\":\"2022-08-29T10:43:57+00:00\",\"mainEntityOfPage\":{\"@id\":\"https:\/\/www.gaveanews.com\/index.php\/2022\/08\/29\/arturo-vidal-se-destaca-no-flamengo-e-coloca-pressao-em-dorival-jr\/\"},\"wordCount\":435,\"commentCount\":0,\"image\":{\"@id\":\"https:\/\/www.gaveanews.com\/index.php\/2022\/08\/29\/arturo-vidal-se-destaca-no-flamengo-e-coloca-pressao-em-dorival-jr\/#primaryimage\"},\"thumbnailUrl\":\"https:\/\/www.gaveanews.com\/wp-content\/uploads\/Arturo-Vidal-em-jogo-do-Flamengo-contra-o-Corinthians-pela-Libertadores.webp\",\"articleSection\":[\"Flamengo\"],\"inLanguage\":\"pt-BR\",\"potentialAction\":[{\"@type\":\"CommentAction\",\"name\":\"Comment\",\"target\":[\"https:\/\/www.gaveanews.com\/index.php\/2022\/08\/29\/arturo-vidal-se-destaca-no-flamengo-e-coloca-pressao-em-dorival-jr\/#respond\"]}],\"copyrightYear\":\"2022\",\"copyrightHolder\":{\"@id\":\"https:\/\/www.gaveanews.com\/#organization\"}},{\"@type\":\"WebPage\",\"@id\":\"https:\/\/www.gaveanews.com\/index.php\/2022\/08\/29\/arturo-vidal-se-destaca-no-flamengo-e-coloca-pressao-em-dorival-jr\/\",\"url\":\"https:\/\/www.gaveanews.com\/index.php\/2022\/08\/29\/arturo-vidal-se-destaca-no-flamengo-e-coloca-pressao-em-dorival-jr\/\",\"name\":\"Arturo Vidal se destaca no Flamengo e coloca 'press\u00e3o' em Dorival Jr\",\"isPartOf\":{\"@id\":\"https:\/\/www.gaveanews.com\/#website\"},\"primaryImageOfPage\":{\"@id\":\"https:\/\/www.gaveanews.com\/index.php\/2022\/08\/29\/arturo-vidal-se-destaca-no-flamengo-e-coloca-pressao-em-dorival-jr\/#primaryimage\"},\"image\":{\"@id\":\"https:\/\/www.gaveanews.com\/index.php\/2022\/08\/29\/arturo-vidal-se-destaca-no-flamengo-e-coloca-pressao-em-dorival-jr\/#primaryimage\"},\"thumbnailUrl\":\"https:\/\/www.gaveanews.com\/wp-content\/uploads\/Arturo-Vidal-em-jogo-do-Flamengo-contra-o-Corinthians-pela-Libertadores.webp\",\"datePublished\":\"2022-08-29T10:43:53+00:00\",\"dateModified\":\"2022-08-29T10:43:57+00:00\",\"author\":{\"@id\":\"https:\/\/www.gaveanews.com\/#\/schema\/person\/2ec14f73fb96be2caf28f91afb14749d\"},\"breadcrumb\":{\"@id\":\"https:\/\/www.gaveanews.com\/index.php\/2022\/08\/29\/arturo-vidal-se-destaca-no-flamengo-e-coloca-pressao-em-dorival-jr\/#breadcrumb\"},\"inLanguage\":\"pt-BR\",\"potentialAction\":[{\"@type\":\"ReadAction\",\"target\":[\"https:\/\/www.gaveanews.com\/index.php\/2022\/08\/29\/arturo-vidal-se-destaca-no-flamengo-e-coloca-pressao-em-dorival-jr\/\"]}]},{\"@type\":\"ImageObject\",\"inLanguage\":\"pt-BR\",\"@id\":\"https:\/\/www.gaveanews.com\/index.php\/2022\/08\/29\/arturo-vidal-se-destaca-no-flamengo-e-coloca-pressao-em-dorival-jr\/#primaryimage\",\"url\":\"https:\/\/www.gaveanews.com\/wp-content\/uploads\/Arturo-Vidal-em-jogo-do-Flamengo-contra-o-Corinthians-pela-Libertadores.webp\",\"contentUrl\":\"https:\/\/www.gaveanews.com\/wp-content\/uploads\/Arturo-Vidal-em-jogo-do-Flamengo-contra-o-Corinthians-pela-Libertadores.webp\",\"width\":800,\"height\":533,\"caption\":\"Arturo Vidal em jogo do Flamengo contra o Corinthians pela Libertadores (Foto: Marcelo Cortes\/Flamengo)\"},{\"@type\":\"BreadcrumbList\",\"@id\":\"https:\/\/www.gaveanews.com\/index.php\/2022\/08\/29\/arturo-vidal-se-destaca-no-flamengo-e-coloca-pressao-em-dorival-jr\/#breadcrumb\",\"itemListElement\":[{\"@type\":\"ListItem\",\"position\":1,\"name\":\"Home\",\"item\":\"https:\/\/www.gaveanews.com\/\"},{\"@type\":\"ListItem\",\"position\":2,\"name\":\"Arturo Vidal se destaca no Flamengo e coloca &#8216;press\u00e3o&#8217; em Dorival Jr\"}]},{\"@type\":\"WebSite\",\"@id\":\"https:\/\/www.gaveanews.com\/#website\",\"url\":\"https:\/\/www.gaveanews.com\/\",\"name\":\"G\u00e1vea News\",\"description\":\"Veja todas as not\u00edcias sobre o Flamengo: Contrata\u00e7\u00f5es, categorias de base, resultados das partidas, tabela de classifica\u00e7\u00e3o, pr\u00f3ximos jogos!\",\"potentialAction\":[{\"@type\":\"SearchAction\",\"target\":{\"@type\":\"EntryPoint\",\"urlTemplate\":\"https:\/\/www.gaveanews.com\/?s={search_term_string}\"},\"query-input\":{\"@type\":\"PropertyValueSpecification\",\"valueRequired\":true,\"valueName\":\"search_term_string\"}}],\"inLanguage\":\"pt-BR\"},{\"@type\":\"Person\",\"@id\":\"https:\/\/www.gaveanews.com\/#\/schema\/person\/2ec14f73fb96be2caf28f91afb14749d\",\"name\":\"Equipe G\u00e1vea News\",\"image\":{\"@type\":\"ImageObject\",\"inLanguage\":\"pt-BR\",\"@id\":\"https:\/\/www.gaveanews.com\/#\/schema\/person\/image\/\",\"url\":\"https:\/\/secure.gravatar.com\/avatar\/1e1956f1facbffd3f8fa53a326721950116b3b9dc9bd44939c01180fd4a745a9?s=96&d=mm&r=g\",\"contentUrl\":\"https:\/\/secure.gravatar.com\/avatar\/1e1956f1facbffd3f8fa53a326721950116b3b9dc9bd44939c01180fd4a745a9?s=96&d=mm&r=g\",\"caption\":\"Equipe G\u00e1vea News\"}}]}<\/script>\n<!-- \/ Yoast SEO Premium plugin. -->","yoast_head_json":{"title":"Arturo Vidal se destaca no Flamengo e coloca 'press\u00e3o' em Dorival Jr","robots":{"index":"index","follow":"follow","max-snippet":"max-snippet:-1","max-image-preview":"max-image-preview:large","max-video-preview":"max-video-preview:-1"},"canonical":"https:\/\/www.gaveanews.com\/index.php\/2022\/08\/29\/arturo-vidal-se-destaca-no-flamengo-e-coloca-pressao-em-dorival-jr\/","og_locale":"pt_BR","og_type":"article","og_title":"Arturo Vidal se destaca no Flamengo e coloca 'press\u00e3o' em Dorival Jr","og_description":"Foram anos de namoro at\u00e9 que o casamento se concretizasse, mas o in\u00edcio desse relacionamento parece bastante promissor entre Arturo Vidal e Flamengo. Her\u00f3i da vit\u00f3ria por 1 a 0 sobre o Botafogo, o chileno coloca cada vez mais a pulga atr\u00e1s da orelha de Dorival Jr e levanta o questionamento: j\u00e1 \u00e9 o momento [&hellip;]","og_url":"https:\/\/www.gaveanews.com\/index.php\/2022\/08\/29\/arturo-vidal-se-destaca-no-flamengo-e-coloca-pressao-em-dorival-jr\/","og_site_name":"G\u00e1vea News","article_publisher":"https:\/\/facebook.com\/gaveaNews\/","article_published_time":"2022-08-29T10:43:53+00:00","article_modified_time":"2022-08-29T10:43:57+00:00","og_image":[{"width":800,"height":533,"url":"https:\/\/www.gaveanews.com\/wp-content\/uploads\/Arturo-Vidal-em-jogo-do-Flamengo-contra-o-Corinthians-pela-Libertadores.webp","type":"image\/jpeg"}],"author":"Equipe G\u00e1vea News","twitter_card":"summary_large_image","twitter_misc":{"Escrito por":"Equipe G\u00e1vea News","Est. tempo de leitura":"3 minutos"},"schema":{"@context":"https:\/\/schema.org","@graph":[{"@type":"NewsArticle","@id":"https:\/\/www.gaveanews.com\/index.php\/2022\/08\/29\/arturo-vidal-se-destaca-no-flamengo-e-coloca-pressao-em-dorival-jr\/#article","isPartOf":{"@id":"https:\/\/www.gaveanews.com\/index.php\/2022\/08\/29\/arturo-vidal-se-destaca-no-flamengo-e-coloca-pressao-em-dorival-jr\/"},"author":{"name":"Equipe G\u00e1vea News","@id":"https:\/\/www.gaveanews.com\/#\/schema\/person\/2ec14f73fb96be2caf28f91afb14749d"},"headline":"Arturo Vidal se destaca no Flamengo e coloca &#8216;press\u00e3o&#8217; em Dorival Jr","datePublished":"2022-08-29T10:43:53+00:00","dateModified":"2022-08-29T10:43:57+00:00","mainEntityOfPage":{"@id":"https:\/\/www.gaveanews.com\/index.php\/2022\/08\/29\/arturo-vidal-se-destaca-no-flamengo-e-coloca-pressao-em-dorival-jr\/"},"wordCount":435,"commentCount":0,"image":{"@id":"https:\/\/www.gaveanews.com\/index.php\/2022\/08\/29\/arturo-vidal-se-destaca-no-flamengo-e-coloca-pressao-em-dorival-jr\/#primaryimage"},"thumbnailUrl":"https:\/\/www.gaveanews.com\/wp-content\/uploads\/Arturo-Vidal-em-jogo-do-Flamengo-contra-o-Corinthians-pela-Libertadores.webp","articleSection":["Flamengo"],"inLanguage":"pt-BR","potentialAction":[{"@type":"CommentAction","name":"Comment","target":["https:\/\/www.gaveanews.com\/index.php\/2022\/08\/29\/arturo-vidal-se-destaca-no-flamengo-e-coloca-pressao-em-dorival-jr\/#respond"]}],"copyrightYear":"2022","copyrightHolder":{"@id":"https:\/\/www.gaveanews.com\/#organization"}},{"@type":"WebPage","@id":"https:\/\/www.gaveanews.com\/index.php\/2022\/08\/29\/arturo-vidal-se-destaca-no-flamengo-e-coloca-pressao-em-dorival-jr\/","url":"https:\/\/www.gaveanews.com\/index.php\/2022\/08\/29\/arturo-vidal-se-destaca-no-flamengo-e-coloca-pressao-em-dorival-jr\/","name":"Arturo Vidal se destaca no Flamengo e coloca 'press\u00e3o' em Dorival Jr","isPartOf":{"@id":"https:\/\/www.gaveanews.com\/#website"},"primaryImageOfPage":{"@id":"https:\/\/www.gaveanews.com\/index.php\/2022\/08\/29\/arturo-vidal-se-destaca-no-flamengo-e-coloca-pressao-em-dorival-jr\/#primaryimage"},"image":{"@id":"https:\/\/www.gaveanews.com\/index.php\/2022\/08\/29\/arturo-vidal-se-destaca-no-flamengo-e-coloca-pressao-em-dorival-jr\/#primaryimage"},"thumbnailUrl":"https:\/\/www.gaveanews.com\/wp-content\/uploads\/Arturo-Vidal-em-jogo-do-Flamengo-contra-o-Corinthians-pela-Libertadores.webp","datePublished":"2022-08-29T10:43:53+00:00","dateModified":"2022-08-29T10:43:57+00:00","author":{"@id":"https:\/\/www.gaveanews.com\/#\/schema\/person\/2ec14f73fb96be2caf28f91afb14749d"},"breadcrumb":{"@id":"https:\/\/www.gaveanews.com\/index.php\/2022\/08\/29\/arturo-vidal-se-destaca-no-flamengo-e-coloca-pressao-em-dorival-jr\/#breadcrumb"},"inLanguage":"pt-BR","potentialAction":[{"@type":"ReadAction","target":["https:\/\/www.gaveanews.com\/index.php\/2022\/08\/29\/arturo-vidal-se-destaca-no-flamengo-e-coloca-pressao-em-dorival-jr\/"]}]},{"@type":"ImageObject","inLanguage":"pt-BR","@id":"https:\/\/www.gaveanews.com\/index.php\/2022\/08\/29\/arturo-vidal-se-destaca-no-flamengo-e-coloca-pressao-em-dorival-jr\/#primaryimage","url":"https:\/\/www.gaveanews.com\/wp-content\/uploads\/Arturo-Vidal-em-jogo-do-Flamengo-contra-o-Corinthians-pela-Libertadores.webp","contentUrl":"https:\/\/www.gaveanews.com\/wp-content\/uploads\/Arturo-Vidal-em-jogo-do-Flamengo-contra-o-Corinthians-pela-Libertadores.webp","width":800,"height":533,"caption":"Arturo Vidal em jogo do Flamengo contra o Corinthians pela Libertadores (Foto: Marcelo Cortes\/Flamengo)"},{"@type":"BreadcrumbList","@id":"https:\/\/www.gaveanews.com\/index.php\/2022\/08\/29\/arturo-vidal-se-destaca-no-flamengo-e-coloca-pressao-em-dorival-jr\/#breadcrumb","itemListElement":[{"@type":"ListItem","position":1,"name":"Home","item":"https:\/\/www.gaveanews.com\/"},{"@type":"ListItem","position":2,"name":"Arturo Vidal se destaca no Flamengo e coloca &#8216;press\u00e3o&#8217; em Dorival Jr"}]},{"@type":"WebSite","@id":"https:\/\/www.gaveanews.com\/#website","url":"https:\/\/www.gaveanews.com\/","name":"G\u00e1vea News","description":"Veja todas as not\u00edcias sobre o Flamengo: Contrata\u00e7\u00f5es, categorias de base, resultados das partidas, tabela de classifica\u00e7\u00e3o, pr\u00f3ximos jogos!","potentialAction":[{"@type":"SearchAction","target":{"@type":"EntryPoint","urlTemplate":"https:\/\/www.gaveanews.com\/?s={search_term_string}"},"query-input":{"@type":"PropertyValueSpecification","valueRequired":true,"valueName":"search_term_string"}}],"inLanguage":"pt-BR"},{"@type":"Person","@id":"https:\/\/www.gaveanews.com\/#\/schema\/person\/2ec14f73fb96be2caf28f91afb14749d","name":"Equipe G\u00e1vea News","image":{"@type":"ImageObject","inLanguage":"pt-BR","@id":"https:\/\/www.gaveanews.com\/#\/schema\/person\/image\/","url":"https:\/\/secure.gravatar.com\/avatar\/1e1956f1facbffd3f8fa53a326721950116b3b9dc9bd44939c01180fd4a745a9?s=96&d=mm&r=g","contentUrl":"https:\/\/secure.gravatar.com\/avatar\/1e1956f1facbffd3f8fa53a326721950116b3b9dc9bd44939c01180fd4a745a9?s=96&d=mm&r=g","caption":"Equipe G\u00e1vea News"}}]}},"_links":{"self":[{"href":"https:\/\/www.gaveanews.com\/index.php\/wp-json\/wp\/v2\/posts\/86573","targetHints":{"allow":["GET"]}}],"collection":[{"href":"https:\/\/www.gaveanews.com\/index.php\/wp-json\/wp\/v2\/posts"}],"about":[{"href":"https:\/\/www.gaveanews.com\/index.php\/wp-json\/wp\/v2\/types\/post"}],"author":[{"embeddable":true,"href":"https:\/\/www.gaveanews.com\/index.php\/wp-json\/wp\/v2\/users\/1"}],"replies":[{"embeddable":true,"href":"https:\/\/www.gaveanews.com\/index.php\/wp-json\/wp\/v2\/comments?post=86573"}],"version-history":[{"count":0,"href":"https:\/\/www.gaveanews.com\/index.php\/wp-json\/wp\/v2\/posts\/86573\/revisions"}],"wp:featuredmedia":[{"embeddable":true,"href":"https:\/\/www.gaveanews.com\/index.php\/wp-json\/wp\/v2\/media\/85520"}],"wp:attachment":[{"href":"https:\/\/www.gaveanews.com\/index.php\/wp-json\/wp\/v2\/media?parent=86573"}],"wp:term":[{"taxonomy":"category","embeddable":true,"href":"https:\/\/www.gaveanews.com\/index.php\/wp-json\/wp\/v2\/categories?post=86573"},{"taxonomy":"post_tag","embeddable":true,"href":"https:\/\/www.gaveanews.com\/index.php\/wp-json\/wp\/v2\/tags?post=86573"}],"curies":[{"name":"wp","href":"https:\/\/api.w.org\/{rel}","templated":true}]}}