{"id":86581,"date":"2022-08-29T09:20:59","date_gmt":"2022-08-29T12:20:59","guid":{"rendered":"https:\/\/www.gaveanews.com\/?p=86581"},"modified":"2022-08-29T09:21:01","modified_gmt":"2022-08-29T12:21:01","slug":"torcida-do-flamengo-pede-a-saida-imediata-de-diego-ribas","status":"publish","type":"post","link":"https:\/\/www.gaveanews.com\/index.php\/2022\/08\/29\/torcida-do-flamengo-pede-a-saida-imediata-de-diego-ribas\/","title":{"rendered":"Torcida do Flamengo pede a sa\u00edda imediata de Diego Ribas"},"content":{"rendered":"\n<p>Apesar da vit\u00f3ria no placar final do cl\u00e1ssico contra o Botafogo, a torcida do Flamengo n\u00e3o ficou satisfeita com o desempenho do time na partida. Mas de todos os pontos criticados pelos rubro-negros, a escolha de Dorival J\u00fanior por escalar e manter Diego Ribas at\u00e9 a metade do segundo tempo foi um dos maiores focos de reclama\u00e7\u00f5es.<\/p>\n\n\n\n<p>\u00c0 exce\u00e7\u00e3o de algumas partidas, o camisa 10 tem sido um dos mais criticados pelo torcedor do Flamengo nas \u00faltimas temporadas. O meia \u00e9 titular no time escolhido para disputar o Brasileir\u00e3o e ganhou um concorrente para a vaga no meio de campo com a chegada de Erick Pulgar ao clube.<\/p>\n\n\n\n<p>Sabendo da op\u00e7\u00e3o de peso que existe no banco de reservas, a torcida pede a sa\u00edda de Diego Ribas para dar passagem no segundo time. Muitos destes pedidos foram feitos nas redes sociais, como est\u00e1 destacado abaixo.<\/p>\n\n\n\n<h2 class=\"wp-block-heading\" id=\"h-veja-as-publicacoes\">Veja as publica\u00e7\u00f5es:<\/h2>\n\n\n\n<figure class=\"wp-block-embed is-type-rich is-provider-twitter wp-block-embed-twitter\"><div class=\"wp-block-embed__wrapper\">\nhttps:\/\/twitter.com\/Felipexdc\/status\/1564001716621791235\n<\/div><\/figure>\n\n\n\n<figure class=\"wp-block-embed is-type-rich is-provider-twitter wp-block-embed-twitter\"><div class=\"wp-block-embed__wrapper\">\n<blockquote class=\"twitter-tweet\" data-width=\"550\" data-dnt=\"true\"><p lang=\"es\" dir=\"ltr\">Aposenta logo diego ribas<\/p>&mdash; Alex Junior (@whoisalexjr) <a href=\"https:\/\/twitter.com\/whoisalexjr\/status\/1564006763812331522?ref_src=twsrc%5Etfw\">August 28, 2022<\/a><\/blockquote><script async src=\"https:\/\/platform.twitter.com\/widgets.js\" charset=\"utf-8\"><\/script>\n<\/div><\/figure>\n\n\n\n<figure class=\"wp-block-embed is-type-rich is-provider-twitter wp-block-embed-twitter\"><div class=\"wp-block-embed__wrapper\">\n<blockquote class=\"twitter-tweet\" data-width=\"550\" data-dnt=\"true\"><p lang=\"pt\" dir=\"ltr\">N\u00c3O D\u00c1 MAIS PRA VER DIEGO RIBAS COM A CAMISA DO FLAMENGO!!!!!<\/p>&mdash; gabi (@gabriel_gl10) <a href=\"https:\/\/twitter.com\/gabriel_gl10\/status\/1564005801806659585?ref_src=twsrc%5Etfw\">August 28, 2022<\/a><\/blockquote><script async src=\"https:\/\/platform.twitter.com\/widgets.js\" charset=\"utf-8\"><\/script>\n<\/div><\/figure>\n\n\n\n<figure class=\"wp-block-embed is-type-rich is-provider-twitter wp-block-embed-twitter\"><div class=\"wp-block-embed__wrapper\">\n<blockquote class=\"twitter-tweet\" data-width=\"550\" data-dnt=\"true\"><p lang=\"pt\" dir=\"ltr\">E o Diego Ribas ainda me fez uma coletiva, um circo\u2026 praticamente pra pedir aplausos e servenerado\u2026<br><br>Quer ser aplaudido, pede pra sair, pelo amor de Deus<\/p>&mdash; \ud835\ude45\ud835\ude56\ud835\ude65\ud835\ude56 \u1d9c\u02b3\u1da0 (@japa_mma) <a href=\"https:\/\/twitter.com\/japa_mma\/status\/1564004008586629120?ref_src=twsrc%5Etfw\">August 28, 2022<\/a><\/blockquote><script async src=\"https:\/\/platform.twitter.com\/widgets.js\" charset=\"utf-8\"><\/script>\n<\/div><\/figure>\n\n\n\n<figure class=\"wp-block-embed is-type-rich is-provider-twitter wp-block-embed-twitter\"><div class=\"wp-block-embed__wrapper\">\n<blockquote class=\"twitter-tweet\" data-width=\"550\" data-dnt=\"true\"><p lang=\"pt\" dir=\"ltr\">Dorival pior que terder o vesti\u00e1rio \u00e9 perder a torcida!!! Diego Ribas n\u00e3o d\u00e1 mais!!! Pulgar \u00e9 cara!!!<\/p>&mdash; Marcos Santa B\u00e1rbara (@MarcosSantaBrb1) <a href=\"https:\/\/twitter.com\/MarcosSantaBrb1\/status\/1563945297721655305?ref_src=twsrc%5Etfw\">August 28, 2022<\/a><\/blockquote><script async src=\"https:\/\/platform.twitter.com\/widgets.js\" charset=\"utf-8\"><\/script>\n<\/div><\/figure>\n\n\n\n<figure class=\"wp-block-embed is-type-rich is-provider-twitter wp-block-embed-twitter\"><div class=\"wp-block-embed__wrapper\">\n<blockquote class=\"twitter-tweet\" data-width=\"550\" data-dnt=\"true\"><p lang=\"es\" dir=\"ltr\">APOSENTA LOGO DIEGO RIBAS<\/p>&mdash; cec\u00edlia (@shotscrf) <a href=\"https:\/\/twitter.com\/shotscrf\/status\/1564001209832325120?ref_src=twsrc%5Etfw\">August 28, 2022<\/a><\/blockquote><script async src=\"https:\/\/platform.twitter.com\/widgets.js\" charset=\"utf-8\"><\/script>\n<\/div><\/figure>\n\n\n\n<figure class=\"wp-block-embed is-type-rich is-provider-twitter wp-block-embed-twitter\"><div class=\"wp-block-embed__wrapper\">\n<blockquote class=\"twitter-tweet\" data-width=\"550\" data-dnt=\"true\"><p lang=\"pt\" dir=\"ltr\">Quando vao entender que n\u00e3o d\u00e1 mais para o Diego Ribas, insistir nesse cara \u00e9 jogar contra o patrim\u00f4nio<\/p>&mdash; \ud83c\udd73\ud83c\udd78\ud83c\udd7e\ud83c\udd76\ud83c\udd7e \ud83c\udd72\ud83c\udd81\ud83c\udd75 (@DiogoFla81) <a href=\"https:\/\/twitter.com\/DiogoFla81\/status\/1564007567638118400?ref_src=twsrc%5Etfw\">August 28, 2022<\/a><\/blockquote><script async src=\"https:\/\/platform.twitter.com\/widgets.js\" charset=\"utf-8\"><\/script>\n<\/div><\/figure>\n\n\n\n<figure class=\"wp-block-embed is-type-rich is-provider-twitter wp-block-embed-twitter\"><div class=\"wp-block-embed__wrapper\">\n<blockquote class=\"twitter-tweet\" data-width=\"550\" data-dnt=\"true\"><p lang=\"pt\" dir=\"ltr\">N\u00e3o e uma cr\u00edtica a Dorival ele precisa entender a leitura do jogo  sempre usa o mesmo esquema ,n\u00e3o muda .<br>O time est\u00e1 sofrendo de mais ,escala mal ,demora na substitui\u00e7\u00f5es precisa acordar..<br>O Diego Ribas n\u00e3o d\u00e1 mais<\/p>&mdash; Tatiana Santos&#8230;. JESUS CRISTO ALFA e \u00d4MEGA (@Tatiana24903816) <a href=\"https:\/\/twitter.com\/Tatiana24903816\/status\/1564201900555247617?ref_src=twsrc%5Etfw\">August 29, 2022<\/a><\/blockquote><script async src=\"https:\/\/platform.twitter.com\/widgets.js\" charset=\"utf-8\"><\/script>\n<\/div><figcaption><br>Vale lembrar que as reclama\u00e7\u00f5es da torcida n\u00e3o continuar\u00e3o por muito mais tempo. Recentemente Diego Ribas concedeu entrevista coletiva no Flamengo e anunciou sua sa\u00edda do clube no final de 2022.<\/figcaption><\/figure>\n\n\n\n<p>Aos 37 anos, Diego deixar\u00e1 o Rubro-Negro ap\u00f3s sete temporadas de clube e diversos t\u00edtulos conquistados, entre eles a hist\u00f3rica vit\u00f3ria na Libertadores em 2019. Sem o meia, o Flamengo iniciar\u00e1 2023 com quatro op\u00e7\u00f5es de volantes: Jo\u00e3o Gomes, Thiago Maia, Arturo Vidal, Erick Pulgar.<\/p>\n","protected":false},"excerpt":{"rendered":"<p>Apesar da vit\u00f3ria no placar final do cl\u00e1ssico contra o Botafogo, a torcida do Flamengo n\u00e3o ficou satisfeita com o desempenho do time na partida. Mas de todos os pontos criticados pelos rubro-negros, a escolha de Dorival J\u00fanior por escalar e manter Diego Ribas at\u00e9 a metade do segundo tempo foi um dos maiores focos [&hellip;]<\/p>\n","protected":false},"author":4,"featured_media":86548,"comment_status":"open","ping_status":"closed","sticky":false,"template":"","format":"standard","meta":{"footnotes":""},"categories":[1],"tags":[],"class_list":["post-86581","post","type-post","status-publish","format-standard","has-post-thumbnail","hentry","category-flamengo"],"yoast_head":"<!-- This site is optimized with the Yoast SEO Premium plugin v24.2 (Yoast SEO v26.9) - https:\/\/yoast.com\/product\/yoast-seo-premium-wordpress\/ -->\n<title>Torcida do Flamengo pede a sa\u00edda imediata de Diego Ribas<\/title>\n<meta name=\"robots\" content=\"index, follow, max-snippet:-1, max-image-preview:large, max-video-preview:-1\" \/>\n<link rel=\"canonical\" href=\"https:\/\/www.gaveanews.com\/index.php\/2022\/08\/29\/torcida-do-flamengo-pede-a-saida-imediata-de-diego-ribas\/\" \/>\n<meta property=\"og:locale\" content=\"pt_BR\" \/>\n<meta property=\"og:type\" content=\"article\" \/>\n<meta property=\"og:title\" content=\"Torcida do Flamengo pede a sa\u00edda imediata de Diego Ribas\" \/>\n<meta property=\"og:description\" content=\"Apesar da vit\u00f3ria no placar final do cl\u00e1ssico contra o Botafogo, a torcida do Flamengo n\u00e3o ficou satisfeita com o desempenho do time na partida. Mas de todos os pontos criticados pelos rubro-negros, a escolha de Dorival J\u00fanior por escalar e manter Diego Ribas at\u00e9 a metade do segundo tempo foi um dos maiores focos [&hellip;]\" \/>\n<meta property=\"og:url\" content=\"https:\/\/www.gaveanews.com\/index.php\/2022\/08\/29\/torcida-do-flamengo-pede-a-saida-imediata-de-diego-ribas\/\" \/>\n<meta property=\"og:site_name\" content=\"G\u00e1vea News\" \/>\n<meta property=\"article:publisher\" content=\"https:\/\/facebook.com\/gaveaNews\/\" \/>\n<meta property=\"article:published_time\" content=\"2022-08-29T12:20:59+00:00\" \/>\n<meta property=\"article:modified_time\" content=\"2022-08-29T12:21:01+00:00\" \/>\n<meta property=\"og:image\" content=\"https:\/\/www.gaveanews.com\/wp-content\/uploads\/Diego-Ribas-em-acao-pelo-Flamengo-durante-o-jogo-contra-o-Botafogo-pelo-Campeonato-Brasileiro-de-2022.webp\" \/>\n\t<meta property=\"og:image:width\" content=\"799\" \/>\n\t<meta property=\"og:image:height\" content=\"533\" \/>\n\t<meta property=\"og:image:type\" content=\"image\/jpeg\" \/>\n<meta name=\"author\" content=\"Let\u00edcia Gerheim\" \/>\n<meta name=\"twitter:card\" content=\"summary_large_image\" \/>\n<meta name=\"twitter:label1\" content=\"Escrito por\" \/>\n\t<meta name=\"twitter:data1\" content=\"Let\u00edcia Gerheim\" \/>\n\t<meta name=\"twitter:label2\" content=\"Est. tempo de leitura\" \/>\n\t<meta name=\"twitter:data2\" content=\"2 minutos\" \/>\n<script type=\"application\/ld+json\" class=\"yoast-schema-graph\">{\"@context\":\"https:\/\/schema.org\",\"@graph\":[{\"@type\":\"NewsArticle\",\"@id\":\"https:\/\/www.gaveanews.com\/index.php\/2022\/08\/29\/torcida-do-flamengo-pede-a-saida-imediata-de-diego-ribas\/#article\",\"isPartOf\":{\"@id\":\"https:\/\/www.gaveanews.com\/index.php\/2022\/08\/29\/torcida-do-flamengo-pede-a-saida-imediata-de-diego-ribas\/\"},\"author\":{\"name\":\"Let\u00edcia Gerheim\",\"@id\":\"https:\/\/www.gaveanews.com\/#\/schema\/person\/714c67050b836198af2450ba1c142a67\"},\"headline\":\"Torcida do Flamengo pede a sa\u00edda imediata de Diego Ribas\",\"datePublished\":\"2022-08-29T12:20:59+00:00\",\"dateModified\":\"2022-08-29T12:21:01+00:00\",\"mainEntityOfPage\":{\"@id\":\"https:\/\/www.gaveanews.com\/index.php\/2022\/08\/29\/torcida-do-flamengo-pede-a-saida-imediata-de-diego-ribas\/\"},\"wordCount\":290,\"commentCount\":0,\"image\":{\"@id\":\"https:\/\/www.gaveanews.com\/index.php\/2022\/08\/29\/torcida-do-flamengo-pede-a-saida-imediata-de-diego-ribas\/#primaryimage\"},\"thumbnailUrl\":\"https:\/\/www.gaveanews.com\/wp-content\/uploads\/Diego-Ribas-em-acao-pelo-Flamengo-durante-o-jogo-contra-o-Botafogo-pelo-Campeonato-Brasileiro-de-2022.webp\",\"articleSection\":[\"Flamengo\"],\"inLanguage\":\"pt-BR\",\"potentialAction\":[{\"@type\":\"CommentAction\",\"name\":\"Comment\",\"target\":[\"https:\/\/www.gaveanews.com\/index.php\/2022\/08\/29\/torcida-do-flamengo-pede-a-saida-imediata-de-diego-ribas\/#respond\"]}],\"copyrightYear\":\"2022\",\"copyrightHolder\":{\"@id\":\"https:\/\/www.gaveanews.com\/#organization\"}},{\"@type\":\"WebPage\",\"@id\":\"https:\/\/www.gaveanews.com\/index.php\/2022\/08\/29\/torcida-do-flamengo-pede-a-saida-imediata-de-diego-ribas\/\",\"url\":\"https:\/\/www.gaveanews.com\/index.php\/2022\/08\/29\/torcida-do-flamengo-pede-a-saida-imediata-de-diego-ribas\/\",\"name\":\"Torcida do Flamengo pede a sa\u00edda imediata de Diego Ribas\",\"isPartOf\":{\"@id\":\"https:\/\/www.gaveanews.com\/#website\"},\"primaryImageOfPage\":{\"@id\":\"https:\/\/www.gaveanews.com\/index.php\/2022\/08\/29\/torcida-do-flamengo-pede-a-saida-imediata-de-diego-ribas\/#primaryimage\"},\"image\":{\"@id\":\"https:\/\/www.gaveanews.com\/index.php\/2022\/08\/29\/torcida-do-flamengo-pede-a-saida-imediata-de-diego-ribas\/#primaryimage\"},\"thumbnailUrl\":\"https:\/\/www.gaveanews.com\/wp-content\/uploads\/Diego-Ribas-em-acao-pelo-Flamengo-durante-o-jogo-contra-o-Botafogo-pelo-Campeonato-Brasileiro-de-2022.webp\",\"datePublished\":\"2022-08-29T12:20:59+00:00\",\"dateModified\":\"2022-08-29T12:21:01+00:00\",\"author\":{\"@id\":\"https:\/\/www.gaveanews.com\/#\/schema\/person\/714c67050b836198af2450ba1c142a67\"},\"breadcrumb\":{\"@id\":\"https:\/\/www.gaveanews.com\/index.php\/2022\/08\/29\/torcida-do-flamengo-pede-a-saida-imediata-de-diego-ribas\/#breadcrumb\"},\"inLanguage\":\"pt-BR\",\"potentialAction\":[{\"@type\":\"ReadAction\",\"target\":[\"https:\/\/www.gaveanews.com\/index.php\/2022\/08\/29\/torcida-do-flamengo-pede-a-saida-imediata-de-diego-ribas\/\"]}]},{\"@type\":\"ImageObject\",\"inLanguage\":\"pt-BR\",\"@id\":\"https:\/\/www.gaveanews.com\/index.php\/2022\/08\/29\/torcida-do-flamengo-pede-a-saida-imediata-de-diego-ribas\/#primaryimage\",\"url\":\"https:\/\/www.gaveanews.com\/wp-content\/uploads\/Diego-Ribas-em-acao-pelo-Flamengo-durante-o-jogo-contra-o-Botafogo-pelo-Campeonato-Brasileiro-de-2022.webp\",\"contentUrl\":\"https:\/\/www.gaveanews.com\/wp-content\/uploads\/Diego-Ribas-em-acao-pelo-Flamengo-durante-o-jogo-contra-o-Botafogo-pelo-Campeonato-Brasileiro-de-2022.webp\",\"width\":799,\"height\":533,\"caption\":\"Diego Ribas em a\u00e7\u00e3o pelo Flamengo durante o jogo contra o Botafogo pelo Campeonato Brasileiro de 2022 (Foto: Reprodu\u00e7\u00e3o\/Flamengo)\"},{\"@type\":\"BreadcrumbList\",\"@id\":\"https:\/\/www.gaveanews.com\/index.php\/2022\/08\/29\/torcida-do-flamengo-pede-a-saida-imediata-de-diego-ribas\/#breadcrumb\",\"itemListElement\":[{\"@type\":\"ListItem\",\"position\":1,\"name\":\"Home\",\"item\":\"https:\/\/www.gaveanews.com\/\"},{\"@type\":\"ListItem\",\"position\":2,\"name\":\"Torcida do Flamengo pede a sa\u00edda imediata de Diego Ribas\"}]},{\"@type\":\"WebSite\",\"@id\":\"https:\/\/www.gaveanews.com\/#website\",\"url\":\"https:\/\/www.gaveanews.com\/\",\"name\":\"G\u00e1vea News\",\"description\":\"Veja todas as not\u00edcias sobre o Flamengo: Contrata\u00e7\u00f5es, categorias de base, resultados das partidas, tabela de classifica\u00e7\u00e3o, pr\u00f3ximos jogos!\",\"potentialAction\":[{\"@type\":\"SearchAction\",\"target\":{\"@type\":\"EntryPoint\",\"urlTemplate\":\"https:\/\/www.gaveanews.com\/?s={search_term_string}\"},\"query-input\":{\"@type\":\"PropertyValueSpecification\",\"valueRequired\":true,\"valueName\":\"search_term_string\"}}],\"inLanguage\":\"pt-BR\"},{\"@type\":\"Person\",\"@id\":\"https:\/\/www.gaveanews.com\/#\/schema\/person\/714c67050b836198af2450ba1c142a67\",\"name\":\"Let\u00edcia Gerheim\",\"image\":{\"@type\":\"ImageObject\",\"inLanguage\":\"pt-BR\",\"@id\":\"https:\/\/www.gaveanews.com\/#\/schema\/person\/image\/\",\"url\":\"https:\/\/secure.gravatar.com\/avatar\/60734739c50fcebfbac509e2a826ccd0ff405c019bc73aab9354f19ecad1dcb4?s=96&d=mm&r=g\",\"contentUrl\":\"https:\/\/secure.gravatar.com\/avatar\/60734739c50fcebfbac509e2a826ccd0ff405c019bc73aab9354f19ecad1dcb4?s=96&d=mm&r=g\",\"caption\":\"Let\u00edcia Gerheim\"}}]}<\/script>\n<!-- \/ Yoast SEO Premium plugin. -->","yoast_head_json":{"title":"Torcida do Flamengo pede a sa\u00edda imediata de Diego Ribas","robots":{"index":"index","follow":"follow","max-snippet":"max-snippet:-1","max-image-preview":"max-image-preview:large","max-video-preview":"max-video-preview:-1"},"canonical":"https:\/\/www.gaveanews.com\/index.php\/2022\/08\/29\/torcida-do-flamengo-pede-a-saida-imediata-de-diego-ribas\/","og_locale":"pt_BR","og_type":"article","og_title":"Torcida do Flamengo pede a sa\u00edda imediata de Diego Ribas","og_description":"Apesar da vit\u00f3ria no placar final do cl\u00e1ssico contra o Botafogo, a torcida do Flamengo n\u00e3o ficou satisfeita com o desempenho do time na partida. Mas de todos os pontos criticados pelos rubro-negros, a escolha de Dorival J\u00fanior por escalar e manter Diego Ribas at\u00e9 a metade do segundo tempo foi um dos maiores focos [&hellip;]","og_url":"https:\/\/www.gaveanews.com\/index.php\/2022\/08\/29\/torcida-do-flamengo-pede-a-saida-imediata-de-diego-ribas\/","og_site_name":"G\u00e1vea News","article_publisher":"https:\/\/facebook.com\/gaveaNews\/","article_published_time":"2022-08-29T12:20:59+00:00","article_modified_time":"2022-08-29T12:21:01+00:00","og_image":[{"width":799,"height":533,"url":"https:\/\/www.gaveanews.com\/wp-content\/uploads\/Diego-Ribas-em-acao-pelo-Flamengo-durante-o-jogo-contra-o-Botafogo-pelo-Campeonato-Brasileiro-de-2022.webp","type":"image\/jpeg"}],"author":"Let\u00edcia Gerheim","twitter_card":"summary_large_image","twitter_misc":{"Escrito por":"Let\u00edcia Gerheim","Est. tempo de leitura":"2 minutos"},"schema":{"@context":"https:\/\/schema.org","@graph":[{"@type":"NewsArticle","@id":"https:\/\/www.gaveanews.com\/index.php\/2022\/08\/29\/torcida-do-flamengo-pede-a-saida-imediata-de-diego-ribas\/#article","isPartOf":{"@id":"https:\/\/www.gaveanews.com\/index.php\/2022\/08\/29\/torcida-do-flamengo-pede-a-saida-imediata-de-diego-ribas\/"},"author":{"name":"Let\u00edcia Gerheim","@id":"https:\/\/www.gaveanews.com\/#\/schema\/person\/714c67050b836198af2450ba1c142a67"},"headline":"Torcida do Flamengo pede a sa\u00edda imediata de Diego Ribas","datePublished":"2022-08-29T12:20:59+00:00","dateModified":"2022-08-29T12:21:01+00:00","mainEntityOfPage":{"@id":"https:\/\/www.gaveanews.com\/index.php\/2022\/08\/29\/torcida-do-flamengo-pede-a-saida-imediata-de-diego-ribas\/"},"wordCount":290,"commentCount":0,"image":{"@id":"https:\/\/www.gaveanews.com\/index.php\/2022\/08\/29\/torcida-do-flamengo-pede-a-saida-imediata-de-diego-ribas\/#primaryimage"},"thumbnailUrl":"https:\/\/www.gaveanews.com\/wp-content\/uploads\/Diego-Ribas-em-acao-pelo-Flamengo-durante-o-jogo-contra-o-Botafogo-pelo-Campeonato-Brasileiro-de-2022.webp","articleSection":["Flamengo"],"inLanguage":"pt-BR","potentialAction":[{"@type":"CommentAction","name":"Comment","target":["https:\/\/www.gaveanews.com\/index.php\/2022\/08\/29\/torcida-do-flamengo-pede-a-saida-imediata-de-diego-ribas\/#respond"]}],"copyrightYear":"2022","copyrightHolder":{"@id":"https:\/\/www.gaveanews.com\/#organization"}},{"@type":"WebPage","@id":"https:\/\/www.gaveanews.com\/index.php\/2022\/08\/29\/torcida-do-flamengo-pede-a-saida-imediata-de-diego-ribas\/","url":"https:\/\/www.gaveanews.com\/index.php\/2022\/08\/29\/torcida-do-flamengo-pede-a-saida-imediata-de-diego-ribas\/","name":"Torcida do Flamengo pede a sa\u00edda imediata de Diego Ribas","isPartOf":{"@id":"https:\/\/www.gaveanews.com\/#website"},"primaryImageOfPage":{"@id":"https:\/\/www.gaveanews.com\/index.php\/2022\/08\/29\/torcida-do-flamengo-pede-a-saida-imediata-de-diego-ribas\/#primaryimage"},"image":{"@id":"https:\/\/www.gaveanews.com\/index.php\/2022\/08\/29\/torcida-do-flamengo-pede-a-saida-imediata-de-diego-ribas\/#primaryimage"},"thumbnailUrl":"https:\/\/www.gaveanews.com\/wp-content\/uploads\/Diego-Ribas-em-acao-pelo-Flamengo-durante-o-jogo-contra-o-Botafogo-pelo-Campeonato-Brasileiro-de-2022.webp","datePublished":"2022-08-29T12:20:59+00:00","dateModified":"2022-08-29T12:21:01+00:00","author":{"@id":"https:\/\/www.gaveanews.com\/#\/schema\/person\/714c67050b836198af2450ba1c142a67"},"breadcrumb":{"@id":"https:\/\/www.gaveanews.com\/index.php\/2022\/08\/29\/torcida-do-flamengo-pede-a-saida-imediata-de-diego-ribas\/#breadcrumb"},"inLanguage":"pt-BR","potentialAction":[{"@type":"ReadAction","target":["https:\/\/www.gaveanews.com\/index.php\/2022\/08\/29\/torcida-do-flamengo-pede-a-saida-imediata-de-diego-ribas\/"]}]},{"@type":"ImageObject","inLanguage":"pt-BR","@id":"https:\/\/www.gaveanews.com\/index.php\/2022\/08\/29\/torcida-do-flamengo-pede-a-saida-imediata-de-diego-ribas\/#primaryimage","url":"https:\/\/www.gaveanews.com\/wp-content\/uploads\/Diego-Ribas-em-acao-pelo-Flamengo-durante-o-jogo-contra-o-Botafogo-pelo-Campeonato-Brasileiro-de-2022.webp","contentUrl":"https:\/\/www.gaveanews.com\/wp-content\/uploads\/Diego-Ribas-em-acao-pelo-Flamengo-durante-o-jogo-contra-o-Botafogo-pelo-Campeonato-Brasileiro-de-2022.webp","width":799,"height":533,"caption":"Diego Ribas em a\u00e7\u00e3o pelo Flamengo durante o jogo contra o Botafogo pelo Campeonato Brasileiro de 2022 (Foto: Reprodu\u00e7\u00e3o\/Flamengo)"},{"@type":"BreadcrumbList","@id":"https:\/\/www.gaveanews.com\/index.php\/2022\/08\/29\/torcida-do-flamengo-pede-a-saida-imediata-de-diego-ribas\/#breadcrumb","itemListElement":[{"@type":"ListItem","position":1,"name":"Home","item":"https:\/\/www.gaveanews.com\/"},{"@type":"ListItem","position":2,"name":"Torcida do Flamengo pede a sa\u00edda imediata de Diego Ribas"}]},{"@type":"WebSite","@id":"https:\/\/www.gaveanews.com\/#website","url":"https:\/\/www.gaveanews.com\/","name":"G\u00e1vea News","description":"Veja todas as not\u00edcias sobre o Flamengo: Contrata\u00e7\u00f5es, categorias de base, resultados das partidas, tabela de classifica\u00e7\u00e3o, pr\u00f3ximos jogos!","potentialAction":[{"@type":"SearchAction","target":{"@type":"EntryPoint","urlTemplate":"https:\/\/www.gaveanews.com\/?s={search_term_string}"},"query-input":{"@type":"PropertyValueSpecification","valueRequired":true,"valueName":"search_term_string"}}],"inLanguage":"pt-BR"},{"@type":"Person","@id":"https:\/\/www.gaveanews.com\/#\/schema\/person\/714c67050b836198af2450ba1c142a67","name":"Let\u00edcia Gerheim","image":{"@type":"ImageObject","inLanguage":"pt-BR","@id":"https:\/\/www.gaveanews.com\/#\/schema\/person\/image\/","url":"https:\/\/secure.gravatar.com\/avatar\/60734739c50fcebfbac509e2a826ccd0ff405c019bc73aab9354f19ecad1dcb4?s=96&d=mm&r=g","contentUrl":"https:\/\/secure.gravatar.com\/avatar\/60734739c50fcebfbac509e2a826ccd0ff405c019bc73aab9354f19ecad1dcb4?s=96&d=mm&r=g","caption":"Let\u00edcia Gerheim"}}]}},"_links":{"self":[{"href":"https:\/\/www.gaveanews.com\/index.php\/wp-json\/wp\/v2\/posts\/86581","targetHints":{"allow":["GET"]}}],"collection":[{"href":"https:\/\/www.gaveanews.com\/index.php\/wp-json\/wp\/v2\/posts"}],"about":[{"href":"https:\/\/www.gaveanews.com\/index.php\/wp-json\/wp\/v2\/types\/post"}],"author":[{"embeddable":true,"href":"https:\/\/www.gaveanews.com\/index.php\/wp-json\/wp\/v2\/users\/4"}],"replies":[{"embeddable":true,"href":"https:\/\/www.gaveanews.com\/index.php\/wp-json\/wp\/v2\/comments?post=86581"}],"version-history":[{"count":0,"href":"https:\/\/www.gaveanews.com\/index.php\/wp-json\/wp\/v2\/posts\/86581\/revisions"}],"wp:featuredmedia":[{"embeddable":true,"href":"https:\/\/www.gaveanews.com\/index.php\/wp-json\/wp\/v2\/media\/86548"}],"wp:attachment":[{"href":"https:\/\/www.gaveanews.com\/index.php\/wp-json\/wp\/v2\/media?parent=86581"}],"wp:term":[{"taxonomy":"category","embeddable":true,"href":"https:\/\/www.gaveanews.com\/index.php\/wp-json\/wp\/v2\/categories?post=86581"},{"taxonomy":"post_tag","embeddable":true,"href":"https:\/\/www.gaveanews.com\/index.php\/wp-json\/wp\/v2\/tags?post=86581"}],"curies":[{"name":"wp","href":"https:\/\/api.w.org\/{rel}","templated":true}]}}