{"id":86607,"date":"2022-08-29T14:46:08","date_gmt":"2022-08-29T17:46:08","guid":{"rendered":"https:\/\/www.gaveanews.com\/?p=86607"},"modified":"2022-08-29T14:46:11","modified_gmt":"2022-08-29T17:46:11","slug":"flamengo-emite-nota-oficial-sobre-vitinho","status":"publish","type":"post","link":"https:\/\/www.gaveanews.com\/index.php\/2022\/08\/29\/flamengo-emite-nota-oficial-sobre-vitinho\/","title":{"rendered":"Flamengo emite nota oficial sobre Vitinho"},"content":{"rendered":"\n<p>O Flamengo confirmou nesta segunda-feira a transfer\u00eancia de Vitinho ao Al Attifaq, da Ar\u00e1bia Saudita, noticiada pelo ge na \u00faltima sexta-feira. O clube rubro-negro n\u00e3o receber\u00e1 qualquer valor pela transa\u00e7\u00e3o, mas manter\u00e1 35% dos direitos econ\u00f4micos do atleta, que deixaria o clube de gra\u00e7a ao fim do contrato, em 31 de dezembro de 2022.<\/p>\n\n\n\n<figure class=\"wp-block-embed is-type-rich is-provider-twitter wp-block-embed-twitter\"><div class=\"wp-block-embed__wrapper\">\n<blockquote class=\"twitter-tweet\" data-width=\"550\" data-dnt=\"true\"><p lang=\"pt\" dir=\"ltr\">O Clube de Regatas do Flamengo comunica que o atleta Vitinho foi transferido em definitivo para o Ettifaq Foltball Club da Ar\u00e1bia Saudita. Desejamos todo o sucesso ao jogador, que sempre honrou o Manto. <a href=\"https:\/\/twitter.com\/hashtag\/CRF?src=hash&amp;ref_src=twsrc%5Etfw\">#CRF<\/a><\/p>&mdash; Flamengo (@Flamengo) <a href=\"https:\/\/twitter.com\/Flamengo\/status\/1564304393175957505?ref_src=twsrc%5Etfw\">August 29, 2022<\/a><\/blockquote><script async src=\"https:\/\/platform.twitter.com\/widgets.js\" charset=\"utf-8\"><\/script>\n<\/div><\/figure>\n\n\n\n<p>Vitinho perdeu espa\u00e7o ao longo desta temporada e n\u00e3o marcou um gol sequer nas 22 partidas que fez em 2022. Foi vaiado em diversos jogos, mesmo em vit\u00f3rias do Flamengo, caso, por exemplo, da partida de 16 de julho, quando a equipe derrotou o Coritiba por 2 a 0, no Man\u00e9 Garrincha.<\/p>\n\n\n\n<p>Revelado pelo Botafogo, Vitinho se transferiu para o CSKA Moscou em 2013. Cinco anos depois, chegou ao Flamengo, seu clube de cora\u00e7\u00e3o, que pagou 10 milh\u00f5es de euros aos russos. Na \u00e9poca, foi a contrata\u00e7\u00e3o mais cara da hist\u00f3ria do clube &#8211; posteriormente superado por Arrascaeta, Gerson, Gabigol, Pedro e Everton Cebolinha.<\/p>\n\n\n\n<p>Vitinho disputou 215 jogos pelo Flamengo e marcou 29 gols. Conquistou uma Libertadores, dois Brasileiros, duas Supercopas do Brasil, uma Recopa Sul-Americana e tr\u00eas estaduais.<\/p>\n\n\n\n<p>Retirado de: Globo Esporte<\/p>\n","protected":false},"excerpt":{"rendered":"<p>O Flamengo confirmou nesta segunda-feira a transfer\u00eancia de Vitinho ao Al Attifaq, da Ar\u00e1bia Saudita, noticiada pelo ge na \u00faltima sexta-feira. O clube rubro-negro n\u00e3o receber\u00e1 qualquer valor pela transa\u00e7\u00e3o, mas manter\u00e1 35% dos direitos econ\u00f4micos do atleta, que deixaria o clube de gra\u00e7a ao fim do contrato, em 31 de dezembro de 2022. Vitinho [&hellip;]<\/p>\n","protected":false},"author":1,"featured_media":72261,"comment_status":"open","ping_status":"closed","sticky":false,"template":"","format":"standard","meta":{"footnotes":""},"categories":[48],"tags":[],"class_list":["post-86607","post","type-post","status-publish","format-standard","has-post-thumbnail","hentry","category-negociacoes"],"yoast_head":"<!-- This site is optimized with the Yoast SEO Premium plugin v24.2 (Yoast SEO v26.9) - https:\/\/yoast.com\/product\/yoast-seo-premium-wordpress\/ -->\n<title>Flamengo emite nota oficial sobre Vitinho<\/title>\n<meta name=\"robots\" content=\"index, follow, max-snippet:-1, max-image-preview:large, max-video-preview:-1\" \/>\n<link rel=\"canonical\" href=\"https:\/\/www.gaveanews.com\/index.php\/2022\/08\/29\/flamengo-emite-nota-oficial-sobre-vitinho\/\" \/>\n<meta property=\"og:locale\" content=\"pt_BR\" \/>\n<meta property=\"og:type\" content=\"article\" \/>\n<meta property=\"og:title\" content=\"Flamengo emite nota oficial sobre Vitinho\" \/>\n<meta property=\"og:description\" content=\"O Flamengo confirmou nesta segunda-feira a transfer\u00eancia de Vitinho ao Al Attifaq, da Ar\u00e1bia Saudita, noticiada pelo ge na \u00faltima sexta-feira. O clube rubro-negro n\u00e3o receber\u00e1 qualquer valor pela transa\u00e7\u00e3o, mas manter\u00e1 35% dos direitos econ\u00f4micos do atleta, que deixaria o clube de gra\u00e7a ao fim do contrato, em 31 de dezembro de 2022. Vitinho [&hellip;]\" \/>\n<meta property=\"og:url\" content=\"https:\/\/www.gaveanews.com\/index.php\/2022\/08\/29\/flamengo-emite-nota-oficial-sobre-vitinho\/\" \/>\n<meta property=\"og:site_name\" content=\"G\u00e1vea News\" \/>\n<meta property=\"article:publisher\" content=\"https:\/\/facebook.com\/gaveaNews\/\" \/>\n<meta property=\"article:published_time\" content=\"2022-08-29T17:46:08+00:00\" \/>\n<meta property=\"article:modified_time\" content=\"2022-08-29T17:46:11+00:00\" \/>\n<meta property=\"og:image\" content=\"https:\/\/www.gaveanews.com\/wp-content\/uploads\/Vitinho-comemora-gol-marcado-pelo-Flamengo-contra-o-Gremio-no-Campeonato-Brasileiro-2021.webp\" \/>\n\t<meta property=\"og:image:width\" content=\"799\" \/>\n\t<meta property=\"og:image:height\" content=\"533\" \/>\n\t<meta property=\"og:image:type\" content=\"image\/jpeg\" \/>\n<meta name=\"author\" content=\"Equipe G\u00e1vea News\" \/>\n<meta name=\"twitter:card\" content=\"summary_large_image\" \/>\n<meta name=\"twitter:label1\" content=\"Escrito por\" \/>\n\t<meta name=\"twitter:data1\" content=\"Equipe G\u00e1vea News\" \/>\n\t<meta name=\"twitter:label2\" content=\"Est. tempo de leitura\" \/>\n\t<meta name=\"twitter:data2\" content=\"2 minutos\" \/>\n<script type=\"application\/ld+json\" class=\"yoast-schema-graph\">{\"@context\":\"https:\/\/schema.org\",\"@graph\":[{\"@type\":\"NewsArticle\",\"@id\":\"https:\/\/www.gaveanews.com\/index.php\/2022\/08\/29\/flamengo-emite-nota-oficial-sobre-vitinho\/#article\",\"isPartOf\":{\"@id\":\"https:\/\/www.gaveanews.com\/index.php\/2022\/08\/29\/flamengo-emite-nota-oficial-sobre-vitinho\/\"},\"author\":{\"name\":\"Equipe G\u00e1vea News\",\"@id\":\"https:\/\/www.gaveanews.com\/#\/schema\/person\/2ec14f73fb96be2caf28f91afb14749d\"},\"headline\":\"Flamengo emite nota oficial sobre Vitinho\",\"datePublished\":\"2022-08-29T17:46:08+00:00\",\"dateModified\":\"2022-08-29T17:46:11+00:00\",\"mainEntityOfPage\":{\"@id\":\"https:\/\/www.gaveanews.com\/index.php\/2022\/08\/29\/flamengo-emite-nota-oficial-sobre-vitinho\/\"},\"wordCount\":200,\"commentCount\":0,\"image\":{\"@id\":\"https:\/\/www.gaveanews.com\/index.php\/2022\/08\/29\/flamengo-emite-nota-oficial-sobre-vitinho\/#primaryimage\"},\"thumbnailUrl\":\"https:\/\/www.gaveanews.com\/wp-content\/uploads\/Vitinho-comemora-gol-marcado-pelo-Flamengo-contra-o-Gremio-no-Campeonato-Brasileiro-2021.webp\",\"articleSection\":[\"Negocia\u00e7\u00f5es\"],\"inLanguage\":\"pt-BR\",\"potentialAction\":[{\"@type\":\"CommentAction\",\"name\":\"Comment\",\"target\":[\"https:\/\/www.gaveanews.com\/index.php\/2022\/08\/29\/flamengo-emite-nota-oficial-sobre-vitinho\/#respond\"]}],\"copyrightYear\":\"2022\",\"copyrightHolder\":{\"@id\":\"https:\/\/www.gaveanews.com\/#organization\"}},{\"@type\":\"WebPage\",\"@id\":\"https:\/\/www.gaveanews.com\/index.php\/2022\/08\/29\/flamengo-emite-nota-oficial-sobre-vitinho\/\",\"url\":\"https:\/\/www.gaveanews.com\/index.php\/2022\/08\/29\/flamengo-emite-nota-oficial-sobre-vitinho\/\",\"name\":\"Flamengo emite nota oficial sobre Vitinho\",\"isPartOf\":{\"@id\":\"https:\/\/www.gaveanews.com\/#website\"},\"primaryImageOfPage\":{\"@id\":\"https:\/\/www.gaveanews.com\/index.php\/2022\/08\/29\/flamengo-emite-nota-oficial-sobre-vitinho\/#primaryimage\"},\"image\":{\"@id\":\"https:\/\/www.gaveanews.com\/index.php\/2022\/08\/29\/flamengo-emite-nota-oficial-sobre-vitinho\/#primaryimage\"},\"thumbnailUrl\":\"https:\/\/www.gaveanews.com\/wp-content\/uploads\/Vitinho-comemora-gol-marcado-pelo-Flamengo-contra-o-Gremio-no-Campeonato-Brasileiro-2021.webp\",\"datePublished\":\"2022-08-29T17:46:08+00:00\",\"dateModified\":\"2022-08-29T17:46:11+00:00\",\"author\":{\"@id\":\"https:\/\/www.gaveanews.com\/#\/schema\/person\/2ec14f73fb96be2caf28f91afb14749d\"},\"breadcrumb\":{\"@id\":\"https:\/\/www.gaveanews.com\/index.php\/2022\/08\/29\/flamengo-emite-nota-oficial-sobre-vitinho\/#breadcrumb\"},\"inLanguage\":\"pt-BR\",\"potentialAction\":[{\"@type\":\"ReadAction\",\"target\":[\"https:\/\/www.gaveanews.com\/index.php\/2022\/08\/29\/flamengo-emite-nota-oficial-sobre-vitinho\/\"]}]},{\"@type\":\"ImageObject\",\"inLanguage\":\"pt-BR\",\"@id\":\"https:\/\/www.gaveanews.com\/index.php\/2022\/08\/29\/flamengo-emite-nota-oficial-sobre-vitinho\/#primaryimage\",\"url\":\"https:\/\/www.gaveanews.com\/wp-content\/uploads\/Vitinho-comemora-gol-marcado-pelo-Flamengo-contra-o-Gremio-no-Campeonato-Brasileiro-2021.webp\",\"contentUrl\":\"https:\/\/www.gaveanews.com\/wp-content\/uploads\/Vitinho-comemora-gol-marcado-pelo-Flamengo-contra-o-Gremio-no-Campeonato-Brasileiro-2021.webp\",\"width\":799,\"height\":533,\"caption\":\"Vitinho comemora gol marcado pelo Flamengo contra o Gr\u00eamio no Campeonato Brasileiro 2021 (Foto: Alexandre Vidal\/Flamengo)\"},{\"@type\":\"BreadcrumbList\",\"@id\":\"https:\/\/www.gaveanews.com\/index.php\/2022\/08\/29\/flamengo-emite-nota-oficial-sobre-vitinho\/#breadcrumb\",\"itemListElement\":[{\"@type\":\"ListItem\",\"position\":1,\"name\":\"Home\",\"item\":\"https:\/\/www.gaveanews.com\/\"},{\"@type\":\"ListItem\",\"position\":2,\"name\":\"Flamengo emite nota oficial sobre Vitinho\"}]},{\"@type\":\"WebSite\",\"@id\":\"https:\/\/www.gaveanews.com\/#website\",\"url\":\"https:\/\/www.gaveanews.com\/\",\"name\":\"G\u00e1vea News\",\"description\":\"Veja todas as not\u00edcias sobre o Flamengo: Contrata\u00e7\u00f5es, categorias de base, resultados das partidas, tabela de classifica\u00e7\u00e3o, pr\u00f3ximos jogos!\",\"potentialAction\":[{\"@type\":\"SearchAction\",\"target\":{\"@type\":\"EntryPoint\",\"urlTemplate\":\"https:\/\/www.gaveanews.com\/?s={search_term_string}\"},\"query-input\":{\"@type\":\"PropertyValueSpecification\",\"valueRequired\":true,\"valueName\":\"search_term_string\"}}],\"inLanguage\":\"pt-BR\"},{\"@type\":\"Person\",\"@id\":\"https:\/\/www.gaveanews.com\/#\/schema\/person\/2ec14f73fb96be2caf28f91afb14749d\",\"name\":\"Equipe G\u00e1vea News\",\"image\":{\"@type\":\"ImageObject\",\"inLanguage\":\"pt-BR\",\"@id\":\"https:\/\/www.gaveanews.com\/#\/schema\/person\/image\/\",\"url\":\"https:\/\/secure.gravatar.com\/avatar\/1e1956f1facbffd3f8fa53a326721950116b3b9dc9bd44939c01180fd4a745a9?s=96&d=mm&r=g\",\"contentUrl\":\"https:\/\/secure.gravatar.com\/avatar\/1e1956f1facbffd3f8fa53a326721950116b3b9dc9bd44939c01180fd4a745a9?s=96&d=mm&r=g\",\"caption\":\"Equipe G\u00e1vea News\"}}]}<\/script>\n<!-- \/ Yoast SEO Premium plugin. -->","yoast_head_json":{"title":"Flamengo emite nota oficial sobre Vitinho","robots":{"index":"index","follow":"follow","max-snippet":"max-snippet:-1","max-image-preview":"max-image-preview:large","max-video-preview":"max-video-preview:-1"},"canonical":"https:\/\/www.gaveanews.com\/index.php\/2022\/08\/29\/flamengo-emite-nota-oficial-sobre-vitinho\/","og_locale":"pt_BR","og_type":"article","og_title":"Flamengo emite nota oficial sobre Vitinho","og_description":"O Flamengo confirmou nesta segunda-feira a transfer\u00eancia de Vitinho ao Al Attifaq, da Ar\u00e1bia Saudita, noticiada pelo ge na \u00faltima sexta-feira. O clube rubro-negro n\u00e3o receber\u00e1 qualquer valor pela transa\u00e7\u00e3o, mas manter\u00e1 35% dos direitos econ\u00f4micos do atleta, que deixaria o clube de gra\u00e7a ao fim do contrato, em 31 de dezembro de 2022. Vitinho [&hellip;]","og_url":"https:\/\/www.gaveanews.com\/index.php\/2022\/08\/29\/flamengo-emite-nota-oficial-sobre-vitinho\/","og_site_name":"G\u00e1vea News","article_publisher":"https:\/\/facebook.com\/gaveaNews\/","article_published_time":"2022-08-29T17:46:08+00:00","article_modified_time":"2022-08-29T17:46:11+00:00","og_image":[{"width":799,"height":533,"url":"https:\/\/www.gaveanews.com\/wp-content\/uploads\/Vitinho-comemora-gol-marcado-pelo-Flamengo-contra-o-Gremio-no-Campeonato-Brasileiro-2021.webp","type":"image\/jpeg"}],"author":"Equipe G\u00e1vea News","twitter_card":"summary_large_image","twitter_misc":{"Escrito por":"Equipe G\u00e1vea News","Est. tempo de leitura":"2 minutos"},"schema":{"@context":"https:\/\/schema.org","@graph":[{"@type":"NewsArticle","@id":"https:\/\/www.gaveanews.com\/index.php\/2022\/08\/29\/flamengo-emite-nota-oficial-sobre-vitinho\/#article","isPartOf":{"@id":"https:\/\/www.gaveanews.com\/index.php\/2022\/08\/29\/flamengo-emite-nota-oficial-sobre-vitinho\/"},"author":{"name":"Equipe G\u00e1vea News","@id":"https:\/\/www.gaveanews.com\/#\/schema\/person\/2ec14f73fb96be2caf28f91afb14749d"},"headline":"Flamengo emite nota oficial sobre Vitinho","datePublished":"2022-08-29T17:46:08+00:00","dateModified":"2022-08-29T17:46:11+00:00","mainEntityOfPage":{"@id":"https:\/\/www.gaveanews.com\/index.php\/2022\/08\/29\/flamengo-emite-nota-oficial-sobre-vitinho\/"},"wordCount":200,"commentCount":0,"image":{"@id":"https:\/\/www.gaveanews.com\/index.php\/2022\/08\/29\/flamengo-emite-nota-oficial-sobre-vitinho\/#primaryimage"},"thumbnailUrl":"https:\/\/www.gaveanews.com\/wp-content\/uploads\/Vitinho-comemora-gol-marcado-pelo-Flamengo-contra-o-Gremio-no-Campeonato-Brasileiro-2021.webp","articleSection":["Negocia\u00e7\u00f5es"],"inLanguage":"pt-BR","potentialAction":[{"@type":"CommentAction","name":"Comment","target":["https:\/\/www.gaveanews.com\/index.php\/2022\/08\/29\/flamengo-emite-nota-oficial-sobre-vitinho\/#respond"]}],"copyrightYear":"2022","copyrightHolder":{"@id":"https:\/\/www.gaveanews.com\/#organization"}},{"@type":"WebPage","@id":"https:\/\/www.gaveanews.com\/index.php\/2022\/08\/29\/flamengo-emite-nota-oficial-sobre-vitinho\/","url":"https:\/\/www.gaveanews.com\/index.php\/2022\/08\/29\/flamengo-emite-nota-oficial-sobre-vitinho\/","name":"Flamengo emite nota oficial sobre Vitinho","isPartOf":{"@id":"https:\/\/www.gaveanews.com\/#website"},"primaryImageOfPage":{"@id":"https:\/\/www.gaveanews.com\/index.php\/2022\/08\/29\/flamengo-emite-nota-oficial-sobre-vitinho\/#primaryimage"},"image":{"@id":"https:\/\/www.gaveanews.com\/index.php\/2022\/08\/29\/flamengo-emite-nota-oficial-sobre-vitinho\/#primaryimage"},"thumbnailUrl":"https:\/\/www.gaveanews.com\/wp-content\/uploads\/Vitinho-comemora-gol-marcado-pelo-Flamengo-contra-o-Gremio-no-Campeonato-Brasileiro-2021.webp","datePublished":"2022-08-29T17:46:08+00:00","dateModified":"2022-08-29T17:46:11+00:00","author":{"@id":"https:\/\/www.gaveanews.com\/#\/schema\/person\/2ec14f73fb96be2caf28f91afb14749d"},"breadcrumb":{"@id":"https:\/\/www.gaveanews.com\/index.php\/2022\/08\/29\/flamengo-emite-nota-oficial-sobre-vitinho\/#breadcrumb"},"inLanguage":"pt-BR","potentialAction":[{"@type":"ReadAction","target":["https:\/\/www.gaveanews.com\/index.php\/2022\/08\/29\/flamengo-emite-nota-oficial-sobre-vitinho\/"]}]},{"@type":"ImageObject","inLanguage":"pt-BR","@id":"https:\/\/www.gaveanews.com\/index.php\/2022\/08\/29\/flamengo-emite-nota-oficial-sobre-vitinho\/#primaryimage","url":"https:\/\/www.gaveanews.com\/wp-content\/uploads\/Vitinho-comemora-gol-marcado-pelo-Flamengo-contra-o-Gremio-no-Campeonato-Brasileiro-2021.webp","contentUrl":"https:\/\/www.gaveanews.com\/wp-content\/uploads\/Vitinho-comemora-gol-marcado-pelo-Flamengo-contra-o-Gremio-no-Campeonato-Brasileiro-2021.webp","width":799,"height":533,"caption":"Vitinho comemora gol marcado pelo Flamengo contra o Gr\u00eamio no Campeonato Brasileiro 2021 (Foto: Alexandre Vidal\/Flamengo)"},{"@type":"BreadcrumbList","@id":"https:\/\/www.gaveanews.com\/index.php\/2022\/08\/29\/flamengo-emite-nota-oficial-sobre-vitinho\/#breadcrumb","itemListElement":[{"@type":"ListItem","position":1,"name":"Home","item":"https:\/\/www.gaveanews.com\/"},{"@type":"ListItem","position":2,"name":"Flamengo emite nota oficial sobre Vitinho"}]},{"@type":"WebSite","@id":"https:\/\/www.gaveanews.com\/#website","url":"https:\/\/www.gaveanews.com\/","name":"G\u00e1vea News","description":"Veja todas as not\u00edcias sobre o Flamengo: Contrata\u00e7\u00f5es, categorias de base, resultados das partidas, tabela de classifica\u00e7\u00e3o, pr\u00f3ximos jogos!","potentialAction":[{"@type":"SearchAction","target":{"@type":"EntryPoint","urlTemplate":"https:\/\/www.gaveanews.com\/?s={search_term_string}"},"query-input":{"@type":"PropertyValueSpecification","valueRequired":true,"valueName":"search_term_string"}}],"inLanguage":"pt-BR"},{"@type":"Person","@id":"https:\/\/www.gaveanews.com\/#\/schema\/person\/2ec14f73fb96be2caf28f91afb14749d","name":"Equipe G\u00e1vea News","image":{"@type":"ImageObject","inLanguage":"pt-BR","@id":"https:\/\/www.gaveanews.com\/#\/schema\/person\/image\/","url":"https:\/\/secure.gravatar.com\/avatar\/1e1956f1facbffd3f8fa53a326721950116b3b9dc9bd44939c01180fd4a745a9?s=96&d=mm&r=g","contentUrl":"https:\/\/secure.gravatar.com\/avatar\/1e1956f1facbffd3f8fa53a326721950116b3b9dc9bd44939c01180fd4a745a9?s=96&d=mm&r=g","caption":"Equipe G\u00e1vea News"}}]}},"_links":{"self":[{"href":"https:\/\/www.gaveanews.com\/index.php\/wp-json\/wp\/v2\/posts\/86607","targetHints":{"allow":["GET"]}}],"collection":[{"href":"https:\/\/www.gaveanews.com\/index.php\/wp-json\/wp\/v2\/posts"}],"about":[{"href":"https:\/\/www.gaveanews.com\/index.php\/wp-json\/wp\/v2\/types\/post"}],"author":[{"embeddable":true,"href":"https:\/\/www.gaveanews.com\/index.php\/wp-json\/wp\/v2\/users\/1"}],"replies":[{"embeddable":true,"href":"https:\/\/www.gaveanews.com\/index.php\/wp-json\/wp\/v2\/comments?post=86607"}],"version-history":[{"count":0,"href":"https:\/\/www.gaveanews.com\/index.php\/wp-json\/wp\/v2\/posts\/86607\/revisions"}],"wp:featuredmedia":[{"embeddable":true,"href":"https:\/\/www.gaveanews.com\/index.php\/wp-json\/wp\/v2\/media\/72261"}],"wp:attachment":[{"href":"https:\/\/www.gaveanews.com\/index.php\/wp-json\/wp\/v2\/media?parent=86607"}],"wp:term":[{"taxonomy":"category","embeddable":true,"href":"https:\/\/www.gaveanews.com\/index.php\/wp-json\/wp\/v2\/categories?post=86607"},{"taxonomy":"post_tag","embeddable":true,"href":"https:\/\/www.gaveanews.com\/index.php\/wp-json\/wp\/v2\/tags?post=86607"}],"curies":[{"name":"wp","href":"https:\/\/api.w.org\/{rel}","templated":true}]}}