{"id":86611,"date":"2022-08-30T07:15:00","date_gmt":"2022-08-30T10:15:00","guid":{"rendered":"https:\/\/www.gaveanews.com\/?p=86611"},"modified":"2022-08-30T00:51:24","modified_gmt":"2022-08-30T03:51:24","slug":"idolo-do-flamengo-gabigol-completa-26-anos-nesta-terca-feira","status":"publish","type":"post","link":"https:\/\/www.gaveanews.com\/index.php\/2022\/08\/30\/idolo-do-flamengo-gabigol-completa-26-anos-nesta-terca-feira\/","title":{"rendered":"\u00cddolo do Flamengo, Gabigol completa 26 anos nesta ter\u00e7a-feira"},"content":{"rendered":"\n<p>Transformado de refor\u00e7o a um \u00eddolo do Flamengo em poucas temporadas, Gabigol completa 26 anos nesta ter\u00e7a-feira (30). O jogador foi contratado em 2019 por empr\u00e9stimo junto \u00e0 Inter de Mil\u00e3o, mas logo criou ra\u00edzes no Meng\u00e3o, hoje visto por ele como sua casa.<\/p>\n\n\n\n<p>Gabi chegou no Fla para assumir a camisa 9 e comandar o ataque do Mais Querido. Rapidamente o jogador se adaptou ao clube e criou uma grande identifica\u00e7\u00e3o com a torcida rubro-negra.<\/p>\n\n\n\n<p>Ao longo das quatro temporadas disputadas pelo Meng\u00e3o at\u00e9 aqui, Gabigol disputou <strong>198 jogos<\/strong>, nos quais ele quebrou recordes, conquistou t\u00edtulos e fez muito do que seu apelido sugere: gols. <\/p>\n\n\n\n<p>Ao todo, o atacante marcou <strong>127 gols<\/strong> vestindo o Manto Sagrado. Al\u00e9m dos tentos, o artilheiro tamb\u00e9m serviu bastante de gar\u00e7om para seus companheiros e deu <strong>37 assist\u00eancias<\/strong>.<\/p>\n\n\n\n<p>Em sua trajet\u00f3ria estrelada no clube da G\u00e1vea, Gabi acumula <strong>nove t\u00edtulos<\/strong>: Campeonato Carioca (2019, 2020 e 2021), Campeonato Brasileiro (2019 e 2020), Libertadores (2019), Supercopa do Brasil (2020 e 2021) e Recopa Sul-Americana (2020).<\/p>\n\n\n\n<p>Neste ano, Gabigol passar\u00e1 o dia de seu anivers\u00e1rio longe dos familiares e junto aos seus colegas de equipe. O camisa 9 est\u00e1 na Argentina com a delega\u00e7\u00e3o rubro-negra se preparando para enfrentar o V\u00e9lez Sarsfield pelas semifinais da Libertadores.<\/p>\n\n\n\n<p>O atleta \u00e9 um dos prov\u00e1veis titulares na partida contra os argentinos que acontece nesta quarta-feira (31), \u00e0s 21h30 (hor\u00e1rio de Bras\u00edlia), em Buenos Aires.<\/p>\n","protected":false},"excerpt":{"rendered":"<p>Transformado de refor\u00e7o a um \u00eddolo do Flamengo em poucas temporadas, Gabigol completa 26 anos nesta ter\u00e7a-feira (30). O jogador foi contratado em 2019 por empr\u00e9stimo junto \u00e0 Inter de Mil\u00e3o, mas logo criou ra\u00edzes no Meng\u00e3o, hoje visto por ele como sua casa. Gabi chegou no Fla para assumir a camisa 9 e comandar [&hellip;]<\/p>\n","protected":false},"author":4,"featured_media":80226,"comment_status":"open","ping_status":"closed","sticky":false,"template":"","format":"standard","meta":{"footnotes":""},"categories":[1],"tags":[],"class_list":["post-86611","post","type-post","status-publish","format-standard","has-post-thumbnail","hentry","category-flamengo"],"yoast_head":"<!-- This site is optimized with the Yoast SEO Premium plugin v24.2 (Yoast SEO v26.9) - https:\/\/yoast.com\/product\/yoast-seo-premium-wordpress\/ -->\n<title>\u00cddolo do Flamengo, Gabigol completa 26 anos nesta ter\u00e7a-feira<\/title>\n<meta name=\"robots\" content=\"index, follow, max-snippet:-1, max-image-preview:large, max-video-preview:-1\" \/>\n<link rel=\"canonical\" href=\"https:\/\/www.gaveanews.com\/index.php\/2022\/08\/30\/idolo-do-flamengo-gabigol-completa-26-anos-nesta-terca-feira\/\" \/>\n<meta property=\"og:locale\" content=\"pt_BR\" \/>\n<meta property=\"og:type\" content=\"article\" \/>\n<meta property=\"og:title\" content=\"\u00cddolo do Flamengo, Gabigol completa 26 anos nesta ter\u00e7a-feira\" \/>\n<meta property=\"og:description\" content=\"Transformado de refor\u00e7o a um \u00eddolo do Flamengo em poucas temporadas, Gabigol completa 26 anos nesta ter\u00e7a-feira (30). O jogador foi contratado em 2019 por empr\u00e9stimo junto \u00e0 Inter de Mil\u00e3o, mas logo criou ra\u00edzes no Meng\u00e3o, hoje visto por ele como sua casa. Gabi chegou no Fla para assumir a camisa 9 e comandar [&hellip;]\" \/>\n<meta property=\"og:url\" content=\"https:\/\/www.gaveanews.com\/index.php\/2022\/08\/30\/idolo-do-flamengo-gabigol-completa-26-anos-nesta-terca-feira\/\" \/>\n<meta property=\"og:site_name\" content=\"G\u00e1vea News\" \/>\n<meta property=\"article:publisher\" content=\"https:\/\/facebook.com\/gaveaNews\/\" \/>\n<meta property=\"article:published_time\" content=\"2022-08-30T10:15:00+00:00\" \/>\n<meta property=\"og:image\" content=\"https:\/\/www.gaveanews.com\/wp-content\/uploads\/Gabigol-comemora-gol-marcado-pelo-Flamengo-contra-o-Sao-Paulo.webp\" \/>\n\t<meta property=\"og:image:width\" content=\"799\" \/>\n\t<meta property=\"og:image:height\" content=\"533\" \/>\n\t<meta property=\"og:image:type\" content=\"image\/jpeg\" \/>\n<meta name=\"author\" content=\"Let\u00edcia Gerheim\" \/>\n<meta name=\"twitter:card\" content=\"summary_large_image\" \/>\n<meta name=\"twitter:label1\" content=\"Escrito por\" \/>\n\t<meta name=\"twitter:data1\" content=\"Let\u00edcia Gerheim\" \/>\n\t<meta name=\"twitter:label2\" content=\"Est. tempo de leitura\" \/>\n\t<meta name=\"twitter:data2\" content=\"2 minutos\" \/>\n<script type=\"application\/ld+json\" class=\"yoast-schema-graph\">{\"@context\":\"https:\/\/schema.org\",\"@graph\":[{\"@type\":\"NewsArticle\",\"@id\":\"https:\/\/www.gaveanews.com\/index.php\/2022\/08\/30\/idolo-do-flamengo-gabigol-completa-26-anos-nesta-terca-feira\/#article\",\"isPartOf\":{\"@id\":\"https:\/\/www.gaveanews.com\/index.php\/2022\/08\/30\/idolo-do-flamengo-gabigol-completa-26-anos-nesta-terca-feira\/\"},\"author\":{\"name\":\"Let\u00edcia Gerheim\",\"@id\":\"https:\/\/www.gaveanews.com\/#\/schema\/person\/714c67050b836198af2450ba1c142a67\"},\"headline\":\"\u00cddolo do Flamengo, Gabigol completa 26 anos nesta ter\u00e7a-feira\",\"datePublished\":\"2022-08-30T10:15:00+00:00\",\"mainEntityOfPage\":{\"@id\":\"https:\/\/www.gaveanews.com\/index.php\/2022\/08\/30\/idolo-do-flamengo-gabigol-completa-26-anos-nesta-terca-feira\/\"},\"wordCount\":245,\"commentCount\":0,\"image\":{\"@id\":\"https:\/\/www.gaveanews.com\/index.php\/2022\/08\/30\/idolo-do-flamengo-gabigol-completa-26-anos-nesta-terca-feira\/#primaryimage\"},\"thumbnailUrl\":\"https:\/\/www.gaveanews.com\/wp-content\/uploads\/Gabigol-comemora-gol-marcado-pelo-Flamengo-contra-o-Sao-Paulo.webp\",\"articleSection\":[\"Flamengo\"],\"inLanguage\":\"pt-BR\",\"potentialAction\":[{\"@type\":\"CommentAction\",\"name\":\"Comment\",\"target\":[\"https:\/\/www.gaveanews.com\/index.php\/2022\/08\/30\/idolo-do-flamengo-gabigol-completa-26-anos-nesta-terca-feira\/#respond\"]}],\"copyrightYear\":\"2022\",\"copyrightHolder\":{\"@id\":\"https:\/\/www.gaveanews.com\/#organization\"}},{\"@type\":\"WebPage\",\"@id\":\"https:\/\/www.gaveanews.com\/index.php\/2022\/08\/30\/idolo-do-flamengo-gabigol-completa-26-anos-nesta-terca-feira\/\",\"url\":\"https:\/\/www.gaveanews.com\/index.php\/2022\/08\/30\/idolo-do-flamengo-gabigol-completa-26-anos-nesta-terca-feira\/\",\"name\":\"\u00cddolo do Flamengo, Gabigol completa 26 anos nesta ter\u00e7a-feira\",\"isPartOf\":{\"@id\":\"https:\/\/www.gaveanews.com\/#website\"},\"primaryImageOfPage\":{\"@id\":\"https:\/\/www.gaveanews.com\/index.php\/2022\/08\/30\/idolo-do-flamengo-gabigol-completa-26-anos-nesta-terca-feira\/#primaryimage\"},\"image\":{\"@id\":\"https:\/\/www.gaveanews.com\/index.php\/2022\/08\/30\/idolo-do-flamengo-gabigol-completa-26-anos-nesta-terca-feira\/#primaryimage\"},\"thumbnailUrl\":\"https:\/\/www.gaveanews.com\/wp-content\/uploads\/Gabigol-comemora-gol-marcado-pelo-Flamengo-contra-o-Sao-Paulo.webp\",\"datePublished\":\"2022-08-30T10:15:00+00:00\",\"author\":{\"@id\":\"https:\/\/www.gaveanews.com\/#\/schema\/person\/714c67050b836198af2450ba1c142a67\"},\"breadcrumb\":{\"@id\":\"https:\/\/www.gaveanews.com\/index.php\/2022\/08\/30\/idolo-do-flamengo-gabigol-completa-26-anos-nesta-terca-feira\/#breadcrumb\"},\"inLanguage\":\"pt-BR\",\"potentialAction\":[{\"@type\":\"ReadAction\",\"target\":[\"https:\/\/www.gaveanews.com\/index.php\/2022\/08\/30\/idolo-do-flamengo-gabigol-completa-26-anos-nesta-terca-feira\/\"]}]},{\"@type\":\"ImageObject\",\"inLanguage\":\"pt-BR\",\"@id\":\"https:\/\/www.gaveanews.com\/index.php\/2022\/08\/30\/idolo-do-flamengo-gabigol-completa-26-anos-nesta-terca-feira\/#primaryimage\",\"url\":\"https:\/\/www.gaveanews.com\/wp-content\/uploads\/Gabigol-comemora-gol-marcado-pelo-Flamengo-contra-o-Sao-Paulo.webp\",\"contentUrl\":\"https:\/\/www.gaveanews.com\/wp-content\/uploads\/Gabigol-comemora-gol-marcado-pelo-Flamengo-contra-o-Sao-Paulo.webp\",\"width\":799,\"height\":533,\"caption\":\"Gabigol comemora gol marcado pelo Flamengo contra o S\u00e3o Paulo (Foto: Gilvan de Souza\/Flamengo)\"},{\"@type\":\"BreadcrumbList\",\"@id\":\"https:\/\/www.gaveanews.com\/index.php\/2022\/08\/30\/idolo-do-flamengo-gabigol-completa-26-anos-nesta-terca-feira\/#breadcrumb\",\"itemListElement\":[{\"@type\":\"ListItem\",\"position\":1,\"name\":\"Home\",\"item\":\"https:\/\/www.gaveanews.com\/\"},{\"@type\":\"ListItem\",\"position\":2,\"name\":\"\u00cddolo do Flamengo, Gabigol completa 26 anos nesta ter\u00e7a-feira\"}]},{\"@type\":\"WebSite\",\"@id\":\"https:\/\/www.gaveanews.com\/#website\",\"url\":\"https:\/\/www.gaveanews.com\/\",\"name\":\"G\u00e1vea News\",\"description\":\"Veja todas as not\u00edcias sobre o Flamengo: Contrata\u00e7\u00f5es, categorias de base, resultados das partidas, tabela de classifica\u00e7\u00e3o, pr\u00f3ximos jogos!\",\"potentialAction\":[{\"@type\":\"SearchAction\",\"target\":{\"@type\":\"EntryPoint\",\"urlTemplate\":\"https:\/\/www.gaveanews.com\/?s={search_term_string}\"},\"query-input\":{\"@type\":\"PropertyValueSpecification\",\"valueRequired\":true,\"valueName\":\"search_term_string\"}}],\"inLanguage\":\"pt-BR\"},{\"@type\":\"Person\",\"@id\":\"https:\/\/www.gaveanews.com\/#\/schema\/person\/714c67050b836198af2450ba1c142a67\",\"name\":\"Let\u00edcia Gerheim\",\"image\":{\"@type\":\"ImageObject\",\"inLanguage\":\"pt-BR\",\"@id\":\"https:\/\/www.gaveanews.com\/#\/schema\/person\/image\/\",\"url\":\"https:\/\/secure.gravatar.com\/avatar\/60734739c50fcebfbac509e2a826ccd0ff405c019bc73aab9354f19ecad1dcb4?s=96&d=mm&r=g\",\"contentUrl\":\"https:\/\/secure.gravatar.com\/avatar\/60734739c50fcebfbac509e2a826ccd0ff405c019bc73aab9354f19ecad1dcb4?s=96&d=mm&r=g\",\"caption\":\"Let\u00edcia Gerheim\"}}]}<\/script>\n<!-- \/ Yoast SEO Premium plugin. -->","yoast_head_json":{"title":"\u00cddolo do Flamengo, Gabigol completa 26 anos nesta ter\u00e7a-feira","robots":{"index":"index","follow":"follow","max-snippet":"max-snippet:-1","max-image-preview":"max-image-preview:large","max-video-preview":"max-video-preview:-1"},"canonical":"https:\/\/www.gaveanews.com\/index.php\/2022\/08\/30\/idolo-do-flamengo-gabigol-completa-26-anos-nesta-terca-feira\/","og_locale":"pt_BR","og_type":"article","og_title":"\u00cddolo do Flamengo, Gabigol completa 26 anos nesta ter\u00e7a-feira","og_description":"Transformado de refor\u00e7o a um \u00eddolo do Flamengo em poucas temporadas, Gabigol completa 26 anos nesta ter\u00e7a-feira (30). O jogador foi contratado em 2019 por empr\u00e9stimo junto \u00e0 Inter de Mil\u00e3o, mas logo criou ra\u00edzes no Meng\u00e3o, hoje visto por ele como sua casa. Gabi chegou no Fla para assumir a camisa 9 e comandar [&hellip;]","og_url":"https:\/\/www.gaveanews.com\/index.php\/2022\/08\/30\/idolo-do-flamengo-gabigol-completa-26-anos-nesta-terca-feira\/","og_site_name":"G\u00e1vea News","article_publisher":"https:\/\/facebook.com\/gaveaNews\/","article_published_time":"2022-08-30T10:15:00+00:00","og_image":[{"width":799,"height":533,"url":"https:\/\/www.gaveanews.com\/wp-content\/uploads\/Gabigol-comemora-gol-marcado-pelo-Flamengo-contra-o-Sao-Paulo.webp","type":"image\/jpeg"}],"author":"Let\u00edcia Gerheim","twitter_card":"summary_large_image","twitter_misc":{"Escrito por":"Let\u00edcia Gerheim","Est. tempo de leitura":"2 minutos"},"schema":{"@context":"https:\/\/schema.org","@graph":[{"@type":"NewsArticle","@id":"https:\/\/www.gaveanews.com\/index.php\/2022\/08\/30\/idolo-do-flamengo-gabigol-completa-26-anos-nesta-terca-feira\/#article","isPartOf":{"@id":"https:\/\/www.gaveanews.com\/index.php\/2022\/08\/30\/idolo-do-flamengo-gabigol-completa-26-anos-nesta-terca-feira\/"},"author":{"name":"Let\u00edcia Gerheim","@id":"https:\/\/www.gaveanews.com\/#\/schema\/person\/714c67050b836198af2450ba1c142a67"},"headline":"\u00cddolo do Flamengo, Gabigol completa 26 anos nesta ter\u00e7a-feira","datePublished":"2022-08-30T10:15:00+00:00","mainEntityOfPage":{"@id":"https:\/\/www.gaveanews.com\/index.php\/2022\/08\/30\/idolo-do-flamengo-gabigol-completa-26-anos-nesta-terca-feira\/"},"wordCount":245,"commentCount":0,"image":{"@id":"https:\/\/www.gaveanews.com\/index.php\/2022\/08\/30\/idolo-do-flamengo-gabigol-completa-26-anos-nesta-terca-feira\/#primaryimage"},"thumbnailUrl":"https:\/\/www.gaveanews.com\/wp-content\/uploads\/Gabigol-comemora-gol-marcado-pelo-Flamengo-contra-o-Sao-Paulo.webp","articleSection":["Flamengo"],"inLanguage":"pt-BR","potentialAction":[{"@type":"CommentAction","name":"Comment","target":["https:\/\/www.gaveanews.com\/index.php\/2022\/08\/30\/idolo-do-flamengo-gabigol-completa-26-anos-nesta-terca-feira\/#respond"]}],"copyrightYear":"2022","copyrightHolder":{"@id":"https:\/\/www.gaveanews.com\/#organization"}},{"@type":"WebPage","@id":"https:\/\/www.gaveanews.com\/index.php\/2022\/08\/30\/idolo-do-flamengo-gabigol-completa-26-anos-nesta-terca-feira\/","url":"https:\/\/www.gaveanews.com\/index.php\/2022\/08\/30\/idolo-do-flamengo-gabigol-completa-26-anos-nesta-terca-feira\/","name":"\u00cddolo do Flamengo, Gabigol completa 26 anos nesta ter\u00e7a-feira","isPartOf":{"@id":"https:\/\/www.gaveanews.com\/#website"},"primaryImageOfPage":{"@id":"https:\/\/www.gaveanews.com\/index.php\/2022\/08\/30\/idolo-do-flamengo-gabigol-completa-26-anos-nesta-terca-feira\/#primaryimage"},"image":{"@id":"https:\/\/www.gaveanews.com\/index.php\/2022\/08\/30\/idolo-do-flamengo-gabigol-completa-26-anos-nesta-terca-feira\/#primaryimage"},"thumbnailUrl":"https:\/\/www.gaveanews.com\/wp-content\/uploads\/Gabigol-comemora-gol-marcado-pelo-Flamengo-contra-o-Sao-Paulo.webp","datePublished":"2022-08-30T10:15:00+00:00","author":{"@id":"https:\/\/www.gaveanews.com\/#\/schema\/person\/714c67050b836198af2450ba1c142a67"},"breadcrumb":{"@id":"https:\/\/www.gaveanews.com\/index.php\/2022\/08\/30\/idolo-do-flamengo-gabigol-completa-26-anos-nesta-terca-feira\/#breadcrumb"},"inLanguage":"pt-BR","potentialAction":[{"@type":"ReadAction","target":["https:\/\/www.gaveanews.com\/index.php\/2022\/08\/30\/idolo-do-flamengo-gabigol-completa-26-anos-nesta-terca-feira\/"]}]},{"@type":"ImageObject","inLanguage":"pt-BR","@id":"https:\/\/www.gaveanews.com\/index.php\/2022\/08\/30\/idolo-do-flamengo-gabigol-completa-26-anos-nesta-terca-feira\/#primaryimage","url":"https:\/\/www.gaveanews.com\/wp-content\/uploads\/Gabigol-comemora-gol-marcado-pelo-Flamengo-contra-o-Sao-Paulo.webp","contentUrl":"https:\/\/www.gaveanews.com\/wp-content\/uploads\/Gabigol-comemora-gol-marcado-pelo-Flamengo-contra-o-Sao-Paulo.webp","width":799,"height":533,"caption":"Gabigol comemora gol marcado pelo Flamengo contra o S\u00e3o Paulo (Foto: Gilvan de Souza\/Flamengo)"},{"@type":"BreadcrumbList","@id":"https:\/\/www.gaveanews.com\/index.php\/2022\/08\/30\/idolo-do-flamengo-gabigol-completa-26-anos-nesta-terca-feira\/#breadcrumb","itemListElement":[{"@type":"ListItem","position":1,"name":"Home","item":"https:\/\/www.gaveanews.com\/"},{"@type":"ListItem","position":2,"name":"\u00cddolo do Flamengo, Gabigol completa 26 anos nesta ter\u00e7a-feira"}]},{"@type":"WebSite","@id":"https:\/\/www.gaveanews.com\/#website","url":"https:\/\/www.gaveanews.com\/","name":"G\u00e1vea News","description":"Veja todas as not\u00edcias sobre o Flamengo: Contrata\u00e7\u00f5es, categorias de base, resultados das partidas, tabela de classifica\u00e7\u00e3o, pr\u00f3ximos jogos!","potentialAction":[{"@type":"SearchAction","target":{"@type":"EntryPoint","urlTemplate":"https:\/\/www.gaveanews.com\/?s={search_term_string}"},"query-input":{"@type":"PropertyValueSpecification","valueRequired":true,"valueName":"search_term_string"}}],"inLanguage":"pt-BR"},{"@type":"Person","@id":"https:\/\/www.gaveanews.com\/#\/schema\/person\/714c67050b836198af2450ba1c142a67","name":"Let\u00edcia Gerheim","image":{"@type":"ImageObject","inLanguage":"pt-BR","@id":"https:\/\/www.gaveanews.com\/#\/schema\/person\/image\/","url":"https:\/\/secure.gravatar.com\/avatar\/60734739c50fcebfbac509e2a826ccd0ff405c019bc73aab9354f19ecad1dcb4?s=96&d=mm&r=g","contentUrl":"https:\/\/secure.gravatar.com\/avatar\/60734739c50fcebfbac509e2a826ccd0ff405c019bc73aab9354f19ecad1dcb4?s=96&d=mm&r=g","caption":"Let\u00edcia Gerheim"}}]}},"_links":{"self":[{"href":"https:\/\/www.gaveanews.com\/index.php\/wp-json\/wp\/v2\/posts\/86611","targetHints":{"allow":["GET"]}}],"collection":[{"href":"https:\/\/www.gaveanews.com\/index.php\/wp-json\/wp\/v2\/posts"}],"about":[{"href":"https:\/\/www.gaveanews.com\/index.php\/wp-json\/wp\/v2\/types\/post"}],"author":[{"embeddable":true,"href":"https:\/\/www.gaveanews.com\/index.php\/wp-json\/wp\/v2\/users\/4"}],"replies":[{"embeddable":true,"href":"https:\/\/www.gaveanews.com\/index.php\/wp-json\/wp\/v2\/comments?post=86611"}],"version-history":[{"count":0,"href":"https:\/\/www.gaveanews.com\/index.php\/wp-json\/wp\/v2\/posts\/86611\/revisions"}],"wp:featuredmedia":[{"embeddable":true,"href":"https:\/\/www.gaveanews.com\/index.php\/wp-json\/wp\/v2\/media\/80226"}],"wp:attachment":[{"href":"https:\/\/www.gaveanews.com\/index.php\/wp-json\/wp\/v2\/media?parent=86611"}],"wp:term":[{"taxonomy":"category","embeddable":true,"href":"https:\/\/www.gaveanews.com\/index.php\/wp-json\/wp\/v2\/categories?post=86611"},{"taxonomy":"post_tag","embeddable":true,"href":"https:\/\/www.gaveanews.com\/index.php\/wp-json\/wp\/v2\/tags?post=86611"}],"curies":[{"name":"wp","href":"https:\/\/api.w.org\/{rel}","templated":true}]}}