{"id":86621,"date":"2022-08-29T19:10:00","date_gmt":"2022-08-29T22:10:00","guid":{"rendered":"https:\/\/www.gaveanews.com\/?p=86621"},"modified":"2022-08-29T18:57:18","modified_gmt":"2022-08-29T21:57:18","slug":"semifinais-da-libertadores-vao-definir-tambem-os-rumos-do-brasileiro","status":"publish","type":"post","link":"https:\/\/www.gaveanews.com\/index.php\/2022\/08\/29\/semifinais-da-libertadores-vao-definir-tambem-os-rumos-do-brasileiro\/","title":{"rendered":"Semifinais da Libertadores v\u00e3o definir tamb\u00e9m os rumos do Brasileiro"},"content":{"rendered":"\n<p>O Flamengo n\u00e3o jogou bem no p\u00e9ssimo gramado do Est\u00e1dio N\u00edlton Santos.<\/p>\n\n\n\n<p>Pelos pr\u00f3prios defeitos, como a lentid\u00e3o de Diego Ribas no meio-campo, que sobrecarregou Vidal e tirou Victor Hugo do jogo e a inoper\u00e2ncia de Gabigol na ponta direita substituindo Marinho, mas tamb\u00e9m pela intensidade do Botafogo. Se o time de Luis Castro repetisse o comportamento no duelo com o maior rival nas outras partidas do Brasileiro n\u00e3o estaria t\u00e3o pr\u00f3ximo do Z-4.<\/p>\n\n\n\n<p>Cruzamento de Matheuzinho &#8211; um dos melhores do time, marcando o perigoso Jeffinho e sendo escape importante pela direita &#8211; para assist\u00eancia de um Pedro que saiu do banco e \u00e9 cada vez mais essencial, ainda mais com Gabigol apagado.<\/p>\n\n\n\n<p>Gol de Vidal na melhor jogada articulada pelo time de Dorival J\u00fanior na casa alvinegra, que decretou os tr\u00eas pontos que colocam o Flamengo na vice-lideran\u00e7a, agora a sete pontos do Palmeiras.<\/p>\n\n\n\n<p>Desvantagem grande, mas que n\u00e3o deve alterar o planejamento da comiss\u00e3o t\u00e9cnica rubro-negra. Se sacrificar os titulares, pode repetir 2021 e terminar com as m\u00e3os abanando. Melhor tentar retomar a evolu\u00e7\u00e3o do &#8220;time B&#8221;, que, n\u00e3o por acaso, teve melhor desempenho com um volante de of\u00edcio no meio. Foi Thiago Maia contra Athletico e Palmeiras, pode ser Erick Pulgar, que, enfim, estreou nos \u00faltimos minutos do cl\u00e1ssico, j\u00e1 contra o Cear\u00e1 no fim de semana.<\/p>\n\n\n\n<p>Antes, por\u00e9m, os jogos de ida das semifinais da Libertadores: Flamengo contra o V\u00e9lez Sarsfield no Jos\u00e9 Almafitani e o Palmeiras, sem Danilo e Gustavo Scarpa, vai \u00e0 Arena da Baixada encarar o Athletico. Partidas de volta na semana seguinte.<\/p>\n\n\n\n<p>Esses duelos v\u00e3o definir os rumos do Brasileiro. Mas h\u00e1 v\u00e1rias possibilidades.<\/p>\n\n\n\n<p>Uma derrota do Flamengo na Argentina pode interferir na concentra\u00e7\u00e3o e na parte an\u00edmica contra o Cear\u00e1, no Maracan\u00e3, mesmo com os reservas. Qualquer ponto perdido ser\u00e1 irrecuper\u00e1vel.<\/p>\n\n\n\n<p>O mesmo vale para o Palmeiras, caso perca a invencibilidade na Libertadores em Curitiba. Pelo Brasileiro, encara o Red Bull Bragantino no Nabi Abi Chedid. Se deixar pontos em Bragan\u00e7a no s\u00e1bado, o grande rival nacional dos \u00faltimos anos entrar\u00e1 em campo no domingo sabendo que pode reduzir ainda mais a vantagem.<\/p>\n\n\n\n<p>Na rodada seguinte da principal competi\u00e7\u00e3o nacional, logo ap\u00f3s a defini\u00e7\u00e3o dos finalistas sul-americanos, o Palmeiras tem miss\u00e3o mais tranquila, contra o Juventude no Allianz, enquanto o Flamengo vai \u00e0 Serrinha encarar o Goi\u00e1s, tr\u00eas dias antes de decidir com o S\u00e3o Paulo no Maracan\u00e3 a vaga na final da Copa do Brasil.<\/p>\n\n\n\n<p>O Flamengo tamb\u00e9m pode sair fortalecido, classificado nos torneios de mata-mata e construindo nova sequ\u00eancia de vit\u00f3rias no Brasileiro.<\/p>\n\n\n\n<p>A grande quest\u00e3o \u00e9: para Flamengo e Palmeiras \u00e9 melhor que o outro siga dividindo aten\u00e7\u00f5es com outras competi\u00e7\u00f5es ou que o abalo de uma elimina\u00e7\u00e3o no mata-mata possa impactar no campeonato mais longo?<\/p>\n\n\n\n<p>O Palmeiras tem gordura nos pontos corridos para se concentrar na busca do tricampeonato de Libertadores. S\u00f3 depende de si e a regularidade e capacidade competitiva sob o comando de Abel n\u00e3o indicam uma oscila\u00e7\u00e3o t\u00e3o forte, apesar da aus\u00eancia de grandes atua\u00e7\u00f5es nas \u00faltimas partidas. \u00c9, inegavelmente, o grande favorito nos campeonatos que disputa.<\/p>\n\n\n\n<p>J\u00e1 o time carioca segue dividido em tr\u00eas frentes e vai precisar da trilha perfeita para fazer hist\u00f3ria. Come\u00e7ando por uma queda vertiginosa do Alviverde, parecida com a de 2009, quando era l\u00edder e favorito absoluto, mas terminou fora at\u00e9 do G-4 e os rubro-negros arrancaram para o t\u00edtulo.<\/p>\n\n\n\n<p>Mas Dorival vai necessitar tamb\u00e9m de um returno \u00e9pico no Brasileiro com os reservas, amparado pelos titulares, como na vit\u00f3ria no N\u00edlton Santos. Lembrando um pouco o Palmeiras de Felip\u00e3o em 2018. O time misto foi vencendo e, no &#8220;v\u00e1cuo&#8221; de Flamengo, Internacional e S\u00e3o Paulo, de repente era l\u00edder do campeonato.<\/p>\n\n\n\n<p>Miss\u00e3o bem complexa, mas n\u00e3o imposs\u00edvel. O primeiro passo \u00e9 recuperar o futebol do time do Brasileiro, que ficou devendo, mesmo vencendo o cl\u00e1ssico em Engenho de Dentro.<\/p>\n\n\n\n<p>Retirado de: Blog do Andr\u00e9 Rocha &#8211; UOL<\/p>\n","protected":false},"excerpt":{"rendered":"<p>O Flamengo n\u00e3o jogou bem no p\u00e9ssimo gramado do Est\u00e1dio N\u00edlton Santos. Pelos pr\u00f3prios defeitos, como a lentid\u00e3o de Diego Ribas no meio-campo, que sobrecarregou Vidal e tirou Victor Hugo do jogo e a inoper\u00e2ncia de Gabigol na ponta direita substituindo Marinho, mas tamb\u00e9m pela intensidade do Botafogo. Se o time de Luis Castro repetisse [&hellip;]<\/p>\n","protected":false},"author":1,"featured_media":85766,"comment_status":"open","ping_status":"closed","sticky":false,"template":"","format":"standard","meta":{"footnotes":""},"categories":[1],"tags":[],"class_list":["post-86621","post","type-post","status-publish","format-standard","has-post-thumbnail","hentry","category-flamengo"],"yoast_head":"<!-- This site is optimized with the Yoast SEO Premium plugin v24.2 (Yoast SEO v26.9) - https:\/\/yoast.com\/product\/yoast-seo-premium-wordpress\/ -->\n<title>Semifinais da Libertadores v\u00e3o definir tamb\u00e9m os rumos do Brasileiro<\/title>\n<meta name=\"robots\" content=\"index, follow, max-snippet:-1, max-image-preview:large, max-video-preview:-1\" \/>\n<link rel=\"canonical\" href=\"https:\/\/www.gaveanews.com\/index.php\/2022\/08\/29\/semifinais-da-libertadores-vao-definir-tambem-os-rumos-do-brasileiro\/\" \/>\n<meta property=\"og:locale\" content=\"pt_BR\" \/>\n<meta property=\"og:type\" content=\"article\" \/>\n<meta property=\"og:title\" content=\"Semifinais da Libertadores v\u00e3o definir tamb\u00e9m os rumos do Brasileiro\" \/>\n<meta property=\"og:description\" content=\"O Flamengo n\u00e3o jogou bem no p\u00e9ssimo gramado do Est\u00e1dio N\u00edlton Santos. Pelos pr\u00f3prios defeitos, como a lentid\u00e3o de Diego Ribas no meio-campo, que sobrecarregou Vidal e tirou Victor Hugo do jogo e a inoper\u00e2ncia de Gabigol na ponta direita substituindo Marinho, mas tamb\u00e9m pela intensidade do Botafogo. Se o time de Luis Castro repetisse [&hellip;]\" \/>\n<meta property=\"og:url\" content=\"https:\/\/www.gaveanews.com\/index.php\/2022\/08\/29\/semifinais-da-libertadores-vao-definir-tambem-os-rumos-do-brasileiro\/\" \/>\n<meta property=\"og:site_name\" content=\"G\u00e1vea News\" \/>\n<meta property=\"article:publisher\" content=\"https:\/\/facebook.com\/gaveaNews\/\" \/>\n<meta property=\"article:published_time\" content=\"2022-08-29T22:10:00+00:00\" \/>\n<meta property=\"og:image\" content=\"https:\/\/www.gaveanews.com\/wp-content\/uploads\/Time-titular-do-Flamengo-para-o-jogo-contra-o-Corinthians-pela-Libertadores.webp\" \/>\n\t<meta property=\"og:image:width\" content=\"799\" \/>\n\t<meta property=\"og:image:height\" content=\"533\" \/>\n\t<meta property=\"og:image:type\" content=\"image\/jpeg\" \/>\n<meta name=\"author\" content=\"Equipe G\u00e1vea News\" \/>\n<meta name=\"twitter:card\" content=\"summary_large_image\" \/>\n<meta name=\"twitter:label1\" content=\"Escrito por\" \/>\n\t<meta name=\"twitter:data1\" content=\"Equipe G\u00e1vea News\" \/>\n\t<meta name=\"twitter:label2\" content=\"Est. tempo de leitura\" \/>\n\t<meta name=\"twitter:data2\" content=\"4 minutos\" \/>\n<script type=\"application\/ld+json\" class=\"yoast-schema-graph\">{\"@context\":\"https:\/\/schema.org\",\"@graph\":[{\"@type\":\"NewsArticle\",\"@id\":\"https:\/\/www.gaveanews.com\/index.php\/2022\/08\/29\/semifinais-da-libertadores-vao-definir-tambem-os-rumos-do-brasileiro\/#article\",\"isPartOf\":{\"@id\":\"https:\/\/www.gaveanews.com\/index.php\/2022\/08\/29\/semifinais-da-libertadores-vao-definir-tambem-os-rumos-do-brasileiro\/\"},\"author\":{\"name\":\"Equipe G\u00e1vea News\",\"@id\":\"https:\/\/www.gaveanews.com\/#\/schema\/person\/2ec14f73fb96be2caf28f91afb14749d\"},\"headline\":\"Semifinais da Libertadores v\u00e3o definir tamb\u00e9m os rumos do Brasileiro\",\"datePublished\":\"2022-08-29T22:10:00+00:00\",\"mainEntityOfPage\":{\"@id\":\"https:\/\/www.gaveanews.com\/index.php\/2022\/08\/29\/semifinais-da-libertadores-vao-definir-tambem-os-rumos-do-brasileiro\/\"},\"wordCount\":720,\"commentCount\":0,\"image\":{\"@id\":\"https:\/\/www.gaveanews.com\/index.php\/2022\/08\/29\/semifinais-da-libertadores-vao-definir-tambem-os-rumos-do-brasileiro\/#primaryimage\"},\"thumbnailUrl\":\"https:\/\/www.gaveanews.com\/wp-content\/uploads\/Time-titular-do-Flamengo-para-o-jogo-contra-o-Corinthians-pela-Libertadores.webp\",\"articleSection\":[\"Flamengo\"],\"inLanguage\":\"pt-BR\",\"potentialAction\":[{\"@type\":\"CommentAction\",\"name\":\"Comment\",\"target\":[\"https:\/\/www.gaveanews.com\/index.php\/2022\/08\/29\/semifinais-da-libertadores-vao-definir-tambem-os-rumos-do-brasileiro\/#respond\"]}],\"copyrightYear\":\"2022\",\"copyrightHolder\":{\"@id\":\"https:\/\/www.gaveanews.com\/#organization\"}},{\"@type\":\"WebPage\",\"@id\":\"https:\/\/www.gaveanews.com\/index.php\/2022\/08\/29\/semifinais-da-libertadores-vao-definir-tambem-os-rumos-do-brasileiro\/\",\"url\":\"https:\/\/www.gaveanews.com\/index.php\/2022\/08\/29\/semifinais-da-libertadores-vao-definir-tambem-os-rumos-do-brasileiro\/\",\"name\":\"Semifinais da Libertadores v\u00e3o definir tamb\u00e9m os rumos do Brasileiro\",\"isPartOf\":{\"@id\":\"https:\/\/www.gaveanews.com\/#website\"},\"primaryImageOfPage\":{\"@id\":\"https:\/\/www.gaveanews.com\/index.php\/2022\/08\/29\/semifinais-da-libertadores-vao-definir-tambem-os-rumos-do-brasileiro\/#primaryimage\"},\"image\":{\"@id\":\"https:\/\/www.gaveanews.com\/index.php\/2022\/08\/29\/semifinais-da-libertadores-vao-definir-tambem-os-rumos-do-brasileiro\/#primaryimage\"},\"thumbnailUrl\":\"https:\/\/www.gaveanews.com\/wp-content\/uploads\/Time-titular-do-Flamengo-para-o-jogo-contra-o-Corinthians-pela-Libertadores.webp\",\"datePublished\":\"2022-08-29T22:10:00+00:00\",\"author\":{\"@id\":\"https:\/\/www.gaveanews.com\/#\/schema\/person\/2ec14f73fb96be2caf28f91afb14749d\"},\"breadcrumb\":{\"@id\":\"https:\/\/www.gaveanews.com\/index.php\/2022\/08\/29\/semifinais-da-libertadores-vao-definir-tambem-os-rumos-do-brasileiro\/#breadcrumb\"},\"inLanguage\":\"pt-BR\",\"potentialAction\":[{\"@type\":\"ReadAction\",\"target\":[\"https:\/\/www.gaveanews.com\/index.php\/2022\/08\/29\/semifinais-da-libertadores-vao-definir-tambem-os-rumos-do-brasileiro\/\"]}]},{\"@type\":\"ImageObject\",\"inLanguage\":\"pt-BR\",\"@id\":\"https:\/\/www.gaveanews.com\/index.php\/2022\/08\/29\/semifinais-da-libertadores-vao-definir-tambem-os-rumos-do-brasileiro\/#primaryimage\",\"url\":\"https:\/\/www.gaveanews.com\/wp-content\/uploads\/Time-titular-do-Flamengo-para-o-jogo-contra-o-Corinthians-pela-Libertadores.webp\",\"contentUrl\":\"https:\/\/www.gaveanews.com\/wp-content\/uploads\/Time-titular-do-Flamengo-para-o-jogo-contra-o-Corinthians-pela-Libertadores.webp\",\"width\":799,\"height\":533,\"caption\":\"Time titular do Flamengo para o jogo contra o Corinthians pela Libertadores (Foto: Alexandre Vidal\/Flamengo)\"},{\"@type\":\"BreadcrumbList\",\"@id\":\"https:\/\/www.gaveanews.com\/index.php\/2022\/08\/29\/semifinais-da-libertadores-vao-definir-tambem-os-rumos-do-brasileiro\/#breadcrumb\",\"itemListElement\":[{\"@type\":\"ListItem\",\"position\":1,\"name\":\"Home\",\"item\":\"https:\/\/www.gaveanews.com\/\"},{\"@type\":\"ListItem\",\"position\":2,\"name\":\"Semifinais da Libertadores v\u00e3o definir tamb\u00e9m os rumos do Brasileiro\"}]},{\"@type\":\"WebSite\",\"@id\":\"https:\/\/www.gaveanews.com\/#website\",\"url\":\"https:\/\/www.gaveanews.com\/\",\"name\":\"G\u00e1vea News\",\"description\":\"Veja todas as not\u00edcias sobre o Flamengo: Contrata\u00e7\u00f5es, categorias de base, resultados das partidas, tabela de classifica\u00e7\u00e3o, pr\u00f3ximos jogos!\",\"potentialAction\":[{\"@type\":\"SearchAction\",\"target\":{\"@type\":\"EntryPoint\",\"urlTemplate\":\"https:\/\/www.gaveanews.com\/?s={search_term_string}\"},\"query-input\":{\"@type\":\"PropertyValueSpecification\",\"valueRequired\":true,\"valueName\":\"search_term_string\"}}],\"inLanguage\":\"pt-BR\"},{\"@type\":\"Person\",\"@id\":\"https:\/\/www.gaveanews.com\/#\/schema\/person\/2ec14f73fb96be2caf28f91afb14749d\",\"name\":\"Equipe G\u00e1vea News\",\"image\":{\"@type\":\"ImageObject\",\"inLanguage\":\"pt-BR\",\"@id\":\"https:\/\/www.gaveanews.com\/#\/schema\/person\/image\/\",\"url\":\"https:\/\/secure.gravatar.com\/avatar\/1e1956f1facbffd3f8fa53a326721950116b3b9dc9bd44939c01180fd4a745a9?s=96&d=mm&r=g\",\"contentUrl\":\"https:\/\/secure.gravatar.com\/avatar\/1e1956f1facbffd3f8fa53a326721950116b3b9dc9bd44939c01180fd4a745a9?s=96&d=mm&r=g\",\"caption\":\"Equipe G\u00e1vea News\"}}]}<\/script>\n<!-- \/ Yoast SEO Premium plugin. -->","yoast_head_json":{"title":"Semifinais da Libertadores v\u00e3o definir tamb\u00e9m os rumos do Brasileiro","robots":{"index":"index","follow":"follow","max-snippet":"max-snippet:-1","max-image-preview":"max-image-preview:large","max-video-preview":"max-video-preview:-1"},"canonical":"https:\/\/www.gaveanews.com\/index.php\/2022\/08\/29\/semifinais-da-libertadores-vao-definir-tambem-os-rumos-do-brasileiro\/","og_locale":"pt_BR","og_type":"article","og_title":"Semifinais da Libertadores v\u00e3o definir tamb\u00e9m os rumos do Brasileiro","og_description":"O Flamengo n\u00e3o jogou bem no p\u00e9ssimo gramado do Est\u00e1dio N\u00edlton Santos. Pelos pr\u00f3prios defeitos, como a lentid\u00e3o de Diego Ribas no meio-campo, que sobrecarregou Vidal e tirou Victor Hugo do jogo e a inoper\u00e2ncia de Gabigol na ponta direita substituindo Marinho, mas tamb\u00e9m pela intensidade do Botafogo. Se o time de Luis Castro repetisse [&hellip;]","og_url":"https:\/\/www.gaveanews.com\/index.php\/2022\/08\/29\/semifinais-da-libertadores-vao-definir-tambem-os-rumos-do-brasileiro\/","og_site_name":"G\u00e1vea News","article_publisher":"https:\/\/facebook.com\/gaveaNews\/","article_published_time":"2022-08-29T22:10:00+00:00","og_image":[{"width":799,"height":533,"url":"https:\/\/www.gaveanews.com\/wp-content\/uploads\/Time-titular-do-Flamengo-para-o-jogo-contra-o-Corinthians-pela-Libertadores.webp","type":"image\/jpeg"}],"author":"Equipe G\u00e1vea News","twitter_card":"summary_large_image","twitter_misc":{"Escrito por":"Equipe G\u00e1vea News","Est. tempo de leitura":"4 minutos"},"schema":{"@context":"https:\/\/schema.org","@graph":[{"@type":"NewsArticle","@id":"https:\/\/www.gaveanews.com\/index.php\/2022\/08\/29\/semifinais-da-libertadores-vao-definir-tambem-os-rumos-do-brasileiro\/#article","isPartOf":{"@id":"https:\/\/www.gaveanews.com\/index.php\/2022\/08\/29\/semifinais-da-libertadores-vao-definir-tambem-os-rumos-do-brasileiro\/"},"author":{"name":"Equipe G\u00e1vea News","@id":"https:\/\/www.gaveanews.com\/#\/schema\/person\/2ec14f73fb96be2caf28f91afb14749d"},"headline":"Semifinais da Libertadores v\u00e3o definir tamb\u00e9m os rumos do Brasileiro","datePublished":"2022-08-29T22:10:00+00:00","mainEntityOfPage":{"@id":"https:\/\/www.gaveanews.com\/index.php\/2022\/08\/29\/semifinais-da-libertadores-vao-definir-tambem-os-rumos-do-brasileiro\/"},"wordCount":720,"commentCount":0,"image":{"@id":"https:\/\/www.gaveanews.com\/index.php\/2022\/08\/29\/semifinais-da-libertadores-vao-definir-tambem-os-rumos-do-brasileiro\/#primaryimage"},"thumbnailUrl":"https:\/\/www.gaveanews.com\/wp-content\/uploads\/Time-titular-do-Flamengo-para-o-jogo-contra-o-Corinthians-pela-Libertadores.webp","articleSection":["Flamengo"],"inLanguage":"pt-BR","potentialAction":[{"@type":"CommentAction","name":"Comment","target":["https:\/\/www.gaveanews.com\/index.php\/2022\/08\/29\/semifinais-da-libertadores-vao-definir-tambem-os-rumos-do-brasileiro\/#respond"]}],"copyrightYear":"2022","copyrightHolder":{"@id":"https:\/\/www.gaveanews.com\/#organization"}},{"@type":"WebPage","@id":"https:\/\/www.gaveanews.com\/index.php\/2022\/08\/29\/semifinais-da-libertadores-vao-definir-tambem-os-rumos-do-brasileiro\/","url":"https:\/\/www.gaveanews.com\/index.php\/2022\/08\/29\/semifinais-da-libertadores-vao-definir-tambem-os-rumos-do-brasileiro\/","name":"Semifinais da Libertadores v\u00e3o definir tamb\u00e9m os rumos do Brasileiro","isPartOf":{"@id":"https:\/\/www.gaveanews.com\/#website"},"primaryImageOfPage":{"@id":"https:\/\/www.gaveanews.com\/index.php\/2022\/08\/29\/semifinais-da-libertadores-vao-definir-tambem-os-rumos-do-brasileiro\/#primaryimage"},"image":{"@id":"https:\/\/www.gaveanews.com\/index.php\/2022\/08\/29\/semifinais-da-libertadores-vao-definir-tambem-os-rumos-do-brasileiro\/#primaryimage"},"thumbnailUrl":"https:\/\/www.gaveanews.com\/wp-content\/uploads\/Time-titular-do-Flamengo-para-o-jogo-contra-o-Corinthians-pela-Libertadores.webp","datePublished":"2022-08-29T22:10:00+00:00","author":{"@id":"https:\/\/www.gaveanews.com\/#\/schema\/person\/2ec14f73fb96be2caf28f91afb14749d"},"breadcrumb":{"@id":"https:\/\/www.gaveanews.com\/index.php\/2022\/08\/29\/semifinais-da-libertadores-vao-definir-tambem-os-rumos-do-brasileiro\/#breadcrumb"},"inLanguage":"pt-BR","potentialAction":[{"@type":"ReadAction","target":["https:\/\/www.gaveanews.com\/index.php\/2022\/08\/29\/semifinais-da-libertadores-vao-definir-tambem-os-rumos-do-brasileiro\/"]}]},{"@type":"ImageObject","inLanguage":"pt-BR","@id":"https:\/\/www.gaveanews.com\/index.php\/2022\/08\/29\/semifinais-da-libertadores-vao-definir-tambem-os-rumos-do-brasileiro\/#primaryimage","url":"https:\/\/www.gaveanews.com\/wp-content\/uploads\/Time-titular-do-Flamengo-para-o-jogo-contra-o-Corinthians-pela-Libertadores.webp","contentUrl":"https:\/\/www.gaveanews.com\/wp-content\/uploads\/Time-titular-do-Flamengo-para-o-jogo-contra-o-Corinthians-pela-Libertadores.webp","width":799,"height":533,"caption":"Time titular do Flamengo para o jogo contra o Corinthians pela Libertadores (Foto: Alexandre Vidal\/Flamengo)"},{"@type":"BreadcrumbList","@id":"https:\/\/www.gaveanews.com\/index.php\/2022\/08\/29\/semifinais-da-libertadores-vao-definir-tambem-os-rumos-do-brasileiro\/#breadcrumb","itemListElement":[{"@type":"ListItem","position":1,"name":"Home","item":"https:\/\/www.gaveanews.com\/"},{"@type":"ListItem","position":2,"name":"Semifinais da Libertadores v\u00e3o definir tamb\u00e9m os rumos do Brasileiro"}]},{"@type":"WebSite","@id":"https:\/\/www.gaveanews.com\/#website","url":"https:\/\/www.gaveanews.com\/","name":"G\u00e1vea News","description":"Veja todas as not\u00edcias sobre o Flamengo: Contrata\u00e7\u00f5es, categorias de base, resultados das partidas, tabela de classifica\u00e7\u00e3o, pr\u00f3ximos jogos!","potentialAction":[{"@type":"SearchAction","target":{"@type":"EntryPoint","urlTemplate":"https:\/\/www.gaveanews.com\/?s={search_term_string}"},"query-input":{"@type":"PropertyValueSpecification","valueRequired":true,"valueName":"search_term_string"}}],"inLanguage":"pt-BR"},{"@type":"Person","@id":"https:\/\/www.gaveanews.com\/#\/schema\/person\/2ec14f73fb96be2caf28f91afb14749d","name":"Equipe G\u00e1vea News","image":{"@type":"ImageObject","inLanguage":"pt-BR","@id":"https:\/\/www.gaveanews.com\/#\/schema\/person\/image\/","url":"https:\/\/secure.gravatar.com\/avatar\/1e1956f1facbffd3f8fa53a326721950116b3b9dc9bd44939c01180fd4a745a9?s=96&d=mm&r=g","contentUrl":"https:\/\/secure.gravatar.com\/avatar\/1e1956f1facbffd3f8fa53a326721950116b3b9dc9bd44939c01180fd4a745a9?s=96&d=mm&r=g","caption":"Equipe G\u00e1vea News"}}]}},"_links":{"self":[{"href":"https:\/\/www.gaveanews.com\/index.php\/wp-json\/wp\/v2\/posts\/86621","targetHints":{"allow":["GET"]}}],"collection":[{"href":"https:\/\/www.gaveanews.com\/index.php\/wp-json\/wp\/v2\/posts"}],"about":[{"href":"https:\/\/www.gaveanews.com\/index.php\/wp-json\/wp\/v2\/types\/post"}],"author":[{"embeddable":true,"href":"https:\/\/www.gaveanews.com\/index.php\/wp-json\/wp\/v2\/users\/1"}],"replies":[{"embeddable":true,"href":"https:\/\/www.gaveanews.com\/index.php\/wp-json\/wp\/v2\/comments?post=86621"}],"version-history":[{"count":0,"href":"https:\/\/www.gaveanews.com\/index.php\/wp-json\/wp\/v2\/posts\/86621\/revisions"}],"wp:featuredmedia":[{"embeddable":true,"href":"https:\/\/www.gaveanews.com\/index.php\/wp-json\/wp\/v2\/media\/85766"}],"wp:attachment":[{"href":"https:\/\/www.gaveanews.com\/index.php\/wp-json\/wp\/v2\/media?parent=86621"}],"wp:term":[{"taxonomy":"category","embeddable":true,"href":"https:\/\/www.gaveanews.com\/index.php\/wp-json\/wp\/v2\/categories?post=86621"},{"taxonomy":"post_tag","embeddable":true,"href":"https:\/\/www.gaveanews.com\/index.php\/wp-json\/wp\/v2\/tags?post=86621"}],"curies":[{"name":"wp","href":"https:\/\/api.w.org\/{rel}","templated":true}]}}