{"id":86639,"date":"2022-08-29T23:38:02","date_gmt":"2022-08-30T02:38:02","guid":{"rendered":"https:\/\/www.gaveanews.com\/?p=86639"},"modified":"2022-08-29T23:38:04","modified_gmt":"2022-08-30T02:38:04","slug":"pedro-admite-que-pensou-que-nao-daria-certo-no-flamengo-e-se-declara-para-a-torcida","status":"publish","type":"post","link":"https:\/\/www.gaveanews.com\/index.php\/2022\/08\/29\/pedro-admite-que-pensou-que-nao-daria-certo-no-flamengo-e-se-declara-para-a-torcida\/","title":{"rendered":"Pedro admite que pensou que &#8216;n\u00e3o daria certo&#8217; no Flamengo e se declara para a torcida"},"content":{"rendered":"\n<p>Vivendo uma grande fase como titular no Flamengo, Pedro passou por mais de duas temporadas no banco de reservas. Elogiado por Tite e perto de ganhar uma nova oportunidade na Sele\u00e7\u00e3o, o atacante, de 24 anos, admite que chegou a pensar que n\u00e3o conseguiria &#8220;dar certo&#8221; no Rubro-Negro.<\/p>\n\n\n\n<p><em>\u2014 \u00c9, ent\u00e3o, Deus me deu muita for\u00e7a tamb\u00e9m nesse momento, minha f\u00e9 me ajudou bastante, minha f\u00e9 em Deus, que renovou minhas for\u00e7as a cada dia para chegar aqui no Flamengo, treinar, trabalhar, porque tinha dias que eu chegava e pensava: Po, n\u00e3o vai dar certo aqui, e tal. E isso acabava caindo meu rendimento t\u00e9cnico, t\u00e1tico, e isso acaba afetando dentro de campo, n\u00e9<\/em>, disse em entrevista \u00e0 ESPN.<\/p>\n\n\n\n<p>Atualmente, Pedro vive seu melhor momento com a camisa do Flamengo. O atacante aproveitou para agradecer a for\u00e7a que recebeu dos torcedores do clube carioca, mesmo nos momentos mais complicados.<\/p>\n\n\n\n<p><em>\u2014 Com certeza \u00e9 o momento que eu sempre esperava. Sabia da minha capacidade, de onde eu poderia chegar. E hoje eu estou podendo ter essa sequ\u00eancia, que eu sempre quis ter, de titularidade. Estou podendo mostrar o meu valor aqui dentro. Agradecer tamb\u00e9m todo o carinho da torcida, que sempre me apoiou desde a minha chegada no Flamengo<\/em>, disse.<\/p>\n\n\n\n<p>Retirado de: O Dia<\/p>\n","protected":false},"excerpt":{"rendered":"<p>Vivendo uma grande fase como titular no Flamengo, Pedro passou por mais de duas temporadas no banco de reservas. Elogiado por Tite e perto de ganhar uma nova oportunidade na Sele\u00e7\u00e3o, o atacante, de 24 anos, admite que chegou a pensar que n\u00e3o conseguiria &#8220;dar certo&#8221; no Rubro-Negro. \u2014 \u00c9, ent\u00e3o, Deus me deu muita [&hellip;]<\/p>\n","protected":false},"author":1,"featured_media":81784,"comment_status":"open","ping_status":"closed","sticky":false,"template":"","format":"standard","meta":{"footnotes":""},"categories":[1],"tags":[],"class_list":["post-86639","post","type-post","status-publish","format-standard","has-post-thumbnail","hentry","category-flamengo"],"yoast_head":"<!-- This site is optimized with the Yoast SEO Premium plugin v24.2 (Yoast SEO v26.9) - https:\/\/yoast.com\/product\/yoast-seo-premium-wordpress\/ -->\n<title>Pedro admite que pensou que &#039;n\u00e3o daria certo&#039; no Flamengo e se declara para a torcida<\/title>\n<meta name=\"robots\" content=\"index, follow, max-snippet:-1, max-image-preview:large, max-video-preview:-1\" \/>\n<link rel=\"canonical\" href=\"https:\/\/www.gaveanews.com\/index.php\/2022\/08\/29\/pedro-admite-que-pensou-que-nao-daria-certo-no-flamengo-e-se-declara-para-a-torcida\/\" \/>\n<meta property=\"og:locale\" content=\"pt_BR\" \/>\n<meta property=\"og:type\" content=\"article\" \/>\n<meta property=\"og:title\" content=\"Pedro admite que pensou que &#039;n\u00e3o daria certo&#039; no Flamengo e se declara para a torcida\" \/>\n<meta property=\"og:description\" content=\"Vivendo uma grande fase como titular no Flamengo, Pedro passou por mais de duas temporadas no banco de reservas. Elogiado por Tite e perto de ganhar uma nova oportunidade na Sele\u00e7\u00e3o, o atacante, de 24 anos, admite que chegou a pensar que n\u00e3o conseguiria &#8220;dar certo&#8221; no Rubro-Negro. \u2014 \u00c9, ent\u00e3o, Deus me deu muita [&hellip;]\" \/>\n<meta property=\"og:url\" content=\"https:\/\/www.gaveanews.com\/index.php\/2022\/08\/29\/pedro-admite-que-pensou-que-nao-daria-certo-no-flamengo-e-se-declara-para-a-torcida\/\" \/>\n<meta property=\"og:site_name\" content=\"G\u00e1vea News\" \/>\n<meta property=\"article:publisher\" content=\"https:\/\/facebook.com\/gaveaNews\/\" \/>\n<meta property=\"article:published_time\" content=\"2022-08-30T02:38:02+00:00\" \/>\n<meta property=\"article:modified_time\" content=\"2022-08-30T02:38:04+00:00\" \/>\n<meta property=\"og:image\" content=\"https:\/\/www.gaveanews.com\/wp-content\/uploads\/Pedro-comemora-golaco-marcado-pelo-Flamengo-contra-a-Universidad-Catolica-na-Libertadores.webp\" \/>\n\t<meta property=\"og:image:width\" content=\"799\" \/>\n\t<meta property=\"og:image:height\" content=\"533\" \/>\n\t<meta property=\"og:image:type\" content=\"image\/jpeg\" \/>\n<meta name=\"author\" content=\"Equipe G\u00e1vea News\" \/>\n<meta name=\"twitter:card\" content=\"summary_large_image\" \/>\n<meta name=\"twitter:label1\" content=\"Escrito por\" \/>\n\t<meta name=\"twitter:data1\" content=\"Equipe G\u00e1vea News\" \/>\n\t<meta name=\"twitter:label2\" content=\"Est. tempo de leitura\" \/>\n\t<meta name=\"twitter:data2\" content=\"2 minutos\" \/>\n<script type=\"application\/ld+json\" class=\"yoast-schema-graph\">{\"@context\":\"https:\/\/schema.org\",\"@graph\":[{\"@type\":\"NewsArticle\",\"@id\":\"https:\/\/www.gaveanews.com\/index.php\/2022\/08\/29\/pedro-admite-que-pensou-que-nao-daria-certo-no-flamengo-e-se-declara-para-a-torcida\/#article\",\"isPartOf\":{\"@id\":\"https:\/\/www.gaveanews.com\/index.php\/2022\/08\/29\/pedro-admite-que-pensou-que-nao-daria-certo-no-flamengo-e-se-declara-para-a-torcida\/\"},\"author\":{\"name\":\"Equipe G\u00e1vea News\",\"@id\":\"https:\/\/www.gaveanews.com\/#\/schema\/person\/2ec14f73fb96be2caf28f91afb14749d\"},\"headline\":\"Pedro admite que pensou que &#8216;n\u00e3o daria certo&#8217; no Flamengo e se declara para a torcida\",\"datePublished\":\"2022-08-30T02:38:02+00:00\",\"dateModified\":\"2022-08-30T02:38:04+00:00\",\"mainEntityOfPage\":{\"@id\":\"https:\/\/www.gaveanews.com\/index.php\/2022\/08\/29\/pedro-admite-que-pensou-que-nao-daria-certo-no-flamengo-e-se-declara-para-a-torcida\/\"},\"wordCount\":236,\"commentCount\":0,\"image\":{\"@id\":\"https:\/\/www.gaveanews.com\/index.php\/2022\/08\/29\/pedro-admite-que-pensou-que-nao-daria-certo-no-flamengo-e-se-declara-para-a-torcida\/#primaryimage\"},\"thumbnailUrl\":\"https:\/\/www.gaveanews.com\/wp-content\/uploads\/Pedro-comemora-golaco-marcado-pelo-Flamengo-contra-a-Universidad-Catolica-na-Libertadores.webp\",\"articleSection\":[\"Flamengo\"],\"inLanguage\":\"pt-BR\",\"potentialAction\":[{\"@type\":\"CommentAction\",\"name\":\"Comment\",\"target\":[\"https:\/\/www.gaveanews.com\/index.php\/2022\/08\/29\/pedro-admite-que-pensou-que-nao-daria-certo-no-flamengo-e-se-declara-para-a-torcida\/#respond\"]}],\"copyrightYear\":\"2022\",\"copyrightHolder\":{\"@id\":\"https:\/\/www.gaveanews.com\/#organization\"}},{\"@type\":\"WebPage\",\"@id\":\"https:\/\/www.gaveanews.com\/index.php\/2022\/08\/29\/pedro-admite-que-pensou-que-nao-daria-certo-no-flamengo-e-se-declara-para-a-torcida\/\",\"url\":\"https:\/\/www.gaveanews.com\/index.php\/2022\/08\/29\/pedro-admite-que-pensou-que-nao-daria-certo-no-flamengo-e-se-declara-para-a-torcida\/\",\"name\":\"Pedro admite que pensou que 'n\u00e3o daria certo' no Flamengo e se declara para a torcida\",\"isPartOf\":{\"@id\":\"https:\/\/www.gaveanews.com\/#website\"},\"primaryImageOfPage\":{\"@id\":\"https:\/\/www.gaveanews.com\/index.php\/2022\/08\/29\/pedro-admite-que-pensou-que-nao-daria-certo-no-flamengo-e-se-declara-para-a-torcida\/#primaryimage\"},\"image\":{\"@id\":\"https:\/\/www.gaveanews.com\/index.php\/2022\/08\/29\/pedro-admite-que-pensou-que-nao-daria-certo-no-flamengo-e-se-declara-para-a-torcida\/#primaryimage\"},\"thumbnailUrl\":\"https:\/\/www.gaveanews.com\/wp-content\/uploads\/Pedro-comemora-golaco-marcado-pelo-Flamengo-contra-a-Universidad-Catolica-na-Libertadores.webp\",\"datePublished\":\"2022-08-30T02:38:02+00:00\",\"dateModified\":\"2022-08-30T02:38:04+00:00\",\"author\":{\"@id\":\"https:\/\/www.gaveanews.com\/#\/schema\/person\/2ec14f73fb96be2caf28f91afb14749d\"},\"breadcrumb\":{\"@id\":\"https:\/\/www.gaveanews.com\/index.php\/2022\/08\/29\/pedro-admite-que-pensou-que-nao-daria-certo-no-flamengo-e-se-declara-para-a-torcida\/#breadcrumb\"},\"inLanguage\":\"pt-BR\",\"potentialAction\":[{\"@type\":\"ReadAction\",\"target\":[\"https:\/\/www.gaveanews.com\/index.php\/2022\/08\/29\/pedro-admite-que-pensou-que-nao-daria-certo-no-flamengo-e-se-declara-para-a-torcida\/\"]}]},{\"@type\":\"ImageObject\",\"inLanguage\":\"pt-BR\",\"@id\":\"https:\/\/www.gaveanews.com\/index.php\/2022\/08\/29\/pedro-admite-que-pensou-que-nao-daria-certo-no-flamengo-e-se-declara-para-a-torcida\/#primaryimage\",\"url\":\"https:\/\/www.gaveanews.com\/wp-content\/uploads\/Pedro-comemora-golaco-marcado-pelo-Flamengo-contra-a-Universidad-Catolica-na-Libertadores.webp\",\"contentUrl\":\"https:\/\/www.gaveanews.com\/wp-content\/uploads\/Pedro-comemora-golaco-marcado-pelo-Flamengo-contra-a-Universidad-Catolica-na-Libertadores.webp\",\"width\":799,\"height\":533,\"caption\":\"Pedro comemora gola\u00e7o marcado pelo Flamengo contra a Universidad Cat\u00f3lica na Libertadores (Foto: Alexandre Vidal\/Flamengo)\"},{\"@type\":\"BreadcrumbList\",\"@id\":\"https:\/\/www.gaveanews.com\/index.php\/2022\/08\/29\/pedro-admite-que-pensou-que-nao-daria-certo-no-flamengo-e-se-declara-para-a-torcida\/#breadcrumb\",\"itemListElement\":[{\"@type\":\"ListItem\",\"position\":1,\"name\":\"Home\",\"item\":\"https:\/\/www.gaveanews.com\/\"},{\"@type\":\"ListItem\",\"position\":2,\"name\":\"Pedro admite que pensou que &#8216;n\u00e3o daria certo&#8217; no Flamengo e se declara para a torcida\"}]},{\"@type\":\"WebSite\",\"@id\":\"https:\/\/www.gaveanews.com\/#website\",\"url\":\"https:\/\/www.gaveanews.com\/\",\"name\":\"G\u00e1vea News\",\"description\":\"Veja todas as not\u00edcias sobre o Flamengo: Contrata\u00e7\u00f5es, categorias de base, resultados das partidas, tabela de classifica\u00e7\u00e3o, pr\u00f3ximos jogos!\",\"potentialAction\":[{\"@type\":\"SearchAction\",\"target\":{\"@type\":\"EntryPoint\",\"urlTemplate\":\"https:\/\/www.gaveanews.com\/?s={search_term_string}\"},\"query-input\":{\"@type\":\"PropertyValueSpecification\",\"valueRequired\":true,\"valueName\":\"search_term_string\"}}],\"inLanguage\":\"pt-BR\"},{\"@type\":\"Person\",\"@id\":\"https:\/\/www.gaveanews.com\/#\/schema\/person\/2ec14f73fb96be2caf28f91afb14749d\",\"name\":\"Equipe G\u00e1vea News\",\"image\":{\"@type\":\"ImageObject\",\"inLanguage\":\"pt-BR\",\"@id\":\"https:\/\/www.gaveanews.com\/#\/schema\/person\/image\/\",\"url\":\"https:\/\/secure.gravatar.com\/avatar\/1e1956f1facbffd3f8fa53a326721950116b3b9dc9bd44939c01180fd4a745a9?s=96&d=mm&r=g\",\"contentUrl\":\"https:\/\/secure.gravatar.com\/avatar\/1e1956f1facbffd3f8fa53a326721950116b3b9dc9bd44939c01180fd4a745a9?s=96&d=mm&r=g\",\"caption\":\"Equipe G\u00e1vea News\"}}]}<\/script>\n<!-- \/ Yoast SEO Premium plugin. -->","yoast_head_json":{"title":"Pedro admite que pensou que 'n\u00e3o daria certo' no Flamengo e se declara para a torcida","robots":{"index":"index","follow":"follow","max-snippet":"max-snippet:-1","max-image-preview":"max-image-preview:large","max-video-preview":"max-video-preview:-1"},"canonical":"https:\/\/www.gaveanews.com\/index.php\/2022\/08\/29\/pedro-admite-que-pensou-que-nao-daria-certo-no-flamengo-e-se-declara-para-a-torcida\/","og_locale":"pt_BR","og_type":"article","og_title":"Pedro admite que pensou que 'n\u00e3o daria certo' no Flamengo e se declara para a torcida","og_description":"Vivendo uma grande fase como titular no Flamengo, Pedro passou por mais de duas temporadas no banco de reservas. Elogiado por Tite e perto de ganhar uma nova oportunidade na Sele\u00e7\u00e3o, o atacante, de 24 anos, admite que chegou a pensar que n\u00e3o conseguiria &#8220;dar certo&#8221; no Rubro-Negro. \u2014 \u00c9, ent\u00e3o, Deus me deu muita [&hellip;]","og_url":"https:\/\/www.gaveanews.com\/index.php\/2022\/08\/29\/pedro-admite-que-pensou-que-nao-daria-certo-no-flamengo-e-se-declara-para-a-torcida\/","og_site_name":"G\u00e1vea News","article_publisher":"https:\/\/facebook.com\/gaveaNews\/","article_published_time":"2022-08-30T02:38:02+00:00","article_modified_time":"2022-08-30T02:38:04+00:00","og_image":[{"width":799,"height":533,"url":"https:\/\/www.gaveanews.com\/wp-content\/uploads\/Pedro-comemora-golaco-marcado-pelo-Flamengo-contra-a-Universidad-Catolica-na-Libertadores.webp","type":"image\/jpeg"}],"author":"Equipe G\u00e1vea News","twitter_card":"summary_large_image","twitter_misc":{"Escrito por":"Equipe G\u00e1vea News","Est. tempo de leitura":"2 minutos"},"schema":{"@context":"https:\/\/schema.org","@graph":[{"@type":"NewsArticle","@id":"https:\/\/www.gaveanews.com\/index.php\/2022\/08\/29\/pedro-admite-que-pensou-que-nao-daria-certo-no-flamengo-e-se-declara-para-a-torcida\/#article","isPartOf":{"@id":"https:\/\/www.gaveanews.com\/index.php\/2022\/08\/29\/pedro-admite-que-pensou-que-nao-daria-certo-no-flamengo-e-se-declara-para-a-torcida\/"},"author":{"name":"Equipe G\u00e1vea News","@id":"https:\/\/www.gaveanews.com\/#\/schema\/person\/2ec14f73fb96be2caf28f91afb14749d"},"headline":"Pedro admite que pensou que &#8216;n\u00e3o daria certo&#8217; no Flamengo e se declara para a torcida","datePublished":"2022-08-30T02:38:02+00:00","dateModified":"2022-08-30T02:38:04+00:00","mainEntityOfPage":{"@id":"https:\/\/www.gaveanews.com\/index.php\/2022\/08\/29\/pedro-admite-que-pensou-que-nao-daria-certo-no-flamengo-e-se-declara-para-a-torcida\/"},"wordCount":236,"commentCount":0,"image":{"@id":"https:\/\/www.gaveanews.com\/index.php\/2022\/08\/29\/pedro-admite-que-pensou-que-nao-daria-certo-no-flamengo-e-se-declara-para-a-torcida\/#primaryimage"},"thumbnailUrl":"https:\/\/www.gaveanews.com\/wp-content\/uploads\/Pedro-comemora-golaco-marcado-pelo-Flamengo-contra-a-Universidad-Catolica-na-Libertadores.webp","articleSection":["Flamengo"],"inLanguage":"pt-BR","potentialAction":[{"@type":"CommentAction","name":"Comment","target":["https:\/\/www.gaveanews.com\/index.php\/2022\/08\/29\/pedro-admite-que-pensou-que-nao-daria-certo-no-flamengo-e-se-declara-para-a-torcida\/#respond"]}],"copyrightYear":"2022","copyrightHolder":{"@id":"https:\/\/www.gaveanews.com\/#organization"}},{"@type":"WebPage","@id":"https:\/\/www.gaveanews.com\/index.php\/2022\/08\/29\/pedro-admite-que-pensou-que-nao-daria-certo-no-flamengo-e-se-declara-para-a-torcida\/","url":"https:\/\/www.gaveanews.com\/index.php\/2022\/08\/29\/pedro-admite-que-pensou-que-nao-daria-certo-no-flamengo-e-se-declara-para-a-torcida\/","name":"Pedro admite que pensou que 'n\u00e3o daria certo' no Flamengo e se declara para a torcida","isPartOf":{"@id":"https:\/\/www.gaveanews.com\/#website"},"primaryImageOfPage":{"@id":"https:\/\/www.gaveanews.com\/index.php\/2022\/08\/29\/pedro-admite-que-pensou-que-nao-daria-certo-no-flamengo-e-se-declara-para-a-torcida\/#primaryimage"},"image":{"@id":"https:\/\/www.gaveanews.com\/index.php\/2022\/08\/29\/pedro-admite-que-pensou-que-nao-daria-certo-no-flamengo-e-se-declara-para-a-torcida\/#primaryimage"},"thumbnailUrl":"https:\/\/www.gaveanews.com\/wp-content\/uploads\/Pedro-comemora-golaco-marcado-pelo-Flamengo-contra-a-Universidad-Catolica-na-Libertadores.webp","datePublished":"2022-08-30T02:38:02+00:00","dateModified":"2022-08-30T02:38:04+00:00","author":{"@id":"https:\/\/www.gaveanews.com\/#\/schema\/person\/2ec14f73fb96be2caf28f91afb14749d"},"breadcrumb":{"@id":"https:\/\/www.gaveanews.com\/index.php\/2022\/08\/29\/pedro-admite-que-pensou-que-nao-daria-certo-no-flamengo-e-se-declara-para-a-torcida\/#breadcrumb"},"inLanguage":"pt-BR","potentialAction":[{"@type":"ReadAction","target":["https:\/\/www.gaveanews.com\/index.php\/2022\/08\/29\/pedro-admite-que-pensou-que-nao-daria-certo-no-flamengo-e-se-declara-para-a-torcida\/"]}]},{"@type":"ImageObject","inLanguage":"pt-BR","@id":"https:\/\/www.gaveanews.com\/index.php\/2022\/08\/29\/pedro-admite-que-pensou-que-nao-daria-certo-no-flamengo-e-se-declara-para-a-torcida\/#primaryimage","url":"https:\/\/www.gaveanews.com\/wp-content\/uploads\/Pedro-comemora-golaco-marcado-pelo-Flamengo-contra-a-Universidad-Catolica-na-Libertadores.webp","contentUrl":"https:\/\/www.gaveanews.com\/wp-content\/uploads\/Pedro-comemora-golaco-marcado-pelo-Flamengo-contra-a-Universidad-Catolica-na-Libertadores.webp","width":799,"height":533,"caption":"Pedro comemora gola\u00e7o marcado pelo Flamengo contra a Universidad Cat\u00f3lica na Libertadores (Foto: Alexandre Vidal\/Flamengo)"},{"@type":"BreadcrumbList","@id":"https:\/\/www.gaveanews.com\/index.php\/2022\/08\/29\/pedro-admite-que-pensou-que-nao-daria-certo-no-flamengo-e-se-declara-para-a-torcida\/#breadcrumb","itemListElement":[{"@type":"ListItem","position":1,"name":"Home","item":"https:\/\/www.gaveanews.com\/"},{"@type":"ListItem","position":2,"name":"Pedro admite que pensou que &#8216;n\u00e3o daria certo&#8217; no Flamengo e se declara para a torcida"}]},{"@type":"WebSite","@id":"https:\/\/www.gaveanews.com\/#website","url":"https:\/\/www.gaveanews.com\/","name":"G\u00e1vea News","description":"Veja todas as not\u00edcias sobre o Flamengo: Contrata\u00e7\u00f5es, categorias de base, resultados das partidas, tabela de classifica\u00e7\u00e3o, pr\u00f3ximos jogos!","potentialAction":[{"@type":"SearchAction","target":{"@type":"EntryPoint","urlTemplate":"https:\/\/www.gaveanews.com\/?s={search_term_string}"},"query-input":{"@type":"PropertyValueSpecification","valueRequired":true,"valueName":"search_term_string"}}],"inLanguage":"pt-BR"},{"@type":"Person","@id":"https:\/\/www.gaveanews.com\/#\/schema\/person\/2ec14f73fb96be2caf28f91afb14749d","name":"Equipe G\u00e1vea News","image":{"@type":"ImageObject","inLanguage":"pt-BR","@id":"https:\/\/www.gaveanews.com\/#\/schema\/person\/image\/","url":"https:\/\/secure.gravatar.com\/avatar\/1e1956f1facbffd3f8fa53a326721950116b3b9dc9bd44939c01180fd4a745a9?s=96&d=mm&r=g","contentUrl":"https:\/\/secure.gravatar.com\/avatar\/1e1956f1facbffd3f8fa53a326721950116b3b9dc9bd44939c01180fd4a745a9?s=96&d=mm&r=g","caption":"Equipe G\u00e1vea News"}}]}},"_links":{"self":[{"href":"https:\/\/www.gaveanews.com\/index.php\/wp-json\/wp\/v2\/posts\/86639","targetHints":{"allow":["GET"]}}],"collection":[{"href":"https:\/\/www.gaveanews.com\/index.php\/wp-json\/wp\/v2\/posts"}],"about":[{"href":"https:\/\/www.gaveanews.com\/index.php\/wp-json\/wp\/v2\/types\/post"}],"author":[{"embeddable":true,"href":"https:\/\/www.gaveanews.com\/index.php\/wp-json\/wp\/v2\/users\/1"}],"replies":[{"embeddable":true,"href":"https:\/\/www.gaveanews.com\/index.php\/wp-json\/wp\/v2\/comments?post=86639"}],"version-history":[{"count":0,"href":"https:\/\/www.gaveanews.com\/index.php\/wp-json\/wp\/v2\/posts\/86639\/revisions"}],"wp:featuredmedia":[{"embeddable":true,"href":"https:\/\/www.gaveanews.com\/index.php\/wp-json\/wp\/v2\/media\/81784"}],"wp:attachment":[{"href":"https:\/\/www.gaveanews.com\/index.php\/wp-json\/wp\/v2\/media?parent=86639"}],"wp:term":[{"taxonomy":"category","embeddable":true,"href":"https:\/\/www.gaveanews.com\/index.php\/wp-json\/wp\/v2\/categories?post=86639"},{"taxonomy":"post_tag","embeddable":true,"href":"https:\/\/www.gaveanews.com\/index.php\/wp-json\/wp\/v2\/tags?post=86639"}],"curies":[{"name":"wp","href":"https:\/\/api.w.org\/{rel}","templated":true}]}}