{"id":86647,"date":"2022-08-30T06:45:00","date_gmt":"2022-08-30T09:45:00","guid":{"rendered":"https:\/\/www.gaveanews.com\/?p=86647"},"modified":"2022-08-30T00:55:23","modified_gmt":"2022-08-30T03:55:23","slug":"veja-a-provavel-escalacao-do-flamengo-para-o-jogo-contra-o-velez-pela-libertadores","status":"publish","type":"post","link":"https:\/\/www.gaveanews.com\/index.php\/2022\/08\/30\/veja-a-provavel-escalacao-do-flamengo-para-o-jogo-contra-o-velez-pela-libertadores\/","title":{"rendered":"Veja a prov\u00e1vel escala\u00e7\u00e3o do Flamengo para o jogo contra o V\u00e9lez pela Libertadores"},"content":{"rendered":"\n<p>No \u00faltimo final de semana, o Flamengo bateu o Botafogo e encurtou a diferen\u00e7a para o Palmeiras. Por\u00e9m, o elenco rubro-negro teve pouqu\u00edssimo tempo para curtir a vit\u00f3ria no cl\u00e1ssico. Afinal de contas, amanh\u00e3 (31 de agosto), o rubro-negro disputar\u00e1 a primeira partida da semifinal da Copa Libertadores. <\/p>\n\n\n\n<p>Inclusive, os jogadores flamenguistas j\u00e1 est\u00e3o hospedados em Buenos Aires. A dele\u00e7\u00e3o Rubro-Negra chegou na capital argentina no in\u00edcio da madrugada desta ter\u00e7a-feira (30). O jogo contra o V\u00e9lez ser\u00e1 disputado no est\u00e1dio Jos\u00e9 Amalfitani, \u00e0s 21h30 (hor\u00e1rio de Bras\u00edlia).<\/p>\n\n\n\n<p>Para tal partida, Dorival Jr n\u00e3o poder\u00e1 contar com tr\u00eas jogadores: Marinho, Bruno Henrique e Rodrigo Caio. J\u00e1 em rela\u00e7\u00e3o a David Luiz, a sua atua\u00e7\u00e3o \u00e9 uma inc\u00f3gnita. O pr\u00f3prio defensor pediu para ser relacionado, por\u00e9m, a comiss\u00e3o t\u00e9cnica, juntamente com o departamento m\u00e9dico, ir\u00e3o observar como ele ir\u00e1 se portar no treinamento que ocorrer\u00e1 hoje no CT do Boca Juniors. <\/p>\n\n\n\n<p>Se David Luiz ficar de fora, Fabr\u00edcio Bruno \u00e9 o favorito para formar a dupla de zaga ao lado de L\u00e9o Pereira.   Em rela\u00e7\u00e3o as demais posi\u00e7\u00f5es, n\u00e3o h\u00e1 grandes novidades ou altera\u00e7\u00f5es. <\/p>\n\n\n\n<h2 class=\"wp-block-heading\" id=\"h-provavel-escalacao-do-flamengo\">Prov\u00e1vel escala\u00e7\u00e3o do Flamengo:<\/h2>\n\n\n\n<p>Santos, Rodinei, David Luiz (Fabr\u00edcio Bruno), L\u00e9o Pereira e Filipe Lu\u00eds; Thiago Maia, Jo\u00e3o Gomes, Everton Ribeiro e Arrascaeta; Pedro e Gabriel.<\/p>\n","protected":false},"excerpt":{"rendered":"<p>No \u00faltimo final de semana, o Flamengo bateu o Botafogo e encurtou a diferen\u00e7a para o Palmeiras. Por\u00e9m, o elenco rubro-negro teve pouqu\u00edssimo tempo para curtir a vit\u00f3ria no cl\u00e1ssico. Afinal de contas, amanh\u00e3 (31 de agosto), o rubro-negro disputar\u00e1 a primeira partida da semifinal da Copa Libertadores. Inclusive, os jogadores flamenguistas j\u00e1 est\u00e3o hospedados [&hellip;]<\/p>\n","protected":false},"author":2,"featured_media":85749,"comment_status":"open","ping_status":"closed","sticky":false,"template":"","format":"standard","meta":{"footnotes":""},"categories":[47],"tags":[],"class_list":["post-86647","post","type-post","status-publish","format-standard","has-post-thumbnail","hentry","category-destaques"],"yoast_head":"<!-- This site is optimized with the Yoast SEO Premium plugin v24.2 (Yoast SEO v26.9) - https:\/\/yoast.com\/product\/yoast-seo-premium-wordpress\/ -->\n<title>Veja a prov\u00e1vel escala\u00e7\u00e3o do Flamengo para o jogo contra o V\u00e9lez pela Libertadores<\/title>\n<meta name=\"robots\" content=\"index, follow, max-snippet:-1, max-image-preview:large, max-video-preview:-1\" \/>\n<link rel=\"canonical\" href=\"https:\/\/www.gaveanews.com\/index.php\/2022\/08\/30\/veja-a-provavel-escalacao-do-flamengo-para-o-jogo-contra-o-velez-pela-libertadores\/\" \/>\n<meta property=\"og:locale\" content=\"pt_BR\" \/>\n<meta property=\"og:type\" content=\"article\" \/>\n<meta property=\"og:title\" content=\"Veja a prov\u00e1vel escala\u00e7\u00e3o do Flamengo para o jogo contra o V\u00e9lez pela Libertadores\" \/>\n<meta property=\"og:description\" content=\"No \u00faltimo final de semana, o Flamengo bateu o Botafogo e encurtou a diferen\u00e7a para o Palmeiras. Por\u00e9m, o elenco rubro-negro teve pouqu\u00edssimo tempo para curtir a vit\u00f3ria no cl\u00e1ssico. Afinal de contas, amanh\u00e3 (31 de agosto), o rubro-negro disputar\u00e1 a primeira partida da semifinal da Copa Libertadores. Inclusive, os jogadores flamenguistas j\u00e1 est\u00e3o hospedados [&hellip;]\" \/>\n<meta property=\"og:url\" content=\"https:\/\/www.gaveanews.com\/index.php\/2022\/08\/30\/veja-a-provavel-escalacao-do-flamengo-para-o-jogo-contra-o-velez-pela-libertadores\/\" \/>\n<meta property=\"og:site_name\" content=\"G\u00e1vea News\" \/>\n<meta property=\"article:publisher\" content=\"https:\/\/facebook.com\/gaveaNews\/\" \/>\n<meta property=\"article:published_time\" content=\"2022-08-30T09:45:00+00:00\" \/>\n<meta property=\"og:image\" content=\"https:\/\/www.gaveanews.com\/wp-content\/uploads\/Jogadores-de-Flamengo-e-Corinthians-entrando-no-gramado-do-Maracana-para-jogo-da-Libertadores.webp\" \/>\n\t<meta property=\"og:image:width\" content=\"799\" \/>\n\t<meta property=\"og:image:height\" content=\"533\" \/>\n\t<meta property=\"og:image:type\" content=\"image\/jpeg\" \/>\n<meta name=\"author\" content=\"Hugo Nogueira\" \/>\n<meta name=\"twitter:card\" content=\"summary_large_image\" \/>\n<meta name=\"twitter:label1\" content=\"Escrito por\" \/>\n\t<meta name=\"twitter:data1\" content=\"Hugo Nogueira\" \/>\n\t<meta name=\"twitter:label2\" content=\"Est. tempo de leitura\" \/>\n\t<meta name=\"twitter:data2\" content=\"2 minutos\" \/>\n<script type=\"application\/ld+json\" class=\"yoast-schema-graph\">{\"@context\":\"https:\/\/schema.org\",\"@graph\":[{\"@type\":\"NewsArticle\",\"@id\":\"https:\/\/www.gaveanews.com\/index.php\/2022\/08\/30\/veja-a-provavel-escalacao-do-flamengo-para-o-jogo-contra-o-velez-pela-libertadores\/#article\",\"isPartOf\":{\"@id\":\"https:\/\/www.gaveanews.com\/index.php\/2022\/08\/30\/veja-a-provavel-escalacao-do-flamengo-para-o-jogo-contra-o-velez-pela-libertadores\/\"},\"author\":{\"name\":\"Hugo Nogueira\",\"@id\":\"https:\/\/www.gaveanews.com\/#\/schema\/person\/3a0372021fabaeec4e7e4242cfa27841\"},\"headline\":\"Veja a prov\u00e1vel escala\u00e7\u00e3o do Flamengo para o jogo contra o V\u00e9lez pela Libertadores\",\"datePublished\":\"2022-08-30T09:45:00+00:00\",\"mainEntityOfPage\":{\"@id\":\"https:\/\/www.gaveanews.com\/index.php\/2022\/08\/30\/veja-a-provavel-escalacao-do-flamengo-para-o-jogo-contra-o-velez-pela-libertadores\/\"},\"wordCount\":258,\"commentCount\":0,\"image\":{\"@id\":\"https:\/\/www.gaveanews.com\/index.php\/2022\/08\/30\/veja-a-provavel-escalacao-do-flamengo-para-o-jogo-contra-o-velez-pela-libertadores\/#primaryimage\"},\"thumbnailUrl\":\"https:\/\/www.gaveanews.com\/wp-content\/uploads\/Jogadores-de-Flamengo-e-Corinthians-entrando-no-gramado-do-Maracana-para-jogo-da-Libertadores.webp\",\"articleSection\":[\"Destaques\"],\"inLanguage\":\"pt-BR\",\"potentialAction\":[{\"@type\":\"CommentAction\",\"name\":\"Comment\",\"target\":[\"https:\/\/www.gaveanews.com\/index.php\/2022\/08\/30\/veja-a-provavel-escalacao-do-flamengo-para-o-jogo-contra-o-velez-pela-libertadores\/#respond\"]}],\"copyrightYear\":\"2022\",\"copyrightHolder\":{\"@id\":\"https:\/\/www.gaveanews.com\/#organization\"}},{\"@type\":\"WebPage\",\"@id\":\"https:\/\/www.gaveanews.com\/index.php\/2022\/08\/30\/veja-a-provavel-escalacao-do-flamengo-para-o-jogo-contra-o-velez-pela-libertadores\/\",\"url\":\"https:\/\/www.gaveanews.com\/index.php\/2022\/08\/30\/veja-a-provavel-escalacao-do-flamengo-para-o-jogo-contra-o-velez-pela-libertadores\/\",\"name\":\"Veja a prov\u00e1vel escala\u00e7\u00e3o do Flamengo para o jogo contra o V\u00e9lez pela Libertadores\",\"isPartOf\":{\"@id\":\"https:\/\/www.gaveanews.com\/#website\"},\"primaryImageOfPage\":{\"@id\":\"https:\/\/www.gaveanews.com\/index.php\/2022\/08\/30\/veja-a-provavel-escalacao-do-flamengo-para-o-jogo-contra-o-velez-pela-libertadores\/#primaryimage\"},\"image\":{\"@id\":\"https:\/\/www.gaveanews.com\/index.php\/2022\/08\/30\/veja-a-provavel-escalacao-do-flamengo-para-o-jogo-contra-o-velez-pela-libertadores\/#primaryimage\"},\"thumbnailUrl\":\"https:\/\/www.gaveanews.com\/wp-content\/uploads\/Jogadores-de-Flamengo-e-Corinthians-entrando-no-gramado-do-Maracana-para-jogo-da-Libertadores.webp\",\"datePublished\":\"2022-08-30T09:45:00+00:00\",\"author\":{\"@id\":\"https:\/\/www.gaveanews.com\/#\/schema\/person\/3a0372021fabaeec4e7e4242cfa27841\"},\"breadcrumb\":{\"@id\":\"https:\/\/www.gaveanews.com\/index.php\/2022\/08\/30\/veja-a-provavel-escalacao-do-flamengo-para-o-jogo-contra-o-velez-pela-libertadores\/#breadcrumb\"},\"inLanguage\":\"pt-BR\",\"potentialAction\":[{\"@type\":\"ReadAction\",\"target\":[\"https:\/\/www.gaveanews.com\/index.php\/2022\/08\/30\/veja-a-provavel-escalacao-do-flamengo-para-o-jogo-contra-o-velez-pela-libertadores\/\"]}]},{\"@type\":\"ImageObject\",\"inLanguage\":\"pt-BR\",\"@id\":\"https:\/\/www.gaveanews.com\/index.php\/2022\/08\/30\/veja-a-provavel-escalacao-do-flamengo-para-o-jogo-contra-o-velez-pela-libertadores\/#primaryimage\",\"url\":\"https:\/\/www.gaveanews.com\/wp-content\/uploads\/Jogadores-de-Flamengo-e-Corinthians-entrando-no-gramado-do-Maracana-para-jogo-da-Libertadores.webp\",\"contentUrl\":\"https:\/\/www.gaveanews.com\/wp-content\/uploads\/Jogadores-de-Flamengo-e-Corinthians-entrando-no-gramado-do-Maracana-para-jogo-da-Libertadores.webp\",\"width\":799,\"height\":533,\"caption\":\"Jogadores de Flamengo e Corinthians entrando no gramado do Maracan\u00e3 para jogo da Libertadores (Foto: Marcelo Cortes\/Flamengo)\"},{\"@type\":\"BreadcrumbList\",\"@id\":\"https:\/\/www.gaveanews.com\/index.php\/2022\/08\/30\/veja-a-provavel-escalacao-do-flamengo-para-o-jogo-contra-o-velez-pela-libertadores\/#breadcrumb\",\"itemListElement\":[{\"@type\":\"ListItem\",\"position\":1,\"name\":\"Home\",\"item\":\"https:\/\/www.gaveanews.com\/\"},{\"@type\":\"ListItem\",\"position\":2,\"name\":\"Veja a prov\u00e1vel escala\u00e7\u00e3o do Flamengo para o jogo contra o V\u00e9lez pela Libertadores\"}]},{\"@type\":\"WebSite\",\"@id\":\"https:\/\/www.gaveanews.com\/#website\",\"url\":\"https:\/\/www.gaveanews.com\/\",\"name\":\"G\u00e1vea News\",\"description\":\"Veja todas as not\u00edcias sobre o Flamengo: Contrata\u00e7\u00f5es, categorias de base, resultados das partidas, tabela de classifica\u00e7\u00e3o, pr\u00f3ximos jogos!\",\"potentialAction\":[{\"@type\":\"SearchAction\",\"target\":{\"@type\":\"EntryPoint\",\"urlTemplate\":\"https:\/\/www.gaveanews.com\/?s={search_term_string}\"},\"query-input\":{\"@type\":\"PropertyValueSpecification\",\"valueRequired\":true,\"valueName\":\"search_term_string\"}}],\"inLanguage\":\"pt-BR\"},{\"@type\":\"Person\",\"@id\":\"https:\/\/www.gaveanews.com\/#\/schema\/person\/3a0372021fabaeec4e7e4242cfa27841\",\"name\":\"Hugo Nogueira\",\"image\":{\"@type\":\"ImageObject\",\"inLanguage\":\"pt-BR\",\"@id\":\"https:\/\/www.gaveanews.com\/#\/schema\/person\/image\/\",\"url\":\"https:\/\/secure.gravatar.com\/avatar\/0cdd89f3b47bb55926c08eee2db992845cfdd53f84c9fdd47a49d89b3cd40c0a?s=96&d=mm&r=g\",\"contentUrl\":\"https:\/\/secure.gravatar.com\/avatar\/0cdd89f3b47bb55926c08eee2db992845cfdd53f84c9fdd47a49d89b3cd40c0a?s=96&d=mm&r=g\",\"caption\":\"Hugo Nogueira\"}}]}<\/script>\n<!-- \/ Yoast SEO Premium plugin. -->","yoast_head_json":{"title":"Veja a prov\u00e1vel escala\u00e7\u00e3o do Flamengo para o jogo contra o V\u00e9lez pela Libertadores","robots":{"index":"index","follow":"follow","max-snippet":"max-snippet:-1","max-image-preview":"max-image-preview:large","max-video-preview":"max-video-preview:-1"},"canonical":"https:\/\/www.gaveanews.com\/index.php\/2022\/08\/30\/veja-a-provavel-escalacao-do-flamengo-para-o-jogo-contra-o-velez-pela-libertadores\/","og_locale":"pt_BR","og_type":"article","og_title":"Veja a prov\u00e1vel escala\u00e7\u00e3o do Flamengo para o jogo contra o V\u00e9lez pela Libertadores","og_description":"No \u00faltimo final de semana, o Flamengo bateu o Botafogo e encurtou a diferen\u00e7a para o Palmeiras. Por\u00e9m, o elenco rubro-negro teve pouqu\u00edssimo tempo para curtir a vit\u00f3ria no cl\u00e1ssico. Afinal de contas, amanh\u00e3 (31 de agosto), o rubro-negro disputar\u00e1 a primeira partida da semifinal da Copa Libertadores. Inclusive, os jogadores flamenguistas j\u00e1 est\u00e3o hospedados [&hellip;]","og_url":"https:\/\/www.gaveanews.com\/index.php\/2022\/08\/30\/veja-a-provavel-escalacao-do-flamengo-para-o-jogo-contra-o-velez-pela-libertadores\/","og_site_name":"G\u00e1vea News","article_publisher":"https:\/\/facebook.com\/gaveaNews\/","article_published_time":"2022-08-30T09:45:00+00:00","og_image":[{"width":799,"height":533,"url":"https:\/\/www.gaveanews.com\/wp-content\/uploads\/Jogadores-de-Flamengo-e-Corinthians-entrando-no-gramado-do-Maracana-para-jogo-da-Libertadores.webp","type":"image\/jpeg"}],"author":"Hugo Nogueira","twitter_card":"summary_large_image","twitter_misc":{"Escrito por":"Hugo Nogueira","Est. tempo de leitura":"2 minutos"},"schema":{"@context":"https:\/\/schema.org","@graph":[{"@type":"NewsArticle","@id":"https:\/\/www.gaveanews.com\/index.php\/2022\/08\/30\/veja-a-provavel-escalacao-do-flamengo-para-o-jogo-contra-o-velez-pela-libertadores\/#article","isPartOf":{"@id":"https:\/\/www.gaveanews.com\/index.php\/2022\/08\/30\/veja-a-provavel-escalacao-do-flamengo-para-o-jogo-contra-o-velez-pela-libertadores\/"},"author":{"name":"Hugo Nogueira","@id":"https:\/\/www.gaveanews.com\/#\/schema\/person\/3a0372021fabaeec4e7e4242cfa27841"},"headline":"Veja a prov\u00e1vel escala\u00e7\u00e3o do Flamengo para o jogo contra o V\u00e9lez pela Libertadores","datePublished":"2022-08-30T09:45:00+00:00","mainEntityOfPage":{"@id":"https:\/\/www.gaveanews.com\/index.php\/2022\/08\/30\/veja-a-provavel-escalacao-do-flamengo-para-o-jogo-contra-o-velez-pela-libertadores\/"},"wordCount":258,"commentCount":0,"image":{"@id":"https:\/\/www.gaveanews.com\/index.php\/2022\/08\/30\/veja-a-provavel-escalacao-do-flamengo-para-o-jogo-contra-o-velez-pela-libertadores\/#primaryimage"},"thumbnailUrl":"https:\/\/www.gaveanews.com\/wp-content\/uploads\/Jogadores-de-Flamengo-e-Corinthians-entrando-no-gramado-do-Maracana-para-jogo-da-Libertadores.webp","articleSection":["Destaques"],"inLanguage":"pt-BR","potentialAction":[{"@type":"CommentAction","name":"Comment","target":["https:\/\/www.gaveanews.com\/index.php\/2022\/08\/30\/veja-a-provavel-escalacao-do-flamengo-para-o-jogo-contra-o-velez-pela-libertadores\/#respond"]}],"copyrightYear":"2022","copyrightHolder":{"@id":"https:\/\/www.gaveanews.com\/#organization"}},{"@type":"WebPage","@id":"https:\/\/www.gaveanews.com\/index.php\/2022\/08\/30\/veja-a-provavel-escalacao-do-flamengo-para-o-jogo-contra-o-velez-pela-libertadores\/","url":"https:\/\/www.gaveanews.com\/index.php\/2022\/08\/30\/veja-a-provavel-escalacao-do-flamengo-para-o-jogo-contra-o-velez-pela-libertadores\/","name":"Veja a prov\u00e1vel escala\u00e7\u00e3o do Flamengo para o jogo contra o V\u00e9lez pela Libertadores","isPartOf":{"@id":"https:\/\/www.gaveanews.com\/#website"},"primaryImageOfPage":{"@id":"https:\/\/www.gaveanews.com\/index.php\/2022\/08\/30\/veja-a-provavel-escalacao-do-flamengo-para-o-jogo-contra-o-velez-pela-libertadores\/#primaryimage"},"image":{"@id":"https:\/\/www.gaveanews.com\/index.php\/2022\/08\/30\/veja-a-provavel-escalacao-do-flamengo-para-o-jogo-contra-o-velez-pela-libertadores\/#primaryimage"},"thumbnailUrl":"https:\/\/www.gaveanews.com\/wp-content\/uploads\/Jogadores-de-Flamengo-e-Corinthians-entrando-no-gramado-do-Maracana-para-jogo-da-Libertadores.webp","datePublished":"2022-08-30T09:45:00+00:00","author":{"@id":"https:\/\/www.gaveanews.com\/#\/schema\/person\/3a0372021fabaeec4e7e4242cfa27841"},"breadcrumb":{"@id":"https:\/\/www.gaveanews.com\/index.php\/2022\/08\/30\/veja-a-provavel-escalacao-do-flamengo-para-o-jogo-contra-o-velez-pela-libertadores\/#breadcrumb"},"inLanguage":"pt-BR","potentialAction":[{"@type":"ReadAction","target":["https:\/\/www.gaveanews.com\/index.php\/2022\/08\/30\/veja-a-provavel-escalacao-do-flamengo-para-o-jogo-contra-o-velez-pela-libertadores\/"]}]},{"@type":"ImageObject","inLanguage":"pt-BR","@id":"https:\/\/www.gaveanews.com\/index.php\/2022\/08\/30\/veja-a-provavel-escalacao-do-flamengo-para-o-jogo-contra-o-velez-pela-libertadores\/#primaryimage","url":"https:\/\/www.gaveanews.com\/wp-content\/uploads\/Jogadores-de-Flamengo-e-Corinthians-entrando-no-gramado-do-Maracana-para-jogo-da-Libertadores.webp","contentUrl":"https:\/\/www.gaveanews.com\/wp-content\/uploads\/Jogadores-de-Flamengo-e-Corinthians-entrando-no-gramado-do-Maracana-para-jogo-da-Libertadores.webp","width":799,"height":533,"caption":"Jogadores de Flamengo e Corinthians entrando no gramado do Maracan\u00e3 para jogo da Libertadores (Foto: Marcelo Cortes\/Flamengo)"},{"@type":"BreadcrumbList","@id":"https:\/\/www.gaveanews.com\/index.php\/2022\/08\/30\/veja-a-provavel-escalacao-do-flamengo-para-o-jogo-contra-o-velez-pela-libertadores\/#breadcrumb","itemListElement":[{"@type":"ListItem","position":1,"name":"Home","item":"https:\/\/www.gaveanews.com\/"},{"@type":"ListItem","position":2,"name":"Veja a prov\u00e1vel escala\u00e7\u00e3o do Flamengo para o jogo contra o V\u00e9lez pela Libertadores"}]},{"@type":"WebSite","@id":"https:\/\/www.gaveanews.com\/#website","url":"https:\/\/www.gaveanews.com\/","name":"G\u00e1vea News","description":"Veja todas as not\u00edcias sobre o Flamengo: Contrata\u00e7\u00f5es, categorias de base, resultados das partidas, tabela de classifica\u00e7\u00e3o, pr\u00f3ximos jogos!","potentialAction":[{"@type":"SearchAction","target":{"@type":"EntryPoint","urlTemplate":"https:\/\/www.gaveanews.com\/?s={search_term_string}"},"query-input":{"@type":"PropertyValueSpecification","valueRequired":true,"valueName":"search_term_string"}}],"inLanguage":"pt-BR"},{"@type":"Person","@id":"https:\/\/www.gaveanews.com\/#\/schema\/person\/3a0372021fabaeec4e7e4242cfa27841","name":"Hugo Nogueira","image":{"@type":"ImageObject","inLanguage":"pt-BR","@id":"https:\/\/www.gaveanews.com\/#\/schema\/person\/image\/","url":"https:\/\/secure.gravatar.com\/avatar\/0cdd89f3b47bb55926c08eee2db992845cfdd53f84c9fdd47a49d89b3cd40c0a?s=96&d=mm&r=g","contentUrl":"https:\/\/secure.gravatar.com\/avatar\/0cdd89f3b47bb55926c08eee2db992845cfdd53f84c9fdd47a49d89b3cd40c0a?s=96&d=mm&r=g","caption":"Hugo Nogueira"}}]}},"_links":{"self":[{"href":"https:\/\/www.gaveanews.com\/index.php\/wp-json\/wp\/v2\/posts\/86647","targetHints":{"allow":["GET"]}}],"collection":[{"href":"https:\/\/www.gaveanews.com\/index.php\/wp-json\/wp\/v2\/posts"}],"about":[{"href":"https:\/\/www.gaveanews.com\/index.php\/wp-json\/wp\/v2\/types\/post"}],"author":[{"embeddable":true,"href":"https:\/\/www.gaveanews.com\/index.php\/wp-json\/wp\/v2\/users\/2"}],"replies":[{"embeddable":true,"href":"https:\/\/www.gaveanews.com\/index.php\/wp-json\/wp\/v2\/comments?post=86647"}],"version-history":[{"count":0,"href":"https:\/\/www.gaveanews.com\/index.php\/wp-json\/wp\/v2\/posts\/86647\/revisions"}],"wp:featuredmedia":[{"embeddable":true,"href":"https:\/\/www.gaveanews.com\/index.php\/wp-json\/wp\/v2\/media\/85749"}],"wp:attachment":[{"href":"https:\/\/www.gaveanews.com\/index.php\/wp-json\/wp\/v2\/media?parent=86647"}],"wp:term":[{"taxonomy":"category","embeddable":true,"href":"https:\/\/www.gaveanews.com\/index.php\/wp-json\/wp\/v2\/categories?post=86647"},{"taxonomy":"post_tag","embeddable":true,"href":"https:\/\/www.gaveanews.com\/index.php\/wp-json\/wp\/v2\/tags?post=86647"}],"curies":[{"name":"wp","href":"https:\/\/api.w.org\/{rel}","templated":true}]}}