{"id":86650,"date":"2022-08-30T07:05:00","date_gmt":"2022-08-30T10:05:00","guid":{"rendered":"https:\/\/www.gaveanews.com\/?p=86650"},"modified":"2022-08-30T01:57:32","modified_gmt":"2022-08-30T04:57:32","slug":"joao-gomes-do-flamengo-e-destaque-na-imprensa-da-europa","status":"publish","type":"post","link":"https:\/\/www.gaveanews.com\/index.php\/2022\/08\/30\/joao-gomes-do-flamengo-e-destaque-na-imprensa-da-europa\/","title":{"rendered":"Jo\u00e3o Gomes, do Flamengo, \u00e9 destaque na imprensa da Europa"},"content":{"rendered":"\n<p>Sem sombra de d\u00favidas, o Flamengo \u00e9 refer\u00eancia na revela\u00e7\u00e3o de jovens talentos. Nas \u00faltimas temporadas, nomes como Lucas Paquet\u00e1 e Vinicius Junior foram formados nas categorias de base do Meng\u00e3o e logo em seguida foram vendidos para o futebol da Europa. E seguindo este raciocino, Jo\u00e3o Gomes \u00e9 a bola da vez. N\u00e3o \u00e0 toa, o seu nome est\u00e1 em evidencia tanto na imprensa esportiva nacional, assim como na internacional.<\/p>\n\n\n\n<p>Na It\u00e1lia, por exemplo, o portal &#8216;Pianeta Milan&#8217; publicou uma mat\u00e9ria especial apenas para falar sobre o volante. Segundo o ve\u00edculo, Jo\u00e3o \u00e9 tido como um refor\u00e7o ideal para o Milan. Por\u00e9m, no decorrer da reportagem, a concorr\u00eancia pelo jogador tamb\u00e9m \u00e9 citada. Afinal de contas, o Real Madrid (ESP), o Manchester United (ING), o Atl\u00e9tico de Madrid (ESP) e o Lyon (FRA) tamb\u00e9m est\u00e3o interessados no jogador.<\/p>\n\n\n\n<p>A &#8216;carta na manga&#8217; do Milan, \u00e9 a sua boa rela\u00e7\u00e3o com a diretoria flamenguista. Em 2018 e 2019, o clube italiano comprou, respectivamente, Lucas Paquet\u00e1 e L\u00e9o Duarte. <\/p>\n\n\n\n<figure class=\"wp-block-image size-large\"><img decoding=\"async\" src=\"https:\/\/pbs.twimg.com\/media\/FbYc7-BWIAUKnjc?format=jpg\" alt=\"\"\/><figcaption>Manchete do portal &#8216;Pianeta Milan&#8217; diz que Jo\u00e3o Gomes \u00e9 o meio-campista ideal mas cita concorr\u00eancia<\/figcaption><\/figure>\n\n\n\n<h2 class=\"wp-block-heading\" id=\"h-proximo-jogo-do-flamengo\">Pr\u00f3ximo jogo do Flamengo <\/h2>\n\n\n\n<p>Nesta quarta-feira (31 de agosto), o time do Flamengo entrar\u00e1 em campo visando uma vaga na final da Copa Libertadores. O advers\u00e1rio do Mais Querido ser\u00e1 o V\u00e9lez, e o primeiro jogo ser\u00e1 disputado em Buenos Aires. A bola come\u00e7ar\u00e1 a rolar \u00e0s 21h30 (hor\u00e1rio de Bras\u00edlia). Sobre a segunda, e decisiva, partida, ela est\u00e1 agendada para o dia 7 de setembro. <\/p>\n","protected":false},"excerpt":{"rendered":"<p>Sem sombra de d\u00favidas, o Flamengo \u00e9 refer\u00eancia na revela\u00e7\u00e3o de jovens talentos. Nas \u00faltimas temporadas, nomes como Lucas Paquet\u00e1 e Vinicius Junior foram formados nas categorias de base do Meng\u00e3o e logo em seguida foram vendidos para o futebol da Europa. E seguindo este raciocino, Jo\u00e3o Gomes \u00e9 a bola da vez. N\u00e3o \u00e0 [&hellip;]<\/p>\n","protected":false},"author":1,"featured_media":65332,"comment_status":"open","ping_status":"closed","sticky":false,"template":"","format":"standard","meta":{"footnotes":""},"categories":[48],"tags":[],"class_list":["post-86650","post","type-post","status-publish","format-standard","has-post-thumbnail","hentry","category-negociacoes"],"yoast_head":"<!-- This site is optimized with the Yoast SEO Premium plugin v24.2 (Yoast SEO v26.9) - https:\/\/yoast.com\/product\/yoast-seo-premium-wordpress\/ -->\n<title>Jo\u00e3o Gomes, do Flamengo, \u00e9 destaque na imprensa da Europa<\/title>\n<meta name=\"robots\" content=\"index, follow, max-snippet:-1, max-image-preview:large, max-video-preview:-1\" \/>\n<link rel=\"canonical\" href=\"https:\/\/www.gaveanews.com\/index.php\/2022\/08\/30\/joao-gomes-do-flamengo-e-destaque-na-imprensa-da-europa\/\" \/>\n<meta property=\"og:locale\" content=\"pt_BR\" \/>\n<meta property=\"og:type\" content=\"article\" \/>\n<meta property=\"og:title\" content=\"Jo\u00e3o Gomes, do Flamengo, \u00e9 destaque na imprensa da Europa\" \/>\n<meta property=\"og:description\" content=\"Sem sombra de d\u00favidas, o Flamengo \u00e9 refer\u00eancia na revela\u00e7\u00e3o de jovens talentos. Nas \u00faltimas temporadas, nomes como Lucas Paquet\u00e1 e Vinicius Junior foram formados nas categorias de base do Meng\u00e3o e logo em seguida foram vendidos para o futebol da Europa. E seguindo este raciocino, Jo\u00e3o Gomes \u00e9 a bola da vez. N\u00e3o \u00e0 [&hellip;]\" \/>\n<meta property=\"og:url\" content=\"https:\/\/www.gaveanews.com\/index.php\/2022\/08\/30\/joao-gomes-do-flamengo-e-destaque-na-imprensa-da-europa\/\" \/>\n<meta property=\"og:site_name\" content=\"G\u00e1vea News\" \/>\n<meta property=\"article:publisher\" content=\"https:\/\/facebook.com\/gaveaNews\/\" \/>\n<meta property=\"article:published_time\" content=\"2022-08-30T10:05:00+00:00\" \/>\n<meta property=\"og:image\" content=\"https:\/\/www.gaveanews.com\/wp-content\/uploads\/Joao-Gomes-em-acao-pelo-Flamengo-durante-a-partida-contra-o-ABC-pela-Copa-do-Brasil-da-temporada-de-2021.webp\" \/>\n\t<meta property=\"og:image:width\" content=\"799\" \/>\n\t<meta property=\"og:image:height\" content=\"533\" \/>\n\t<meta property=\"og:image:type\" content=\"image\/jpeg\" \/>\n<meta name=\"author\" content=\"Equipe G\u00e1vea News\" \/>\n<meta name=\"twitter:card\" content=\"summary_large_image\" \/>\n<meta name=\"twitter:label1\" content=\"Escrito por\" \/>\n\t<meta name=\"twitter:data1\" content=\"Equipe G\u00e1vea News\" \/>\n\t<meta name=\"twitter:label2\" content=\"Est. tempo de leitura\" \/>\n\t<meta name=\"twitter:data2\" content=\"2 minutos\" \/>\n<script type=\"application\/ld+json\" class=\"yoast-schema-graph\">{\"@context\":\"https:\/\/schema.org\",\"@graph\":[{\"@type\":\"NewsArticle\",\"@id\":\"https:\/\/www.gaveanews.com\/index.php\/2022\/08\/30\/joao-gomes-do-flamengo-e-destaque-na-imprensa-da-europa\/#article\",\"isPartOf\":{\"@id\":\"https:\/\/www.gaveanews.com\/index.php\/2022\/08\/30\/joao-gomes-do-flamengo-e-destaque-na-imprensa-da-europa\/\"},\"author\":{\"name\":\"Equipe G\u00e1vea News\",\"@id\":\"https:\/\/www.gaveanews.com\/#\/schema\/person\/2ec14f73fb96be2caf28f91afb14749d\"},\"headline\":\"Jo\u00e3o Gomes, do Flamengo, \u00e9 destaque na imprensa da Europa\",\"datePublished\":\"2022-08-30T10:05:00+00:00\",\"mainEntityOfPage\":{\"@id\":\"https:\/\/www.gaveanews.com\/index.php\/2022\/08\/30\/joao-gomes-do-flamengo-e-destaque-na-imprensa-da-europa\/\"},\"wordCount\":276,\"commentCount\":0,\"image\":{\"@id\":\"https:\/\/www.gaveanews.com\/index.php\/2022\/08\/30\/joao-gomes-do-flamengo-e-destaque-na-imprensa-da-europa\/#primaryimage\"},\"thumbnailUrl\":\"https:\/\/www.gaveanews.com\/wp-content\/uploads\/Joao-Gomes-em-acao-pelo-Flamengo-durante-a-partida-contra-o-ABC-pela-Copa-do-Brasil-da-temporada-de-2021.webp\",\"articleSection\":[\"Negocia\u00e7\u00f5es\"],\"inLanguage\":\"pt-BR\",\"potentialAction\":[{\"@type\":\"CommentAction\",\"name\":\"Comment\",\"target\":[\"https:\/\/www.gaveanews.com\/index.php\/2022\/08\/30\/joao-gomes-do-flamengo-e-destaque-na-imprensa-da-europa\/#respond\"]}],\"copyrightYear\":\"2022\",\"copyrightHolder\":{\"@id\":\"https:\/\/www.gaveanews.com\/#organization\"}},{\"@type\":\"WebPage\",\"@id\":\"https:\/\/www.gaveanews.com\/index.php\/2022\/08\/30\/joao-gomes-do-flamengo-e-destaque-na-imprensa-da-europa\/\",\"url\":\"https:\/\/www.gaveanews.com\/index.php\/2022\/08\/30\/joao-gomes-do-flamengo-e-destaque-na-imprensa-da-europa\/\",\"name\":\"Jo\u00e3o Gomes, do Flamengo, \u00e9 destaque na imprensa da Europa\",\"isPartOf\":{\"@id\":\"https:\/\/www.gaveanews.com\/#website\"},\"primaryImageOfPage\":{\"@id\":\"https:\/\/www.gaveanews.com\/index.php\/2022\/08\/30\/joao-gomes-do-flamengo-e-destaque-na-imprensa-da-europa\/#primaryimage\"},\"image\":{\"@id\":\"https:\/\/www.gaveanews.com\/index.php\/2022\/08\/30\/joao-gomes-do-flamengo-e-destaque-na-imprensa-da-europa\/#primaryimage\"},\"thumbnailUrl\":\"https:\/\/www.gaveanews.com\/wp-content\/uploads\/Joao-Gomes-em-acao-pelo-Flamengo-durante-a-partida-contra-o-ABC-pela-Copa-do-Brasil-da-temporada-de-2021.webp\",\"datePublished\":\"2022-08-30T10:05:00+00:00\",\"author\":{\"@id\":\"https:\/\/www.gaveanews.com\/#\/schema\/person\/2ec14f73fb96be2caf28f91afb14749d\"},\"breadcrumb\":{\"@id\":\"https:\/\/www.gaveanews.com\/index.php\/2022\/08\/30\/joao-gomes-do-flamengo-e-destaque-na-imprensa-da-europa\/#breadcrumb\"},\"inLanguage\":\"pt-BR\",\"potentialAction\":[{\"@type\":\"ReadAction\",\"target\":[\"https:\/\/www.gaveanews.com\/index.php\/2022\/08\/30\/joao-gomes-do-flamengo-e-destaque-na-imprensa-da-europa\/\"]}]},{\"@type\":\"ImageObject\",\"inLanguage\":\"pt-BR\",\"@id\":\"https:\/\/www.gaveanews.com\/index.php\/2022\/08\/30\/joao-gomes-do-flamengo-e-destaque-na-imprensa-da-europa\/#primaryimage\",\"url\":\"https:\/\/www.gaveanews.com\/wp-content\/uploads\/Joao-Gomes-em-acao-pelo-Flamengo-durante-a-partida-contra-o-ABC-pela-Copa-do-Brasil-da-temporada-de-2021.webp\",\"contentUrl\":\"https:\/\/www.gaveanews.com\/wp-content\/uploads\/Joao-Gomes-em-acao-pelo-Flamengo-durante-a-partida-contra-o-ABC-pela-Copa-do-Brasil-da-temporada-de-2021.webp\",\"width\":799,\"height\":533,\"caption\":\"Jo\u00e3o Gomes em a\u00e7\u00e3o pelo Flamengo durante a partida contra o ABC pela Copa do Brasil da temporada de 2021 (Foto: Alexandre Vidal\/Flamengo)\"},{\"@type\":\"BreadcrumbList\",\"@id\":\"https:\/\/www.gaveanews.com\/index.php\/2022\/08\/30\/joao-gomes-do-flamengo-e-destaque-na-imprensa-da-europa\/#breadcrumb\",\"itemListElement\":[{\"@type\":\"ListItem\",\"position\":1,\"name\":\"Home\",\"item\":\"https:\/\/www.gaveanews.com\/\"},{\"@type\":\"ListItem\",\"position\":2,\"name\":\"Jo\u00e3o Gomes, do Flamengo, \u00e9 destaque na imprensa da Europa\"}]},{\"@type\":\"WebSite\",\"@id\":\"https:\/\/www.gaveanews.com\/#website\",\"url\":\"https:\/\/www.gaveanews.com\/\",\"name\":\"G\u00e1vea News\",\"description\":\"Veja todas as not\u00edcias sobre o Flamengo: Contrata\u00e7\u00f5es, categorias de base, resultados das partidas, tabela de classifica\u00e7\u00e3o, pr\u00f3ximos jogos!\",\"potentialAction\":[{\"@type\":\"SearchAction\",\"target\":{\"@type\":\"EntryPoint\",\"urlTemplate\":\"https:\/\/www.gaveanews.com\/?s={search_term_string}\"},\"query-input\":{\"@type\":\"PropertyValueSpecification\",\"valueRequired\":true,\"valueName\":\"search_term_string\"}}],\"inLanguage\":\"pt-BR\"},{\"@type\":\"Person\",\"@id\":\"https:\/\/www.gaveanews.com\/#\/schema\/person\/2ec14f73fb96be2caf28f91afb14749d\",\"name\":\"Equipe G\u00e1vea News\",\"image\":{\"@type\":\"ImageObject\",\"inLanguage\":\"pt-BR\",\"@id\":\"https:\/\/www.gaveanews.com\/#\/schema\/person\/image\/\",\"url\":\"https:\/\/secure.gravatar.com\/avatar\/1e1956f1facbffd3f8fa53a326721950116b3b9dc9bd44939c01180fd4a745a9?s=96&d=mm&r=g\",\"contentUrl\":\"https:\/\/secure.gravatar.com\/avatar\/1e1956f1facbffd3f8fa53a326721950116b3b9dc9bd44939c01180fd4a745a9?s=96&d=mm&r=g\",\"caption\":\"Equipe G\u00e1vea News\"}}]}<\/script>\n<!-- \/ Yoast SEO Premium plugin. -->","yoast_head_json":{"title":"Jo\u00e3o Gomes, do Flamengo, \u00e9 destaque na imprensa da Europa","robots":{"index":"index","follow":"follow","max-snippet":"max-snippet:-1","max-image-preview":"max-image-preview:large","max-video-preview":"max-video-preview:-1"},"canonical":"https:\/\/www.gaveanews.com\/index.php\/2022\/08\/30\/joao-gomes-do-flamengo-e-destaque-na-imprensa-da-europa\/","og_locale":"pt_BR","og_type":"article","og_title":"Jo\u00e3o Gomes, do Flamengo, \u00e9 destaque na imprensa da Europa","og_description":"Sem sombra de d\u00favidas, o Flamengo \u00e9 refer\u00eancia na revela\u00e7\u00e3o de jovens talentos. Nas \u00faltimas temporadas, nomes como Lucas Paquet\u00e1 e Vinicius Junior foram formados nas categorias de base do Meng\u00e3o e logo em seguida foram vendidos para o futebol da Europa. E seguindo este raciocino, Jo\u00e3o Gomes \u00e9 a bola da vez. N\u00e3o \u00e0 [&hellip;]","og_url":"https:\/\/www.gaveanews.com\/index.php\/2022\/08\/30\/joao-gomes-do-flamengo-e-destaque-na-imprensa-da-europa\/","og_site_name":"G\u00e1vea News","article_publisher":"https:\/\/facebook.com\/gaveaNews\/","article_published_time":"2022-08-30T10:05:00+00:00","og_image":[{"width":799,"height":533,"url":"https:\/\/www.gaveanews.com\/wp-content\/uploads\/Joao-Gomes-em-acao-pelo-Flamengo-durante-a-partida-contra-o-ABC-pela-Copa-do-Brasil-da-temporada-de-2021.webp","type":"image\/jpeg"}],"author":"Equipe G\u00e1vea News","twitter_card":"summary_large_image","twitter_misc":{"Escrito por":"Equipe G\u00e1vea News","Est. tempo de leitura":"2 minutos"},"schema":{"@context":"https:\/\/schema.org","@graph":[{"@type":"NewsArticle","@id":"https:\/\/www.gaveanews.com\/index.php\/2022\/08\/30\/joao-gomes-do-flamengo-e-destaque-na-imprensa-da-europa\/#article","isPartOf":{"@id":"https:\/\/www.gaveanews.com\/index.php\/2022\/08\/30\/joao-gomes-do-flamengo-e-destaque-na-imprensa-da-europa\/"},"author":{"name":"Equipe G\u00e1vea News","@id":"https:\/\/www.gaveanews.com\/#\/schema\/person\/2ec14f73fb96be2caf28f91afb14749d"},"headline":"Jo\u00e3o Gomes, do Flamengo, \u00e9 destaque na imprensa da Europa","datePublished":"2022-08-30T10:05:00+00:00","mainEntityOfPage":{"@id":"https:\/\/www.gaveanews.com\/index.php\/2022\/08\/30\/joao-gomes-do-flamengo-e-destaque-na-imprensa-da-europa\/"},"wordCount":276,"commentCount":0,"image":{"@id":"https:\/\/www.gaveanews.com\/index.php\/2022\/08\/30\/joao-gomes-do-flamengo-e-destaque-na-imprensa-da-europa\/#primaryimage"},"thumbnailUrl":"https:\/\/www.gaveanews.com\/wp-content\/uploads\/Joao-Gomes-em-acao-pelo-Flamengo-durante-a-partida-contra-o-ABC-pela-Copa-do-Brasil-da-temporada-de-2021.webp","articleSection":["Negocia\u00e7\u00f5es"],"inLanguage":"pt-BR","potentialAction":[{"@type":"CommentAction","name":"Comment","target":["https:\/\/www.gaveanews.com\/index.php\/2022\/08\/30\/joao-gomes-do-flamengo-e-destaque-na-imprensa-da-europa\/#respond"]}],"copyrightYear":"2022","copyrightHolder":{"@id":"https:\/\/www.gaveanews.com\/#organization"}},{"@type":"WebPage","@id":"https:\/\/www.gaveanews.com\/index.php\/2022\/08\/30\/joao-gomes-do-flamengo-e-destaque-na-imprensa-da-europa\/","url":"https:\/\/www.gaveanews.com\/index.php\/2022\/08\/30\/joao-gomes-do-flamengo-e-destaque-na-imprensa-da-europa\/","name":"Jo\u00e3o Gomes, do Flamengo, \u00e9 destaque na imprensa da Europa","isPartOf":{"@id":"https:\/\/www.gaveanews.com\/#website"},"primaryImageOfPage":{"@id":"https:\/\/www.gaveanews.com\/index.php\/2022\/08\/30\/joao-gomes-do-flamengo-e-destaque-na-imprensa-da-europa\/#primaryimage"},"image":{"@id":"https:\/\/www.gaveanews.com\/index.php\/2022\/08\/30\/joao-gomes-do-flamengo-e-destaque-na-imprensa-da-europa\/#primaryimage"},"thumbnailUrl":"https:\/\/www.gaveanews.com\/wp-content\/uploads\/Joao-Gomes-em-acao-pelo-Flamengo-durante-a-partida-contra-o-ABC-pela-Copa-do-Brasil-da-temporada-de-2021.webp","datePublished":"2022-08-30T10:05:00+00:00","author":{"@id":"https:\/\/www.gaveanews.com\/#\/schema\/person\/2ec14f73fb96be2caf28f91afb14749d"},"breadcrumb":{"@id":"https:\/\/www.gaveanews.com\/index.php\/2022\/08\/30\/joao-gomes-do-flamengo-e-destaque-na-imprensa-da-europa\/#breadcrumb"},"inLanguage":"pt-BR","potentialAction":[{"@type":"ReadAction","target":["https:\/\/www.gaveanews.com\/index.php\/2022\/08\/30\/joao-gomes-do-flamengo-e-destaque-na-imprensa-da-europa\/"]}]},{"@type":"ImageObject","inLanguage":"pt-BR","@id":"https:\/\/www.gaveanews.com\/index.php\/2022\/08\/30\/joao-gomes-do-flamengo-e-destaque-na-imprensa-da-europa\/#primaryimage","url":"https:\/\/www.gaveanews.com\/wp-content\/uploads\/Joao-Gomes-em-acao-pelo-Flamengo-durante-a-partida-contra-o-ABC-pela-Copa-do-Brasil-da-temporada-de-2021.webp","contentUrl":"https:\/\/www.gaveanews.com\/wp-content\/uploads\/Joao-Gomes-em-acao-pelo-Flamengo-durante-a-partida-contra-o-ABC-pela-Copa-do-Brasil-da-temporada-de-2021.webp","width":799,"height":533,"caption":"Jo\u00e3o Gomes em a\u00e7\u00e3o pelo Flamengo durante a partida contra o ABC pela Copa do Brasil da temporada de 2021 (Foto: Alexandre Vidal\/Flamengo)"},{"@type":"BreadcrumbList","@id":"https:\/\/www.gaveanews.com\/index.php\/2022\/08\/30\/joao-gomes-do-flamengo-e-destaque-na-imprensa-da-europa\/#breadcrumb","itemListElement":[{"@type":"ListItem","position":1,"name":"Home","item":"https:\/\/www.gaveanews.com\/"},{"@type":"ListItem","position":2,"name":"Jo\u00e3o Gomes, do Flamengo, \u00e9 destaque na imprensa da Europa"}]},{"@type":"WebSite","@id":"https:\/\/www.gaveanews.com\/#website","url":"https:\/\/www.gaveanews.com\/","name":"G\u00e1vea News","description":"Veja todas as not\u00edcias sobre o Flamengo: Contrata\u00e7\u00f5es, categorias de base, resultados das partidas, tabela de classifica\u00e7\u00e3o, pr\u00f3ximos jogos!","potentialAction":[{"@type":"SearchAction","target":{"@type":"EntryPoint","urlTemplate":"https:\/\/www.gaveanews.com\/?s={search_term_string}"},"query-input":{"@type":"PropertyValueSpecification","valueRequired":true,"valueName":"search_term_string"}}],"inLanguage":"pt-BR"},{"@type":"Person","@id":"https:\/\/www.gaveanews.com\/#\/schema\/person\/2ec14f73fb96be2caf28f91afb14749d","name":"Equipe G\u00e1vea News","image":{"@type":"ImageObject","inLanguage":"pt-BR","@id":"https:\/\/www.gaveanews.com\/#\/schema\/person\/image\/","url":"https:\/\/secure.gravatar.com\/avatar\/1e1956f1facbffd3f8fa53a326721950116b3b9dc9bd44939c01180fd4a745a9?s=96&d=mm&r=g","contentUrl":"https:\/\/secure.gravatar.com\/avatar\/1e1956f1facbffd3f8fa53a326721950116b3b9dc9bd44939c01180fd4a745a9?s=96&d=mm&r=g","caption":"Equipe G\u00e1vea News"}}]}},"_links":{"self":[{"href":"https:\/\/www.gaveanews.com\/index.php\/wp-json\/wp\/v2\/posts\/86650","targetHints":{"allow":["GET"]}}],"collection":[{"href":"https:\/\/www.gaveanews.com\/index.php\/wp-json\/wp\/v2\/posts"}],"about":[{"href":"https:\/\/www.gaveanews.com\/index.php\/wp-json\/wp\/v2\/types\/post"}],"author":[{"embeddable":true,"href":"https:\/\/www.gaveanews.com\/index.php\/wp-json\/wp\/v2\/users\/1"}],"replies":[{"embeddable":true,"href":"https:\/\/www.gaveanews.com\/index.php\/wp-json\/wp\/v2\/comments?post=86650"}],"version-history":[{"count":0,"href":"https:\/\/www.gaveanews.com\/index.php\/wp-json\/wp\/v2\/posts\/86650\/revisions"}],"wp:featuredmedia":[{"embeddable":true,"href":"https:\/\/www.gaveanews.com\/index.php\/wp-json\/wp\/v2\/media\/65332"}],"wp:attachment":[{"href":"https:\/\/www.gaveanews.com\/index.php\/wp-json\/wp\/v2\/media?parent=86650"}],"wp:term":[{"taxonomy":"category","embeddable":true,"href":"https:\/\/www.gaveanews.com\/index.php\/wp-json\/wp\/v2\/categories?post=86650"},{"taxonomy":"post_tag","embeddable":true,"href":"https:\/\/www.gaveanews.com\/index.php\/wp-json\/wp\/v2\/tags?post=86650"}],"curies":[{"name":"wp","href":"https:\/\/api.w.org\/{rel}","templated":true}]}}