{"id":86654,"date":"2022-08-30T07:55:51","date_gmt":"2022-08-30T10:55:51","guid":{"rendered":"https:\/\/www.gaveanews.com\/?p=86654"},"modified":"2022-08-30T07:55:54","modified_gmt":"2022-08-30T10:55:54","slug":"ex-jogador-argentino-exalta-a-grandeza-do-flamengo-voces-nao-tem-a-dimensao","status":"publish","type":"post","link":"https:\/\/www.gaveanews.com\/index.php\/2022\/08\/30\/ex-jogador-argentino-exalta-a-grandeza-do-flamengo-voces-nao-tem-a-dimensao\/","title":{"rendered":"Ex-jogador argentino exalta a grandeza do Flamengo: &#8220;Voc\u00eas n\u00e3o tem a dimens\u00e3o&#8221;"},"content":{"rendered":"\n<p>Conhecido mundialmente pela qualidade t\u00e9cnica de seus jogadores e pela grandeza de sua torcida, o Flamengo \u00e9 um dos clubes mais tradicionais do Brasil. Por conta de suas propor\u00e7\u00f5es, diversos jogadores, brasileiros ou n\u00e3o, citam em entrevistas o desejo e a satisfa\u00e7\u00e3o por um dia defender o Manto Sagrado.<\/p>\n\n\n\n<p>Uma das pessoas que j\u00e1 teve a oportunidade de atuar pelo clube e receber o carinho da torcida no Maracan\u00e3 \u00e9 o argentino Alejandro Mancuso. Em participa\u00e7\u00e3o no <em>ESPN FC<\/em>, o ex-jogador contou que teve problemas na \u00e9poca em que jogou no clube, mas nada se compara \u00e0 emo\u00e7\u00e3o de entrar em campo no Maraca sob o apoio da Na\u00e7\u00e3o.<\/p>\n\n\n\n<p><em>\u2014 Quando voc\u00ea coloca essa camisa do\u00a0Flamengo\u2026 \u00e9 uma camisa muito forte, do n\u00edvel de Sele\u00e7\u00e3o Brasileira. Para mim era muito importante. N\u00e3o recebia em dia, tinha muita dificuldade, mas jogar no Maracan\u00e3 e colocar a camisa do\u00a0Flamengo, para mim, foi sensacional. A melhor coisa que aconteceu na minha carreira. N\u00e3o sei se voc\u00eas t\u00eam a dimens\u00e3o do que o\u00a0Flamengo, no mundo, representa.<\/em><\/p>\n\n\n\n<p>O atleta atuou como volante e defendeu o Mais Querido entre 1996 e 1997. E at\u00e9 hoje o clube da G\u00e1vea atrai jogadores estrangeiros, que desejam ter a oportunidade de sentir a emo\u00e7\u00e3o da Na\u00e7\u00e3o no Maracan\u00e3.<\/p>\n\n\n\n<p>Do atual elenco, Vidal \u00e9 o principal exemplo disto. O chileno nunca escondeu seu sonho em jogar no Meng\u00e3o e se declara torcedor do clube. Al\u00e9m dele, o Fla hoje conta com outros tr\u00eas atletas estrangeiros, todos eles a n\u00edvel de sele\u00e7\u00e3o. <\/p>\n\n\n\n<p>O mais experiente na atual equipe \u00e9 Arrascaeta, \u00eddolo da torcida rubro-negra e anfitri\u00e3o do clube para o compatriota Guilhermo Varela e os demais rec\u00e9m-chegados Vidal e Erick Pulgar, que fazem a dupla de volantes na Sele\u00e7\u00e3o Chilena.<\/p>\n","protected":false},"excerpt":{"rendered":"<p>Conhecido mundialmente pela qualidade t\u00e9cnica de seus jogadores e pela grandeza de sua torcida, o Flamengo \u00e9 um dos clubes mais tradicionais do Brasil. Por conta de suas propor\u00e7\u00f5es, diversos jogadores, brasileiros ou n\u00e3o, citam em entrevistas o desejo e a satisfa\u00e7\u00e3o por um dia defender o Manto Sagrado. Uma das pessoas que j\u00e1 teve [&hellip;]<\/p>\n","protected":false},"author":4,"featured_media":84753,"comment_status":"open","ping_status":"closed","sticky":false,"template":"","format":"standard","meta":{"footnotes":""},"categories":[1],"tags":[],"class_list":["post-86654","post","type-post","status-publish","format-standard","has-post-thumbnail","hentry","category-flamengo"],"yoast_head":"<!-- This site is optimized with the Yoast SEO Premium plugin v24.2 (Yoast SEO v26.9) - https:\/\/yoast.com\/product\/yoast-seo-premium-wordpress\/ -->\n<title>Ex-jogador argentino exalta a grandeza do Flamengo: &quot;Voc\u00eas n\u00e3o tem a dimens\u00e3o&quot;<\/title>\n<meta name=\"robots\" content=\"index, follow, max-snippet:-1, max-image-preview:large, max-video-preview:-1\" \/>\n<link rel=\"canonical\" href=\"https:\/\/www.gaveanews.com\/index.php\/2022\/08\/30\/ex-jogador-argentino-exalta-a-grandeza-do-flamengo-voces-nao-tem-a-dimensao\/\" \/>\n<meta property=\"og:locale\" content=\"pt_BR\" \/>\n<meta property=\"og:type\" content=\"article\" \/>\n<meta property=\"og:title\" content=\"Ex-jogador argentino exalta a grandeza do Flamengo: &quot;Voc\u00eas n\u00e3o tem a dimens\u00e3o&quot;\" \/>\n<meta property=\"og:description\" content=\"Conhecido mundialmente pela qualidade t\u00e9cnica de seus jogadores e pela grandeza de sua torcida, o Flamengo \u00e9 um dos clubes mais tradicionais do Brasil. Por conta de suas propor\u00e7\u00f5es, diversos jogadores, brasileiros ou n\u00e3o, citam em entrevistas o desejo e a satisfa\u00e7\u00e3o por um dia defender o Manto Sagrado. Uma das pessoas que j\u00e1 teve [&hellip;]\" \/>\n<meta property=\"og:url\" content=\"https:\/\/www.gaveanews.com\/index.php\/2022\/08\/30\/ex-jogador-argentino-exalta-a-grandeza-do-flamengo-voces-nao-tem-a-dimensao\/\" \/>\n<meta property=\"og:site_name\" content=\"G\u00e1vea News\" \/>\n<meta property=\"article:publisher\" content=\"https:\/\/facebook.com\/gaveaNews\/\" \/>\n<meta property=\"article:published_time\" content=\"2022-08-30T10:55:51+00:00\" \/>\n<meta property=\"article:modified_time\" content=\"2022-08-30T10:55:54+00:00\" \/>\n<meta property=\"og:image\" content=\"https:\/\/www.gaveanews.com\/wp-content\/uploads\/Interior-do-Maracana-antes-de-Flamengo-x-Atletico-MG-pela-Copa-do-Brasil.webp\" \/>\n\t<meta property=\"og:image:width\" content=\"800\" \/>\n\t<meta property=\"og:image:height\" content=\"532\" \/>\n\t<meta property=\"og:image:type\" content=\"image\/jpeg\" \/>\n<meta name=\"author\" content=\"Let\u00edcia Gerheim\" \/>\n<meta name=\"twitter:card\" content=\"summary_large_image\" \/>\n<meta name=\"twitter:label1\" content=\"Escrito por\" \/>\n\t<meta name=\"twitter:data1\" content=\"Let\u00edcia Gerheim\" \/>\n\t<meta name=\"twitter:label2\" content=\"Est. tempo de leitura\" \/>\n\t<meta name=\"twitter:data2\" content=\"2 minutos\" \/>\n<script type=\"application\/ld+json\" class=\"yoast-schema-graph\">{\"@context\":\"https:\/\/schema.org\",\"@graph\":[{\"@type\":\"NewsArticle\",\"@id\":\"https:\/\/www.gaveanews.com\/index.php\/2022\/08\/30\/ex-jogador-argentino-exalta-a-grandeza-do-flamengo-voces-nao-tem-a-dimensao\/#article\",\"isPartOf\":{\"@id\":\"https:\/\/www.gaveanews.com\/index.php\/2022\/08\/30\/ex-jogador-argentino-exalta-a-grandeza-do-flamengo-voces-nao-tem-a-dimensao\/\"},\"author\":{\"name\":\"Let\u00edcia Gerheim\",\"@id\":\"https:\/\/www.gaveanews.com\/#\/schema\/person\/714c67050b836198af2450ba1c142a67\"},\"headline\":\"Ex-jogador argentino exalta a grandeza do Flamengo: &#8220;Voc\u00eas n\u00e3o tem a dimens\u00e3o&#8221;\",\"datePublished\":\"2022-08-30T10:55:51+00:00\",\"dateModified\":\"2022-08-30T10:55:54+00:00\",\"mainEntityOfPage\":{\"@id\":\"https:\/\/www.gaveanews.com\/index.php\/2022\/08\/30\/ex-jogador-argentino-exalta-a-grandeza-do-flamengo-voces-nao-tem-a-dimensao\/\"},\"wordCount\":323,\"commentCount\":0,\"image\":{\"@id\":\"https:\/\/www.gaveanews.com\/index.php\/2022\/08\/30\/ex-jogador-argentino-exalta-a-grandeza-do-flamengo-voces-nao-tem-a-dimensao\/#primaryimage\"},\"thumbnailUrl\":\"https:\/\/www.gaveanews.com\/wp-content\/uploads\/Interior-do-Maracana-antes-de-Flamengo-x-Atletico-MG-pela-Copa-do-Brasil.webp\",\"articleSection\":[\"Flamengo\"],\"inLanguage\":\"pt-BR\",\"potentialAction\":[{\"@type\":\"CommentAction\",\"name\":\"Comment\",\"target\":[\"https:\/\/www.gaveanews.com\/index.php\/2022\/08\/30\/ex-jogador-argentino-exalta-a-grandeza-do-flamengo-voces-nao-tem-a-dimensao\/#respond\"]}],\"copyrightYear\":\"2022\",\"copyrightHolder\":{\"@id\":\"https:\/\/www.gaveanews.com\/#organization\"}},{\"@type\":\"WebPage\",\"@id\":\"https:\/\/www.gaveanews.com\/index.php\/2022\/08\/30\/ex-jogador-argentino-exalta-a-grandeza-do-flamengo-voces-nao-tem-a-dimensao\/\",\"url\":\"https:\/\/www.gaveanews.com\/index.php\/2022\/08\/30\/ex-jogador-argentino-exalta-a-grandeza-do-flamengo-voces-nao-tem-a-dimensao\/\",\"name\":\"Ex-jogador argentino exalta a grandeza do Flamengo: \\\"Voc\u00eas n\u00e3o tem a dimens\u00e3o\\\"\",\"isPartOf\":{\"@id\":\"https:\/\/www.gaveanews.com\/#website\"},\"primaryImageOfPage\":{\"@id\":\"https:\/\/www.gaveanews.com\/index.php\/2022\/08\/30\/ex-jogador-argentino-exalta-a-grandeza-do-flamengo-voces-nao-tem-a-dimensao\/#primaryimage\"},\"image\":{\"@id\":\"https:\/\/www.gaveanews.com\/index.php\/2022\/08\/30\/ex-jogador-argentino-exalta-a-grandeza-do-flamengo-voces-nao-tem-a-dimensao\/#primaryimage\"},\"thumbnailUrl\":\"https:\/\/www.gaveanews.com\/wp-content\/uploads\/Interior-do-Maracana-antes-de-Flamengo-x-Atletico-MG-pela-Copa-do-Brasil.webp\",\"datePublished\":\"2022-08-30T10:55:51+00:00\",\"dateModified\":\"2022-08-30T10:55:54+00:00\",\"author\":{\"@id\":\"https:\/\/www.gaveanews.com\/#\/schema\/person\/714c67050b836198af2450ba1c142a67\"},\"breadcrumb\":{\"@id\":\"https:\/\/www.gaveanews.com\/index.php\/2022\/08\/30\/ex-jogador-argentino-exalta-a-grandeza-do-flamengo-voces-nao-tem-a-dimensao\/#breadcrumb\"},\"inLanguage\":\"pt-BR\",\"potentialAction\":[{\"@type\":\"ReadAction\",\"target\":[\"https:\/\/www.gaveanews.com\/index.php\/2022\/08\/30\/ex-jogador-argentino-exalta-a-grandeza-do-flamengo-voces-nao-tem-a-dimensao\/\"]}]},{\"@type\":\"ImageObject\",\"inLanguage\":\"pt-BR\",\"@id\":\"https:\/\/www.gaveanews.com\/index.php\/2022\/08\/30\/ex-jogador-argentino-exalta-a-grandeza-do-flamengo-voces-nao-tem-a-dimensao\/#primaryimage\",\"url\":\"https:\/\/www.gaveanews.com\/wp-content\/uploads\/Interior-do-Maracana-antes-de-Flamengo-x-Atletico-MG-pela-Copa-do-Brasil.webp\",\"contentUrl\":\"https:\/\/www.gaveanews.com\/wp-content\/uploads\/Interior-do-Maracana-antes-de-Flamengo-x-Atletico-MG-pela-Copa-do-Brasil.webp\",\"width\":800,\"height\":532,\"caption\":\"Interior do Maracan\u00e3 antes de Flamengo x Atl\u00e9tico-MG pela Copa do Brasil (Foto: Paula Reis\/Flamengo)\"},{\"@type\":\"BreadcrumbList\",\"@id\":\"https:\/\/www.gaveanews.com\/index.php\/2022\/08\/30\/ex-jogador-argentino-exalta-a-grandeza-do-flamengo-voces-nao-tem-a-dimensao\/#breadcrumb\",\"itemListElement\":[{\"@type\":\"ListItem\",\"position\":1,\"name\":\"Home\",\"item\":\"https:\/\/www.gaveanews.com\/\"},{\"@type\":\"ListItem\",\"position\":2,\"name\":\"Ex-jogador argentino exalta a grandeza do Flamengo: &#8220;Voc\u00eas n\u00e3o tem a dimens\u00e3o&#8221;\"}]},{\"@type\":\"WebSite\",\"@id\":\"https:\/\/www.gaveanews.com\/#website\",\"url\":\"https:\/\/www.gaveanews.com\/\",\"name\":\"G\u00e1vea News\",\"description\":\"Veja todas as not\u00edcias sobre o Flamengo: Contrata\u00e7\u00f5es, categorias de base, resultados das partidas, tabela de classifica\u00e7\u00e3o, pr\u00f3ximos jogos!\",\"potentialAction\":[{\"@type\":\"SearchAction\",\"target\":{\"@type\":\"EntryPoint\",\"urlTemplate\":\"https:\/\/www.gaveanews.com\/?s={search_term_string}\"},\"query-input\":{\"@type\":\"PropertyValueSpecification\",\"valueRequired\":true,\"valueName\":\"search_term_string\"}}],\"inLanguage\":\"pt-BR\"},{\"@type\":\"Person\",\"@id\":\"https:\/\/www.gaveanews.com\/#\/schema\/person\/714c67050b836198af2450ba1c142a67\",\"name\":\"Let\u00edcia Gerheim\",\"image\":{\"@type\":\"ImageObject\",\"inLanguage\":\"pt-BR\",\"@id\":\"https:\/\/www.gaveanews.com\/#\/schema\/person\/image\/\",\"url\":\"https:\/\/secure.gravatar.com\/avatar\/60734739c50fcebfbac509e2a826ccd0ff405c019bc73aab9354f19ecad1dcb4?s=96&d=mm&r=g\",\"contentUrl\":\"https:\/\/secure.gravatar.com\/avatar\/60734739c50fcebfbac509e2a826ccd0ff405c019bc73aab9354f19ecad1dcb4?s=96&d=mm&r=g\",\"caption\":\"Let\u00edcia Gerheim\"}}]}<\/script>\n<!-- \/ Yoast SEO Premium plugin. -->","yoast_head_json":{"title":"Ex-jogador argentino exalta a grandeza do Flamengo: \"Voc\u00eas n\u00e3o tem a dimens\u00e3o\"","robots":{"index":"index","follow":"follow","max-snippet":"max-snippet:-1","max-image-preview":"max-image-preview:large","max-video-preview":"max-video-preview:-1"},"canonical":"https:\/\/www.gaveanews.com\/index.php\/2022\/08\/30\/ex-jogador-argentino-exalta-a-grandeza-do-flamengo-voces-nao-tem-a-dimensao\/","og_locale":"pt_BR","og_type":"article","og_title":"Ex-jogador argentino exalta a grandeza do Flamengo: \"Voc\u00eas n\u00e3o tem a dimens\u00e3o\"","og_description":"Conhecido mundialmente pela qualidade t\u00e9cnica de seus jogadores e pela grandeza de sua torcida, o Flamengo \u00e9 um dos clubes mais tradicionais do Brasil. Por conta de suas propor\u00e7\u00f5es, diversos jogadores, brasileiros ou n\u00e3o, citam em entrevistas o desejo e a satisfa\u00e7\u00e3o por um dia defender o Manto Sagrado. Uma das pessoas que j\u00e1 teve [&hellip;]","og_url":"https:\/\/www.gaveanews.com\/index.php\/2022\/08\/30\/ex-jogador-argentino-exalta-a-grandeza-do-flamengo-voces-nao-tem-a-dimensao\/","og_site_name":"G\u00e1vea News","article_publisher":"https:\/\/facebook.com\/gaveaNews\/","article_published_time":"2022-08-30T10:55:51+00:00","article_modified_time":"2022-08-30T10:55:54+00:00","og_image":[{"width":800,"height":532,"url":"https:\/\/www.gaveanews.com\/wp-content\/uploads\/Interior-do-Maracana-antes-de-Flamengo-x-Atletico-MG-pela-Copa-do-Brasil.webp","type":"image\/jpeg"}],"author":"Let\u00edcia Gerheim","twitter_card":"summary_large_image","twitter_misc":{"Escrito por":"Let\u00edcia Gerheim","Est. tempo de leitura":"2 minutos"},"schema":{"@context":"https:\/\/schema.org","@graph":[{"@type":"NewsArticle","@id":"https:\/\/www.gaveanews.com\/index.php\/2022\/08\/30\/ex-jogador-argentino-exalta-a-grandeza-do-flamengo-voces-nao-tem-a-dimensao\/#article","isPartOf":{"@id":"https:\/\/www.gaveanews.com\/index.php\/2022\/08\/30\/ex-jogador-argentino-exalta-a-grandeza-do-flamengo-voces-nao-tem-a-dimensao\/"},"author":{"name":"Let\u00edcia Gerheim","@id":"https:\/\/www.gaveanews.com\/#\/schema\/person\/714c67050b836198af2450ba1c142a67"},"headline":"Ex-jogador argentino exalta a grandeza do Flamengo: &#8220;Voc\u00eas n\u00e3o tem a dimens\u00e3o&#8221;","datePublished":"2022-08-30T10:55:51+00:00","dateModified":"2022-08-30T10:55:54+00:00","mainEntityOfPage":{"@id":"https:\/\/www.gaveanews.com\/index.php\/2022\/08\/30\/ex-jogador-argentino-exalta-a-grandeza-do-flamengo-voces-nao-tem-a-dimensao\/"},"wordCount":323,"commentCount":0,"image":{"@id":"https:\/\/www.gaveanews.com\/index.php\/2022\/08\/30\/ex-jogador-argentino-exalta-a-grandeza-do-flamengo-voces-nao-tem-a-dimensao\/#primaryimage"},"thumbnailUrl":"https:\/\/www.gaveanews.com\/wp-content\/uploads\/Interior-do-Maracana-antes-de-Flamengo-x-Atletico-MG-pela-Copa-do-Brasil.webp","articleSection":["Flamengo"],"inLanguage":"pt-BR","potentialAction":[{"@type":"CommentAction","name":"Comment","target":["https:\/\/www.gaveanews.com\/index.php\/2022\/08\/30\/ex-jogador-argentino-exalta-a-grandeza-do-flamengo-voces-nao-tem-a-dimensao\/#respond"]}],"copyrightYear":"2022","copyrightHolder":{"@id":"https:\/\/www.gaveanews.com\/#organization"}},{"@type":"WebPage","@id":"https:\/\/www.gaveanews.com\/index.php\/2022\/08\/30\/ex-jogador-argentino-exalta-a-grandeza-do-flamengo-voces-nao-tem-a-dimensao\/","url":"https:\/\/www.gaveanews.com\/index.php\/2022\/08\/30\/ex-jogador-argentino-exalta-a-grandeza-do-flamengo-voces-nao-tem-a-dimensao\/","name":"Ex-jogador argentino exalta a grandeza do Flamengo: \"Voc\u00eas n\u00e3o tem a dimens\u00e3o\"","isPartOf":{"@id":"https:\/\/www.gaveanews.com\/#website"},"primaryImageOfPage":{"@id":"https:\/\/www.gaveanews.com\/index.php\/2022\/08\/30\/ex-jogador-argentino-exalta-a-grandeza-do-flamengo-voces-nao-tem-a-dimensao\/#primaryimage"},"image":{"@id":"https:\/\/www.gaveanews.com\/index.php\/2022\/08\/30\/ex-jogador-argentino-exalta-a-grandeza-do-flamengo-voces-nao-tem-a-dimensao\/#primaryimage"},"thumbnailUrl":"https:\/\/www.gaveanews.com\/wp-content\/uploads\/Interior-do-Maracana-antes-de-Flamengo-x-Atletico-MG-pela-Copa-do-Brasil.webp","datePublished":"2022-08-30T10:55:51+00:00","dateModified":"2022-08-30T10:55:54+00:00","author":{"@id":"https:\/\/www.gaveanews.com\/#\/schema\/person\/714c67050b836198af2450ba1c142a67"},"breadcrumb":{"@id":"https:\/\/www.gaveanews.com\/index.php\/2022\/08\/30\/ex-jogador-argentino-exalta-a-grandeza-do-flamengo-voces-nao-tem-a-dimensao\/#breadcrumb"},"inLanguage":"pt-BR","potentialAction":[{"@type":"ReadAction","target":["https:\/\/www.gaveanews.com\/index.php\/2022\/08\/30\/ex-jogador-argentino-exalta-a-grandeza-do-flamengo-voces-nao-tem-a-dimensao\/"]}]},{"@type":"ImageObject","inLanguage":"pt-BR","@id":"https:\/\/www.gaveanews.com\/index.php\/2022\/08\/30\/ex-jogador-argentino-exalta-a-grandeza-do-flamengo-voces-nao-tem-a-dimensao\/#primaryimage","url":"https:\/\/www.gaveanews.com\/wp-content\/uploads\/Interior-do-Maracana-antes-de-Flamengo-x-Atletico-MG-pela-Copa-do-Brasil.webp","contentUrl":"https:\/\/www.gaveanews.com\/wp-content\/uploads\/Interior-do-Maracana-antes-de-Flamengo-x-Atletico-MG-pela-Copa-do-Brasil.webp","width":800,"height":532,"caption":"Interior do Maracan\u00e3 antes de Flamengo x Atl\u00e9tico-MG pela Copa do Brasil (Foto: Paula Reis\/Flamengo)"},{"@type":"BreadcrumbList","@id":"https:\/\/www.gaveanews.com\/index.php\/2022\/08\/30\/ex-jogador-argentino-exalta-a-grandeza-do-flamengo-voces-nao-tem-a-dimensao\/#breadcrumb","itemListElement":[{"@type":"ListItem","position":1,"name":"Home","item":"https:\/\/www.gaveanews.com\/"},{"@type":"ListItem","position":2,"name":"Ex-jogador argentino exalta a grandeza do Flamengo: &#8220;Voc\u00eas n\u00e3o tem a dimens\u00e3o&#8221;"}]},{"@type":"WebSite","@id":"https:\/\/www.gaveanews.com\/#website","url":"https:\/\/www.gaveanews.com\/","name":"G\u00e1vea News","description":"Veja todas as not\u00edcias sobre o Flamengo: Contrata\u00e7\u00f5es, categorias de base, resultados das partidas, tabela de classifica\u00e7\u00e3o, pr\u00f3ximos jogos!","potentialAction":[{"@type":"SearchAction","target":{"@type":"EntryPoint","urlTemplate":"https:\/\/www.gaveanews.com\/?s={search_term_string}"},"query-input":{"@type":"PropertyValueSpecification","valueRequired":true,"valueName":"search_term_string"}}],"inLanguage":"pt-BR"},{"@type":"Person","@id":"https:\/\/www.gaveanews.com\/#\/schema\/person\/714c67050b836198af2450ba1c142a67","name":"Let\u00edcia Gerheim","image":{"@type":"ImageObject","inLanguage":"pt-BR","@id":"https:\/\/www.gaveanews.com\/#\/schema\/person\/image\/","url":"https:\/\/secure.gravatar.com\/avatar\/60734739c50fcebfbac509e2a826ccd0ff405c019bc73aab9354f19ecad1dcb4?s=96&d=mm&r=g","contentUrl":"https:\/\/secure.gravatar.com\/avatar\/60734739c50fcebfbac509e2a826ccd0ff405c019bc73aab9354f19ecad1dcb4?s=96&d=mm&r=g","caption":"Let\u00edcia Gerheim"}}]}},"_links":{"self":[{"href":"https:\/\/www.gaveanews.com\/index.php\/wp-json\/wp\/v2\/posts\/86654","targetHints":{"allow":["GET"]}}],"collection":[{"href":"https:\/\/www.gaveanews.com\/index.php\/wp-json\/wp\/v2\/posts"}],"about":[{"href":"https:\/\/www.gaveanews.com\/index.php\/wp-json\/wp\/v2\/types\/post"}],"author":[{"embeddable":true,"href":"https:\/\/www.gaveanews.com\/index.php\/wp-json\/wp\/v2\/users\/4"}],"replies":[{"embeddable":true,"href":"https:\/\/www.gaveanews.com\/index.php\/wp-json\/wp\/v2\/comments?post=86654"}],"version-history":[{"count":0,"href":"https:\/\/www.gaveanews.com\/index.php\/wp-json\/wp\/v2\/posts\/86654\/revisions"}],"wp:featuredmedia":[{"embeddable":true,"href":"https:\/\/www.gaveanews.com\/index.php\/wp-json\/wp\/v2\/media\/84753"}],"wp:attachment":[{"href":"https:\/\/www.gaveanews.com\/index.php\/wp-json\/wp\/v2\/media?parent=86654"}],"wp:term":[{"taxonomy":"category","embeddable":true,"href":"https:\/\/www.gaveanews.com\/index.php\/wp-json\/wp\/v2\/categories?post=86654"},{"taxonomy":"post_tag","embeddable":true,"href":"https:\/\/www.gaveanews.com\/index.php\/wp-json\/wp\/v2\/tags?post=86654"}],"curies":[{"name":"wp","href":"https:\/\/api.w.org\/{rel}","templated":true}]}}