{"id":86713,"date":"2022-08-31T00:15:00","date_gmt":"2022-08-31T03:15:00","guid":{"rendered":"https:\/\/www.gaveanews.com\/?p=86713"},"modified":"2022-08-31T00:04:50","modified_gmt":"2022-08-31T03:04:50","slug":"alem-de-lazaro-joao-gomes-e-victor-hugo-jornalista-aponta-mais-um-jogador-do-flamengo-que-pode-se-transferir-para-a-europa","status":"publish","type":"post","link":"https:\/\/www.gaveanews.com\/index.php\/2022\/08\/31\/alem-de-lazaro-joao-gomes-e-victor-hugo-jornalista-aponta-mais-um-jogador-do-flamengo-que-pode-se-transferir-para-a-europa\/","title":{"rendered":"Al\u00e9m de L\u00e1zaro, Jo\u00e3o Gomes e Victor Hugo, jornalista aponta mais um jogador do Flamengo que pode se transferir para a Europa"},"content":{"rendered":"\n<p>Os nomes de L\u00e1zaro, Jo\u00e3o Gomes e Victor Hugo foram bastante citados como poss\u00edveis jovens jogadores do Flamengo que poderiam deixar o clube carioca rumo ao futebol europeu, nesta janela de transfer\u00eancias. No entanto, de acordo com jornalista italiano Fabrizio Romano, especializado em transfer\u00eancia, outro atleta rubro-negro pode ser uma surpresa e deixar o clube carioca em breve: Matheuzinho.<\/p>\n\n\n\n<p><em>\u2014 Ele \u00e9 um dos meus talentos favoritos. Ele poderia se mudar para o futebol europeu. Talvez para a Bundesliga, antes do final da janela. Nunca \u00e9 f\u00e1cil completar transfer\u00eancias sul-americanas para clubes europeus em dois ou tr\u00eas dias. Ent\u00e3o vamos ver se eles t\u00eam tempo suficiente para completar a mudan\u00e7a agora ou talvez em janeiro. Matheus pode ser o pr\u00f3ximo a sair do Flamengo para um importante clube europeu<\/em>, afirmou em entrevista ao site Wettfreunde.<\/p>\n\n\n\n<p>Matheuzinho, de 21 anos, tem contrato com o Flamengo at\u00e9 2026. Atualmente, ele vem sendo op\u00e7\u00e3o no banco para Rodinei. No entanto, com a chegada de Guilhermo Varela, a tend\u00eancia \u00e9 que o jovem perca ainda mais espa\u00e7o. Na temporada atual, o lateral-direito atuou em 35 partidas, fez um gol e deu quatro assist\u00eancias.<\/p>\n\n\n\n<p>Retirado de: O Dia<\/p>\n","protected":false},"excerpt":{"rendered":"<p>Os nomes de L\u00e1zaro, Jo\u00e3o Gomes e Victor Hugo foram bastante citados como poss\u00edveis jovens jogadores do Flamengo que poderiam deixar o clube carioca rumo ao futebol europeu, nesta janela de transfer\u00eancias. No entanto, de acordo com jornalista italiano Fabrizio Romano, especializado em transfer\u00eancia, outro atleta rubro-negro pode ser uma surpresa e deixar o clube [&hellip;]<\/p>\n","protected":false},"author":1,"featured_media":86592,"comment_status":"open","ping_status":"closed","sticky":false,"template":"","format":"standard","meta":{"footnotes":""},"categories":[48],"tags":[],"class_list":["post-86713","post","type-post","status-publish","format-standard","has-post-thumbnail","hentry","category-negociacoes"],"yoast_head":"<!-- This site is optimized with the Yoast SEO Premium plugin v24.2 (Yoast SEO v26.9) - https:\/\/yoast.com\/product\/yoast-seo-premium-wordpress\/ -->\n<title>Al\u00e9m de L\u00e1zaro, Jo\u00e3o Gomes e Victor Hugo, jornalista aponta mais um jogador do Flamengo que pode se transferir para a Europa<\/title>\n<meta name=\"robots\" content=\"index, follow, max-snippet:-1, max-image-preview:large, max-video-preview:-1\" \/>\n<link rel=\"canonical\" href=\"https:\/\/www.gaveanews.com\/index.php\/2022\/08\/31\/alem-de-lazaro-joao-gomes-e-victor-hugo-jornalista-aponta-mais-um-jogador-do-flamengo-que-pode-se-transferir-para-a-europa\/\" \/>\n<meta property=\"og:locale\" content=\"pt_BR\" \/>\n<meta property=\"og:type\" content=\"article\" \/>\n<meta property=\"og:title\" content=\"Al\u00e9m de L\u00e1zaro, Jo\u00e3o Gomes e Victor Hugo, jornalista aponta mais um jogador do Flamengo que pode se transferir para a Europa\" \/>\n<meta property=\"og:description\" content=\"Os nomes de L\u00e1zaro, Jo\u00e3o Gomes e Victor Hugo foram bastante citados como poss\u00edveis jovens jogadores do Flamengo que poderiam deixar o clube carioca rumo ao futebol europeu, nesta janela de transfer\u00eancias. No entanto, de acordo com jornalista italiano Fabrizio Romano, especializado em transfer\u00eancia, outro atleta rubro-negro pode ser uma surpresa e deixar o clube [&hellip;]\" \/>\n<meta property=\"og:url\" content=\"https:\/\/www.gaveanews.com\/index.php\/2022\/08\/31\/alem-de-lazaro-joao-gomes-e-victor-hugo-jornalista-aponta-mais-um-jogador-do-flamengo-que-pode-se-transferir-para-a-europa\/\" \/>\n<meta property=\"og:site_name\" content=\"G\u00e1vea News\" \/>\n<meta property=\"article:publisher\" content=\"https:\/\/facebook.com\/gaveaNews\/\" \/>\n<meta property=\"article:published_time\" content=\"2022-08-31T03:15:00+00:00\" \/>\n<meta property=\"og:image\" content=\"https:\/\/www.gaveanews.com\/wp-content\/uploads\/Matheuzinho-em-jogo-do-Flamengo-contra-o-Botafogo.webp\" \/>\n\t<meta property=\"og:image:width\" content=\"799\" \/>\n\t<meta property=\"og:image:height\" content=\"533\" \/>\n\t<meta property=\"og:image:type\" content=\"image\/jpeg\" \/>\n<meta name=\"author\" content=\"Equipe G\u00e1vea News\" \/>\n<meta name=\"twitter:card\" content=\"summary_large_image\" \/>\n<meta name=\"twitter:label1\" content=\"Escrito por\" \/>\n\t<meta name=\"twitter:data1\" content=\"Equipe G\u00e1vea News\" \/>\n\t<meta name=\"twitter:label2\" content=\"Est. tempo de leitura\" \/>\n\t<meta name=\"twitter:data2\" content=\"2 minutos\" \/>\n<script type=\"application\/ld+json\" class=\"yoast-schema-graph\">{\"@context\":\"https:\/\/schema.org\",\"@graph\":[{\"@type\":\"NewsArticle\",\"@id\":\"https:\/\/www.gaveanews.com\/index.php\/2022\/08\/31\/alem-de-lazaro-joao-gomes-e-victor-hugo-jornalista-aponta-mais-um-jogador-do-flamengo-que-pode-se-transferir-para-a-europa\/#article\",\"isPartOf\":{\"@id\":\"https:\/\/www.gaveanews.com\/index.php\/2022\/08\/31\/alem-de-lazaro-joao-gomes-e-victor-hugo-jornalista-aponta-mais-um-jogador-do-flamengo-que-pode-se-transferir-para-a-europa\/\"},\"author\":{\"name\":\"Equipe G\u00e1vea News\",\"@id\":\"https:\/\/www.gaveanews.com\/#\/schema\/person\/2ec14f73fb96be2caf28f91afb14749d\"},\"headline\":\"Al\u00e9m de L\u00e1zaro, Jo\u00e3o Gomes e Victor Hugo, jornalista aponta mais um jogador do Flamengo que pode se transferir para a Europa\",\"datePublished\":\"2022-08-31T03:15:00+00:00\",\"mainEntityOfPage\":{\"@id\":\"https:\/\/www.gaveanews.com\/index.php\/2022\/08\/31\/alem-de-lazaro-joao-gomes-e-victor-hugo-jornalista-aponta-mais-um-jogador-do-flamengo-que-pode-se-transferir-para-a-europa\/\"},\"wordCount\":227,\"commentCount\":0,\"image\":{\"@id\":\"https:\/\/www.gaveanews.com\/index.php\/2022\/08\/31\/alem-de-lazaro-joao-gomes-e-victor-hugo-jornalista-aponta-mais-um-jogador-do-flamengo-que-pode-se-transferir-para-a-europa\/#primaryimage\"},\"thumbnailUrl\":\"https:\/\/www.gaveanews.com\/wp-content\/uploads\/Matheuzinho-em-jogo-do-Flamengo-contra-o-Botafogo.webp\",\"articleSection\":[\"Negocia\u00e7\u00f5es\"],\"inLanguage\":\"pt-BR\",\"potentialAction\":[{\"@type\":\"CommentAction\",\"name\":\"Comment\",\"target\":[\"https:\/\/www.gaveanews.com\/index.php\/2022\/08\/31\/alem-de-lazaro-joao-gomes-e-victor-hugo-jornalista-aponta-mais-um-jogador-do-flamengo-que-pode-se-transferir-para-a-europa\/#respond\"]}],\"copyrightYear\":\"2022\",\"copyrightHolder\":{\"@id\":\"https:\/\/www.gaveanews.com\/#organization\"}},{\"@type\":\"WebPage\",\"@id\":\"https:\/\/www.gaveanews.com\/index.php\/2022\/08\/31\/alem-de-lazaro-joao-gomes-e-victor-hugo-jornalista-aponta-mais-um-jogador-do-flamengo-que-pode-se-transferir-para-a-europa\/\",\"url\":\"https:\/\/www.gaveanews.com\/index.php\/2022\/08\/31\/alem-de-lazaro-joao-gomes-e-victor-hugo-jornalista-aponta-mais-um-jogador-do-flamengo-que-pode-se-transferir-para-a-europa\/\",\"name\":\"Al\u00e9m de L\u00e1zaro, Jo\u00e3o Gomes e Victor Hugo, jornalista aponta mais um jogador do Flamengo que pode se transferir para a Europa\",\"isPartOf\":{\"@id\":\"https:\/\/www.gaveanews.com\/#website\"},\"primaryImageOfPage\":{\"@id\":\"https:\/\/www.gaveanews.com\/index.php\/2022\/08\/31\/alem-de-lazaro-joao-gomes-e-victor-hugo-jornalista-aponta-mais-um-jogador-do-flamengo-que-pode-se-transferir-para-a-europa\/#primaryimage\"},\"image\":{\"@id\":\"https:\/\/www.gaveanews.com\/index.php\/2022\/08\/31\/alem-de-lazaro-joao-gomes-e-victor-hugo-jornalista-aponta-mais-um-jogador-do-flamengo-que-pode-se-transferir-para-a-europa\/#primaryimage\"},\"thumbnailUrl\":\"https:\/\/www.gaveanews.com\/wp-content\/uploads\/Matheuzinho-em-jogo-do-Flamengo-contra-o-Botafogo.webp\",\"datePublished\":\"2022-08-31T03:15:00+00:00\",\"author\":{\"@id\":\"https:\/\/www.gaveanews.com\/#\/schema\/person\/2ec14f73fb96be2caf28f91afb14749d\"},\"breadcrumb\":{\"@id\":\"https:\/\/www.gaveanews.com\/index.php\/2022\/08\/31\/alem-de-lazaro-joao-gomes-e-victor-hugo-jornalista-aponta-mais-um-jogador-do-flamengo-que-pode-se-transferir-para-a-europa\/#breadcrumb\"},\"inLanguage\":\"pt-BR\",\"potentialAction\":[{\"@type\":\"ReadAction\",\"target\":[\"https:\/\/www.gaveanews.com\/index.php\/2022\/08\/31\/alem-de-lazaro-joao-gomes-e-victor-hugo-jornalista-aponta-mais-um-jogador-do-flamengo-que-pode-se-transferir-para-a-europa\/\"]}]},{\"@type\":\"ImageObject\",\"inLanguage\":\"pt-BR\",\"@id\":\"https:\/\/www.gaveanews.com\/index.php\/2022\/08\/31\/alem-de-lazaro-joao-gomes-e-victor-hugo-jornalista-aponta-mais-um-jogador-do-flamengo-que-pode-se-transferir-para-a-europa\/#primaryimage\",\"url\":\"https:\/\/www.gaveanews.com\/wp-content\/uploads\/Matheuzinho-em-jogo-do-Flamengo-contra-o-Botafogo.webp\",\"contentUrl\":\"https:\/\/www.gaveanews.com\/wp-content\/uploads\/Matheuzinho-em-jogo-do-Flamengo-contra-o-Botafogo.webp\",\"width\":799,\"height\":533,\"caption\":\"Matheuzinho em jogo do Flamengo contra o Botafogo (Foto: Gilvan de Souza\/Flamengo)\"},{\"@type\":\"BreadcrumbList\",\"@id\":\"https:\/\/www.gaveanews.com\/index.php\/2022\/08\/31\/alem-de-lazaro-joao-gomes-e-victor-hugo-jornalista-aponta-mais-um-jogador-do-flamengo-que-pode-se-transferir-para-a-europa\/#breadcrumb\",\"itemListElement\":[{\"@type\":\"ListItem\",\"position\":1,\"name\":\"Home\",\"item\":\"https:\/\/www.gaveanews.com\/\"},{\"@type\":\"ListItem\",\"position\":2,\"name\":\"Al\u00e9m de L\u00e1zaro, Jo\u00e3o Gomes e Victor Hugo, jornalista aponta mais um jogador do Flamengo que pode se transferir para a Europa\"}]},{\"@type\":\"WebSite\",\"@id\":\"https:\/\/www.gaveanews.com\/#website\",\"url\":\"https:\/\/www.gaveanews.com\/\",\"name\":\"G\u00e1vea News\",\"description\":\"Veja todas as not\u00edcias sobre o Flamengo: Contrata\u00e7\u00f5es, categorias de base, resultados das partidas, tabela de classifica\u00e7\u00e3o, pr\u00f3ximos jogos!\",\"potentialAction\":[{\"@type\":\"SearchAction\",\"target\":{\"@type\":\"EntryPoint\",\"urlTemplate\":\"https:\/\/www.gaveanews.com\/?s={search_term_string}\"},\"query-input\":{\"@type\":\"PropertyValueSpecification\",\"valueRequired\":true,\"valueName\":\"search_term_string\"}}],\"inLanguage\":\"pt-BR\"},{\"@type\":\"Person\",\"@id\":\"https:\/\/www.gaveanews.com\/#\/schema\/person\/2ec14f73fb96be2caf28f91afb14749d\",\"name\":\"Equipe G\u00e1vea News\",\"image\":{\"@type\":\"ImageObject\",\"inLanguage\":\"pt-BR\",\"@id\":\"https:\/\/www.gaveanews.com\/#\/schema\/person\/image\/\",\"url\":\"https:\/\/secure.gravatar.com\/avatar\/1e1956f1facbffd3f8fa53a326721950116b3b9dc9bd44939c01180fd4a745a9?s=96&d=mm&r=g\",\"contentUrl\":\"https:\/\/secure.gravatar.com\/avatar\/1e1956f1facbffd3f8fa53a326721950116b3b9dc9bd44939c01180fd4a745a9?s=96&d=mm&r=g\",\"caption\":\"Equipe G\u00e1vea News\"}}]}<\/script>\n<!-- \/ Yoast SEO Premium plugin. -->","yoast_head_json":{"title":"Al\u00e9m de L\u00e1zaro, Jo\u00e3o Gomes e Victor Hugo, jornalista aponta mais um jogador do Flamengo que pode se transferir para a Europa","robots":{"index":"index","follow":"follow","max-snippet":"max-snippet:-1","max-image-preview":"max-image-preview:large","max-video-preview":"max-video-preview:-1"},"canonical":"https:\/\/www.gaveanews.com\/index.php\/2022\/08\/31\/alem-de-lazaro-joao-gomes-e-victor-hugo-jornalista-aponta-mais-um-jogador-do-flamengo-que-pode-se-transferir-para-a-europa\/","og_locale":"pt_BR","og_type":"article","og_title":"Al\u00e9m de L\u00e1zaro, Jo\u00e3o Gomes e Victor Hugo, jornalista aponta mais um jogador do Flamengo que pode se transferir para a Europa","og_description":"Os nomes de L\u00e1zaro, Jo\u00e3o Gomes e Victor Hugo foram bastante citados como poss\u00edveis jovens jogadores do Flamengo que poderiam deixar o clube carioca rumo ao futebol europeu, nesta janela de transfer\u00eancias. No entanto, de acordo com jornalista italiano Fabrizio Romano, especializado em transfer\u00eancia, outro atleta rubro-negro pode ser uma surpresa e deixar o clube [&hellip;]","og_url":"https:\/\/www.gaveanews.com\/index.php\/2022\/08\/31\/alem-de-lazaro-joao-gomes-e-victor-hugo-jornalista-aponta-mais-um-jogador-do-flamengo-que-pode-se-transferir-para-a-europa\/","og_site_name":"G\u00e1vea News","article_publisher":"https:\/\/facebook.com\/gaveaNews\/","article_published_time":"2022-08-31T03:15:00+00:00","og_image":[{"width":799,"height":533,"url":"https:\/\/www.gaveanews.com\/wp-content\/uploads\/Matheuzinho-em-jogo-do-Flamengo-contra-o-Botafogo.webp","type":"image\/jpeg"}],"author":"Equipe G\u00e1vea News","twitter_card":"summary_large_image","twitter_misc":{"Escrito por":"Equipe G\u00e1vea News","Est. tempo de leitura":"2 minutos"},"schema":{"@context":"https:\/\/schema.org","@graph":[{"@type":"NewsArticle","@id":"https:\/\/www.gaveanews.com\/index.php\/2022\/08\/31\/alem-de-lazaro-joao-gomes-e-victor-hugo-jornalista-aponta-mais-um-jogador-do-flamengo-que-pode-se-transferir-para-a-europa\/#article","isPartOf":{"@id":"https:\/\/www.gaveanews.com\/index.php\/2022\/08\/31\/alem-de-lazaro-joao-gomes-e-victor-hugo-jornalista-aponta-mais-um-jogador-do-flamengo-que-pode-se-transferir-para-a-europa\/"},"author":{"name":"Equipe G\u00e1vea News","@id":"https:\/\/www.gaveanews.com\/#\/schema\/person\/2ec14f73fb96be2caf28f91afb14749d"},"headline":"Al\u00e9m de L\u00e1zaro, Jo\u00e3o Gomes e Victor Hugo, jornalista aponta mais um jogador do Flamengo que pode se transferir para a Europa","datePublished":"2022-08-31T03:15:00+00:00","mainEntityOfPage":{"@id":"https:\/\/www.gaveanews.com\/index.php\/2022\/08\/31\/alem-de-lazaro-joao-gomes-e-victor-hugo-jornalista-aponta-mais-um-jogador-do-flamengo-que-pode-se-transferir-para-a-europa\/"},"wordCount":227,"commentCount":0,"image":{"@id":"https:\/\/www.gaveanews.com\/index.php\/2022\/08\/31\/alem-de-lazaro-joao-gomes-e-victor-hugo-jornalista-aponta-mais-um-jogador-do-flamengo-que-pode-se-transferir-para-a-europa\/#primaryimage"},"thumbnailUrl":"https:\/\/www.gaveanews.com\/wp-content\/uploads\/Matheuzinho-em-jogo-do-Flamengo-contra-o-Botafogo.webp","articleSection":["Negocia\u00e7\u00f5es"],"inLanguage":"pt-BR","potentialAction":[{"@type":"CommentAction","name":"Comment","target":["https:\/\/www.gaveanews.com\/index.php\/2022\/08\/31\/alem-de-lazaro-joao-gomes-e-victor-hugo-jornalista-aponta-mais-um-jogador-do-flamengo-que-pode-se-transferir-para-a-europa\/#respond"]}],"copyrightYear":"2022","copyrightHolder":{"@id":"https:\/\/www.gaveanews.com\/#organization"}},{"@type":"WebPage","@id":"https:\/\/www.gaveanews.com\/index.php\/2022\/08\/31\/alem-de-lazaro-joao-gomes-e-victor-hugo-jornalista-aponta-mais-um-jogador-do-flamengo-que-pode-se-transferir-para-a-europa\/","url":"https:\/\/www.gaveanews.com\/index.php\/2022\/08\/31\/alem-de-lazaro-joao-gomes-e-victor-hugo-jornalista-aponta-mais-um-jogador-do-flamengo-que-pode-se-transferir-para-a-europa\/","name":"Al\u00e9m de L\u00e1zaro, Jo\u00e3o Gomes e Victor Hugo, jornalista aponta mais um jogador do Flamengo que pode se transferir para a Europa","isPartOf":{"@id":"https:\/\/www.gaveanews.com\/#website"},"primaryImageOfPage":{"@id":"https:\/\/www.gaveanews.com\/index.php\/2022\/08\/31\/alem-de-lazaro-joao-gomes-e-victor-hugo-jornalista-aponta-mais-um-jogador-do-flamengo-que-pode-se-transferir-para-a-europa\/#primaryimage"},"image":{"@id":"https:\/\/www.gaveanews.com\/index.php\/2022\/08\/31\/alem-de-lazaro-joao-gomes-e-victor-hugo-jornalista-aponta-mais-um-jogador-do-flamengo-que-pode-se-transferir-para-a-europa\/#primaryimage"},"thumbnailUrl":"https:\/\/www.gaveanews.com\/wp-content\/uploads\/Matheuzinho-em-jogo-do-Flamengo-contra-o-Botafogo.webp","datePublished":"2022-08-31T03:15:00+00:00","author":{"@id":"https:\/\/www.gaveanews.com\/#\/schema\/person\/2ec14f73fb96be2caf28f91afb14749d"},"breadcrumb":{"@id":"https:\/\/www.gaveanews.com\/index.php\/2022\/08\/31\/alem-de-lazaro-joao-gomes-e-victor-hugo-jornalista-aponta-mais-um-jogador-do-flamengo-que-pode-se-transferir-para-a-europa\/#breadcrumb"},"inLanguage":"pt-BR","potentialAction":[{"@type":"ReadAction","target":["https:\/\/www.gaveanews.com\/index.php\/2022\/08\/31\/alem-de-lazaro-joao-gomes-e-victor-hugo-jornalista-aponta-mais-um-jogador-do-flamengo-que-pode-se-transferir-para-a-europa\/"]}]},{"@type":"ImageObject","inLanguage":"pt-BR","@id":"https:\/\/www.gaveanews.com\/index.php\/2022\/08\/31\/alem-de-lazaro-joao-gomes-e-victor-hugo-jornalista-aponta-mais-um-jogador-do-flamengo-que-pode-se-transferir-para-a-europa\/#primaryimage","url":"https:\/\/www.gaveanews.com\/wp-content\/uploads\/Matheuzinho-em-jogo-do-Flamengo-contra-o-Botafogo.webp","contentUrl":"https:\/\/www.gaveanews.com\/wp-content\/uploads\/Matheuzinho-em-jogo-do-Flamengo-contra-o-Botafogo.webp","width":799,"height":533,"caption":"Matheuzinho em jogo do Flamengo contra o Botafogo (Foto: Gilvan de Souza\/Flamengo)"},{"@type":"BreadcrumbList","@id":"https:\/\/www.gaveanews.com\/index.php\/2022\/08\/31\/alem-de-lazaro-joao-gomes-e-victor-hugo-jornalista-aponta-mais-um-jogador-do-flamengo-que-pode-se-transferir-para-a-europa\/#breadcrumb","itemListElement":[{"@type":"ListItem","position":1,"name":"Home","item":"https:\/\/www.gaveanews.com\/"},{"@type":"ListItem","position":2,"name":"Al\u00e9m de L\u00e1zaro, Jo\u00e3o Gomes e Victor Hugo, jornalista aponta mais um jogador do Flamengo que pode se transferir para a Europa"}]},{"@type":"WebSite","@id":"https:\/\/www.gaveanews.com\/#website","url":"https:\/\/www.gaveanews.com\/","name":"G\u00e1vea News","description":"Veja todas as not\u00edcias sobre o Flamengo: Contrata\u00e7\u00f5es, categorias de base, resultados das partidas, tabela de classifica\u00e7\u00e3o, pr\u00f3ximos jogos!","potentialAction":[{"@type":"SearchAction","target":{"@type":"EntryPoint","urlTemplate":"https:\/\/www.gaveanews.com\/?s={search_term_string}"},"query-input":{"@type":"PropertyValueSpecification","valueRequired":true,"valueName":"search_term_string"}}],"inLanguage":"pt-BR"},{"@type":"Person","@id":"https:\/\/www.gaveanews.com\/#\/schema\/person\/2ec14f73fb96be2caf28f91afb14749d","name":"Equipe G\u00e1vea News","image":{"@type":"ImageObject","inLanguage":"pt-BR","@id":"https:\/\/www.gaveanews.com\/#\/schema\/person\/image\/","url":"https:\/\/secure.gravatar.com\/avatar\/1e1956f1facbffd3f8fa53a326721950116b3b9dc9bd44939c01180fd4a745a9?s=96&d=mm&r=g","contentUrl":"https:\/\/secure.gravatar.com\/avatar\/1e1956f1facbffd3f8fa53a326721950116b3b9dc9bd44939c01180fd4a745a9?s=96&d=mm&r=g","caption":"Equipe G\u00e1vea News"}}]}},"_links":{"self":[{"href":"https:\/\/www.gaveanews.com\/index.php\/wp-json\/wp\/v2\/posts\/86713","targetHints":{"allow":["GET"]}}],"collection":[{"href":"https:\/\/www.gaveanews.com\/index.php\/wp-json\/wp\/v2\/posts"}],"about":[{"href":"https:\/\/www.gaveanews.com\/index.php\/wp-json\/wp\/v2\/types\/post"}],"author":[{"embeddable":true,"href":"https:\/\/www.gaveanews.com\/index.php\/wp-json\/wp\/v2\/users\/1"}],"replies":[{"embeddable":true,"href":"https:\/\/www.gaveanews.com\/index.php\/wp-json\/wp\/v2\/comments?post=86713"}],"version-history":[{"count":0,"href":"https:\/\/www.gaveanews.com\/index.php\/wp-json\/wp\/v2\/posts\/86713\/revisions"}],"wp:featuredmedia":[{"embeddable":true,"href":"https:\/\/www.gaveanews.com\/index.php\/wp-json\/wp\/v2\/media\/86592"}],"wp:attachment":[{"href":"https:\/\/www.gaveanews.com\/index.php\/wp-json\/wp\/v2\/media?parent=86713"}],"wp:term":[{"taxonomy":"category","embeddable":true,"href":"https:\/\/www.gaveanews.com\/index.php\/wp-json\/wp\/v2\/categories?post=86713"},{"taxonomy":"post_tag","embeddable":true,"href":"https:\/\/www.gaveanews.com\/index.php\/wp-json\/wp\/v2\/tags?post=86713"}],"curies":[{"name":"wp","href":"https:\/\/api.w.org\/{rel}","templated":true}]}}