{"id":86715,"date":"2022-08-31T00:14:11","date_gmt":"2022-08-31T03:14:11","guid":{"rendered":"https:\/\/www.gaveanews.com\/?p=86715"},"modified":"2022-08-31T00:14:14","modified_gmt":"2022-08-31T03:14:14","slug":"arturo-vidal-projeta-duelo-contra-o-velez-pela-semifinal-da-libertadores","status":"publish","type":"post","link":"https:\/\/www.gaveanews.com\/index.php\/2022\/08\/31\/arturo-vidal-projeta-duelo-contra-o-velez-pela-semifinal-da-libertadores\/","title":{"rendered":"Arturo Vidal projeta duelo contra o V\u00e9lez pela semifinal da Libertadores"},"content":{"rendered":"\n<p>Autor do gol da vit\u00f3ria no cl\u00e1ssico contra o Botafogo, o chileno Arturo Vidal j\u00e1 mudou a chave e passou a pensar no duelo desta quarta-feira contra o V\u00e9lez, em Buenos Aires. O volante far\u00e1 sua primeira partida contra um advers\u00e1rio internacional pelo Flamengo e afirmou que o advers\u00e1rio \u00e9 forte e pode causar danos. Apesar do alerta, o jogador tamb\u00e9m ressaltou a capacidade do Rubro-Negro.<\/p>\n\n\n\n<p>\u2014 <em>Espero conseguir um bom resultado. Temos uma equipe muito forte. Uma equipe que, quando est\u00e1 concentrada, pode fazer as coisas bem e causar danos em qualquer advers\u00e1rio. Sabemos que vai ser muito dif\u00edcil contra o V\u00e9lez. Jogando em casa, eles s\u00e3o muito fortes. Esperamos ter sorte, concluir as chances e jogar uma partida como deve ser uma semifinal<\/em> \u2014 disse o volante em entrevista \u00e0 FlaTV+.<\/p>\n\n\n\n<p>Em sua primeira viagem internacional pelo Flamengo, Vidal comentou sobre a for\u00e7a dos times sul-americanos. O volante chamou aten\u00e7\u00e3o para a compet\u00eancia do advers\u00e1rio, mas declarou que o Flamengo tem muita confian\u00e7a no que fazer.<\/p>\n\n\n\n<p>\u2014 <em>Sempre os jogos contra equipes argentinas ou de outros pa\u00edses da Am\u00e9rica do Sul s\u00e3o dif\u00edceis. Por algo, elas chegam nos torneios. N\u00e3o presenteiam as vagas. Jogar na Argentina contra uma equipe que eliminou grandes clubes sempre \u00e9 dif\u00edcil. Mas temos muita confian\u00e7a no que vamos fazer. Eu sou muito positivo neste sentido <\/em>\u2014 afirmou o chileno.<\/p>\n\n\n\n<p>Vidal tamb\u00e9m falou sobre os objetivos pelo Flamengo. O chileno acredita que o Rubro-Negro pode beliscar as tr\u00eas ta\u00e7as que ainda disputa e disse que se sente motivado com a equipe.<\/p>\n\n\n\n<p>\u2014 <em>Isso me motiva muito, com muita alegria. Gosto de ter objetivos e metas. Com o Flamengo, a primeira coisa que disse era que queria vir para c\u00e1 e ganhar t\u00edtulos com essa equipe, com essa torcida, e agora est\u00e1 mais perto. Espero ganhar os tr\u00eas t\u00edtulos esse ano e seguir adiante, desfrutando tudo que posso com a camisa do Flamengo<\/em> \u2014 concluiu o jogador.<\/p>\n\n\n\n<p>O Flamengo enfrenta o V\u00e9lez Sarsfield nesta quarta-feira (31), \u00e0s 21h30 (hor\u00e1rio de Bras\u00edlia), no est\u00e1dio Jos\u00e9 Amalfitani, em Buenos Aires, na Argentina, pelo jogo de ida da semifinal da Conmebol Libertadores.<\/p>\n\n\n\n<p>Retirado de: Esporte News Mundo<\/p>\n","protected":false},"excerpt":{"rendered":"<p>Autor do gol da vit\u00f3ria no cl\u00e1ssico contra o Botafogo, o chileno Arturo Vidal j\u00e1 mudou a chave e passou a pensar no duelo desta quarta-feira contra o V\u00e9lez, em Buenos Aires. O volante far\u00e1 sua primeira partida contra um advers\u00e1rio internacional pelo Flamengo e afirmou que o advers\u00e1rio \u00e9 forte e pode causar danos. [&hellip;]<\/p>\n","protected":false},"author":1,"featured_media":85147,"comment_status":"open","ping_status":"closed","sticky":false,"template":"","format":"standard","meta":{"footnotes":""},"categories":[1],"tags":[],"class_list":["post-86715","post","type-post","status-publish","format-standard","has-post-thumbnail","hentry","category-flamengo"],"yoast_head":"<!-- This site is optimized with the Yoast SEO Premium plugin v24.2 (Yoast SEO v26.9) - https:\/\/yoast.com\/product\/yoast-seo-premium-wordpress\/ -->\n<title>Arturo Vidal projeta duelo contra o V\u00e9lez pela semifinal da Libertadores<\/title>\n<meta name=\"robots\" content=\"index, follow, max-snippet:-1, max-image-preview:large, max-video-preview:-1\" \/>\n<link rel=\"canonical\" href=\"https:\/\/www.gaveanews.com\/index.php\/2022\/08\/31\/arturo-vidal-projeta-duelo-contra-o-velez-pela-semifinal-da-libertadores\/\" \/>\n<meta property=\"og:locale\" content=\"pt_BR\" \/>\n<meta property=\"og:type\" content=\"article\" \/>\n<meta property=\"og:title\" content=\"Arturo Vidal projeta duelo contra o V\u00e9lez pela semifinal da Libertadores\" \/>\n<meta property=\"og:description\" content=\"Autor do gol da vit\u00f3ria no cl\u00e1ssico contra o Botafogo, o chileno Arturo Vidal j\u00e1 mudou a chave e passou a pensar no duelo desta quarta-feira contra o V\u00e9lez, em Buenos Aires. O volante far\u00e1 sua primeira partida contra um advers\u00e1rio internacional pelo Flamengo e afirmou que o advers\u00e1rio \u00e9 forte e pode causar danos. [&hellip;]\" \/>\n<meta property=\"og:url\" content=\"https:\/\/www.gaveanews.com\/index.php\/2022\/08\/31\/arturo-vidal-projeta-duelo-contra-o-velez-pela-semifinal-da-libertadores\/\" \/>\n<meta property=\"og:site_name\" content=\"G\u00e1vea News\" \/>\n<meta property=\"article:publisher\" content=\"https:\/\/facebook.com\/gaveaNews\/\" \/>\n<meta property=\"article:published_time\" content=\"2022-08-31T03:14:11+00:00\" \/>\n<meta property=\"article:modified_time\" content=\"2022-08-31T03:14:14+00:00\" \/>\n<meta property=\"og:image\" content=\"https:\/\/www.gaveanews.com\/wp-content\/uploads\/Arturo-Vidal-em-acao-pelo-Flamengo-durante-o-jogo-contra-o-Avai-pelo-Campeonato-Brasileiro-de-2022.webp\" \/>\n\t<meta property=\"og:image:width\" content=\"799\" \/>\n\t<meta property=\"og:image:height\" content=\"533\" \/>\n\t<meta property=\"og:image:type\" content=\"image\/jpeg\" \/>\n<meta name=\"author\" content=\"Equipe G\u00e1vea News\" \/>\n<meta name=\"twitter:card\" content=\"summary_large_image\" \/>\n<meta name=\"twitter:label1\" content=\"Escrito por\" \/>\n\t<meta name=\"twitter:data1\" content=\"Equipe G\u00e1vea News\" \/>\n\t<meta name=\"twitter:label2\" content=\"Est. tempo de leitura\" \/>\n\t<meta name=\"twitter:data2\" content=\"2 minutos\" \/>\n<script type=\"application\/ld+json\" class=\"yoast-schema-graph\">{\"@context\":\"https:\/\/schema.org\",\"@graph\":[{\"@type\":\"NewsArticle\",\"@id\":\"https:\/\/www.gaveanews.com\/index.php\/2022\/08\/31\/arturo-vidal-projeta-duelo-contra-o-velez-pela-semifinal-da-libertadores\/#article\",\"isPartOf\":{\"@id\":\"https:\/\/www.gaveanews.com\/index.php\/2022\/08\/31\/arturo-vidal-projeta-duelo-contra-o-velez-pela-semifinal-da-libertadores\/\"},\"author\":{\"name\":\"Equipe G\u00e1vea News\",\"@id\":\"https:\/\/www.gaveanews.com\/#\/schema\/person\/2ec14f73fb96be2caf28f91afb14749d\"},\"headline\":\"Arturo Vidal projeta duelo contra o V\u00e9lez pela semifinal da Libertadores\",\"datePublished\":\"2022-08-31T03:14:11+00:00\",\"dateModified\":\"2022-08-31T03:14:14+00:00\",\"mainEntityOfPage\":{\"@id\":\"https:\/\/www.gaveanews.com\/index.php\/2022\/08\/31\/arturo-vidal-projeta-duelo-contra-o-velez-pela-semifinal-da-libertadores\/\"},\"wordCount\":393,\"commentCount\":0,\"image\":{\"@id\":\"https:\/\/www.gaveanews.com\/index.php\/2022\/08\/31\/arturo-vidal-projeta-duelo-contra-o-velez-pela-semifinal-da-libertadores\/#primaryimage\"},\"thumbnailUrl\":\"https:\/\/www.gaveanews.com\/wp-content\/uploads\/Arturo-Vidal-em-acao-pelo-Flamengo-durante-o-jogo-contra-o-Avai-pelo-Campeonato-Brasileiro-de-2022.webp\",\"articleSection\":[\"Flamengo\"],\"inLanguage\":\"pt-BR\",\"potentialAction\":[{\"@type\":\"CommentAction\",\"name\":\"Comment\",\"target\":[\"https:\/\/www.gaveanews.com\/index.php\/2022\/08\/31\/arturo-vidal-projeta-duelo-contra-o-velez-pela-semifinal-da-libertadores\/#respond\"]}],\"copyrightYear\":\"2022\",\"copyrightHolder\":{\"@id\":\"https:\/\/www.gaveanews.com\/#organization\"}},{\"@type\":\"WebPage\",\"@id\":\"https:\/\/www.gaveanews.com\/index.php\/2022\/08\/31\/arturo-vidal-projeta-duelo-contra-o-velez-pela-semifinal-da-libertadores\/\",\"url\":\"https:\/\/www.gaveanews.com\/index.php\/2022\/08\/31\/arturo-vidal-projeta-duelo-contra-o-velez-pela-semifinal-da-libertadores\/\",\"name\":\"Arturo Vidal projeta duelo contra o V\u00e9lez pela semifinal da Libertadores\",\"isPartOf\":{\"@id\":\"https:\/\/www.gaveanews.com\/#website\"},\"primaryImageOfPage\":{\"@id\":\"https:\/\/www.gaveanews.com\/index.php\/2022\/08\/31\/arturo-vidal-projeta-duelo-contra-o-velez-pela-semifinal-da-libertadores\/#primaryimage\"},\"image\":{\"@id\":\"https:\/\/www.gaveanews.com\/index.php\/2022\/08\/31\/arturo-vidal-projeta-duelo-contra-o-velez-pela-semifinal-da-libertadores\/#primaryimage\"},\"thumbnailUrl\":\"https:\/\/www.gaveanews.com\/wp-content\/uploads\/Arturo-Vidal-em-acao-pelo-Flamengo-durante-o-jogo-contra-o-Avai-pelo-Campeonato-Brasileiro-de-2022.webp\",\"datePublished\":\"2022-08-31T03:14:11+00:00\",\"dateModified\":\"2022-08-31T03:14:14+00:00\",\"author\":{\"@id\":\"https:\/\/www.gaveanews.com\/#\/schema\/person\/2ec14f73fb96be2caf28f91afb14749d\"},\"breadcrumb\":{\"@id\":\"https:\/\/www.gaveanews.com\/index.php\/2022\/08\/31\/arturo-vidal-projeta-duelo-contra-o-velez-pela-semifinal-da-libertadores\/#breadcrumb\"},\"inLanguage\":\"pt-BR\",\"potentialAction\":[{\"@type\":\"ReadAction\",\"target\":[\"https:\/\/www.gaveanews.com\/index.php\/2022\/08\/31\/arturo-vidal-projeta-duelo-contra-o-velez-pela-semifinal-da-libertadores\/\"]}]},{\"@type\":\"ImageObject\",\"inLanguage\":\"pt-BR\",\"@id\":\"https:\/\/www.gaveanews.com\/index.php\/2022\/08\/31\/arturo-vidal-projeta-duelo-contra-o-velez-pela-semifinal-da-libertadores\/#primaryimage\",\"url\":\"https:\/\/www.gaveanews.com\/wp-content\/uploads\/Arturo-Vidal-em-acao-pelo-Flamengo-durante-o-jogo-contra-o-Avai-pelo-Campeonato-Brasileiro-de-2022.webp\",\"contentUrl\":\"https:\/\/www.gaveanews.com\/wp-content\/uploads\/Arturo-Vidal-em-acao-pelo-Flamengo-durante-o-jogo-contra-o-Avai-pelo-Campeonato-Brasileiro-de-2022.webp\",\"width\":799,\"height\":533,\"caption\":\"Arturo Vidal em a\u00e7\u00e3o pelo Flamengo durante o jogo contra o Ava\u00ed pelo Campeonato Brasileiro de 2022 (Foto: Gilvan de Souza\/Flamengo)\"},{\"@type\":\"BreadcrumbList\",\"@id\":\"https:\/\/www.gaveanews.com\/index.php\/2022\/08\/31\/arturo-vidal-projeta-duelo-contra-o-velez-pela-semifinal-da-libertadores\/#breadcrumb\",\"itemListElement\":[{\"@type\":\"ListItem\",\"position\":1,\"name\":\"Home\",\"item\":\"https:\/\/www.gaveanews.com\/\"},{\"@type\":\"ListItem\",\"position\":2,\"name\":\"Arturo Vidal projeta duelo contra o V\u00e9lez pela semifinal da Libertadores\"}]},{\"@type\":\"WebSite\",\"@id\":\"https:\/\/www.gaveanews.com\/#website\",\"url\":\"https:\/\/www.gaveanews.com\/\",\"name\":\"G\u00e1vea News\",\"description\":\"Veja todas as not\u00edcias sobre o Flamengo: Contrata\u00e7\u00f5es, categorias de base, resultados das partidas, tabela de classifica\u00e7\u00e3o, pr\u00f3ximos jogos!\",\"potentialAction\":[{\"@type\":\"SearchAction\",\"target\":{\"@type\":\"EntryPoint\",\"urlTemplate\":\"https:\/\/www.gaveanews.com\/?s={search_term_string}\"},\"query-input\":{\"@type\":\"PropertyValueSpecification\",\"valueRequired\":true,\"valueName\":\"search_term_string\"}}],\"inLanguage\":\"pt-BR\"},{\"@type\":\"Person\",\"@id\":\"https:\/\/www.gaveanews.com\/#\/schema\/person\/2ec14f73fb96be2caf28f91afb14749d\",\"name\":\"Equipe G\u00e1vea News\",\"image\":{\"@type\":\"ImageObject\",\"inLanguage\":\"pt-BR\",\"@id\":\"https:\/\/www.gaveanews.com\/#\/schema\/person\/image\/\",\"url\":\"https:\/\/secure.gravatar.com\/avatar\/1e1956f1facbffd3f8fa53a326721950116b3b9dc9bd44939c01180fd4a745a9?s=96&d=mm&r=g\",\"contentUrl\":\"https:\/\/secure.gravatar.com\/avatar\/1e1956f1facbffd3f8fa53a326721950116b3b9dc9bd44939c01180fd4a745a9?s=96&d=mm&r=g\",\"caption\":\"Equipe G\u00e1vea News\"}}]}<\/script>\n<!-- \/ Yoast SEO Premium plugin. -->","yoast_head_json":{"title":"Arturo Vidal projeta duelo contra o V\u00e9lez pela semifinal da Libertadores","robots":{"index":"index","follow":"follow","max-snippet":"max-snippet:-1","max-image-preview":"max-image-preview:large","max-video-preview":"max-video-preview:-1"},"canonical":"https:\/\/www.gaveanews.com\/index.php\/2022\/08\/31\/arturo-vidal-projeta-duelo-contra-o-velez-pela-semifinal-da-libertadores\/","og_locale":"pt_BR","og_type":"article","og_title":"Arturo Vidal projeta duelo contra o V\u00e9lez pela semifinal da Libertadores","og_description":"Autor do gol da vit\u00f3ria no cl\u00e1ssico contra o Botafogo, o chileno Arturo Vidal j\u00e1 mudou a chave e passou a pensar no duelo desta quarta-feira contra o V\u00e9lez, em Buenos Aires. O volante far\u00e1 sua primeira partida contra um advers\u00e1rio internacional pelo Flamengo e afirmou que o advers\u00e1rio \u00e9 forte e pode causar danos. [&hellip;]","og_url":"https:\/\/www.gaveanews.com\/index.php\/2022\/08\/31\/arturo-vidal-projeta-duelo-contra-o-velez-pela-semifinal-da-libertadores\/","og_site_name":"G\u00e1vea News","article_publisher":"https:\/\/facebook.com\/gaveaNews\/","article_published_time":"2022-08-31T03:14:11+00:00","article_modified_time":"2022-08-31T03:14:14+00:00","og_image":[{"width":799,"height":533,"url":"https:\/\/www.gaveanews.com\/wp-content\/uploads\/Arturo-Vidal-em-acao-pelo-Flamengo-durante-o-jogo-contra-o-Avai-pelo-Campeonato-Brasileiro-de-2022.webp","type":"image\/jpeg"}],"author":"Equipe G\u00e1vea News","twitter_card":"summary_large_image","twitter_misc":{"Escrito por":"Equipe G\u00e1vea News","Est. tempo de leitura":"2 minutos"},"schema":{"@context":"https:\/\/schema.org","@graph":[{"@type":"NewsArticle","@id":"https:\/\/www.gaveanews.com\/index.php\/2022\/08\/31\/arturo-vidal-projeta-duelo-contra-o-velez-pela-semifinal-da-libertadores\/#article","isPartOf":{"@id":"https:\/\/www.gaveanews.com\/index.php\/2022\/08\/31\/arturo-vidal-projeta-duelo-contra-o-velez-pela-semifinal-da-libertadores\/"},"author":{"name":"Equipe G\u00e1vea News","@id":"https:\/\/www.gaveanews.com\/#\/schema\/person\/2ec14f73fb96be2caf28f91afb14749d"},"headline":"Arturo Vidal projeta duelo contra o V\u00e9lez pela semifinal da Libertadores","datePublished":"2022-08-31T03:14:11+00:00","dateModified":"2022-08-31T03:14:14+00:00","mainEntityOfPage":{"@id":"https:\/\/www.gaveanews.com\/index.php\/2022\/08\/31\/arturo-vidal-projeta-duelo-contra-o-velez-pela-semifinal-da-libertadores\/"},"wordCount":393,"commentCount":0,"image":{"@id":"https:\/\/www.gaveanews.com\/index.php\/2022\/08\/31\/arturo-vidal-projeta-duelo-contra-o-velez-pela-semifinal-da-libertadores\/#primaryimage"},"thumbnailUrl":"https:\/\/www.gaveanews.com\/wp-content\/uploads\/Arturo-Vidal-em-acao-pelo-Flamengo-durante-o-jogo-contra-o-Avai-pelo-Campeonato-Brasileiro-de-2022.webp","articleSection":["Flamengo"],"inLanguage":"pt-BR","potentialAction":[{"@type":"CommentAction","name":"Comment","target":["https:\/\/www.gaveanews.com\/index.php\/2022\/08\/31\/arturo-vidal-projeta-duelo-contra-o-velez-pela-semifinal-da-libertadores\/#respond"]}],"copyrightYear":"2022","copyrightHolder":{"@id":"https:\/\/www.gaveanews.com\/#organization"}},{"@type":"WebPage","@id":"https:\/\/www.gaveanews.com\/index.php\/2022\/08\/31\/arturo-vidal-projeta-duelo-contra-o-velez-pela-semifinal-da-libertadores\/","url":"https:\/\/www.gaveanews.com\/index.php\/2022\/08\/31\/arturo-vidal-projeta-duelo-contra-o-velez-pela-semifinal-da-libertadores\/","name":"Arturo Vidal projeta duelo contra o V\u00e9lez pela semifinal da Libertadores","isPartOf":{"@id":"https:\/\/www.gaveanews.com\/#website"},"primaryImageOfPage":{"@id":"https:\/\/www.gaveanews.com\/index.php\/2022\/08\/31\/arturo-vidal-projeta-duelo-contra-o-velez-pela-semifinal-da-libertadores\/#primaryimage"},"image":{"@id":"https:\/\/www.gaveanews.com\/index.php\/2022\/08\/31\/arturo-vidal-projeta-duelo-contra-o-velez-pela-semifinal-da-libertadores\/#primaryimage"},"thumbnailUrl":"https:\/\/www.gaveanews.com\/wp-content\/uploads\/Arturo-Vidal-em-acao-pelo-Flamengo-durante-o-jogo-contra-o-Avai-pelo-Campeonato-Brasileiro-de-2022.webp","datePublished":"2022-08-31T03:14:11+00:00","dateModified":"2022-08-31T03:14:14+00:00","author":{"@id":"https:\/\/www.gaveanews.com\/#\/schema\/person\/2ec14f73fb96be2caf28f91afb14749d"},"breadcrumb":{"@id":"https:\/\/www.gaveanews.com\/index.php\/2022\/08\/31\/arturo-vidal-projeta-duelo-contra-o-velez-pela-semifinal-da-libertadores\/#breadcrumb"},"inLanguage":"pt-BR","potentialAction":[{"@type":"ReadAction","target":["https:\/\/www.gaveanews.com\/index.php\/2022\/08\/31\/arturo-vidal-projeta-duelo-contra-o-velez-pela-semifinal-da-libertadores\/"]}]},{"@type":"ImageObject","inLanguage":"pt-BR","@id":"https:\/\/www.gaveanews.com\/index.php\/2022\/08\/31\/arturo-vidal-projeta-duelo-contra-o-velez-pela-semifinal-da-libertadores\/#primaryimage","url":"https:\/\/www.gaveanews.com\/wp-content\/uploads\/Arturo-Vidal-em-acao-pelo-Flamengo-durante-o-jogo-contra-o-Avai-pelo-Campeonato-Brasileiro-de-2022.webp","contentUrl":"https:\/\/www.gaveanews.com\/wp-content\/uploads\/Arturo-Vidal-em-acao-pelo-Flamengo-durante-o-jogo-contra-o-Avai-pelo-Campeonato-Brasileiro-de-2022.webp","width":799,"height":533,"caption":"Arturo Vidal em a\u00e7\u00e3o pelo Flamengo durante o jogo contra o Ava\u00ed pelo Campeonato Brasileiro de 2022 (Foto: Gilvan de Souza\/Flamengo)"},{"@type":"BreadcrumbList","@id":"https:\/\/www.gaveanews.com\/index.php\/2022\/08\/31\/arturo-vidal-projeta-duelo-contra-o-velez-pela-semifinal-da-libertadores\/#breadcrumb","itemListElement":[{"@type":"ListItem","position":1,"name":"Home","item":"https:\/\/www.gaveanews.com\/"},{"@type":"ListItem","position":2,"name":"Arturo Vidal projeta duelo contra o V\u00e9lez pela semifinal da Libertadores"}]},{"@type":"WebSite","@id":"https:\/\/www.gaveanews.com\/#website","url":"https:\/\/www.gaveanews.com\/","name":"G\u00e1vea News","description":"Veja todas as not\u00edcias sobre o Flamengo: Contrata\u00e7\u00f5es, categorias de base, resultados das partidas, tabela de classifica\u00e7\u00e3o, pr\u00f3ximos jogos!","potentialAction":[{"@type":"SearchAction","target":{"@type":"EntryPoint","urlTemplate":"https:\/\/www.gaveanews.com\/?s={search_term_string}"},"query-input":{"@type":"PropertyValueSpecification","valueRequired":true,"valueName":"search_term_string"}}],"inLanguage":"pt-BR"},{"@type":"Person","@id":"https:\/\/www.gaveanews.com\/#\/schema\/person\/2ec14f73fb96be2caf28f91afb14749d","name":"Equipe G\u00e1vea News","image":{"@type":"ImageObject","inLanguage":"pt-BR","@id":"https:\/\/www.gaveanews.com\/#\/schema\/person\/image\/","url":"https:\/\/secure.gravatar.com\/avatar\/1e1956f1facbffd3f8fa53a326721950116b3b9dc9bd44939c01180fd4a745a9?s=96&d=mm&r=g","contentUrl":"https:\/\/secure.gravatar.com\/avatar\/1e1956f1facbffd3f8fa53a326721950116b3b9dc9bd44939c01180fd4a745a9?s=96&d=mm&r=g","caption":"Equipe G\u00e1vea News"}}]}},"_links":{"self":[{"href":"https:\/\/www.gaveanews.com\/index.php\/wp-json\/wp\/v2\/posts\/86715","targetHints":{"allow":["GET"]}}],"collection":[{"href":"https:\/\/www.gaveanews.com\/index.php\/wp-json\/wp\/v2\/posts"}],"about":[{"href":"https:\/\/www.gaveanews.com\/index.php\/wp-json\/wp\/v2\/types\/post"}],"author":[{"embeddable":true,"href":"https:\/\/www.gaveanews.com\/index.php\/wp-json\/wp\/v2\/users\/1"}],"replies":[{"embeddable":true,"href":"https:\/\/www.gaveanews.com\/index.php\/wp-json\/wp\/v2\/comments?post=86715"}],"version-history":[{"count":0,"href":"https:\/\/www.gaveanews.com\/index.php\/wp-json\/wp\/v2\/posts\/86715\/revisions"}],"wp:featuredmedia":[{"embeddable":true,"href":"https:\/\/www.gaveanews.com\/index.php\/wp-json\/wp\/v2\/media\/85147"}],"wp:attachment":[{"href":"https:\/\/www.gaveanews.com\/index.php\/wp-json\/wp\/v2\/media?parent=86715"}],"wp:term":[{"taxonomy":"category","embeddable":true,"href":"https:\/\/www.gaveanews.com\/index.php\/wp-json\/wp\/v2\/categories?post=86715"},{"taxonomy":"post_tag","embeddable":true,"href":"https:\/\/www.gaveanews.com\/index.php\/wp-json\/wp\/v2\/tags?post=86715"}],"curies":[{"name":"wp","href":"https:\/\/api.w.org\/{rel}","templated":true}]}}