{"id":86728,"date":"2022-08-31T15:42:40","date_gmt":"2022-08-31T18:42:40","guid":{"rendered":"https:\/\/www.gaveanews.com\/?p=86728"},"modified":"2022-08-31T15:42:43","modified_gmt":"2022-08-31T18:42:43","slug":"flamengo-tem-retrospecto-positivo-contra-argentinos-na-libertadores","status":"publish","type":"post","link":"https:\/\/www.gaveanews.com\/index.php\/2022\/08\/31\/flamengo-tem-retrospecto-positivo-contra-argentinos-na-libertadores\/","title":{"rendered":"Flamengo tem retrospecto positivo contra argentinos na Libertadores"},"content":{"rendered":"\n<p>A torcida do Flamengo pode se agarrar aos n\u00fameros para ter uma dose a mais de confian\u00e7a no confronto de semifinal da Libertadores, contra o V\u00e9lez. O jogo de ida ser\u00e1 nesta quarta-feira, \u00e0s 21h30 (de Bras\u00edlia), no est\u00e1dio Jos\u00e9 Amalfitani.<\/p>\n\n\n\n<p>Ao todo, o Flamengo soma 19 jogos contra argentinos na Liberta com 65% de aproveitamento: 10 vit\u00f3rias, sete empates e apenas duas derrotas.<\/p>\n\n\n\n<p>Na hist\u00f3ria do torneio, o clube carioca enfrentou River Plate (cinco vezes), San Lorenzo, Lan\u00fas, Boca Juniors, Racing, V\u00e9lez Sarsfield, Defensa y Justicia e Talleres (duas vezes cada).<\/p>\n\n\n\n<p>A \u00faltima derrota rubro-negra para um clube argentino na Libertadores foi h\u00e1 mais de cinco anos, em 17 de maio de 2017. Na ocasi\u00e3o, o time foi superado pelo San Lorenzo, em Buenos Aires, e acabou sendo eliminado na fase de grupos. De l\u00e1 para c\u00e1, foram 11 jogos, com cinco vit\u00f3rias do Fla e seis empates.<\/p>\n\n\n\n<p id=\"p697144-m448-4-449\">At\u00e9 mesmo em solo argentino, o Flamengo soma bons n\u00fameros nos \u00faltimos anos. S\u00e3o cinco partidas sem derrota, incluindo uma vit\u00f3ria de 3 a 2 sobre o V\u00e9lez no Jos\u00e9 Amalfitani, mesmo palco do duelo decisivo desta quarta-feira.<\/p>\n\n\n\n<h2 class=\"wp-block-heading\" id=\"h-sequencia-invicta-do-flamengo-na-argentina\">Sequ\u00eancia invicta do Flamengo na Argentina:<\/h2>\n\n\n\n<ul class=\"wp-block-list\"><li>Talleres 2 x 2 Flamengo \u2013 fase de grupos (2022)<\/li><li>Defensa y Justicia 0 x 1 Flamengo \u2013 oitavas de final (2021)<\/li><li>V\u00e9lez Sarsfield 2 x 3 Flamengo \u2013 fase de grupos (2021)<\/li><li>Racing 1 x 1 Flamengo \u2013 oitavas de final (2020)<\/li><li>River Plate 0 x 0 Flamengo \u2013 fase de grupos (2018)<\/li><\/ul>\n\n\n\n<p>No retrospecto geral, o Flamengo tamb\u00e9m ostenta um saldo positivo diante de advers\u00e1rios da Argentina. Considerando amistosos e jogos de todas as competi\u00e7\u00f5es, s\u00e3o 110 confrontos com: 47 vit\u00f3rias, 31 empates e 32 derrotas.<\/p>\n\n\n\n<p>Flamengo e V\u00e9lez come\u00e7am a decidir o finalista da Libertadores \u00e0s 21h30 desta quarta-feira, em Buenos Aires. Quem passar enfrenta o vencedor do confronto entre Palmeiras e Athletico-PR na final do torneio continental, em Guayaquil (EQU).<\/p>\n\n\n\n<p>Retirado de: Lance<\/p>\n","protected":false},"excerpt":{"rendered":"<p>A torcida do Flamengo pode se agarrar aos n\u00fameros para ter uma dose a mais de confian\u00e7a no confronto de semifinal da Libertadores, contra o V\u00e9lez. O jogo de ida ser\u00e1 nesta quarta-feira, \u00e0s 21h30 (de Bras\u00edlia), no est\u00e1dio Jos\u00e9 Amalfitani. Ao todo, o Flamengo soma 19 jogos contra argentinos na Liberta com 65% de [&hellip;]<\/p>\n","protected":false},"author":1,"featured_media":59677,"comment_status":"open","ping_status":"closed","sticky":false,"template":"","format":"standard","meta":{"footnotes":""},"categories":[1],"tags":[],"class_list":["post-86728","post","type-post","status-publish","format-standard","has-post-thumbnail","hentry","category-flamengo"],"yoast_head":"<!-- This site is optimized with the Yoast SEO Premium plugin v24.2 (Yoast SEO v26.9) - https:\/\/yoast.com\/product\/yoast-seo-premium-wordpress\/ -->\n<title>Flamengo tem retrospecto positivo contra argentinos na Libertadores<\/title>\n<meta name=\"robots\" content=\"index, follow, max-snippet:-1, max-image-preview:large, max-video-preview:-1\" \/>\n<link rel=\"canonical\" href=\"https:\/\/www.gaveanews.com\/index.php\/2022\/08\/31\/flamengo-tem-retrospecto-positivo-contra-argentinos-na-libertadores\/\" \/>\n<meta property=\"og:locale\" content=\"pt_BR\" \/>\n<meta property=\"og:type\" content=\"article\" \/>\n<meta property=\"og:title\" content=\"Flamengo tem retrospecto positivo contra argentinos na Libertadores\" \/>\n<meta property=\"og:description\" content=\"A torcida do Flamengo pode se agarrar aos n\u00fameros para ter uma dose a mais de confian\u00e7a no confronto de semifinal da Libertadores, contra o V\u00e9lez. O jogo de ida ser\u00e1 nesta quarta-feira, \u00e0s 21h30 (de Bras\u00edlia), no est\u00e1dio Jos\u00e9 Amalfitani. Ao todo, o Flamengo soma 19 jogos contra argentinos na Liberta com 65% de [&hellip;]\" \/>\n<meta property=\"og:url\" content=\"https:\/\/www.gaveanews.com\/index.php\/2022\/08\/31\/flamengo-tem-retrospecto-positivo-contra-argentinos-na-libertadores\/\" \/>\n<meta property=\"og:site_name\" content=\"G\u00e1vea News\" \/>\n<meta property=\"article:publisher\" content=\"https:\/\/facebook.com\/gaveaNews\/\" \/>\n<meta property=\"article:published_time\" content=\"2022-08-31T18:42:40+00:00\" \/>\n<meta property=\"article:modified_time\" content=\"2022-08-31T18:42:43+00:00\" \/>\n<meta property=\"og:image\" content=\"https:\/\/www.gaveanews.com\/wp-content\/uploads\/Everton-Ribeiro-em-acao-pelo-Flamengo-durante-o-jogo-contra-o-Velez-na-Copa-Libertadores-da-America-de-2021.webp\" \/>\n\t<meta property=\"og:image:width\" content=\"800\" \/>\n\t<meta property=\"og:image:height\" content=\"533\" \/>\n\t<meta property=\"og:image:type\" content=\"image\/jpeg\" \/>\n<meta name=\"author\" content=\"Equipe G\u00e1vea News\" \/>\n<meta name=\"twitter:card\" content=\"summary_large_image\" \/>\n<meta name=\"twitter:label1\" content=\"Escrito por\" \/>\n\t<meta name=\"twitter:data1\" content=\"Equipe G\u00e1vea News\" \/>\n\t<meta name=\"twitter:label2\" content=\"Est. tempo de leitura\" \/>\n\t<meta name=\"twitter:data2\" content=\"2 minutos\" \/>\n<script type=\"application\/ld+json\" class=\"yoast-schema-graph\">{\"@context\":\"https:\/\/schema.org\",\"@graph\":[{\"@type\":\"NewsArticle\",\"@id\":\"https:\/\/www.gaveanews.com\/index.php\/2022\/08\/31\/flamengo-tem-retrospecto-positivo-contra-argentinos-na-libertadores\/#article\",\"isPartOf\":{\"@id\":\"https:\/\/www.gaveanews.com\/index.php\/2022\/08\/31\/flamengo-tem-retrospecto-positivo-contra-argentinos-na-libertadores\/\"},\"author\":{\"name\":\"Equipe G\u00e1vea News\",\"@id\":\"https:\/\/www.gaveanews.com\/#\/schema\/person\/2ec14f73fb96be2caf28f91afb14749d\"},\"headline\":\"Flamengo tem retrospecto positivo contra argentinos na Libertadores\",\"datePublished\":\"2022-08-31T18:42:40+00:00\",\"dateModified\":\"2022-08-31T18:42:43+00:00\",\"mainEntityOfPage\":{\"@id\":\"https:\/\/www.gaveanews.com\/index.php\/2022\/08\/31\/flamengo-tem-retrospecto-positivo-contra-argentinos-na-libertadores\/\"},\"wordCount\":320,\"commentCount\":0,\"image\":{\"@id\":\"https:\/\/www.gaveanews.com\/index.php\/2022\/08\/31\/flamengo-tem-retrospecto-positivo-contra-argentinos-na-libertadores\/#primaryimage\"},\"thumbnailUrl\":\"https:\/\/www.gaveanews.com\/wp-content\/uploads\/Everton-Ribeiro-em-acao-pelo-Flamengo-durante-o-jogo-contra-o-Velez-na-Copa-Libertadores-da-America-de-2021.webp\",\"articleSection\":[\"Flamengo\"],\"inLanguage\":\"pt-BR\",\"potentialAction\":[{\"@type\":\"CommentAction\",\"name\":\"Comment\",\"target\":[\"https:\/\/www.gaveanews.com\/index.php\/2022\/08\/31\/flamengo-tem-retrospecto-positivo-contra-argentinos-na-libertadores\/#respond\"]}],\"copyrightYear\":\"2022\",\"copyrightHolder\":{\"@id\":\"https:\/\/www.gaveanews.com\/#organization\"}},{\"@type\":\"WebPage\",\"@id\":\"https:\/\/www.gaveanews.com\/index.php\/2022\/08\/31\/flamengo-tem-retrospecto-positivo-contra-argentinos-na-libertadores\/\",\"url\":\"https:\/\/www.gaveanews.com\/index.php\/2022\/08\/31\/flamengo-tem-retrospecto-positivo-contra-argentinos-na-libertadores\/\",\"name\":\"Flamengo tem retrospecto positivo contra argentinos na Libertadores\",\"isPartOf\":{\"@id\":\"https:\/\/www.gaveanews.com\/#website\"},\"primaryImageOfPage\":{\"@id\":\"https:\/\/www.gaveanews.com\/index.php\/2022\/08\/31\/flamengo-tem-retrospecto-positivo-contra-argentinos-na-libertadores\/#primaryimage\"},\"image\":{\"@id\":\"https:\/\/www.gaveanews.com\/index.php\/2022\/08\/31\/flamengo-tem-retrospecto-positivo-contra-argentinos-na-libertadores\/#primaryimage\"},\"thumbnailUrl\":\"https:\/\/www.gaveanews.com\/wp-content\/uploads\/Everton-Ribeiro-em-acao-pelo-Flamengo-durante-o-jogo-contra-o-Velez-na-Copa-Libertadores-da-America-de-2021.webp\",\"datePublished\":\"2022-08-31T18:42:40+00:00\",\"dateModified\":\"2022-08-31T18:42:43+00:00\",\"author\":{\"@id\":\"https:\/\/www.gaveanews.com\/#\/schema\/person\/2ec14f73fb96be2caf28f91afb14749d\"},\"breadcrumb\":{\"@id\":\"https:\/\/www.gaveanews.com\/index.php\/2022\/08\/31\/flamengo-tem-retrospecto-positivo-contra-argentinos-na-libertadores\/#breadcrumb\"},\"inLanguage\":\"pt-BR\",\"potentialAction\":[{\"@type\":\"ReadAction\",\"target\":[\"https:\/\/www.gaveanews.com\/index.php\/2022\/08\/31\/flamengo-tem-retrospecto-positivo-contra-argentinos-na-libertadores\/\"]}]},{\"@type\":\"ImageObject\",\"inLanguage\":\"pt-BR\",\"@id\":\"https:\/\/www.gaveanews.com\/index.php\/2022\/08\/31\/flamengo-tem-retrospecto-positivo-contra-argentinos-na-libertadores\/#primaryimage\",\"url\":\"https:\/\/www.gaveanews.com\/wp-content\/uploads\/Everton-Ribeiro-em-acao-pelo-Flamengo-durante-o-jogo-contra-o-Velez-na-Copa-Libertadores-da-America-de-2021.webp\",\"contentUrl\":\"https:\/\/www.gaveanews.com\/wp-content\/uploads\/Everton-Ribeiro-em-acao-pelo-Flamengo-durante-o-jogo-contra-o-Velez-na-Copa-Libertadores-da-America-de-2021.webp\",\"width\":800,\"height\":533,\"caption\":\"Everton Ribeiro em a\u00e7\u00e3o pelo Flamengo durante o jogo contra o Velez na Copa Libertadores da Am\u00e9rica de 2021 (Foto: Marcelo Cortes\/Flamengo)\"},{\"@type\":\"BreadcrumbList\",\"@id\":\"https:\/\/www.gaveanews.com\/index.php\/2022\/08\/31\/flamengo-tem-retrospecto-positivo-contra-argentinos-na-libertadores\/#breadcrumb\",\"itemListElement\":[{\"@type\":\"ListItem\",\"position\":1,\"name\":\"Home\",\"item\":\"https:\/\/www.gaveanews.com\/\"},{\"@type\":\"ListItem\",\"position\":2,\"name\":\"Flamengo tem retrospecto positivo contra argentinos na Libertadores\"}]},{\"@type\":\"WebSite\",\"@id\":\"https:\/\/www.gaveanews.com\/#website\",\"url\":\"https:\/\/www.gaveanews.com\/\",\"name\":\"G\u00e1vea News\",\"description\":\"Veja todas as not\u00edcias sobre o Flamengo: Contrata\u00e7\u00f5es, categorias de base, resultados das partidas, tabela de classifica\u00e7\u00e3o, pr\u00f3ximos jogos!\",\"potentialAction\":[{\"@type\":\"SearchAction\",\"target\":{\"@type\":\"EntryPoint\",\"urlTemplate\":\"https:\/\/www.gaveanews.com\/?s={search_term_string}\"},\"query-input\":{\"@type\":\"PropertyValueSpecification\",\"valueRequired\":true,\"valueName\":\"search_term_string\"}}],\"inLanguage\":\"pt-BR\"},{\"@type\":\"Person\",\"@id\":\"https:\/\/www.gaveanews.com\/#\/schema\/person\/2ec14f73fb96be2caf28f91afb14749d\",\"name\":\"Equipe G\u00e1vea News\",\"image\":{\"@type\":\"ImageObject\",\"inLanguage\":\"pt-BR\",\"@id\":\"https:\/\/www.gaveanews.com\/#\/schema\/person\/image\/\",\"url\":\"https:\/\/secure.gravatar.com\/avatar\/1e1956f1facbffd3f8fa53a326721950116b3b9dc9bd44939c01180fd4a745a9?s=96&d=mm&r=g\",\"contentUrl\":\"https:\/\/secure.gravatar.com\/avatar\/1e1956f1facbffd3f8fa53a326721950116b3b9dc9bd44939c01180fd4a745a9?s=96&d=mm&r=g\",\"caption\":\"Equipe G\u00e1vea News\"}}]}<\/script>\n<!-- \/ Yoast SEO Premium plugin. -->","yoast_head_json":{"title":"Flamengo tem retrospecto positivo contra argentinos na Libertadores","robots":{"index":"index","follow":"follow","max-snippet":"max-snippet:-1","max-image-preview":"max-image-preview:large","max-video-preview":"max-video-preview:-1"},"canonical":"https:\/\/www.gaveanews.com\/index.php\/2022\/08\/31\/flamengo-tem-retrospecto-positivo-contra-argentinos-na-libertadores\/","og_locale":"pt_BR","og_type":"article","og_title":"Flamengo tem retrospecto positivo contra argentinos na Libertadores","og_description":"A torcida do Flamengo pode se agarrar aos n\u00fameros para ter uma dose a mais de confian\u00e7a no confronto de semifinal da Libertadores, contra o V\u00e9lez. O jogo de ida ser\u00e1 nesta quarta-feira, \u00e0s 21h30 (de Bras\u00edlia), no est\u00e1dio Jos\u00e9 Amalfitani. Ao todo, o Flamengo soma 19 jogos contra argentinos na Liberta com 65% de [&hellip;]","og_url":"https:\/\/www.gaveanews.com\/index.php\/2022\/08\/31\/flamengo-tem-retrospecto-positivo-contra-argentinos-na-libertadores\/","og_site_name":"G\u00e1vea News","article_publisher":"https:\/\/facebook.com\/gaveaNews\/","article_published_time":"2022-08-31T18:42:40+00:00","article_modified_time":"2022-08-31T18:42:43+00:00","og_image":[{"width":800,"height":533,"url":"https:\/\/www.gaveanews.com\/wp-content\/uploads\/Everton-Ribeiro-em-acao-pelo-Flamengo-durante-o-jogo-contra-o-Velez-na-Copa-Libertadores-da-America-de-2021.webp","type":"image\/jpeg"}],"author":"Equipe G\u00e1vea News","twitter_card":"summary_large_image","twitter_misc":{"Escrito por":"Equipe G\u00e1vea News","Est. tempo de leitura":"2 minutos"},"schema":{"@context":"https:\/\/schema.org","@graph":[{"@type":"NewsArticle","@id":"https:\/\/www.gaveanews.com\/index.php\/2022\/08\/31\/flamengo-tem-retrospecto-positivo-contra-argentinos-na-libertadores\/#article","isPartOf":{"@id":"https:\/\/www.gaveanews.com\/index.php\/2022\/08\/31\/flamengo-tem-retrospecto-positivo-contra-argentinos-na-libertadores\/"},"author":{"name":"Equipe G\u00e1vea News","@id":"https:\/\/www.gaveanews.com\/#\/schema\/person\/2ec14f73fb96be2caf28f91afb14749d"},"headline":"Flamengo tem retrospecto positivo contra argentinos na Libertadores","datePublished":"2022-08-31T18:42:40+00:00","dateModified":"2022-08-31T18:42:43+00:00","mainEntityOfPage":{"@id":"https:\/\/www.gaveanews.com\/index.php\/2022\/08\/31\/flamengo-tem-retrospecto-positivo-contra-argentinos-na-libertadores\/"},"wordCount":320,"commentCount":0,"image":{"@id":"https:\/\/www.gaveanews.com\/index.php\/2022\/08\/31\/flamengo-tem-retrospecto-positivo-contra-argentinos-na-libertadores\/#primaryimage"},"thumbnailUrl":"https:\/\/www.gaveanews.com\/wp-content\/uploads\/Everton-Ribeiro-em-acao-pelo-Flamengo-durante-o-jogo-contra-o-Velez-na-Copa-Libertadores-da-America-de-2021.webp","articleSection":["Flamengo"],"inLanguage":"pt-BR","potentialAction":[{"@type":"CommentAction","name":"Comment","target":["https:\/\/www.gaveanews.com\/index.php\/2022\/08\/31\/flamengo-tem-retrospecto-positivo-contra-argentinos-na-libertadores\/#respond"]}],"copyrightYear":"2022","copyrightHolder":{"@id":"https:\/\/www.gaveanews.com\/#organization"}},{"@type":"WebPage","@id":"https:\/\/www.gaveanews.com\/index.php\/2022\/08\/31\/flamengo-tem-retrospecto-positivo-contra-argentinos-na-libertadores\/","url":"https:\/\/www.gaveanews.com\/index.php\/2022\/08\/31\/flamengo-tem-retrospecto-positivo-contra-argentinos-na-libertadores\/","name":"Flamengo tem retrospecto positivo contra argentinos na Libertadores","isPartOf":{"@id":"https:\/\/www.gaveanews.com\/#website"},"primaryImageOfPage":{"@id":"https:\/\/www.gaveanews.com\/index.php\/2022\/08\/31\/flamengo-tem-retrospecto-positivo-contra-argentinos-na-libertadores\/#primaryimage"},"image":{"@id":"https:\/\/www.gaveanews.com\/index.php\/2022\/08\/31\/flamengo-tem-retrospecto-positivo-contra-argentinos-na-libertadores\/#primaryimage"},"thumbnailUrl":"https:\/\/www.gaveanews.com\/wp-content\/uploads\/Everton-Ribeiro-em-acao-pelo-Flamengo-durante-o-jogo-contra-o-Velez-na-Copa-Libertadores-da-America-de-2021.webp","datePublished":"2022-08-31T18:42:40+00:00","dateModified":"2022-08-31T18:42:43+00:00","author":{"@id":"https:\/\/www.gaveanews.com\/#\/schema\/person\/2ec14f73fb96be2caf28f91afb14749d"},"breadcrumb":{"@id":"https:\/\/www.gaveanews.com\/index.php\/2022\/08\/31\/flamengo-tem-retrospecto-positivo-contra-argentinos-na-libertadores\/#breadcrumb"},"inLanguage":"pt-BR","potentialAction":[{"@type":"ReadAction","target":["https:\/\/www.gaveanews.com\/index.php\/2022\/08\/31\/flamengo-tem-retrospecto-positivo-contra-argentinos-na-libertadores\/"]}]},{"@type":"ImageObject","inLanguage":"pt-BR","@id":"https:\/\/www.gaveanews.com\/index.php\/2022\/08\/31\/flamengo-tem-retrospecto-positivo-contra-argentinos-na-libertadores\/#primaryimage","url":"https:\/\/www.gaveanews.com\/wp-content\/uploads\/Everton-Ribeiro-em-acao-pelo-Flamengo-durante-o-jogo-contra-o-Velez-na-Copa-Libertadores-da-America-de-2021.webp","contentUrl":"https:\/\/www.gaveanews.com\/wp-content\/uploads\/Everton-Ribeiro-em-acao-pelo-Flamengo-durante-o-jogo-contra-o-Velez-na-Copa-Libertadores-da-America-de-2021.webp","width":800,"height":533,"caption":"Everton Ribeiro em a\u00e7\u00e3o pelo Flamengo durante o jogo contra o Velez na Copa Libertadores da Am\u00e9rica de 2021 (Foto: Marcelo Cortes\/Flamengo)"},{"@type":"BreadcrumbList","@id":"https:\/\/www.gaveanews.com\/index.php\/2022\/08\/31\/flamengo-tem-retrospecto-positivo-contra-argentinos-na-libertadores\/#breadcrumb","itemListElement":[{"@type":"ListItem","position":1,"name":"Home","item":"https:\/\/www.gaveanews.com\/"},{"@type":"ListItem","position":2,"name":"Flamengo tem retrospecto positivo contra argentinos na Libertadores"}]},{"@type":"WebSite","@id":"https:\/\/www.gaveanews.com\/#website","url":"https:\/\/www.gaveanews.com\/","name":"G\u00e1vea News","description":"Veja todas as not\u00edcias sobre o Flamengo: Contrata\u00e7\u00f5es, categorias de base, resultados das partidas, tabela de classifica\u00e7\u00e3o, pr\u00f3ximos jogos!","potentialAction":[{"@type":"SearchAction","target":{"@type":"EntryPoint","urlTemplate":"https:\/\/www.gaveanews.com\/?s={search_term_string}"},"query-input":{"@type":"PropertyValueSpecification","valueRequired":true,"valueName":"search_term_string"}}],"inLanguage":"pt-BR"},{"@type":"Person","@id":"https:\/\/www.gaveanews.com\/#\/schema\/person\/2ec14f73fb96be2caf28f91afb14749d","name":"Equipe G\u00e1vea News","image":{"@type":"ImageObject","inLanguage":"pt-BR","@id":"https:\/\/www.gaveanews.com\/#\/schema\/person\/image\/","url":"https:\/\/secure.gravatar.com\/avatar\/1e1956f1facbffd3f8fa53a326721950116b3b9dc9bd44939c01180fd4a745a9?s=96&d=mm&r=g","contentUrl":"https:\/\/secure.gravatar.com\/avatar\/1e1956f1facbffd3f8fa53a326721950116b3b9dc9bd44939c01180fd4a745a9?s=96&d=mm&r=g","caption":"Equipe G\u00e1vea News"}}]}},"_links":{"self":[{"href":"https:\/\/www.gaveanews.com\/index.php\/wp-json\/wp\/v2\/posts\/86728","targetHints":{"allow":["GET"]}}],"collection":[{"href":"https:\/\/www.gaveanews.com\/index.php\/wp-json\/wp\/v2\/posts"}],"about":[{"href":"https:\/\/www.gaveanews.com\/index.php\/wp-json\/wp\/v2\/types\/post"}],"author":[{"embeddable":true,"href":"https:\/\/www.gaveanews.com\/index.php\/wp-json\/wp\/v2\/users\/1"}],"replies":[{"embeddable":true,"href":"https:\/\/www.gaveanews.com\/index.php\/wp-json\/wp\/v2\/comments?post=86728"}],"version-history":[{"count":0,"href":"https:\/\/www.gaveanews.com\/index.php\/wp-json\/wp\/v2\/posts\/86728\/revisions"}],"wp:featuredmedia":[{"embeddable":true,"href":"https:\/\/www.gaveanews.com\/index.php\/wp-json\/wp\/v2\/media\/59677"}],"wp:attachment":[{"href":"https:\/\/www.gaveanews.com\/index.php\/wp-json\/wp\/v2\/media?parent=86728"}],"wp:term":[{"taxonomy":"category","embeddable":true,"href":"https:\/\/www.gaveanews.com\/index.php\/wp-json\/wp\/v2\/categories?post=86728"},{"taxonomy":"post_tag","embeddable":true,"href":"https:\/\/www.gaveanews.com\/index.php\/wp-json\/wp\/v2\/tags?post=86728"}],"curies":[{"name":"wp","href":"https:\/\/api.w.org\/{rel}","templated":true}]}}