{"id":86730,"date":"2022-08-31T17:52:20","date_gmt":"2022-08-31T20:52:20","guid":{"rendered":"https:\/\/www.gaveanews.com\/?p=86730"},"modified":"2022-08-31T20:58:30","modified_gmt":"2022-08-31T23:58:30","slug":"saiu-veja-a-escalacao-do-flamengo-para-o-jogo-contra-o-velez-pela-libertadores","status":"publish","type":"post","link":"https:\/\/www.gaveanews.com\/index.php\/2022\/08\/31\/saiu-veja-a-escalacao-do-flamengo-para-o-jogo-contra-o-velez-pela-libertadores\/","title":{"rendered":"Saiu! Veja a escala\u00e7\u00e3o do Flamengo para o jogo contra o V\u00e9lez pela Libertadores"},"content":{"rendered":"\n<p>Na noite desta quarta-feira (31) o time do Flamengo ir\u00e1 disputar o seu \u00faltimo compromisso do m\u00eas de agosto. O advers\u00e1rio da vez \u00e9 o V\u00e9lez Sarsfield. E o jogo ser\u00e1 disputado em Bueno Aires, mais precisamente, no est\u00e1dio Jos\u00e9 Amalfitani. A bola ir\u00e1 rolar \u00e0s 21h30 (de acordo com o hor\u00e1rio de Bras\u00edlia). <\/p>\n\n\n\n<p>Dado este contexto, o portal G\u00e1vea News realizou um levantamento com as principais informa\u00e7\u00f5es da partida. Confira abaixo todos os detalhes:<\/p>\n\n\n\n<h2 class=\"wp-block-heading\" id=\"h-polemica-com-o-gramado\">Pol\u00eamica com o gramado<\/h2>\n\n\n\n<p>Antes mesmo da bola rolar, uma pol\u00eamica repercutiu dentre os torcedores flamenguistas. Isso porque, a diretoria do V\u00e9lez optou por danificar o gramado do seu pr\u00f3prio est\u00e1dio para prejudicar o time do Flamengo. At\u00e9 a semana passada, o mesmo estava em \u00f3timas condi\u00e7\u00f5es, por\u00e9m, neste exato momento ele encontra-se em p\u00e9ssima condi\u00e7\u00f5es (veja fotos abaixo).<\/p>\n\n\n\n<p>Vale destacar que um jornalista argentino (que optou por se manter no anonimato) revelou que o gramado do Jos\u00e9 Amalfitani era considerado como um dos melhores da Argentina. Ou seja, o V\u00e9lez entendeu que um gramado danificado ir\u00e1 dificultar a vida dos jogadores do Flamengo.<\/p>\n\n\n<div class=\"wp-block-image\">\n<figure class=\"aligncenter size-large\"><img decoding=\"async\" src=\"https:\/\/www.flaresenha.com\/wp-content\/uploads\/2022\/08\/20220831152816-cats.webp\" alt=\"\"\/><\/figure>\n<\/div>\n\n<div class=\"wp-block-image\">\n<figure class=\"aligncenter size-large\"><img decoding=\"async\" src=\"https:\/\/www.flaresenha.com\/wp-content\/uploads\/2022\/08\/page-1.webp\" alt=\"\"\/><\/figure>\n<\/div>\n\n\n<h2 class=\"wp-block-heading\" id=\"h-desfalques-do-flamengo\">Desfalques do Flamengo<\/h2>\n\n\n\n<p>O treinador Dorival Junior contar\u00e1 com quase todos os jogadores do elenco Rubro-Negro. As \u00fanicas exce\u00e7\u00f5es ficam por conta de: Bruno Henrique, Marinho e Rodrigo Caio. O trio sequer viajou com a delega\u00e7\u00e3o e ir\u00e3o assistir a semifinal pela televis\u00e3o.<\/p>\n\n\n\n<h2 class=\"wp-block-heading\" id=\"h-jogadores-do-flamengo-pendurados\">Jogadores do Flamengo pendurados<\/h2>\n\n\n\n<p>J\u00e1 pensando no segundo (e decisivo) jogo da semifinal, dois jogadores do Flamengo ter\u00e3o que ter um cuidado extra para n\u00e3o serem punidos com um cart\u00e3o amarelo pois eles j\u00e1 est\u00e3o pendurados. Curiosamente, ambos s\u00e3o zagueiros: L\u00e9o Pereira e David Luiz.<\/p>\n\n\n\n<h2 class=\"wp-block-heading\" id=\"h-apostas-no-jogo-do-flamengo\">Apostas no jogo do Flamengo<\/h2>\n\n\n\n<p>Vai apostar no jogo do Flamengo? <a href=\"https:\/\/www.gaveanews.com\/?p=86731\">Clique aqui e veja algumas dicas e estat\u00edsticas para o jogo. Ainda de quebra, aproveite nossa promo\u00e7\u00e3o para ganhar 100% de b\u00f4nus. <\/a><\/p>\n\n\n\n<h2 class=\"wp-block-heading\" id=\"h-gols-do-flamengo\">Gols do Flamengo<\/h2>\n\n\n\n<p>A equipe do G\u00e1vea News far\u00e1 a cobertura do jogo e os gols que o Flamengo marcar ser\u00e3o postados em tempo real em nosso Instagram. <a href=\"https:\/\/bit.ly\/3ebEzeZ\">Clique aqui e siga nosso perfil nosso perfil.<\/a><\/p>\n\n\n\n<h2 class=\"wp-block-heading\" id=\"h-escalacao-do-flamengo\">Escala\u00e7\u00e3o do Flamengo<\/h2>\n\n\n\n<p>Santos, Rodinei, David Luiz, L\u00e9o Pereira e Filipe Lu\u00eds; Thiago Maia, Jo\u00e3o Gomes, Everton Ribeiro e Arrascaeta; Pedro e Gabriel.<\/p>\n\n\n\n<h2 class=\"wp-block-heading\" id=\"h-banco-de-reservas-do-flamengo\">Banco de reservas do Flamengo<\/h2>\n\n\n\n<p>Hugo, Matheuzinho, Varela, Fabr\u00edcio Bruno, Pablo, Ayrton Lucas, Vidal, Erick, Diego Ribas, Victor Hugo, L\u00e1zaro e Everton Cebolinha.<\/p>\n\n\n\n<p> <\/p>\n\n\n\n<p> <\/p>\n","protected":false},"excerpt":{"rendered":"<p>Na noite desta quarta-feira (31) o time do Flamengo ir\u00e1 disputar o seu \u00faltimo compromisso do m\u00eas de agosto. O advers\u00e1rio da vez \u00e9 o V\u00e9lez Sarsfield. E o jogo ser\u00e1 disputado em Bueno Aires, mais precisamente, no est\u00e1dio Jos\u00e9 Amalfitani. A bola ir\u00e1 rolar \u00e0s 21h30 (de acordo com o hor\u00e1rio de Bras\u00edlia). Dado [&hellip;]<\/p>\n","protected":false},"author":2,"featured_media":83199,"comment_status":"open","ping_status":"closed","sticky":false,"template":"","format":"standard","meta":{"footnotes":""},"categories":[1],"tags":[],"class_list":["post-86730","post","type-post","status-publish","format-standard","has-post-thumbnail","hentry","category-flamengo"],"yoast_head":"<!-- This site is optimized with the Yoast SEO Premium plugin v24.2 (Yoast SEO v26.9) - https:\/\/yoast.com\/product\/yoast-seo-premium-wordpress\/ -->\n<title>Saiu! Veja a escala\u00e7\u00e3o do Flamengo para o jogo contra o V\u00e9lez pela Libertadores<\/title>\n<meta name=\"robots\" content=\"index, follow, max-snippet:-1, max-image-preview:large, max-video-preview:-1\" \/>\n<link rel=\"canonical\" href=\"https:\/\/www.gaveanews.com\/index.php\/2022\/08\/31\/saiu-veja-a-escalacao-do-flamengo-para-o-jogo-contra-o-velez-pela-libertadores\/\" \/>\n<meta property=\"og:locale\" content=\"pt_BR\" \/>\n<meta property=\"og:type\" content=\"article\" \/>\n<meta property=\"og:title\" content=\"Saiu! Veja a escala\u00e7\u00e3o do Flamengo para o jogo contra o V\u00e9lez pela Libertadores\" \/>\n<meta property=\"og:description\" content=\"Na noite desta quarta-feira (31) o time do Flamengo ir\u00e1 disputar o seu \u00faltimo compromisso do m\u00eas de agosto. O advers\u00e1rio da vez \u00e9 o V\u00e9lez Sarsfield. E o jogo ser\u00e1 disputado em Bueno Aires, mais precisamente, no est\u00e1dio Jos\u00e9 Amalfitani. A bola ir\u00e1 rolar \u00e0s 21h30 (de acordo com o hor\u00e1rio de Bras\u00edlia). Dado [&hellip;]\" \/>\n<meta property=\"og:url\" content=\"https:\/\/www.gaveanews.com\/index.php\/2022\/08\/31\/saiu-veja-a-escalacao-do-flamengo-para-o-jogo-contra-o-velez-pela-libertadores\/\" \/>\n<meta property=\"og:site_name\" content=\"G\u00e1vea News\" \/>\n<meta property=\"article:publisher\" content=\"https:\/\/facebook.com\/gaveaNews\/\" \/>\n<meta property=\"article:published_time\" content=\"2022-08-31T20:52:20+00:00\" \/>\n<meta property=\"article:modified_time\" content=\"2022-08-31T23:58:30+00:00\" \/>\n<meta property=\"og:image\" content=\"https:\/\/www.gaveanews.com\/wp-content\/uploads\/Escalacao-oficial-do-Flamengo.webp\" \/>\n\t<meta property=\"og:image:width\" content=\"2048\" \/>\n\t<meta property=\"og:image:height\" content=\"1363\" \/>\n\t<meta property=\"og:image:type\" content=\"image\/webp\" \/>\n<meta name=\"author\" content=\"Hugo Nogueira\" \/>\n<meta name=\"twitter:card\" content=\"summary_large_image\" \/>\n<meta name=\"twitter:label1\" content=\"Escrito por\" \/>\n\t<meta name=\"twitter:data1\" content=\"Hugo Nogueira\" \/>\n\t<meta name=\"twitter:label2\" content=\"Est. tempo de leitura\" \/>\n\t<meta name=\"twitter:data2\" content=\"3 minutos\" \/>\n<script type=\"application\/ld+json\" class=\"yoast-schema-graph\">{\"@context\":\"https:\/\/schema.org\",\"@graph\":[{\"@type\":\"NewsArticle\",\"@id\":\"https:\/\/www.gaveanews.com\/index.php\/2022\/08\/31\/saiu-veja-a-escalacao-do-flamengo-para-o-jogo-contra-o-velez-pela-libertadores\/#article\",\"isPartOf\":{\"@id\":\"https:\/\/www.gaveanews.com\/index.php\/2022\/08\/31\/saiu-veja-a-escalacao-do-flamengo-para-o-jogo-contra-o-velez-pela-libertadores\/\"},\"author\":{\"name\":\"Hugo Nogueira\",\"@id\":\"https:\/\/www.gaveanews.com\/#\/schema\/person\/3a0372021fabaeec4e7e4242cfa27841\"},\"headline\":\"Saiu! Veja a escala\u00e7\u00e3o do Flamengo para o jogo contra o V\u00e9lez pela Libertadores\",\"datePublished\":\"2022-08-31T20:52:20+00:00\",\"dateModified\":\"2022-08-31T23:58:30+00:00\",\"mainEntityOfPage\":{\"@id\":\"https:\/\/www.gaveanews.com\/index.php\/2022\/08\/31\/saiu-veja-a-escalacao-do-flamengo-para-o-jogo-contra-o-velez-pela-libertadores\/\"},\"wordCount\":434,\"commentCount\":0,\"image\":{\"@id\":\"https:\/\/www.gaveanews.com\/index.php\/2022\/08\/31\/saiu-veja-a-escalacao-do-flamengo-para-o-jogo-contra-o-velez-pela-libertadores\/#primaryimage\"},\"thumbnailUrl\":\"https:\/\/www.gaveanews.com\/wp-content\/uploads\/Escalacao-oficial-do-Flamengo.webp\",\"articleSection\":[\"Flamengo\"],\"inLanguage\":\"pt-BR\",\"potentialAction\":[{\"@type\":\"CommentAction\",\"name\":\"Comment\",\"target\":[\"https:\/\/www.gaveanews.com\/index.php\/2022\/08\/31\/saiu-veja-a-escalacao-do-flamengo-para-o-jogo-contra-o-velez-pela-libertadores\/#respond\"]}],\"copyrightYear\":\"2022\",\"copyrightHolder\":{\"@id\":\"https:\/\/www.gaveanews.com\/#organization\"}},{\"@type\":\"WebPage\",\"@id\":\"https:\/\/www.gaveanews.com\/index.php\/2022\/08\/31\/saiu-veja-a-escalacao-do-flamengo-para-o-jogo-contra-o-velez-pela-libertadores\/\",\"url\":\"https:\/\/www.gaveanews.com\/index.php\/2022\/08\/31\/saiu-veja-a-escalacao-do-flamengo-para-o-jogo-contra-o-velez-pela-libertadores\/\",\"name\":\"Saiu! Veja a escala\u00e7\u00e3o do Flamengo para o jogo contra o V\u00e9lez pela Libertadores\",\"isPartOf\":{\"@id\":\"https:\/\/www.gaveanews.com\/#website\"},\"primaryImageOfPage\":{\"@id\":\"https:\/\/www.gaveanews.com\/index.php\/2022\/08\/31\/saiu-veja-a-escalacao-do-flamengo-para-o-jogo-contra-o-velez-pela-libertadores\/#primaryimage\"},\"image\":{\"@id\":\"https:\/\/www.gaveanews.com\/index.php\/2022\/08\/31\/saiu-veja-a-escalacao-do-flamengo-para-o-jogo-contra-o-velez-pela-libertadores\/#primaryimage\"},\"thumbnailUrl\":\"https:\/\/www.gaveanews.com\/wp-content\/uploads\/Escalacao-oficial-do-Flamengo.webp\",\"datePublished\":\"2022-08-31T20:52:20+00:00\",\"dateModified\":\"2022-08-31T23:58:30+00:00\",\"author\":{\"@id\":\"https:\/\/www.gaveanews.com\/#\/schema\/person\/3a0372021fabaeec4e7e4242cfa27841\"},\"breadcrumb\":{\"@id\":\"https:\/\/www.gaveanews.com\/index.php\/2022\/08\/31\/saiu-veja-a-escalacao-do-flamengo-para-o-jogo-contra-o-velez-pela-libertadores\/#breadcrumb\"},\"inLanguage\":\"pt-BR\",\"potentialAction\":[{\"@type\":\"ReadAction\",\"target\":[\"https:\/\/www.gaveanews.com\/index.php\/2022\/08\/31\/saiu-veja-a-escalacao-do-flamengo-para-o-jogo-contra-o-velez-pela-libertadores\/\"]}]},{\"@type\":\"ImageObject\",\"inLanguage\":\"pt-BR\",\"@id\":\"https:\/\/www.gaveanews.com\/index.php\/2022\/08\/31\/saiu-veja-a-escalacao-do-flamengo-para-o-jogo-contra-o-velez-pela-libertadores\/#primaryimage\",\"url\":\"https:\/\/www.gaveanews.com\/wp-content\/uploads\/Escalacao-oficial-do-Flamengo.webp\",\"contentUrl\":\"https:\/\/www.gaveanews.com\/wp-content\/uploads\/Escalacao-oficial-do-Flamengo.webp\",\"width\":2048,\"height\":1363,\"caption\":\"Escala\u00e7\u00e3o oficial do Flamengo (Ilustra\u00e7\u00e3o: Editoria de Arte\/GaveaNews.com)\"},{\"@type\":\"BreadcrumbList\",\"@id\":\"https:\/\/www.gaveanews.com\/index.php\/2022\/08\/31\/saiu-veja-a-escalacao-do-flamengo-para-o-jogo-contra-o-velez-pela-libertadores\/#breadcrumb\",\"itemListElement\":[{\"@type\":\"ListItem\",\"position\":1,\"name\":\"Home\",\"item\":\"https:\/\/www.gaveanews.com\/\"},{\"@type\":\"ListItem\",\"position\":2,\"name\":\"Saiu! Veja a escala\u00e7\u00e3o do Flamengo para o jogo contra o V\u00e9lez pela Libertadores\"}]},{\"@type\":\"WebSite\",\"@id\":\"https:\/\/www.gaveanews.com\/#website\",\"url\":\"https:\/\/www.gaveanews.com\/\",\"name\":\"G\u00e1vea News\",\"description\":\"Veja todas as not\u00edcias sobre o Flamengo: Contrata\u00e7\u00f5es, categorias de base, resultados das partidas, tabela de classifica\u00e7\u00e3o, pr\u00f3ximos jogos!\",\"potentialAction\":[{\"@type\":\"SearchAction\",\"target\":{\"@type\":\"EntryPoint\",\"urlTemplate\":\"https:\/\/www.gaveanews.com\/?s={search_term_string}\"},\"query-input\":{\"@type\":\"PropertyValueSpecification\",\"valueRequired\":true,\"valueName\":\"search_term_string\"}}],\"inLanguage\":\"pt-BR\"},{\"@type\":\"Person\",\"@id\":\"https:\/\/www.gaveanews.com\/#\/schema\/person\/3a0372021fabaeec4e7e4242cfa27841\",\"name\":\"Hugo Nogueira\",\"image\":{\"@type\":\"ImageObject\",\"inLanguage\":\"pt-BR\",\"@id\":\"https:\/\/www.gaveanews.com\/#\/schema\/person\/image\/\",\"url\":\"https:\/\/secure.gravatar.com\/avatar\/0cdd89f3b47bb55926c08eee2db992845cfdd53f84c9fdd47a49d89b3cd40c0a?s=96&d=mm&r=g\",\"contentUrl\":\"https:\/\/secure.gravatar.com\/avatar\/0cdd89f3b47bb55926c08eee2db992845cfdd53f84c9fdd47a49d89b3cd40c0a?s=96&d=mm&r=g\",\"caption\":\"Hugo Nogueira\"}}]}<\/script>\n<!-- \/ Yoast SEO Premium plugin. -->","yoast_head_json":{"title":"Saiu! Veja a escala\u00e7\u00e3o do Flamengo para o jogo contra o V\u00e9lez pela Libertadores","robots":{"index":"index","follow":"follow","max-snippet":"max-snippet:-1","max-image-preview":"max-image-preview:large","max-video-preview":"max-video-preview:-1"},"canonical":"https:\/\/www.gaveanews.com\/index.php\/2022\/08\/31\/saiu-veja-a-escalacao-do-flamengo-para-o-jogo-contra-o-velez-pela-libertadores\/","og_locale":"pt_BR","og_type":"article","og_title":"Saiu! Veja a escala\u00e7\u00e3o do Flamengo para o jogo contra o V\u00e9lez pela Libertadores","og_description":"Na noite desta quarta-feira (31) o time do Flamengo ir\u00e1 disputar o seu \u00faltimo compromisso do m\u00eas de agosto. O advers\u00e1rio da vez \u00e9 o V\u00e9lez Sarsfield. E o jogo ser\u00e1 disputado em Bueno Aires, mais precisamente, no est\u00e1dio Jos\u00e9 Amalfitani. A bola ir\u00e1 rolar \u00e0s 21h30 (de acordo com o hor\u00e1rio de Bras\u00edlia). Dado [&hellip;]","og_url":"https:\/\/www.gaveanews.com\/index.php\/2022\/08\/31\/saiu-veja-a-escalacao-do-flamengo-para-o-jogo-contra-o-velez-pela-libertadores\/","og_site_name":"G\u00e1vea News","article_publisher":"https:\/\/facebook.com\/gaveaNews\/","article_published_time":"2022-08-31T20:52:20+00:00","article_modified_time":"2022-08-31T23:58:30+00:00","og_image":[{"width":2048,"height":1363,"url":"https:\/\/www.gaveanews.com\/wp-content\/uploads\/Escalacao-oficial-do-Flamengo.webp","type":"image\/webp"}],"author":"Hugo Nogueira","twitter_card":"summary_large_image","twitter_misc":{"Escrito por":"Hugo Nogueira","Est. tempo de leitura":"3 minutos"},"schema":{"@context":"https:\/\/schema.org","@graph":[{"@type":"NewsArticle","@id":"https:\/\/www.gaveanews.com\/index.php\/2022\/08\/31\/saiu-veja-a-escalacao-do-flamengo-para-o-jogo-contra-o-velez-pela-libertadores\/#article","isPartOf":{"@id":"https:\/\/www.gaveanews.com\/index.php\/2022\/08\/31\/saiu-veja-a-escalacao-do-flamengo-para-o-jogo-contra-o-velez-pela-libertadores\/"},"author":{"name":"Hugo Nogueira","@id":"https:\/\/www.gaveanews.com\/#\/schema\/person\/3a0372021fabaeec4e7e4242cfa27841"},"headline":"Saiu! Veja a escala\u00e7\u00e3o do Flamengo para o jogo contra o V\u00e9lez pela Libertadores","datePublished":"2022-08-31T20:52:20+00:00","dateModified":"2022-08-31T23:58:30+00:00","mainEntityOfPage":{"@id":"https:\/\/www.gaveanews.com\/index.php\/2022\/08\/31\/saiu-veja-a-escalacao-do-flamengo-para-o-jogo-contra-o-velez-pela-libertadores\/"},"wordCount":434,"commentCount":0,"image":{"@id":"https:\/\/www.gaveanews.com\/index.php\/2022\/08\/31\/saiu-veja-a-escalacao-do-flamengo-para-o-jogo-contra-o-velez-pela-libertadores\/#primaryimage"},"thumbnailUrl":"https:\/\/www.gaveanews.com\/wp-content\/uploads\/Escalacao-oficial-do-Flamengo.webp","articleSection":["Flamengo"],"inLanguage":"pt-BR","potentialAction":[{"@type":"CommentAction","name":"Comment","target":["https:\/\/www.gaveanews.com\/index.php\/2022\/08\/31\/saiu-veja-a-escalacao-do-flamengo-para-o-jogo-contra-o-velez-pela-libertadores\/#respond"]}],"copyrightYear":"2022","copyrightHolder":{"@id":"https:\/\/www.gaveanews.com\/#organization"}},{"@type":"WebPage","@id":"https:\/\/www.gaveanews.com\/index.php\/2022\/08\/31\/saiu-veja-a-escalacao-do-flamengo-para-o-jogo-contra-o-velez-pela-libertadores\/","url":"https:\/\/www.gaveanews.com\/index.php\/2022\/08\/31\/saiu-veja-a-escalacao-do-flamengo-para-o-jogo-contra-o-velez-pela-libertadores\/","name":"Saiu! Veja a escala\u00e7\u00e3o do Flamengo para o jogo contra o V\u00e9lez pela Libertadores","isPartOf":{"@id":"https:\/\/www.gaveanews.com\/#website"},"primaryImageOfPage":{"@id":"https:\/\/www.gaveanews.com\/index.php\/2022\/08\/31\/saiu-veja-a-escalacao-do-flamengo-para-o-jogo-contra-o-velez-pela-libertadores\/#primaryimage"},"image":{"@id":"https:\/\/www.gaveanews.com\/index.php\/2022\/08\/31\/saiu-veja-a-escalacao-do-flamengo-para-o-jogo-contra-o-velez-pela-libertadores\/#primaryimage"},"thumbnailUrl":"https:\/\/www.gaveanews.com\/wp-content\/uploads\/Escalacao-oficial-do-Flamengo.webp","datePublished":"2022-08-31T20:52:20+00:00","dateModified":"2022-08-31T23:58:30+00:00","author":{"@id":"https:\/\/www.gaveanews.com\/#\/schema\/person\/3a0372021fabaeec4e7e4242cfa27841"},"breadcrumb":{"@id":"https:\/\/www.gaveanews.com\/index.php\/2022\/08\/31\/saiu-veja-a-escalacao-do-flamengo-para-o-jogo-contra-o-velez-pela-libertadores\/#breadcrumb"},"inLanguage":"pt-BR","potentialAction":[{"@type":"ReadAction","target":["https:\/\/www.gaveanews.com\/index.php\/2022\/08\/31\/saiu-veja-a-escalacao-do-flamengo-para-o-jogo-contra-o-velez-pela-libertadores\/"]}]},{"@type":"ImageObject","inLanguage":"pt-BR","@id":"https:\/\/www.gaveanews.com\/index.php\/2022\/08\/31\/saiu-veja-a-escalacao-do-flamengo-para-o-jogo-contra-o-velez-pela-libertadores\/#primaryimage","url":"https:\/\/www.gaveanews.com\/wp-content\/uploads\/Escalacao-oficial-do-Flamengo.webp","contentUrl":"https:\/\/www.gaveanews.com\/wp-content\/uploads\/Escalacao-oficial-do-Flamengo.webp","width":2048,"height":1363,"caption":"Escala\u00e7\u00e3o oficial do Flamengo (Ilustra\u00e7\u00e3o: Editoria de Arte\/GaveaNews.com)"},{"@type":"BreadcrumbList","@id":"https:\/\/www.gaveanews.com\/index.php\/2022\/08\/31\/saiu-veja-a-escalacao-do-flamengo-para-o-jogo-contra-o-velez-pela-libertadores\/#breadcrumb","itemListElement":[{"@type":"ListItem","position":1,"name":"Home","item":"https:\/\/www.gaveanews.com\/"},{"@type":"ListItem","position":2,"name":"Saiu! Veja a escala\u00e7\u00e3o do Flamengo para o jogo contra o V\u00e9lez pela Libertadores"}]},{"@type":"WebSite","@id":"https:\/\/www.gaveanews.com\/#website","url":"https:\/\/www.gaveanews.com\/","name":"G\u00e1vea News","description":"Veja todas as not\u00edcias sobre o Flamengo: Contrata\u00e7\u00f5es, categorias de base, resultados das partidas, tabela de classifica\u00e7\u00e3o, pr\u00f3ximos jogos!","potentialAction":[{"@type":"SearchAction","target":{"@type":"EntryPoint","urlTemplate":"https:\/\/www.gaveanews.com\/?s={search_term_string}"},"query-input":{"@type":"PropertyValueSpecification","valueRequired":true,"valueName":"search_term_string"}}],"inLanguage":"pt-BR"},{"@type":"Person","@id":"https:\/\/www.gaveanews.com\/#\/schema\/person\/3a0372021fabaeec4e7e4242cfa27841","name":"Hugo Nogueira","image":{"@type":"ImageObject","inLanguage":"pt-BR","@id":"https:\/\/www.gaveanews.com\/#\/schema\/person\/image\/","url":"https:\/\/secure.gravatar.com\/avatar\/0cdd89f3b47bb55926c08eee2db992845cfdd53f84c9fdd47a49d89b3cd40c0a?s=96&d=mm&r=g","contentUrl":"https:\/\/secure.gravatar.com\/avatar\/0cdd89f3b47bb55926c08eee2db992845cfdd53f84c9fdd47a49d89b3cd40c0a?s=96&d=mm&r=g","caption":"Hugo Nogueira"}}]}},"_links":{"self":[{"href":"https:\/\/www.gaveanews.com\/index.php\/wp-json\/wp\/v2\/posts\/86730","targetHints":{"allow":["GET"]}}],"collection":[{"href":"https:\/\/www.gaveanews.com\/index.php\/wp-json\/wp\/v2\/posts"}],"about":[{"href":"https:\/\/www.gaveanews.com\/index.php\/wp-json\/wp\/v2\/types\/post"}],"author":[{"embeddable":true,"href":"https:\/\/www.gaveanews.com\/index.php\/wp-json\/wp\/v2\/users\/2"}],"replies":[{"embeddable":true,"href":"https:\/\/www.gaveanews.com\/index.php\/wp-json\/wp\/v2\/comments?post=86730"}],"version-history":[{"count":0,"href":"https:\/\/www.gaveanews.com\/index.php\/wp-json\/wp\/v2\/posts\/86730\/revisions"}],"wp:featuredmedia":[{"embeddable":true,"href":"https:\/\/www.gaveanews.com\/index.php\/wp-json\/wp\/v2\/media\/83199"}],"wp:attachment":[{"href":"https:\/\/www.gaveanews.com\/index.php\/wp-json\/wp\/v2\/media?parent=86730"}],"wp:term":[{"taxonomy":"category","embeddable":true,"href":"https:\/\/www.gaveanews.com\/index.php\/wp-json\/wp\/v2\/categories?post=86730"},{"taxonomy":"post_tag","embeddable":true,"href":"https:\/\/www.gaveanews.com\/index.php\/wp-json\/wp\/v2\/tags?post=86730"}],"curies":[{"name":"wp","href":"https:\/\/api.w.org\/{rel}","templated":true}]}}