{"id":86736,"date":"2022-08-31T19:05:19","date_gmt":"2022-08-31T22:05:19","guid":{"rendered":"https:\/\/www.gaveanews.com\/?p=86736"},"modified":"2024-04-06T23:05:49","modified_gmt":"2024-04-07T02:05:49","slug":"mauro-cesar-pereira-dispara-sobre-polemicas-antes-de-velez-x-flamengo","status":"publish","type":"post","link":"https:\/\/www.gaveanews.com\/index.php\/2022\/08\/31\/mauro-cesar-pereira-dispara-sobre-polemicas-antes-de-velez-x-flamengo\/","title":{"rendered":"Mauro Cesar Pereira dispara sobre pol\u00eamicas antes de V\u00e9lez x Flamengo"},"content":{"rendered":"\n<p>O Flamengo \u00e9 fraco-favorito para conseguir a classifica\u00e7\u00e3o para a final da Libertadores nos duelos diante do V\u00e9lez Sarsfield. Mas o time argentino promete dificultar ao m\u00e1ximo.<\/p>\n\n\n\n<p>O clube tenta aproveitar o clima de \u201cj\u00e1 ganhou\u201d que prevalece entre imprensa e torcedores brasileiros e ainda tem um gramado bem ruim no est\u00e1dio Jos\u00e9 Amalfitani, local do primeiro jogo, hoje (31), \u00e0s 21h30 (hor\u00e1rio de Bras\u00edlia).<\/p>\n\n\n\n<p>Antes do jogo, em entrevista coletiva, o treinador V\u00e9lez, Cacique Medina, foi questionado sobre uma situa\u00e7\u00e3o que ocorre no Brasil em que muitos jornalistas e torcedores j\u00e1 colocam o Flamengo na final da Libertadores e citou como seus comandados poder\u00e3o vencer.<\/p>\n\n\n\n<p>\u201cLi o que falam os jornalistas e pessoas em particular. Obviamente que s\u00e3o apenas opini\u00f5es sobre o futebol. Por\u00e9m, tamb\u00e9m no futebol muitas vezes a hist\u00f3ria mostra que a equipe que na teoria chega com menos possibilidade de vencer, acaba ganhando. Aconteceu algo parecido com a gente nos confrontos com o River\u201d, disse.<\/p>\n\n\n\n<p>Em participa\u00e7\u00e3o no programa Bate-Pronto, da r\u00e1dio Jovem Pan, o comentarista Mauro Cezar Pereira disparou contra as palavras do treinador uruguaio.<\/p>\n\n\n\n<p>\u201cO gramado \u00e9 um problema de fato, mas \u00e9 para os dois times. N\u00e3o entendi muito bem essa a\u00ed. Essa coisa do Cacique Medina falando tamb\u00e9m eu acho absolutamente irrelevante. Ele pode falar a bobagem que ele quiser, quem \u00e9 que est\u00e1 ligando para o que ele est\u00e1 falando? S\u00f3 bobo liga para o que o Cacique Medina fala. Sinceramente, eu quero \u00e9 que se dane\u201d, disprou Mauro Cezar.<\/p>\n\n\n\n<p>\u201cEle tem que treinar o time dele. O que interesse \u00e9 se ele vai montar bem o time dele. Se o V\u00e9lez vai jogar bem, se vai jogar melhor que o Flamengo\u2026 o que o V\u00e9lez vai fazer em campo. O que ele fala, se ele acha que \u00e9 o River, que o Cacique resolva l\u00e1. S\u00f3 serve para ficar botando pilha\u201d, completou o jornalista.<\/p>\n\n\n\n<p>O jogo de volta entre Flamengo e V\u00e9lez est\u00e1 marcado para a pr\u00f3xima quarta-feira (7), no Maracan\u00e3.<\/p>\n\n\n\n<p>Retirado de: Torcedores<\/p>\n","protected":false},"excerpt":{"rendered":"<p>O Flamengo \u00e9 fraco-favorito para conseguir a classifica\u00e7\u00e3o para a final da Libertadores nos duelos diante do V\u00e9lez Sarsfield. Mas o time argentino promete dificultar ao m\u00e1ximo. O clube tenta aproveitar o clima de \u201cj\u00e1 ganhou\u201d que prevalece entre imprensa e torcedores brasileiros e ainda tem um gramado bem ruim no est\u00e1dio Jos\u00e9 Amalfitani, local [&hellip;]<\/p>\n","protected":false},"author":1,"featured_media":47445,"comment_status":"open","ping_status":"closed","sticky":false,"template":"","format":"standard","meta":{"footnotes":""},"categories":[1],"tags":[170],"class_list":["post-86736","post","type-post","status-publish","format-standard","has-post-thumbnail","hentry","category-flamengo","tag-mauro-cezar-pereira"],"yoast_head":"<!-- This site is optimized with the Yoast SEO Premium plugin v24.2 (Yoast SEO v26.9) - https:\/\/yoast.com\/product\/yoast-seo-premium-wordpress\/ -->\n<title>Mauro Cesar Pereira dispara sobre pol\u00eamicas antes de V\u00e9lez x Flamengo<\/title>\n<meta name=\"robots\" content=\"index, follow, max-snippet:-1, max-image-preview:large, max-video-preview:-1\" \/>\n<link rel=\"canonical\" href=\"https:\/\/www.gaveanews.com\/index.php\/2022\/08\/31\/mauro-cesar-pereira-dispara-sobre-polemicas-antes-de-velez-x-flamengo\/\" \/>\n<meta property=\"og:locale\" content=\"pt_BR\" \/>\n<meta property=\"og:type\" content=\"article\" \/>\n<meta property=\"og:title\" content=\"Mauro Cesar Pereira dispara sobre pol\u00eamicas antes de V\u00e9lez x Flamengo\" \/>\n<meta property=\"og:description\" content=\"O Flamengo \u00e9 fraco-favorito para conseguir a classifica\u00e7\u00e3o para a final da Libertadores nos duelos diante do V\u00e9lez Sarsfield. Mas o time argentino promete dificultar ao m\u00e1ximo. O clube tenta aproveitar o clima de \u201cj\u00e1 ganhou\u201d que prevalece entre imprensa e torcedores brasileiros e ainda tem um gramado bem ruim no est\u00e1dio Jos\u00e9 Amalfitani, local [&hellip;]\" \/>\n<meta property=\"og:url\" content=\"https:\/\/www.gaveanews.com\/index.php\/2022\/08\/31\/mauro-cesar-pereira-dispara-sobre-polemicas-antes-de-velez-x-flamengo\/\" \/>\n<meta property=\"og:site_name\" content=\"G\u00e1vea News\" \/>\n<meta property=\"article:publisher\" content=\"https:\/\/facebook.com\/gaveaNews\/\" \/>\n<meta property=\"article:published_time\" content=\"2022-08-31T22:05:19+00:00\" \/>\n<meta property=\"article:modified_time\" content=\"2024-04-07T02:05:49+00:00\" \/>\n<meta property=\"og:image\" content=\"https:\/\/www.gaveanews.com\/wp-content\/uploads\/Mauro-Cezar-Pereira-durante-um-programa-da-ESPN.webp\" \/>\n\t<meta property=\"og:image:width\" content=\"846\" \/>\n\t<meta property=\"og:image:height\" content=\"529\" \/>\n\t<meta property=\"og:image:type\" content=\"image\/jpeg\" \/>\n<meta name=\"author\" content=\"Equipe G\u00e1vea News\" \/>\n<meta name=\"twitter:card\" content=\"summary_large_image\" \/>\n<meta name=\"twitter:label1\" content=\"Escrito por\" \/>\n\t<meta name=\"twitter:data1\" content=\"Equipe G\u00e1vea News\" \/>\n\t<meta name=\"twitter:label2\" content=\"Est. tempo de leitura\" \/>\n\t<meta name=\"twitter:data2\" content=\"2 minutos\" \/>\n<script type=\"application\/ld+json\" class=\"yoast-schema-graph\">{\"@context\":\"https:\/\/schema.org\",\"@graph\":[{\"@type\":\"NewsArticle\",\"@id\":\"https:\/\/www.gaveanews.com\/index.php\/2022\/08\/31\/mauro-cesar-pereira-dispara-sobre-polemicas-antes-de-velez-x-flamengo\/#article\",\"isPartOf\":{\"@id\":\"https:\/\/www.gaveanews.com\/index.php\/2022\/08\/31\/mauro-cesar-pereira-dispara-sobre-polemicas-antes-de-velez-x-flamengo\/\"},\"author\":{\"name\":\"Equipe G\u00e1vea News\",\"@id\":\"https:\/\/www.gaveanews.com\/#\/schema\/person\/2ec14f73fb96be2caf28f91afb14749d\"},\"headline\":\"Mauro Cesar Pereira dispara sobre pol\u00eamicas antes de V\u00e9lez x Flamengo\",\"datePublished\":\"2022-08-31T22:05:19+00:00\",\"dateModified\":\"2024-04-07T02:05:49+00:00\",\"mainEntityOfPage\":{\"@id\":\"https:\/\/www.gaveanews.com\/index.php\/2022\/08\/31\/mauro-cesar-pereira-dispara-sobre-polemicas-antes-de-velez-x-flamengo\/\"},\"wordCount\":360,\"commentCount\":0,\"image\":{\"@id\":\"https:\/\/www.gaveanews.com\/index.php\/2022\/08\/31\/mauro-cesar-pereira-dispara-sobre-polemicas-antes-de-velez-x-flamengo\/#primaryimage\"},\"thumbnailUrl\":\"https:\/\/www.gaveanews.com\/wp-content\/uploads\/Mauro-Cezar-Pereira-durante-um-programa-da-ESPN.webp\",\"keywords\":[\"Mauro Cezar Pereira\"],\"articleSection\":[\"Flamengo\"],\"inLanguage\":\"pt-BR\",\"potentialAction\":[{\"@type\":\"CommentAction\",\"name\":\"Comment\",\"target\":[\"https:\/\/www.gaveanews.com\/index.php\/2022\/08\/31\/mauro-cesar-pereira-dispara-sobre-polemicas-antes-de-velez-x-flamengo\/#respond\"]}],\"copyrightYear\":\"2022\",\"copyrightHolder\":{\"@id\":\"https:\/\/www.gaveanews.com\/#organization\"}},{\"@type\":\"WebPage\",\"@id\":\"https:\/\/www.gaveanews.com\/index.php\/2022\/08\/31\/mauro-cesar-pereira-dispara-sobre-polemicas-antes-de-velez-x-flamengo\/\",\"url\":\"https:\/\/www.gaveanews.com\/index.php\/2022\/08\/31\/mauro-cesar-pereira-dispara-sobre-polemicas-antes-de-velez-x-flamengo\/\",\"name\":\"Mauro Cesar Pereira dispara sobre pol\u00eamicas antes de V\u00e9lez x Flamengo\",\"isPartOf\":{\"@id\":\"https:\/\/www.gaveanews.com\/#website\"},\"primaryImageOfPage\":{\"@id\":\"https:\/\/www.gaveanews.com\/index.php\/2022\/08\/31\/mauro-cesar-pereira-dispara-sobre-polemicas-antes-de-velez-x-flamengo\/#primaryimage\"},\"image\":{\"@id\":\"https:\/\/www.gaveanews.com\/index.php\/2022\/08\/31\/mauro-cesar-pereira-dispara-sobre-polemicas-antes-de-velez-x-flamengo\/#primaryimage\"},\"thumbnailUrl\":\"https:\/\/www.gaveanews.com\/wp-content\/uploads\/Mauro-Cezar-Pereira-durante-um-programa-da-ESPN.webp\",\"datePublished\":\"2022-08-31T22:05:19+00:00\",\"dateModified\":\"2024-04-07T02:05:49+00:00\",\"author\":{\"@id\":\"https:\/\/www.gaveanews.com\/#\/schema\/person\/2ec14f73fb96be2caf28f91afb14749d\"},\"breadcrumb\":{\"@id\":\"https:\/\/www.gaveanews.com\/index.php\/2022\/08\/31\/mauro-cesar-pereira-dispara-sobre-polemicas-antes-de-velez-x-flamengo\/#breadcrumb\"},\"inLanguage\":\"pt-BR\",\"potentialAction\":[{\"@type\":\"ReadAction\",\"target\":[\"https:\/\/www.gaveanews.com\/index.php\/2022\/08\/31\/mauro-cesar-pereira-dispara-sobre-polemicas-antes-de-velez-x-flamengo\/\"]}]},{\"@type\":\"ImageObject\",\"inLanguage\":\"pt-BR\",\"@id\":\"https:\/\/www.gaveanews.com\/index.php\/2022\/08\/31\/mauro-cesar-pereira-dispara-sobre-polemicas-antes-de-velez-x-flamengo\/#primaryimage\",\"url\":\"https:\/\/www.gaveanews.com\/wp-content\/uploads\/Mauro-Cezar-Pereira-durante-um-programa-da-ESPN.webp\",\"contentUrl\":\"https:\/\/www.gaveanews.com\/wp-content\/uploads\/Mauro-Cezar-Pereira-durante-um-programa-da-ESPN.webp\",\"width\":846,\"height\":529,\"caption\":\"Mauro Cezar Pereira durante um programa da ESPN (Foto: Reprodu\u00e7\u00e3o)\"},{\"@type\":\"BreadcrumbList\",\"@id\":\"https:\/\/www.gaveanews.com\/index.php\/2022\/08\/31\/mauro-cesar-pereira-dispara-sobre-polemicas-antes-de-velez-x-flamengo\/#breadcrumb\",\"itemListElement\":[{\"@type\":\"ListItem\",\"position\":1,\"name\":\"Home\",\"item\":\"https:\/\/www.gaveanews.com\/\"},{\"@type\":\"ListItem\",\"position\":2,\"name\":\"Mauro Cesar Pereira dispara sobre pol\u00eamicas antes de V\u00e9lez x Flamengo\"}]},{\"@type\":\"WebSite\",\"@id\":\"https:\/\/www.gaveanews.com\/#website\",\"url\":\"https:\/\/www.gaveanews.com\/\",\"name\":\"G\u00e1vea News\",\"description\":\"Veja todas as not\u00edcias sobre o Flamengo: Contrata\u00e7\u00f5es, categorias de base, resultados das partidas, tabela de classifica\u00e7\u00e3o, pr\u00f3ximos jogos!\",\"potentialAction\":[{\"@type\":\"SearchAction\",\"target\":{\"@type\":\"EntryPoint\",\"urlTemplate\":\"https:\/\/www.gaveanews.com\/?s={search_term_string}\"},\"query-input\":{\"@type\":\"PropertyValueSpecification\",\"valueRequired\":true,\"valueName\":\"search_term_string\"}}],\"inLanguage\":\"pt-BR\"},{\"@type\":\"Person\",\"@id\":\"https:\/\/www.gaveanews.com\/#\/schema\/person\/2ec14f73fb96be2caf28f91afb14749d\",\"name\":\"Equipe G\u00e1vea News\",\"image\":{\"@type\":\"ImageObject\",\"inLanguage\":\"pt-BR\",\"@id\":\"https:\/\/www.gaveanews.com\/#\/schema\/person\/image\/\",\"url\":\"https:\/\/secure.gravatar.com\/avatar\/1e1956f1facbffd3f8fa53a326721950116b3b9dc9bd44939c01180fd4a745a9?s=96&d=mm&r=g\",\"contentUrl\":\"https:\/\/secure.gravatar.com\/avatar\/1e1956f1facbffd3f8fa53a326721950116b3b9dc9bd44939c01180fd4a745a9?s=96&d=mm&r=g\",\"caption\":\"Equipe G\u00e1vea News\"}}]}<\/script>\n<!-- \/ Yoast SEO Premium plugin. -->","yoast_head_json":{"title":"Mauro Cesar Pereira dispara sobre pol\u00eamicas antes de V\u00e9lez x Flamengo","robots":{"index":"index","follow":"follow","max-snippet":"max-snippet:-1","max-image-preview":"max-image-preview:large","max-video-preview":"max-video-preview:-1"},"canonical":"https:\/\/www.gaveanews.com\/index.php\/2022\/08\/31\/mauro-cesar-pereira-dispara-sobre-polemicas-antes-de-velez-x-flamengo\/","og_locale":"pt_BR","og_type":"article","og_title":"Mauro Cesar Pereira dispara sobre pol\u00eamicas antes de V\u00e9lez x Flamengo","og_description":"O Flamengo \u00e9 fraco-favorito para conseguir a classifica\u00e7\u00e3o para a final da Libertadores nos duelos diante do V\u00e9lez Sarsfield. Mas o time argentino promete dificultar ao m\u00e1ximo. O clube tenta aproveitar o clima de \u201cj\u00e1 ganhou\u201d que prevalece entre imprensa e torcedores brasileiros e ainda tem um gramado bem ruim no est\u00e1dio Jos\u00e9 Amalfitani, local [&hellip;]","og_url":"https:\/\/www.gaveanews.com\/index.php\/2022\/08\/31\/mauro-cesar-pereira-dispara-sobre-polemicas-antes-de-velez-x-flamengo\/","og_site_name":"G\u00e1vea News","article_publisher":"https:\/\/facebook.com\/gaveaNews\/","article_published_time":"2022-08-31T22:05:19+00:00","article_modified_time":"2024-04-07T02:05:49+00:00","og_image":[{"width":846,"height":529,"url":"https:\/\/www.gaveanews.com\/wp-content\/uploads\/Mauro-Cezar-Pereira-durante-um-programa-da-ESPN.webp","type":"image\/jpeg"}],"author":"Equipe G\u00e1vea News","twitter_card":"summary_large_image","twitter_misc":{"Escrito por":"Equipe G\u00e1vea News","Est. tempo de leitura":"2 minutos"},"schema":{"@context":"https:\/\/schema.org","@graph":[{"@type":"NewsArticle","@id":"https:\/\/www.gaveanews.com\/index.php\/2022\/08\/31\/mauro-cesar-pereira-dispara-sobre-polemicas-antes-de-velez-x-flamengo\/#article","isPartOf":{"@id":"https:\/\/www.gaveanews.com\/index.php\/2022\/08\/31\/mauro-cesar-pereira-dispara-sobre-polemicas-antes-de-velez-x-flamengo\/"},"author":{"name":"Equipe G\u00e1vea News","@id":"https:\/\/www.gaveanews.com\/#\/schema\/person\/2ec14f73fb96be2caf28f91afb14749d"},"headline":"Mauro Cesar Pereira dispara sobre pol\u00eamicas antes de V\u00e9lez x Flamengo","datePublished":"2022-08-31T22:05:19+00:00","dateModified":"2024-04-07T02:05:49+00:00","mainEntityOfPage":{"@id":"https:\/\/www.gaveanews.com\/index.php\/2022\/08\/31\/mauro-cesar-pereira-dispara-sobre-polemicas-antes-de-velez-x-flamengo\/"},"wordCount":360,"commentCount":0,"image":{"@id":"https:\/\/www.gaveanews.com\/index.php\/2022\/08\/31\/mauro-cesar-pereira-dispara-sobre-polemicas-antes-de-velez-x-flamengo\/#primaryimage"},"thumbnailUrl":"https:\/\/www.gaveanews.com\/wp-content\/uploads\/Mauro-Cezar-Pereira-durante-um-programa-da-ESPN.webp","keywords":["Mauro Cezar Pereira"],"articleSection":["Flamengo"],"inLanguage":"pt-BR","potentialAction":[{"@type":"CommentAction","name":"Comment","target":["https:\/\/www.gaveanews.com\/index.php\/2022\/08\/31\/mauro-cesar-pereira-dispara-sobre-polemicas-antes-de-velez-x-flamengo\/#respond"]}],"copyrightYear":"2022","copyrightHolder":{"@id":"https:\/\/www.gaveanews.com\/#organization"}},{"@type":"WebPage","@id":"https:\/\/www.gaveanews.com\/index.php\/2022\/08\/31\/mauro-cesar-pereira-dispara-sobre-polemicas-antes-de-velez-x-flamengo\/","url":"https:\/\/www.gaveanews.com\/index.php\/2022\/08\/31\/mauro-cesar-pereira-dispara-sobre-polemicas-antes-de-velez-x-flamengo\/","name":"Mauro Cesar Pereira dispara sobre pol\u00eamicas antes de V\u00e9lez x Flamengo","isPartOf":{"@id":"https:\/\/www.gaveanews.com\/#website"},"primaryImageOfPage":{"@id":"https:\/\/www.gaveanews.com\/index.php\/2022\/08\/31\/mauro-cesar-pereira-dispara-sobre-polemicas-antes-de-velez-x-flamengo\/#primaryimage"},"image":{"@id":"https:\/\/www.gaveanews.com\/index.php\/2022\/08\/31\/mauro-cesar-pereira-dispara-sobre-polemicas-antes-de-velez-x-flamengo\/#primaryimage"},"thumbnailUrl":"https:\/\/www.gaveanews.com\/wp-content\/uploads\/Mauro-Cezar-Pereira-durante-um-programa-da-ESPN.webp","datePublished":"2022-08-31T22:05:19+00:00","dateModified":"2024-04-07T02:05:49+00:00","author":{"@id":"https:\/\/www.gaveanews.com\/#\/schema\/person\/2ec14f73fb96be2caf28f91afb14749d"},"breadcrumb":{"@id":"https:\/\/www.gaveanews.com\/index.php\/2022\/08\/31\/mauro-cesar-pereira-dispara-sobre-polemicas-antes-de-velez-x-flamengo\/#breadcrumb"},"inLanguage":"pt-BR","potentialAction":[{"@type":"ReadAction","target":["https:\/\/www.gaveanews.com\/index.php\/2022\/08\/31\/mauro-cesar-pereira-dispara-sobre-polemicas-antes-de-velez-x-flamengo\/"]}]},{"@type":"ImageObject","inLanguage":"pt-BR","@id":"https:\/\/www.gaveanews.com\/index.php\/2022\/08\/31\/mauro-cesar-pereira-dispara-sobre-polemicas-antes-de-velez-x-flamengo\/#primaryimage","url":"https:\/\/www.gaveanews.com\/wp-content\/uploads\/Mauro-Cezar-Pereira-durante-um-programa-da-ESPN.webp","contentUrl":"https:\/\/www.gaveanews.com\/wp-content\/uploads\/Mauro-Cezar-Pereira-durante-um-programa-da-ESPN.webp","width":846,"height":529,"caption":"Mauro Cezar Pereira durante um programa da ESPN (Foto: Reprodu\u00e7\u00e3o)"},{"@type":"BreadcrumbList","@id":"https:\/\/www.gaveanews.com\/index.php\/2022\/08\/31\/mauro-cesar-pereira-dispara-sobre-polemicas-antes-de-velez-x-flamengo\/#breadcrumb","itemListElement":[{"@type":"ListItem","position":1,"name":"Home","item":"https:\/\/www.gaveanews.com\/"},{"@type":"ListItem","position":2,"name":"Mauro Cesar Pereira dispara sobre pol\u00eamicas antes de V\u00e9lez x Flamengo"}]},{"@type":"WebSite","@id":"https:\/\/www.gaveanews.com\/#website","url":"https:\/\/www.gaveanews.com\/","name":"G\u00e1vea News","description":"Veja todas as not\u00edcias sobre o Flamengo: Contrata\u00e7\u00f5es, categorias de base, resultados das partidas, tabela de classifica\u00e7\u00e3o, pr\u00f3ximos jogos!","potentialAction":[{"@type":"SearchAction","target":{"@type":"EntryPoint","urlTemplate":"https:\/\/www.gaveanews.com\/?s={search_term_string}"},"query-input":{"@type":"PropertyValueSpecification","valueRequired":true,"valueName":"search_term_string"}}],"inLanguage":"pt-BR"},{"@type":"Person","@id":"https:\/\/www.gaveanews.com\/#\/schema\/person\/2ec14f73fb96be2caf28f91afb14749d","name":"Equipe G\u00e1vea News","image":{"@type":"ImageObject","inLanguage":"pt-BR","@id":"https:\/\/www.gaveanews.com\/#\/schema\/person\/image\/","url":"https:\/\/secure.gravatar.com\/avatar\/1e1956f1facbffd3f8fa53a326721950116b3b9dc9bd44939c01180fd4a745a9?s=96&d=mm&r=g","contentUrl":"https:\/\/secure.gravatar.com\/avatar\/1e1956f1facbffd3f8fa53a326721950116b3b9dc9bd44939c01180fd4a745a9?s=96&d=mm&r=g","caption":"Equipe G\u00e1vea News"}}]}},"_links":{"self":[{"href":"https:\/\/www.gaveanews.com\/index.php\/wp-json\/wp\/v2\/posts\/86736","targetHints":{"allow":["GET"]}}],"collection":[{"href":"https:\/\/www.gaveanews.com\/index.php\/wp-json\/wp\/v2\/posts"}],"about":[{"href":"https:\/\/www.gaveanews.com\/index.php\/wp-json\/wp\/v2\/types\/post"}],"author":[{"embeddable":true,"href":"https:\/\/www.gaveanews.com\/index.php\/wp-json\/wp\/v2\/users\/1"}],"replies":[{"embeddable":true,"href":"https:\/\/www.gaveanews.com\/index.php\/wp-json\/wp\/v2\/comments?post=86736"}],"version-history":[{"count":1,"href":"https:\/\/www.gaveanews.com\/index.php\/wp-json\/wp\/v2\/posts\/86736\/revisions"}],"predecessor-version":[{"id":134645,"href":"https:\/\/www.gaveanews.com\/index.php\/wp-json\/wp\/v2\/posts\/86736\/revisions\/134645"}],"wp:featuredmedia":[{"embeddable":true,"href":"https:\/\/www.gaveanews.com\/index.php\/wp-json\/wp\/v2\/media\/47445"}],"wp:attachment":[{"href":"https:\/\/www.gaveanews.com\/index.php\/wp-json\/wp\/v2\/media?parent=86736"}],"wp:term":[{"taxonomy":"category","embeddable":true,"href":"https:\/\/www.gaveanews.com\/index.php\/wp-json\/wp\/v2\/categories?post=86736"},{"taxonomy":"post_tag","embeddable":true,"href":"https:\/\/www.gaveanews.com\/index.php\/wp-json\/wp\/v2\/tags?post=86736"}],"curies":[{"name":"wp","href":"https:\/\/api.w.org\/{rel}","templated":true}]}}