{"id":86904,"date":"2022-09-04T18:28:20","date_gmt":"2022-09-04T21:28:20","guid":{"rendered":"https:\/\/www.gaveanews.com\/?p=86904"},"modified":"2022-09-04T18:28:22","modified_gmt":"2022-09-04T21:28:22","slug":"marcos-braz-do-flamengo-revela-bastidores-sobre-brian-rodriguez-e-lucas-orellano","status":"publish","type":"post","link":"https:\/\/www.gaveanews.com\/index.php\/2022\/09\/04\/marcos-braz-do-flamengo-revela-bastidores-sobre-brian-rodriguez-e-lucas-orellano\/","title":{"rendered":"Marcos Braz, do Flamengo, revela bastidores sobre Brian Rodr\u00edguez e Lucas Orellano"},"content":{"rendered":"\n<p>O Flamengo realizou v\u00e1rias \u201caquisi\u00e7\u00f5es\u201d para refor\u00e7ar o elenco nesta temporada. Disputando tr\u00eas competi\u00e7\u00f5es (Brasileir\u00e3o S\u00e9rie A, Libertadores e Copa do Brasil), o t\u00e9cnico Dorival J\u00fanior tem v\u00e1rios nomes a sua disposi\u00e7\u00e3o para usar nos campeonatos como Arturo Vidal, Everton Cebolinha, Guillermo Varela e Erick Pulgar, todos com recentes convoca\u00e7\u00f5es para sele\u00e7\u00f5es nacionais.<\/p>\n\n\n\n<p>Por\u00e9m, outro nome por pouco n\u00e3o foi contratado pelo mandat\u00e1rio do clube Marcos Braz. Em entrevista ao podcast Charla, no Youtube, o vice-presidente do Flamengo revelou que tentou acertar com o meia uruguaio Brian Rodr\u00edguez, al\u00e9m de um volante que era do River Plate cujo nome n\u00e3o foi revelado, mas que n\u00e3o conseguiu pelo fato da Europa ter mais for\u00e7a devido \u00e0 moeda:<\/p>\n\n\n\n<p><em>\u2014 N\u00e3o tenha d\u00favida: o problema da moeda e do Brasil est\u00e1 no continente sul-americano. Isso te coloca em algumas situa\u00e7\u00f5es em que voc\u00ea n\u00e3o est\u00e1 em igualdade de condi\u00e7\u00f5es para trazer jogador. Por exemplo, as pessoas falam muito: \u2018\u00c9 s\u00f3 jogador europeu?\u2019. N\u00e3o! A gente contrata qualquer um que possa vir. Por exemplo, nessa janela n\u00f3s tentamos contratar, chegamos muito pr\u00f3ximo de um jogador que est\u00e1 nos Estados Unidos (Brian Rodr\u00edguez), que est\u00e1 na MLS. Fechamos com o jogador, o empres\u00e1rio disse que ter\u00edamos uma condi\u00e7\u00e3o dentro do clube, na hora de trazer, n\u00e3o conseguimos, e por um acaso estava nos Estados Unidos. Isso acontece<\/em>. \u2013 declarou Marcos Braz.<\/p>\n\n\n\n<p><em>\u2014 Estava fechado com o empres\u00e1rio (do Brian Rodr\u00edguez), depois o clube chegou e falou: \u2018S\u00f3 sai vendido e n\u00e3o emprestado\u2019. Isso n\u00e3o servia para a gente. S\u00f3 estou dizendo que n\u00e3o temos nenhum preconceito com nenhum tipo de mercado<\/em>, completou.<\/p>\n\n\n\n<p>Al\u00e9m de Brian Rodr\u00edguez, Braz citou tamb\u00e9m um volante argentino que foi monitorado por clubes da Europa. Apesar de n\u00e3o citar nome, h\u00e1 algum tempo atr\u00e1s o Flamengo demonstrou interesse por Lucas Orellano, promessa de 21 anos que atua nesta posi\u00e7\u00e3o:<\/p>\n\n\n\n<p><em>\u2014 A gente tentou contratar um cabe\u00e7a de \u00e1rea que estava no River [Plate], que estava sendo monitorado por Benfica e Milan. Como vou disputar? A n\u00e3o ser voc\u00ea conhecendo o mercado e um pouco desse jogo. O Benfica foi e pagou o que n\u00f3s n\u00e3o ir\u00edamos pagar e levou o jogador. O que eu quero dizer \u00e9: o Flamengo vai buscar jogador aonde estiver. Por um acaso, na nossa avalia\u00e7\u00e3o, nesses anos os jogadores que n\u00f3s mais quer\u00edamos ou que tinha mais condi\u00e7\u00f5es, estavam na Europa<\/em> \u2013 completou o mandat\u00e1rio.<\/p>\n\n\n\n<p>Retirado de: Torcedores<\/p>\n","protected":false},"excerpt":{"rendered":"<p>O Flamengo realizou v\u00e1rias \u201caquisi\u00e7\u00f5es\u201d para refor\u00e7ar o elenco nesta temporada. Disputando tr\u00eas competi\u00e7\u00f5es (Brasileir\u00e3o S\u00e9rie A, Libertadores e Copa do Brasil), o t\u00e9cnico Dorival J\u00fanior tem v\u00e1rios nomes a sua disposi\u00e7\u00e3o para usar nos campeonatos como Arturo Vidal, Everton Cebolinha, Guillermo Varela e Erick Pulgar, todos com recentes convoca\u00e7\u00f5es para sele\u00e7\u00f5es nacionais. Por\u00e9m, outro [&hellip;]<\/p>\n","protected":false},"author":1,"featured_media":78521,"comment_status":"open","ping_status":"closed","sticky":false,"template":"","format":"standard","meta":{"footnotes":""},"categories":[48],"tags":[],"class_list":["post-86904","post","type-post","status-publish","format-standard","has-post-thumbnail","hentry","category-negociacoes"],"yoast_head":"<!-- This site is optimized with the Yoast SEO Premium plugin v24.2 (Yoast SEO v26.9) - https:\/\/yoast.com\/product\/yoast-seo-premium-wordpress\/ -->\n<title>Marcos Braz, do Flamengo, revela bastidores sobre Brian Rodr\u00edguez e Lucas Orellano<\/title>\n<meta name=\"robots\" content=\"index, follow, max-snippet:-1, max-image-preview:large, max-video-preview:-1\" \/>\n<link rel=\"canonical\" href=\"https:\/\/www.gaveanews.com\/index.php\/2022\/09\/04\/marcos-braz-do-flamengo-revela-bastidores-sobre-brian-rodriguez-e-lucas-orellano\/\" \/>\n<meta property=\"og:locale\" content=\"pt_BR\" \/>\n<meta property=\"og:type\" content=\"article\" \/>\n<meta property=\"og:title\" content=\"Marcos Braz, do Flamengo, revela bastidores sobre Brian Rodr\u00edguez e Lucas Orellano\" \/>\n<meta property=\"og:description\" content=\"O Flamengo realizou v\u00e1rias \u201caquisi\u00e7\u00f5es\u201d para refor\u00e7ar o elenco nesta temporada. Disputando tr\u00eas competi\u00e7\u00f5es (Brasileir\u00e3o S\u00e9rie A, Libertadores e Copa do Brasil), o t\u00e9cnico Dorival J\u00fanior tem v\u00e1rios nomes a sua disposi\u00e7\u00e3o para usar nos campeonatos como Arturo Vidal, Everton Cebolinha, Guillermo Varela e Erick Pulgar, todos com recentes convoca\u00e7\u00f5es para sele\u00e7\u00f5es nacionais. Por\u00e9m, outro [&hellip;]\" \/>\n<meta property=\"og:url\" content=\"https:\/\/www.gaveanews.com\/index.php\/2022\/09\/04\/marcos-braz-do-flamengo-revela-bastidores-sobre-brian-rodriguez-e-lucas-orellano\/\" \/>\n<meta property=\"og:site_name\" content=\"G\u00e1vea News\" \/>\n<meta property=\"article:publisher\" content=\"https:\/\/facebook.com\/gaveaNews\/\" \/>\n<meta property=\"article:published_time\" content=\"2022-09-04T21:28:20+00:00\" \/>\n<meta property=\"article:modified_time\" content=\"2022-09-04T21:28:22+00:00\" \/>\n<meta property=\"og:image\" content=\"https:\/\/www.gaveanews.com\/wp-content\/uploads\/Marcos-Braz-em-entrevista-coletiva-do-Flamengo-no-Ninho-do-Urubu.webp\" \/>\n\t<meta property=\"og:image:width\" content=\"799\" \/>\n\t<meta property=\"og:image:height\" content=\"533\" \/>\n\t<meta property=\"og:image:type\" content=\"image\/jpeg\" \/>\n<meta name=\"author\" content=\"Equipe G\u00e1vea News\" \/>\n<meta name=\"twitter:card\" content=\"summary_large_image\" \/>\n<meta name=\"twitter:label1\" content=\"Escrito por\" \/>\n\t<meta name=\"twitter:data1\" content=\"Equipe G\u00e1vea News\" \/>\n\t<meta name=\"twitter:label2\" content=\"Est. tempo de leitura\" \/>\n\t<meta name=\"twitter:data2\" content=\"3 minutos\" \/>\n<script type=\"application\/ld+json\" class=\"yoast-schema-graph\">{\"@context\":\"https:\/\/schema.org\",\"@graph\":[{\"@type\":\"NewsArticle\",\"@id\":\"https:\/\/www.gaveanews.com\/index.php\/2022\/09\/04\/marcos-braz-do-flamengo-revela-bastidores-sobre-brian-rodriguez-e-lucas-orellano\/#article\",\"isPartOf\":{\"@id\":\"https:\/\/www.gaveanews.com\/index.php\/2022\/09\/04\/marcos-braz-do-flamengo-revela-bastidores-sobre-brian-rodriguez-e-lucas-orellano\/\"},\"author\":{\"name\":\"Equipe G\u00e1vea News\",\"@id\":\"https:\/\/www.gaveanews.com\/#\/schema\/person\/2ec14f73fb96be2caf28f91afb14749d\"},\"headline\":\"Marcos Braz, do Flamengo, revela bastidores sobre Brian Rodr\u00edguez e Lucas Orellano\",\"datePublished\":\"2022-09-04T21:28:20+00:00\",\"dateModified\":\"2022-09-04T21:28:22+00:00\",\"mainEntityOfPage\":{\"@id\":\"https:\/\/www.gaveanews.com\/index.php\/2022\/09\/04\/marcos-braz-do-flamengo-revela-bastidores-sobre-brian-rodriguez-e-lucas-orellano\/\"},\"wordCount\":461,\"commentCount\":0,\"image\":{\"@id\":\"https:\/\/www.gaveanews.com\/index.php\/2022\/09\/04\/marcos-braz-do-flamengo-revela-bastidores-sobre-brian-rodriguez-e-lucas-orellano\/#primaryimage\"},\"thumbnailUrl\":\"https:\/\/www.gaveanews.com\/wp-content\/uploads\/Marcos-Braz-em-entrevista-coletiva-do-Flamengo-no-Ninho-do-Urubu.webp\",\"articleSection\":[\"Negocia\u00e7\u00f5es\"],\"inLanguage\":\"pt-BR\",\"potentialAction\":[{\"@type\":\"CommentAction\",\"name\":\"Comment\",\"target\":[\"https:\/\/www.gaveanews.com\/index.php\/2022\/09\/04\/marcos-braz-do-flamengo-revela-bastidores-sobre-brian-rodriguez-e-lucas-orellano\/#respond\"]}],\"copyrightYear\":\"2022\",\"copyrightHolder\":{\"@id\":\"https:\/\/www.gaveanews.com\/#organization\"}},{\"@type\":\"WebPage\",\"@id\":\"https:\/\/www.gaveanews.com\/index.php\/2022\/09\/04\/marcos-braz-do-flamengo-revela-bastidores-sobre-brian-rodriguez-e-lucas-orellano\/\",\"url\":\"https:\/\/www.gaveanews.com\/index.php\/2022\/09\/04\/marcos-braz-do-flamengo-revela-bastidores-sobre-brian-rodriguez-e-lucas-orellano\/\",\"name\":\"Marcos Braz, do Flamengo, revela bastidores sobre Brian Rodr\u00edguez e Lucas Orellano\",\"isPartOf\":{\"@id\":\"https:\/\/www.gaveanews.com\/#website\"},\"primaryImageOfPage\":{\"@id\":\"https:\/\/www.gaveanews.com\/index.php\/2022\/09\/04\/marcos-braz-do-flamengo-revela-bastidores-sobre-brian-rodriguez-e-lucas-orellano\/#primaryimage\"},\"image\":{\"@id\":\"https:\/\/www.gaveanews.com\/index.php\/2022\/09\/04\/marcos-braz-do-flamengo-revela-bastidores-sobre-brian-rodriguez-e-lucas-orellano\/#primaryimage\"},\"thumbnailUrl\":\"https:\/\/www.gaveanews.com\/wp-content\/uploads\/Marcos-Braz-em-entrevista-coletiva-do-Flamengo-no-Ninho-do-Urubu.webp\",\"datePublished\":\"2022-09-04T21:28:20+00:00\",\"dateModified\":\"2022-09-04T21:28:22+00:00\",\"author\":{\"@id\":\"https:\/\/www.gaveanews.com\/#\/schema\/person\/2ec14f73fb96be2caf28f91afb14749d\"},\"breadcrumb\":{\"@id\":\"https:\/\/www.gaveanews.com\/index.php\/2022\/09\/04\/marcos-braz-do-flamengo-revela-bastidores-sobre-brian-rodriguez-e-lucas-orellano\/#breadcrumb\"},\"inLanguage\":\"pt-BR\",\"potentialAction\":[{\"@type\":\"ReadAction\",\"target\":[\"https:\/\/www.gaveanews.com\/index.php\/2022\/09\/04\/marcos-braz-do-flamengo-revela-bastidores-sobre-brian-rodriguez-e-lucas-orellano\/\"]}]},{\"@type\":\"ImageObject\",\"inLanguage\":\"pt-BR\",\"@id\":\"https:\/\/www.gaveanews.com\/index.php\/2022\/09\/04\/marcos-braz-do-flamengo-revela-bastidores-sobre-brian-rodriguez-e-lucas-orellano\/#primaryimage\",\"url\":\"https:\/\/www.gaveanews.com\/wp-content\/uploads\/Marcos-Braz-em-entrevista-coletiva-do-Flamengo-no-Ninho-do-Urubu.webp\",\"contentUrl\":\"https:\/\/www.gaveanews.com\/wp-content\/uploads\/Marcos-Braz-em-entrevista-coletiva-do-Flamengo-no-Ninho-do-Urubu.webp\",\"width\":799,\"height\":533,\"caption\":\"Marcos Braz em entrevista coletiva do Flamengo no Ninho do Urubu (Foto: Gilvan de Souza\/Flamengo)\"},{\"@type\":\"BreadcrumbList\",\"@id\":\"https:\/\/www.gaveanews.com\/index.php\/2022\/09\/04\/marcos-braz-do-flamengo-revela-bastidores-sobre-brian-rodriguez-e-lucas-orellano\/#breadcrumb\",\"itemListElement\":[{\"@type\":\"ListItem\",\"position\":1,\"name\":\"Home\",\"item\":\"https:\/\/www.gaveanews.com\/\"},{\"@type\":\"ListItem\",\"position\":2,\"name\":\"Marcos Braz, do Flamengo, revela bastidores sobre Brian Rodr\u00edguez e Lucas Orellano\"}]},{\"@type\":\"WebSite\",\"@id\":\"https:\/\/www.gaveanews.com\/#website\",\"url\":\"https:\/\/www.gaveanews.com\/\",\"name\":\"G\u00e1vea News\",\"description\":\"Veja todas as not\u00edcias sobre o Flamengo: Contrata\u00e7\u00f5es, categorias de base, resultados das partidas, tabela de classifica\u00e7\u00e3o, pr\u00f3ximos jogos!\",\"potentialAction\":[{\"@type\":\"SearchAction\",\"target\":{\"@type\":\"EntryPoint\",\"urlTemplate\":\"https:\/\/www.gaveanews.com\/?s={search_term_string}\"},\"query-input\":{\"@type\":\"PropertyValueSpecification\",\"valueRequired\":true,\"valueName\":\"search_term_string\"}}],\"inLanguage\":\"pt-BR\"},{\"@type\":\"Person\",\"@id\":\"https:\/\/www.gaveanews.com\/#\/schema\/person\/2ec14f73fb96be2caf28f91afb14749d\",\"name\":\"Equipe G\u00e1vea News\",\"image\":{\"@type\":\"ImageObject\",\"inLanguage\":\"pt-BR\",\"@id\":\"https:\/\/www.gaveanews.com\/#\/schema\/person\/image\/\",\"url\":\"https:\/\/secure.gravatar.com\/avatar\/1e1956f1facbffd3f8fa53a326721950116b3b9dc9bd44939c01180fd4a745a9?s=96&d=mm&r=g\",\"contentUrl\":\"https:\/\/secure.gravatar.com\/avatar\/1e1956f1facbffd3f8fa53a326721950116b3b9dc9bd44939c01180fd4a745a9?s=96&d=mm&r=g\",\"caption\":\"Equipe G\u00e1vea News\"}}]}<\/script>\n<!-- \/ Yoast SEO Premium plugin. -->","yoast_head_json":{"title":"Marcos Braz, do Flamengo, revela bastidores sobre Brian Rodr\u00edguez e Lucas Orellano","robots":{"index":"index","follow":"follow","max-snippet":"max-snippet:-1","max-image-preview":"max-image-preview:large","max-video-preview":"max-video-preview:-1"},"canonical":"https:\/\/www.gaveanews.com\/index.php\/2022\/09\/04\/marcos-braz-do-flamengo-revela-bastidores-sobre-brian-rodriguez-e-lucas-orellano\/","og_locale":"pt_BR","og_type":"article","og_title":"Marcos Braz, do Flamengo, revela bastidores sobre Brian Rodr\u00edguez e Lucas Orellano","og_description":"O Flamengo realizou v\u00e1rias \u201caquisi\u00e7\u00f5es\u201d para refor\u00e7ar o elenco nesta temporada. Disputando tr\u00eas competi\u00e7\u00f5es (Brasileir\u00e3o S\u00e9rie A, Libertadores e Copa do Brasil), o t\u00e9cnico Dorival J\u00fanior tem v\u00e1rios nomes a sua disposi\u00e7\u00e3o para usar nos campeonatos como Arturo Vidal, Everton Cebolinha, Guillermo Varela e Erick Pulgar, todos com recentes convoca\u00e7\u00f5es para sele\u00e7\u00f5es nacionais. Por\u00e9m, outro [&hellip;]","og_url":"https:\/\/www.gaveanews.com\/index.php\/2022\/09\/04\/marcos-braz-do-flamengo-revela-bastidores-sobre-brian-rodriguez-e-lucas-orellano\/","og_site_name":"G\u00e1vea News","article_publisher":"https:\/\/facebook.com\/gaveaNews\/","article_published_time":"2022-09-04T21:28:20+00:00","article_modified_time":"2022-09-04T21:28:22+00:00","og_image":[{"width":799,"height":533,"url":"https:\/\/www.gaveanews.com\/wp-content\/uploads\/Marcos-Braz-em-entrevista-coletiva-do-Flamengo-no-Ninho-do-Urubu.webp","type":"image\/jpeg"}],"author":"Equipe G\u00e1vea News","twitter_card":"summary_large_image","twitter_misc":{"Escrito por":"Equipe G\u00e1vea News","Est. tempo de leitura":"3 minutos"},"schema":{"@context":"https:\/\/schema.org","@graph":[{"@type":"NewsArticle","@id":"https:\/\/www.gaveanews.com\/index.php\/2022\/09\/04\/marcos-braz-do-flamengo-revela-bastidores-sobre-brian-rodriguez-e-lucas-orellano\/#article","isPartOf":{"@id":"https:\/\/www.gaveanews.com\/index.php\/2022\/09\/04\/marcos-braz-do-flamengo-revela-bastidores-sobre-brian-rodriguez-e-lucas-orellano\/"},"author":{"name":"Equipe G\u00e1vea News","@id":"https:\/\/www.gaveanews.com\/#\/schema\/person\/2ec14f73fb96be2caf28f91afb14749d"},"headline":"Marcos Braz, do Flamengo, revela bastidores sobre Brian Rodr\u00edguez e Lucas Orellano","datePublished":"2022-09-04T21:28:20+00:00","dateModified":"2022-09-04T21:28:22+00:00","mainEntityOfPage":{"@id":"https:\/\/www.gaveanews.com\/index.php\/2022\/09\/04\/marcos-braz-do-flamengo-revela-bastidores-sobre-brian-rodriguez-e-lucas-orellano\/"},"wordCount":461,"commentCount":0,"image":{"@id":"https:\/\/www.gaveanews.com\/index.php\/2022\/09\/04\/marcos-braz-do-flamengo-revela-bastidores-sobre-brian-rodriguez-e-lucas-orellano\/#primaryimage"},"thumbnailUrl":"https:\/\/www.gaveanews.com\/wp-content\/uploads\/Marcos-Braz-em-entrevista-coletiva-do-Flamengo-no-Ninho-do-Urubu.webp","articleSection":["Negocia\u00e7\u00f5es"],"inLanguage":"pt-BR","potentialAction":[{"@type":"CommentAction","name":"Comment","target":["https:\/\/www.gaveanews.com\/index.php\/2022\/09\/04\/marcos-braz-do-flamengo-revela-bastidores-sobre-brian-rodriguez-e-lucas-orellano\/#respond"]}],"copyrightYear":"2022","copyrightHolder":{"@id":"https:\/\/www.gaveanews.com\/#organization"}},{"@type":"WebPage","@id":"https:\/\/www.gaveanews.com\/index.php\/2022\/09\/04\/marcos-braz-do-flamengo-revela-bastidores-sobre-brian-rodriguez-e-lucas-orellano\/","url":"https:\/\/www.gaveanews.com\/index.php\/2022\/09\/04\/marcos-braz-do-flamengo-revela-bastidores-sobre-brian-rodriguez-e-lucas-orellano\/","name":"Marcos Braz, do Flamengo, revela bastidores sobre Brian Rodr\u00edguez e Lucas Orellano","isPartOf":{"@id":"https:\/\/www.gaveanews.com\/#website"},"primaryImageOfPage":{"@id":"https:\/\/www.gaveanews.com\/index.php\/2022\/09\/04\/marcos-braz-do-flamengo-revela-bastidores-sobre-brian-rodriguez-e-lucas-orellano\/#primaryimage"},"image":{"@id":"https:\/\/www.gaveanews.com\/index.php\/2022\/09\/04\/marcos-braz-do-flamengo-revela-bastidores-sobre-brian-rodriguez-e-lucas-orellano\/#primaryimage"},"thumbnailUrl":"https:\/\/www.gaveanews.com\/wp-content\/uploads\/Marcos-Braz-em-entrevista-coletiva-do-Flamengo-no-Ninho-do-Urubu.webp","datePublished":"2022-09-04T21:28:20+00:00","dateModified":"2022-09-04T21:28:22+00:00","author":{"@id":"https:\/\/www.gaveanews.com\/#\/schema\/person\/2ec14f73fb96be2caf28f91afb14749d"},"breadcrumb":{"@id":"https:\/\/www.gaveanews.com\/index.php\/2022\/09\/04\/marcos-braz-do-flamengo-revela-bastidores-sobre-brian-rodriguez-e-lucas-orellano\/#breadcrumb"},"inLanguage":"pt-BR","potentialAction":[{"@type":"ReadAction","target":["https:\/\/www.gaveanews.com\/index.php\/2022\/09\/04\/marcos-braz-do-flamengo-revela-bastidores-sobre-brian-rodriguez-e-lucas-orellano\/"]}]},{"@type":"ImageObject","inLanguage":"pt-BR","@id":"https:\/\/www.gaveanews.com\/index.php\/2022\/09\/04\/marcos-braz-do-flamengo-revela-bastidores-sobre-brian-rodriguez-e-lucas-orellano\/#primaryimage","url":"https:\/\/www.gaveanews.com\/wp-content\/uploads\/Marcos-Braz-em-entrevista-coletiva-do-Flamengo-no-Ninho-do-Urubu.webp","contentUrl":"https:\/\/www.gaveanews.com\/wp-content\/uploads\/Marcos-Braz-em-entrevista-coletiva-do-Flamengo-no-Ninho-do-Urubu.webp","width":799,"height":533,"caption":"Marcos Braz em entrevista coletiva do Flamengo no Ninho do Urubu (Foto: Gilvan de Souza\/Flamengo)"},{"@type":"BreadcrumbList","@id":"https:\/\/www.gaveanews.com\/index.php\/2022\/09\/04\/marcos-braz-do-flamengo-revela-bastidores-sobre-brian-rodriguez-e-lucas-orellano\/#breadcrumb","itemListElement":[{"@type":"ListItem","position":1,"name":"Home","item":"https:\/\/www.gaveanews.com\/"},{"@type":"ListItem","position":2,"name":"Marcos Braz, do Flamengo, revela bastidores sobre Brian Rodr\u00edguez e Lucas Orellano"}]},{"@type":"WebSite","@id":"https:\/\/www.gaveanews.com\/#website","url":"https:\/\/www.gaveanews.com\/","name":"G\u00e1vea News","description":"Veja todas as not\u00edcias sobre o Flamengo: Contrata\u00e7\u00f5es, categorias de base, resultados das partidas, tabela de classifica\u00e7\u00e3o, pr\u00f3ximos jogos!","potentialAction":[{"@type":"SearchAction","target":{"@type":"EntryPoint","urlTemplate":"https:\/\/www.gaveanews.com\/?s={search_term_string}"},"query-input":{"@type":"PropertyValueSpecification","valueRequired":true,"valueName":"search_term_string"}}],"inLanguage":"pt-BR"},{"@type":"Person","@id":"https:\/\/www.gaveanews.com\/#\/schema\/person\/2ec14f73fb96be2caf28f91afb14749d","name":"Equipe G\u00e1vea News","image":{"@type":"ImageObject","inLanguage":"pt-BR","@id":"https:\/\/www.gaveanews.com\/#\/schema\/person\/image\/","url":"https:\/\/secure.gravatar.com\/avatar\/1e1956f1facbffd3f8fa53a326721950116b3b9dc9bd44939c01180fd4a745a9?s=96&d=mm&r=g","contentUrl":"https:\/\/secure.gravatar.com\/avatar\/1e1956f1facbffd3f8fa53a326721950116b3b9dc9bd44939c01180fd4a745a9?s=96&d=mm&r=g","caption":"Equipe G\u00e1vea News"}}]}},"_links":{"self":[{"href":"https:\/\/www.gaveanews.com\/index.php\/wp-json\/wp\/v2\/posts\/86904","targetHints":{"allow":["GET"]}}],"collection":[{"href":"https:\/\/www.gaveanews.com\/index.php\/wp-json\/wp\/v2\/posts"}],"about":[{"href":"https:\/\/www.gaveanews.com\/index.php\/wp-json\/wp\/v2\/types\/post"}],"author":[{"embeddable":true,"href":"https:\/\/www.gaveanews.com\/index.php\/wp-json\/wp\/v2\/users\/1"}],"replies":[{"embeddable":true,"href":"https:\/\/www.gaveanews.com\/index.php\/wp-json\/wp\/v2\/comments?post=86904"}],"version-history":[{"count":0,"href":"https:\/\/www.gaveanews.com\/index.php\/wp-json\/wp\/v2\/posts\/86904\/revisions"}],"wp:featuredmedia":[{"embeddable":true,"href":"https:\/\/www.gaveanews.com\/index.php\/wp-json\/wp\/v2\/media\/78521"}],"wp:attachment":[{"href":"https:\/\/www.gaveanews.com\/index.php\/wp-json\/wp\/v2\/media?parent=86904"}],"wp:term":[{"taxonomy":"category","embeddable":true,"href":"https:\/\/www.gaveanews.com\/index.php\/wp-json\/wp\/v2\/categories?post=86904"},{"taxonomy":"post_tag","embeddable":true,"href":"https:\/\/www.gaveanews.com\/index.php\/wp-json\/wp\/v2\/tags?post=86904"}],"curies":[{"name":"wp","href":"https:\/\/api.w.org\/{rel}","templated":true}]}}