{"id":87136,"date":"2022-09-10T17:24:40","date_gmt":"2022-09-10T20:24:40","guid":{"rendered":"https:\/\/www.gaveanews.com\/?p=87136"},"modified":"2022-09-10T17:29:39","modified_gmt":"2022-09-10T20:29:39","slug":"gabigol-rebate-torcedor-do-flamengo-no-twitter-veja-publicacoes","status":"publish","type":"post","link":"https:\/\/www.gaveanews.com\/index.php\/2022\/09\/10\/gabigol-rebate-torcedor-do-flamengo-no-twitter-veja-publicacoes\/","title":{"rendered":"Gabigol rebate torcedor do Flamengo no Twitter; veja publica\u00e7\u00f5es"},"content":{"rendered":"\n<p>Gabigol ser\u00e1 desfalque do Flamengo na partida contra o Goi\u00e1s, marcada para o domingo (11), \u00e0s 19h (de Bras\u00edlia), na Serrinha, em Goi\u00e2nia, pelo Brasileir\u00e3o. Na rodada passada, o atacante foi expulso no empate em 1 a 1 com o Cear\u00e1, no Maracan\u00e3. Agora pouco, o jogador rebateu uma provoca\u00e7\u00e3o de um flamenguista ao tratar do assunto.<\/p>\n\n\n\n<p>Em sua conta no Twitter, Gabigol postou a seguinte frase. \u201cS\u00e1badou da melhor forma, fazendo o que mais amo\u201d, escreveu o jogador do Flamengo. Nos coment\u00e1rios, um torcedor resolveu cutucar o atleta rubro-negro.<\/p>\n\n\n\n<p>&#8220;2 jogos seguidos sem entrar em campo por ter problemas com cart\u00e3o vida boa n\u00e9 paiz\u00e3o\u201d. Na sequ\u00eancia, Gabigol respondeu. \u201cVida ruim demais chefe, ainda mais para o jogador que tem mais jogos no ano\u201d.<\/p>\n\n\n\n<figure class=\"wp-block-embed is-type-rich is-provider-twitter wp-block-embed-twitter\"><div class=\"wp-block-embed__wrapper\">\n<blockquote class=\"twitter-tweet\" data-width=\"550\" data-dnt=\"true\"><p lang=\"pt\" dir=\"ltr\">Vida ruim demais chefe, ainda mais para o jogador que tem mais jogos no ano \ud83d\ude09 <a href=\"https:\/\/t.co\/PO1cs6TLdM\">https:\/\/t.co\/PO1cs6TLdM<\/a><\/p>&mdash; Gabriel Barbosa (@gabigol) <a href=\"https:\/\/twitter.com\/gabigol\/status\/1568626538345799683?ref_src=twsrc%5Etfw\">September 10, 2022<\/a><\/blockquote><script async src=\"https:\/\/platform.twitter.com\/widgets.js\" charset=\"utf-8\"><\/script>\n<\/div><\/figure>\n\n\n\n<h2 class=\"wp-block-heading\" id=\"h-mauro-cezar-critica-temperamento-de-gabigol\">Mauro Cezar critica temperamento de Gabigol<\/h2>\n\n\n\n<p>Durante o programa \u201cBate Pronto\u201d, da r\u00e1dio \u201cJovem Pan\u201d, o jornalista Mauro Cezar Pereira condenou o hist\u00f3rico do atacante, que recebeu diante do Cear\u00e1 o s\u00e9timo cart\u00e3o vermelho com a camisa do Flamengo.<\/p>\n\n\n\n<p>\u2013 Ele tem um alvo na testa que \u00e9 mirado pelos \u00e1rbitros, que ele construiu, \u00e9 culpa dele \u2013 afirma o jornalista. Mauro Cezar destacou a entrega do jogador na partida de ontem, contra o Cear\u00e1, mas ressaltou que, o excesso de vontade n\u00e3o justifica o epis\u00f3dio.<\/p>\n\n\n\n<p>\u2013 Mas aquela expuls\u00e3o n\u00e3o se justifica. E no Flamengo, ningu\u00e9m fala nada. Ele \u00e9 o jogador com mais expuls\u00f5es do futebol brasileiro nas \u00faltimas temporadas. Um s\u00f3 cart\u00e3o por jogo violento, o resto \u00e9 tudo por reclama\u00e7\u00e3o. E ele ainda acha que \u00e9 a v\u00edtima \u2013 completou Mauro.<\/p>\n\n\n\n<p>Vice-presidente de futebol do Flamengo, Marcos Braz admite que em certas ocasi\u00f5es Gabigol \u201cpassa do ponto\u201d. Por outro lado, justifica a postura do atacante pela entrega demonstrada em campo.<\/p>\n\n\n\n<p>\u201cAcho que falar que ele n\u00e3o passa dos limites, n\u00e3o \u00e9 justo e nem honesto. Agora, a grande quest\u00e3o \u00e9 a \u00e2nsia dele, a vontade dele no dia a dia e dentro dos jogos. Ele, \u00e0s vezes acha que a arbitragem est\u00e1 com dificuldade de apitar o que \u00e9 correto. Muitas vezes ele tem uma an\u00e1lise de que est\u00e1 sendo perseguido (pelos \u00e1rbitros). Enfim, acho que tem um pouco de cada coisa, acho que ele tem que se policiar um pouco mais. Agora, tamb\u00e9m j\u00e1 tiveram excessos com ele, sem querer minimizar ou defender ele. H\u00e1 um pouco de cada coisa, mas ele tem que entender que n\u00e3o ter essa somat\u00f3ria\u2026Estou falando de maneira ampla, mas \u00e9 um jogador importante para o Flamengo\u201d, disse Braz ao S1 Live.<\/p>\n\n\n\n<p>Retirado de: Torcedores<\/p>\n","protected":false},"excerpt":{"rendered":"<p>Gabigol ser\u00e1 desfalque do Flamengo na partida contra o Goi\u00e1s, marcada para o domingo (11), \u00e0s 19h (de Bras\u00edlia), na Serrinha, em Goi\u00e2nia, pelo Brasileir\u00e3o. Na rodada passada, o atacante foi expulso no empate em 1 a 1 com o Cear\u00e1, no Maracan\u00e3. Agora pouco, o jogador rebateu uma provoca\u00e7\u00e3o de um flamenguista ao tratar [&hellip;]<\/p>\n","protected":false},"author":1,"featured_media":86925,"comment_status":"open","ping_status":"closed","sticky":false,"template":"","format":"standard","meta":{"footnotes":""},"categories":[1],"tags":[],"class_list":["post-87136","post","type-post","status-publish","format-standard","has-post-thumbnail","hentry","category-flamengo"],"yoast_head":"<!-- This site is optimized with the Yoast SEO Premium plugin v24.2 (Yoast SEO v26.9) - https:\/\/yoast.com\/product\/yoast-seo-premium-wordpress\/ -->\n<title>Gabigol rebate torcedor do Flamengo no Twitter; veja publica\u00e7\u00f5es<\/title>\n<meta name=\"robots\" content=\"index, follow, max-snippet:-1, max-image-preview:large, max-video-preview:-1\" \/>\n<link rel=\"canonical\" href=\"https:\/\/www.gaveanews.com\/index.php\/2022\/09\/10\/gabigol-rebate-torcedor-do-flamengo-no-twitter-veja-publicacoes\/\" \/>\n<meta property=\"og:locale\" content=\"pt_BR\" \/>\n<meta property=\"og:type\" content=\"article\" \/>\n<meta property=\"og:title\" content=\"Gabigol rebate torcedor do Flamengo no Twitter; veja publica\u00e7\u00f5es\" \/>\n<meta property=\"og:description\" content=\"Gabigol ser\u00e1 desfalque do Flamengo na partida contra o Goi\u00e1s, marcada para o domingo (11), \u00e0s 19h (de Bras\u00edlia), na Serrinha, em Goi\u00e2nia, pelo Brasileir\u00e3o. Na rodada passada, o atacante foi expulso no empate em 1 a 1 com o Cear\u00e1, no Maracan\u00e3. Agora pouco, o jogador rebateu uma provoca\u00e7\u00e3o de um flamenguista ao tratar [&hellip;]\" \/>\n<meta property=\"og:url\" content=\"https:\/\/www.gaveanews.com\/index.php\/2022\/09\/10\/gabigol-rebate-torcedor-do-flamengo-no-twitter-veja-publicacoes\/\" \/>\n<meta property=\"og:site_name\" content=\"G\u00e1vea News\" \/>\n<meta property=\"article:publisher\" content=\"https:\/\/facebook.com\/gaveaNews\/\" \/>\n<meta property=\"article:published_time\" content=\"2022-09-10T20:24:40+00:00\" \/>\n<meta property=\"article:modified_time\" content=\"2022-09-10T20:29:39+00:00\" \/>\n<meta property=\"og:image\" content=\"https:\/\/www.gaveanews.com\/wp-content\/uploads\/Gabigol-em-Flamengo-x-Ceara.webp\" \/>\n\t<meta property=\"og:image:width\" content=\"800\" \/>\n\t<meta property=\"og:image:height\" content=\"533\" \/>\n\t<meta property=\"og:image:type\" content=\"image\/jpeg\" \/>\n<meta name=\"author\" content=\"Equipe G\u00e1vea News\" \/>\n<meta name=\"twitter:card\" content=\"summary_large_image\" \/>\n<meta name=\"twitter:label1\" content=\"Escrito por\" \/>\n\t<meta name=\"twitter:data1\" content=\"Equipe G\u00e1vea News\" \/>\n\t<meta name=\"twitter:label2\" content=\"Est. tempo de leitura\" \/>\n\t<meta name=\"twitter:data2\" content=\"3 minutos\" \/>\n<script type=\"application\/ld+json\" class=\"yoast-schema-graph\">{\"@context\":\"https:\/\/schema.org\",\"@graph\":[{\"@type\":\"NewsArticle\",\"@id\":\"https:\/\/www.gaveanews.com\/index.php\/2022\/09\/10\/gabigol-rebate-torcedor-do-flamengo-no-twitter-veja-publicacoes\/#article\",\"isPartOf\":{\"@id\":\"https:\/\/www.gaveanews.com\/index.php\/2022\/09\/10\/gabigol-rebate-torcedor-do-flamengo-no-twitter-veja-publicacoes\/\"},\"author\":{\"name\":\"Equipe G\u00e1vea News\",\"@id\":\"https:\/\/www.gaveanews.com\/#\/schema\/person\/2ec14f73fb96be2caf28f91afb14749d\"},\"headline\":\"Gabigol rebate torcedor do Flamengo no Twitter; veja publica\u00e7\u00f5es\",\"datePublished\":\"2022-09-10T20:24:40+00:00\",\"dateModified\":\"2022-09-10T20:29:39+00:00\",\"mainEntityOfPage\":{\"@id\":\"https:\/\/www.gaveanews.com\/index.php\/2022\/09\/10\/gabigol-rebate-torcedor-do-flamengo-no-twitter-veja-publicacoes\/\"},\"wordCount\":450,\"commentCount\":0,\"image\":{\"@id\":\"https:\/\/www.gaveanews.com\/index.php\/2022\/09\/10\/gabigol-rebate-torcedor-do-flamengo-no-twitter-veja-publicacoes\/#primaryimage\"},\"thumbnailUrl\":\"https:\/\/www.gaveanews.com\/wp-content\/uploads\/Gabigol-em-Flamengo-x-Ceara.webp\",\"articleSection\":[\"Flamengo\"],\"inLanguage\":\"pt-BR\",\"potentialAction\":[{\"@type\":\"CommentAction\",\"name\":\"Comment\",\"target\":[\"https:\/\/www.gaveanews.com\/index.php\/2022\/09\/10\/gabigol-rebate-torcedor-do-flamengo-no-twitter-veja-publicacoes\/#respond\"]}],\"copyrightYear\":\"2022\",\"copyrightHolder\":{\"@id\":\"https:\/\/www.gaveanews.com\/#organization\"}},{\"@type\":\"WebPage\",\"@id\":\"https:\/\/www.gaveanews.com\/index.php\/2022\/09\/10\/gabigol-rebate-torcedor-do-flamengo-no-twitter-veja-publicacoes\/\",\"url\":\"https:\/\/www.gaveanews.com\/index.php\/2022\/09\/10\/gabigol-rebate-torcedor-do-flamengo-no-twitter-veja-publicacoes\/\",\"name\":\"Gabigol rebate torcedor do Flamengo no Twitter; veja publica\u00e7\u00f5es\",\"isPartOf\":{\"@id\":\"https:\/\/www.gaveanews.com\/#website\"},\"primaryImageOfPage\":{\"@id\":\"https:\/\/www.gaveanews.com\/index.php\/2022\/09\/10\/gabigol-rebate-torcedor-do-flamengo-no-twitter-veja-publicacoes\/#primaryimage\"},\"image\":{\"@id\":\"https:\/\/www.gaveanews.com\/index.php\/2022\/09\/10\/gabigol-rebate-torcedor-do-flamengo-no-twitter-veja-publicacoes\/#primaryimage\"},\"thumbnailUrl\":\"https:\/\/www.gaveanews.com\/wp-content\/uploads\/Gabigol-em-Flamengo-x-Ceara.webp\",\"datePublished\":\"2022-09-10T20:24:40+00:00\",\"dateModified\":\"2022-09-10T20:29:39+00:00\",\"author\":{\"@id\":\"https:\/\/www.gaveanews.com\/#\/schema\/person\/2ec14f73fb96be2caf28f91afb14749d\"},\"breadcrumb\":{\"@id\":\"https:\/\/www.gaveanews.com\/index.php\/2022\/09\/10\/gabigol-rebate-torcedor-do-flamengo-no-twitter-veja-publicacoes\/#breadcrumb\"},\"inLanguage\":\"pt-BR\",\"potentialAction\":[{\"@type\":\"ReadAction\",\"target\":[\"https:\/\/www.gaveanews.com\/index.php\/2022\/09\/10\/gabigol-rebate-torcedor-do-flamengo-no-twitter-veja-publicacoes\/\"]}]},{\"@type\":\"ImageObject\",\"inLanguage\":\"pt-BR\",\"@id\":\"https:\/\/www.gaveanews.com\/index.php\/2022\/09\/10\/gabigol-rebate-torcedor-do-flamengo-no-twitter-veja-publicacoes\/#primaryimage\",\"url\":\"https:\/\/www.gaveanews.com\/wp-content\/uploads\/Gabigol-em-Flamengo-x-Ceara.webp\",\"contentUrl\":\"https:\/\/www.gaveanews.com\/wp-content\/uploads\/Gabigol-em-Flamengo-x-Ceara.webp\",\"width\":800,\"height\":533,\"caption\":\"Gabigol em jogo do Flamengo contra o Cear\u00e1 (Foto: Marcelo Cortes\/Flamengo)\"},{\"@type\":\"BreadcrumbList\",\"@id\":\"https:\/\/www.gaveanews.com\/index.php\/2022\/09\/10\/gabigol-rebate-torcedor-do-flamengo-no-twitter-veja-publicacoes\/#breadcrumb\",\"itemListElement\":[{\"@type\":\"ListItem\",\"position\":1,\"name\":\"Home\",\"item\":\"https:\/\/www.gaveanews.com\/\"},{\"@type\":\"ListItem\",\"position\":2,\"name\":\"Gabigol rebate torcedor do Flamengo no Twitter; veja publica\u00e7\u00f5es\"}]},{\"@type\":\"WebSite\",\"@id\":\"https:\/\/www.gaveanews.com\/#website\",\"url\":\"https:\/\/www.gaveanews.com\/\",\"name\":\"G\u00e1vea News\",\"description\":\"Veja todas as not\u00edcias sobre o Flamengo: Contrata\u00e7\u00f5es, categorias de base, resultados das partidas, tabela de classifica\u00e7\u00e3o, pr\u00f3ximos jogos!\",\"potentialAction\":[{\"@type\":\"SearchAction\",\"target\":{\"@type\":\"EntryPoint\",\"urlTemplate\":\"https:\/\/www.gaveanews.com\/?s={search_term_string}\"},\"query-input\":{\"@type\":\"PropertyValueSpecification\",\"valueRequired\":true,\"valueName\":\"search_term_string\"}}],\"inLanguage\":\"pt-BR\"},{\"@type\":\"Person\",\"@id\":\"https:\/\/www.gaveanews.com\/#\/schema\/person\/2ec14f73fb96be2caf28f91afb14749d\",\"name\":\"Equipe G\u00e1vea News\",\"image\":{\"@type\":\"ImageObject\",\"inLanguage\":\"pt-BR\",\"@id\":\"https:\/\/www.gaveanews.com\/#\/schema\/person\/image\/\",\"url\":\"https:\/\/secure.gravatar.com\/avatar\/1e1956f1facbffd3f8fa53a326721950116b3b9dc9bd44939c01180fd4a745a9?s=96&d=mm&r=g\",\"contentUrl\":\"https:\/\/secure.gravatar.com\/avatar\/1e1956f1facbffd3f8fa53a326721950116b3b9dc9bd44939c01180fd4a745a9?s=96&d=mm&r=g\",\"caption\":\"Equipe G\u00e1vea News\"}}]}<\/script>\n<!-- \/ Yoast SEO Premium plugin. -->","yoast_head_json":{"title":"Gabigol rebate torcedor do Flamengo no Twitter; veja publica\u00e7\u00f5es","robots":{"index":"index","follow":"follow","max-snippet":"max-snippet:-1","max-image-preview":"max-image-preview:large","max-video-preview":"max-video-preview:-1"},"canonical":"https:\/\/www.gaveanews.com\/index.php\/2022\/09\/10\/gabigol-rebate-torcedor-do-flamengo-no-twitter-veja-publicacoes\/","og_locale":"pt_BR","og_type":"article","og_title":"Gabigol rebate torcedor do Flamengo no Twitter; veja publica\u00e7\u00f5es","og_description":"Gabigol ser\u00e1 desfalque do Flamengo na partida contra o Goi\u00e1s, marcada para o domingo (11), \u00e0s 19h (de Bras\u00edlia), na Serrinha, em Goi\u00e2nia, pelo Brasileir\u00e3o. Na rodada passada, o atacante foi expulso no empate em 1 a 1 com o Cear\u00e1, no Maracan\u00e3. Agora pouco, o jogador rebateu uma provoca\u00e7\u00e3o de um flamenguista ao tratar [&hellip;]","og_url":"https:\/\/www.gaveanews.com\/index.php\/2022\/09\/10\/gabigol-rebate-torcedor-do-flamengo-no-twitter-veja-publicacoes\/","og_site_name":"G\u00e1vea News","article_publisher":"https:\/\/facebook.com\/gaveaNews\/","article_published_time":"2022-09-10T20:24:40+00:00","article_modified_time":"2022-09-10T20:29:39+00:00","og_image":[{"width":800,"height":533,"url":"https:\/\/www.gaveanews.com\/wp-content\/uploads\/Gabigol-em-Flamengo-x-Ceara.webp","type":"image\/jpeg"}],"author":"Equipe G\u00e1vea News","twitter_card":"summary_large_image","twitter_misc":{"Escrito por":"Equipe G\u00e1vea News","Est. tempo de leitura":"3 minutos"},"schema":{"@context":"https:\/\/schema.org","@graph":[{"@type":"NewsArticle","@id":"https:\/\/www.gaveanews.com\/index.php\/2022\/09\/10\/gabigol-rebate-torcedor-do-flamengo-no-twitter-veja-publicacoes\/#article","isPartOf":{"@id":"https:\/\/www.gaveanews.com\/index.php\/2022\/09\/10\/gabigol-rebate-torcedor-do-flamengo-no-twitter-veja-publicacoes\/"},"author":{"name":"Equipe G\u00e1vea News","@id":"https:\/\/www.gaveanews.com\/#\/schema\/person\/2ec14f73fb96be2caf28f91afb14749d"},"headline":"Gabigol rebate torcedor do Flamengo no Twitter; veja publica\u00e7\u00f5es","datePublished":"2022-09-10T20:24:40+00:00","dateModified":"2022-09-10T20:29:39+00:00","mainEntityOfPage":{"@id":"https:\/\/www.gaveanews.com\/index.php\/2022\/09\/10\/gabigol-rebate-torcedor-do-flamengo-no-twitter-veja-publicacoes\/"},"wordCount":450,"commentCount":0,"image":{"@id":"https:\/\/www.gaveanews.com\/index.php\/2022\/09\/10\/gabigol-rebate-torcedor-do-flamengo-no-twitter-veja-publicacoes\/#primaryimage"},"thumbnailUrl":"https:\/\/www.gaveanews.com\/wp-content\/uploads\/Gabigol-em-Flamengo-x-Ceara.webp","articleSection":["Flamengo"],"inLanguage":"pt-BR","potentialAction":[{"@type":"CommentAction","name":"Comment","target":["https:\/\/www.gaveanews.com\/index.php\/2022\/09\/10\/gabigol-rebate-torcedor-do-flamengo-no-twitter-veja-publicacoes\/#respond"]}],"copyrightYear":"2022","copyrightHolder":{"@id":"https:\/\/www.gaveanews.com\/#organization"}},{"@type":"WebPage","@id":"https:\/\/www.gaveanews.com\/index.php\/2022\/09\/10\/gabigol-rebate-torcedor-do-flamengo-no-twitter-veja-publicacoes\/","url":"https:\/\/www.gaveanews.com\/index.php\/2022\/09\/10\/gabigol-rebate-torcedor-do-flamengo-no-twitter-veja-publicacoes\/","name":"Gabigol rebate torcedor do Flamengo no Twitter; veja publica\u00e7\u00f5es","isPartOf":{"@id":"https:\/\/www.gaveanews.com\/#website"},"primaryImageOfPage":{"@id":"https:\/\/www.gaveanews.com\/index.php\/2022\/09\/10\/gabigol-rebate-torcedor-do-flamengo-no-twitter-veja-publicacoes\/#primaryimage"},"image":{"@id":"https:\/\/www.gaveanews.com\/index.php\/2022\/09\/10\/gabigol-rebate-torcedor-do-flamengo-no-twitter-veja-publicacoes\/#primaryimage"},"thumbnailUrl":"https:\/\/www.gaveanews.com\/wp-content\/uploads\/Gabigol-em-Flamengo-x-Ceara.webp","datePublished":"2022-09-10T20:24:40+00:00","dateModified":"2022-09-10T20:29:39+00:00","author":{"@id":"https:\/\/www.gaveanews.com\/#\/schema\/person\/2ec14f73fb96be2caf28f91afb14749d"},"breadcrumb":{"@id":"https:\/\/www.gaveanews.com\/index.php\/2022\/09\/10\/gabigol-rebate-torcedor-do-flamengo-no-twitter-veja-publicacoes\/#breadcrumb"},"inLanguage":"pt-BR","potentialAction":[{"@type":"ReadAction","target":["https:\/\/www.gaveanews.com\/index.php\/2022\/09\/10\/gabigol-rebate-torcedor-do-flamengo-no-twitter-veja-publicacoes\/"]}]},{"@type":"ImageObject","inLanguage":"pt-BR","@id":"https:\/\/www.gaveanews.com\/index.php\/2022\/09\/10\/gabigol-rebate-torcedor-do-flamengo-no-twitter-veja-publicacoes\/#primaryimage","url":"https:\/\/www.gaveanews.com\/wp-content\/uploads\/Gabigol-em-Flamengo-x-Ceara.webp","contentUrl":"https:\/\/www.gaveanews.com\/wp-content\/uploads\/Gabigol-em-Flamengo-x-Ceara.webp","width":800,"height":533,"caption":"Gabigol em jogo do Flamengo contra o Cear\u00e1 (Foto: Marcelo Cortes\/Flamengo)"},{"@type":"BreadcrumbList","@id":"https:\/\/www.gaveanews.com\/index.php\/2022\/09\/10\/gabigol-rebate-torcedor-do-flamengo-no-twitter-veja-publicacoes\/#breadcrumb","itemListElement":[{"@type":"ListItem","position":1,"name":"Home","item":"https:\/\/www.gaveanews.com\/"},{"@type":"ListItem","position":2,"name":"Gabigol rebate torcedor do Flamengo no Twitter; veja publica\u00e7\u00f5es"}]},{"@type":"WebSite","@id":"https:\/\/www.gaveanews.com\/#website","url":"https:\/\/www.gaveanews.com\/","name":"G\u00e1vea News","description":"Veja todas as not\u00edcias sobre o Flamengo: Contrata\u00e7\u00f5es, categorias de base, resultados das partidas, tabela de classifica\u00e7\u00e3o, pr\u00f3ximos jogos!","potentialAction":[{"@type":"SearchAction","target":{"@type":"EntryPoint","urlTemplate":"https:\/\/www.gaveanews.com\/?s={search_term_string}"},"query-input":{"@type":"PropertyValueSpecification","valueRequired":true,"valueName":"search_term_string"}}],"inLanguage":"pt-BR"},{"@type":"Person","@id":"https:\/\/www.gaveanews.com\/#\/schema\/person\/2ec14f73fb96be2caf28f91afb14749d","name":"Equipe G\u00e1vea News","image":{"@type":"ImageObject","inLanguage":"pt-BR","@id":"https:\/\/www.gaveanews.com\/#\/schema\/person\/image\/","url":"https:\/\/secure.gravatar.com\/avatar\/1e1956f1facbffd3f8fa53a326721950116b3b9dc9bd44939c01180fd4a745a9?s=96&d=mm&r=g","contentUrl":"https:\/\/secure.gravatar.com\/avatar\/1e1956f1facbffd3f8fa53a326721950116b3b9dc9bd44939c01180fd4a745a9?s=96&d=mm&r=g","caption":"Equipe G\u00e1vea News"}}]}},"_links":{"self":[{"href":"https:\/\/www.gaveanews.com\/index.php\/wp-json\/wp\/v2\/posts\/87136","targetHints":{"allow":["GET"]}}],"collection":[{"href":"https:\/\/www.gaveanews.com\/index.php\/wp-json\/wp\/v2\/posts"}],"about":[{"href":"https:\/\/www.gaveanews.com\/index.php\/wp-json\/wp\/v2\/types\/post"}],"author":[{"embeddable":true,"href":"https:\/\/www.gaveanews.com\/index.php\/wp-json\/wp\/v2\/users\/1"}],"replies":[{"embeddable":true,"href":"https:\/\/www.gaveanews.com\/index.php\/wp-json\/wp\/v2\/comments?post=87136"}],"version-history":[{"count":0,"href":"https:\/\/www.gaveanews.com\/index.php\/wp-json\/wp\/v2\/posts\/87136\/revisions"}],"wp:featuredmedia":[{"embeddable":true,"href":"https:\/\/www.gaveanews.com\/index.php\/wp-json\/wp\/v2\/media\/86925"}],"wp:attachment":[{"href":"https:\/\/www.gaveanews.com\/index.php\/wp-json\/wp\/v2\/media?parent=87136"}],"wp:term":[{"taxonomy":"category","embeddable":true,"href":"https:\/\/www.gaveanews.com\/index.php\/wp-json\/wp\/v2\/categories?post=87136"},{"taxonomy":"post_tag","embeddable":true,"href":"https:\/\/www.gaveanews.com\/index.php\/wp-json\/wp\/v2\/tags?post=87136"}],"curies":[{"name":"wp","href":"https:\/\/api.w.org\/{rel}","templated":true}]}}