{"id":87139,"date":"2022-09-10T18:19:22","date_gmt":"2022-09-10T21:19:22","guid":{"rendered":"https:\/\/www.gaveanews.com\/?p=87139"},"modified":"2024-04-06T23:21:58","modified_gmt":"2024-04-07T02:21:58","slug":"tite-explica-como-pretende-utilizar-pedro-do-flamengo-na-selecao-brasileira","status":"publish","type":"post","link":"https:\/\/www.gaveanews.com\/index.php\/2022\/09\/10\/tite-explica-como-pretende-utilizar-pedro-do-flamengo-na-selecao-brasileira\/","title":{"rendered":"Tite explica como pretende utilizar Pedro, do Flamengo, na sele\u00e7\u00e3o brasileira"},"content":{"rendered":"\n<p>O atacante Pedro est\u00e1 convocado pela sele\u00e7\u00e3o brasileira e o t\u00e9cnico Tite definiu como ele ser\u00e1 utilizado nos amistosos contra Gana e Tun\u00edsia, nos dias 23 e 27 de setembro, respectivamente, em jogos que ser\u00e3o disputados na Fran\u00e7a. O treinador do Brasil quer o centroavante atuando dentro de sua zona de conforto.<\/p>\n\n\n\n<p>\u2014 <em>Vou usar o Pedro como ele joga no Flamengo<\/em>, definiu Tite sobre seu novo atacante do elenco.<\/p>\n\n\n\n<p>A ideia \u00e9 que Pedro seja utilizado como um centroavante fixo, mas com espa\u00e7o para flutuar e abrir corredores para os companheiros. \u00c9 isso o que ele faz no Flamengo com Gabigol e Arrascaeta, principalmente.<\/p>\n\n\n\n<p>Logo ap\u00f3s ser convocado, Pedro utilizou suas redes sociais para refletir e agradecer sua volta \u00e0 sele\u00e7\u00e3o brasileira.<\/p>\n\n\n\n<p><em>\u2014 Tenho que agradecer a Deus, aos meus companheiros porque o trabalho individual n\u00e3o iria sobressair sem o coletivo<\/em>, disse o jogador do Flamengo, que seguiu:<\/p>\n\n\n\n<p><em>\u2014 E deixar um agradecimento especial ao professor Dorival, que sempre me deu a maior confian\u00e7a e sempre acreditou em mim. Sempre falou que eu poderia retornar \u00e0 Sele\u00e7\u00e3o se eu voltasse a fazer os jogos bem.<\/em><\/p>\n\n\n\n<h2 class=\"wp-block-heading\" id=\"h-zagueiros-sao-incognita-na-selecao-brasileira-de-tite\">Zagueiros s\u00e3o inc\u00f3gnita na sele\u00e7\u00e3o brasileira de Tite<\/h2>\n\n\n\n<p>Tite tem tr\u00eas zagueiros definidos para a Copa do Mundo, que s\u00e3o Marquinhos, Thiago Silva e \u00c9der Milit\u00e3o. A quarta vaga, por\u00e9m, est\u00e1 aberta e pode ser ocupada por v\u00e1rios nomes que t\u00eam sido convocados. Os dois novos a ganharem chances foram Bremer, da Juventus, e Iba\u00f1ez, da Roma.<\/p>\n\n\n\n<p>\u2014 O Bremer nos \u00faltimos dois Campeonatos Italianos ele foi considerado melhor defensor, lembrou Tite, que seguiu dando esperan\u00e7a a outros zagueiros.<\/p>\n\n\n\n<p><em>\u2014 Teve a transfer\u00eancia do Torino para a Juventus, continua fazendo belo campeonato, escola italiana com o Allegri que \u00e9 bem consistente nas a\u00e7\u00f5es defensivas e tem todo o atributo e acompanhamento para brigar com Iba\u00f1ez, Gabriel Magalh\u00e3es, Rodrigo Caio, Lucas Ver\u00edssimo, Felipe, Nino, L\u00e9o Ortiz, esse rol de atletas.<\/em><\/p>\n\n\n\n<p>Retirado de: Torcedores<\/p>\n","protected":false},"excerpt":{"rendered":"<p>O atacante Pedro est\u00e1 convocado pela sele\u00e7\u00e3o brasileira e o t\u00e9cnico Tite definiu como ele ser\u00e1 utilizado nos amistosos contra Gana e Tun\u00edsia, nos dias 23 e 27 de setembro, respectivamente, em jogos que ser\u00e3o disputados na Fran\u00e7a. O treinador do Brasil quer o centroavante atuando dentro de sua zona de conforto. \u2014 Vou usar [&hellip;]<\/p>\n","protected":false},"author":1,"featured_media":87049,"comment_status":"open","ping_status":"closed","sticky":false,"template":"","format":"standard","meta":{"footnotes":""},"categories":[1],"tags":[171],"class_list":["post-87139","post","type-post","status-publish","format-standard","has-post-thumbnail","hentry","category-flamengo","tag-adenor-leonardo-bachi-tite"],"yoast_head":"<!-- This site is optimized with the Yoast SEO Premium plugin v24.2 (Yoast SEO v26.9) - https:\/\/yoast.com\/product\/yoast-seo-premium-wordpress\/ -->\n<title>Tite explica como pretende utilizar Pedro, do Flamengo, na sele\u00e7\u00e3o brasileira<\/title>\n<meta name=\"robots\" content=\"index, follow, max-snippet:-1, max-image-preview:large, max-video-preview:-1\" \/>\n<link rel=\"canonical\" href=\"https:\/\/www.gaveanews.com\/index.php\/2022\/09\/10\/tite-explica-como-pretende-utilizar-pedro-do-flamengo-na-selecao-brasileira\/\" \/>\n<meta property=\"og:locale\" content=\"pt_BR\" \/>\n<meta property=\"og:type\" content=\"article\" \/>\n<meta property=\"og:title\" content=\"Tite explica como pretende utilizar Pedro, do Flamengo, na sele\u00e7\u00e3o brasileira\" \/>\n<meta property=\"og:description\" content=\"O atacante Pedro est\u00e1 convocado pela sele\u00e7\u00e3o brasileira e o t\u00e9cnico Tite definiu como ele ser\u00e1 utilizado nos amistosos contra Gana e Tun\u00edsia, nos dias 23 e 27 de setembro, respectivamente, em jogos que ser\u00e3o disputados na Fran\u00e7a. O treinador do Brasil quer o centroavante atuando dentro de sua zona de conforto. \u2014 Vou usar [&hellip;]\" \/>\n<meta property=\"og:url\" content=\"https:\/\/www.gaveanews.com\/index.php\/2022\/09\/10\/tite-explica-como-pretende-utilizar-pedro-do-flamengo-na-selecao-brasileira\/\" \/>\n<meta property=\"og:site_name\" content=\"G\u00e1vea News\" \/>\n<meta property=\"article:publisher\" content=\"https:\/\/facebook.com\/gaveaNews\/\" \/>\n<meta property=\"article:published_time\" content=\"2022-09-10T21:19:22+00:00\" \/>\n<meta property=\"article:modified_time\" content=\"2024-04-07T02:21:58+00:00\" \/>\n<meta property=\"og:image\" content=\"https:\/\/www.gaveanews.com\/wp-content\/uploads\/Tite-tecnico-da-Selecao-Brasileira-em-entrevista-coletiva.webp\" \/>\n\t<meta property=\"og:image:width\" content=\"600\" \/>\n\t<meta property=\"og:image:height\" content=\"400\" \/>\n\t<meta property=\"og:image:type\" content=\"image\/jpeg\" \/>\n<meta name=\"author\" content=\"Equipe G\u00e1vea News\" \/>\n<meta name=\"twitter:card\" content=\"summary_large_image\" \/>\n<meta name=\"twitter:label1\" content=\"Escrito por\" \/>\n\t<meta name=\"twitter:data1\" content=\"Equipe G\u00e1vea News\" \/>\n\t<meta name=\"twitter:label2\" content=\"Est. tempo de leitura\" \/>\n\t<meta name=\"twitter:data2\" content=\"2 minutos\" \/>\n<script type=\"application\/ld+json\" class=\"yoast-schema-graph\">{\"@context\":\"https:\/\/schema.org\",\"@graph\":[{\"@type\":\"NewsArticle\",\"@id\":\"https:\/\/www.gaveanews.com\/index.php\/2022\/09\/10\/tite-explica-como-pretende-utilizar-pedro-do-flamengo-na-selecao-brasileira\/#article\",\"isPartOf\":{\"@id\":\"https:\/\/www.gaveanews.com\/index.php\/2022\/09\/10\/tite-explica-como-pretende-utilizar-pedro-do-flamengo-na-selecao-brasileira\/\"},\"author\":{\"name\":\"Equipe G\u00e1vea News\",\"@id\":\"https:\/\/www.gaveanews.com\/#\/schema\/person\/2ec14f73fb96be2caf28f91afb14749d\"},\"headline\":\"Tite explica como pretende utilizar Pedro, do Flamengo, na sele\u00e7\u00e3o brasileira\",\"datePublished\":\"2022-09-10T21:19:22+00:00\",\"dateModified\":\"2024-04-07T02:21:58+00:00\",\"mainEntityOfPage\":{\"@id\":\"https:\/\/www.gaveanews.com\/index.php\/2022\/09\/10\/tite-explica-como-pretende-utilizar-pedro-do-flamengo-na-selecao-brasileira\/\"},\"wordCount\":346,\"commentCount\":0,\"image\":{\"@id\":\"https:\/\/www.gaveanews.com\/index.php\/2022\/09\/10\/tite-explica-como-pretende-utilizar-pedro-do-flamengo-na-selecao-brasileira\/#primaryimage\"},\"thumbnailUrl\":\"https:\/\/www.gaveanews.com\/wp-content\/uploads\/Tite-tecnico-da-Selecao-Brasileira-em-entrevista-coletiva.webp\",\"keywords\":[\"Adenor Leonardo Bachi\"],\"articleSection\":[\"Flamengo\"],\"inLanguage\":\"pt-BR\",\"potentialAction\":[{\"@type\":\"CommentAction\",\"name\":\"Comment\",\"target\":[\"https:\/\/www.gaveanews.com\/index.php\/2022\/09\/10\/tite-explica-como-pretende-utilizar-pedro-do-flamengo-na-selecao-brasileira\/#respond\"]}],\"copyrightYear\":\"2022\",\"copyrightHolder\":{\"@id\":\"https:\/\/www.gaveanews.com\/#organization\"}},{\"@type\":\"WebPage\",\"@id\":\"https:\/\/www.gaveanews.com\/index.php\/2022\/09\/10\/tite-explica-como-pretende-utilizar-pedro-do-flamengo-na-selecao-brasileira\/\",\"url\":\"https:\/\/www.gaveanews.com\/index.php\/2022\/09\/10\/tite-explica-como-pretende-utilizar-pedro-do-flamengo-na-selecao-brasileira\/\",\"name\":\"Tite explica como pretende utilizar Pedro, do Flamengo, na sele\u00e7\u00e3o brasileira\",\"isPartOf\":{\"@id\":\"https:\/\/www.gaveanews.com\/#website\"},\"primaryImageOfPage\":{\"@id\":\"https:\/\/www.gaveanews.com\/index.php\/2022\/09\/10\/tite-explica-como-pretende-utilizar-pedro-do-flamengo-na-selecao-brasileira\/#primaryimage\"},\"image\":{\"@id\":\"https:\/\/www.gaveanews.com\/index.php\/2022\/09\/10\/tite-explica-como-pretende-utilizar-pedro-do-flamengo-na-selecao-brasileira\/#primaryimage\"},\"thumbnailUrl\":\"https:\/\/www.gaveanews.com\/wp-content\/uploads\/Tite-tecnico-da-Selecao-Brasileira-em-entrevista-coletiva.webp\",\"datePublished\":\"2022-09-10T21:19:22+00:00\",\"dateModified\":\"2024-04-07T02:21:58+00:00\",\"author\":{\"@id\":\"https:\/\/www.gaveanews.com\/#\/schema\/person\/2ec14f73fb96be2caf28f91afb14749d\"},\"breadcrumb\":{\"@id\":\"https:\/\/www.gaveanews.com\/index.php\/2022\/09\/10\/tite-explica-como-pretende-utilizar-pedro-do-flamengo-na-selecao-brasileira\/#breadcrumb\"},\"inLanguage\":\"pt-BR\",\"potentialAction\":[{\"@type\":\"ReadAction\",\"target\":[\"https:\/\/www.gaveanews.com\/index.php\/2022\/09\/10\/tite-explica-como-pretende-utilizar-pedro-do-flamengo-na-selecao-brasileira\/\"]}]},{\"@type\":\"ImageObject\",\"inLanguage\":\"pt-BR\",\"@id\":\"https:\/\/www.gaveanews.com\/index.php\/2022\/09\/10\/tite-explica-como-pretende-utilizar-pedro-do-flamengo-na-selecao-brasileira\/#primaryimage\",\"url\":\"https:\/\/www.gaveanews.com\/wp-content\/uploads\/Tite-tecnico-da-Selecao-Brasileira-em-entrevista-coletiva.webp\",\"contentUrl\":\"https:\/\/www.gaveanews.com\/wp-content\/uploads\/Tite-tecnico-da-Selecao-Brasileira-em-entrevista-coletiva.webp\",\"width\":600,\"height\":400,\"caption\":\"Tite, ex-t\u00e9cnico da Sele\u00e7\u00e3o Brasileira, em entrevista coletiva (Foto: Lucas Figueiredo\/CBF)\"},{\"@type\":\"BreadcrumbList\",\"@id\":\"https:\/\/www.gaveanews.com\/index.php\/2022\/09\/10\/tite-explica-como-pretende-utilizar-pedro-do-flamengo-na-selecao-brasileira\/#breadcrumb\",\"itemListElement\":[{\"@type\":\"ListItem\",\"position\":1,\"name\":\"Home\",\"item\":\"https:\/\/www.gaveanews.com\/\"},{\"@type\":\"ListItem\",\"position\":2,\"name\":\"Tite explica como pretende utilizar Pedro, do Flamengo, na sele\u00e7\u00e3o brasileira\"}]},{\"@type\":\"WebSite\",\"@id\":\"https:\/\/www.gaveanews.com\/#website\",\"url\":\"https:\/\/www.gaveanews.com\/\",\"name\":\"G\u00e1vea News\",\"description\":\"Veja todas as not\u00edcias sobre o Flamengo: Contrata\u00e7\u00f5es, categorias de base, resultados das partidas, tabela de classifica\u00e7\u00e3o, pr\u00f3ximos jogos!\",\"potentialAction\":[{\"@type\":\"SearchAction\",\"target\":{\"@type\":\"EntryPoint\",\"urlTemplate\":\"https:\/\/www.gaveanews.com\/?s={search_term_string}\"},\"query-input\":{\"@type\":\"PropertyValueSpecification\",\"valueRequired\":true,\"valueName\":\"search_term_string\"}}],\"inLanguage\":\"pt-BR\"},{\"@type\":\"Person\",\"@id\":\"https:\/\/www.gaveanews.com\/#\/schema\/person\/2ec14f73fb96be2caf28f91afb14749d\",\"name\":\"Equipe G\u00e1vea News\",\"image\":{\"@type\":\"ImageObject\",\"inLanguage\":\"pt-BR\",\"@id\":\"https:\/\/www.gaveanews.com\/#\/schema\/person\/image\/\",\"url\":\"https:\/\/secure.gravatar.com\/avatar\/1e1956f1facbffd3f8fa53a326721950116b3b9dc9bd44939c01180fd4a745a9?s=96&d=mm&r=g\",\"contentUrl\":\"https:\/\/secure.gravatar.com\/avatar\/1e1956f1facbffd3f8fa53a326721950116b3b9dc9bd44939c01180fd4a745a9?s=96&d=mm&r=g\",\"caption\":\"Equipe G\u00e1vea News\"}}]}<\/script>\n<!-- \/ Yoast SEO Premium plugin. -->","yoast_head_json":{"title":"Tite explica como pretende utilizar Pedro, do Flamengo, na sele\u00e7\u00e3o brasileira","robots":{"index":"index","follow":"follow","max-snippet":"max-snippet:-1","max-image-preview":"max-image-preview:large","max-video-preview":"max-video-preview:-1"},"canonical":"https:\/\/www.gaveanews.com\/index.php\/2022\/09\/10\/tite-explica-como-pretende-utilizar-pedro-do-flamengo-na-selecao-brasileira\/","og_locale":"pt_BR","og_type":"article","og_title":"Tite explica como pretende utilizar Pedro, do Flamengo, na sele\u00e7\u00e3o brasileira","og_description":"O atacante Pedro est\u00e1 convocado pela sele\u00e7\u00e3o brasileira e o t\u00e9cnico Tite definiu como ele ser\u00e1 utilizado nos amistosos contra Gana e Tun\u00edsia, nos dias 23 e 27 de setembro, respectivamente, em jogos que ser\u00e3o disputados na Fran\u00e7a. O treinador do Brasil quer o centroavante atuando dentro de sua zona de conforto. \u2014 Vou usar [&hellip;]","og_url":"https:\/\/www.gaveanews.com\/index.php\/2022\/09\/10\/tite-explica-como-pretende-utilizar-pedro-do-flamengo-na-selecao-brasileira\/","og_site_name":"G\u00e1vea News","article_publisher":"https:\/\/facebook.com\/gaveaNews\/","article_published_time":"2022-09-10T21:19:22+00:00","article_modified_time":"2024-04-07T02:21:58+00:00","og_image":[{"width":600,"height":400,"url":"https:\/\/www.gaveanews.com\/wp-content\/uploads\/Tite-tecnico-da-Selecao-Brasileira-em-entrevista-coletiva.webp","type":"image\/jpeg"}],"author":"Equipe G\u00e1vea News","twitter_card":"summary_large_image","twitter_misc":{"Escrito por":"Equipe G\u00e1vea News","Est. tempo de leitura":"2 minutos"},"schema":{"@context":"https:\/\/schema.org","@graph":[{"@type":"NewsArticle","@id":"https:\/\/www.gaveanews.com\/index.php\/2022\/09\/10\/tite-explica-como-pretende-utilizar-pedro-do-flamengo-na-selecao-brasileira\/#article","isPartOf":{"@id":"https:\/\/www.gaveanews.com\/index.php\/2022\/09\/10\/tite-explica-como-pretende-utilizar-pedro-do-flamengo-na-selecao-brasileira\/"},"author":{"name":"Equipe G\u00e1vea News","@id":"https:\/\/www.gaveanews.com\/#\/schema\/person\/2ec14f73fb96be2caf28f91afb14749d"},"headline":"Tite explica como pretende utilizar Pedro, do Flamengo, na sele\u00e7\u00e3o brasileira","datePublished":"2022-09-10T21:19:22+00:00","dateModified":"2024-04-07T02:21:58+00:00","mainEntityOfPage":{"@id":"https:\/\/www.gaveanews.com\/index.php\/2022\/09\/10\/tite-explica-como-pretende-utilizar-pedro-do-flamengo-na-selecao-brasileira\/"},"wordCount":346,"commentCount":0,"image":{"@id":"https:\/\/www.gaveanews.com\/index.php\/2022\/09\/10\/tite-explica-como-pretende-utilizar-pedro-do-flamengo-na-selecao-brasileira\/#primaryimage"},"thumbnailUrl":"https:\/\/www.gaveanews.com\/wp-content\/uploads\/Tite-tecnico-da-Selecao-Brasileira-em-entrevista-coletiva.webp","keywords":["Adenor Leonardo Bachi"],"articleSection":["Flamengo"],"inLanguage":"pt-BR","potentialAction":[{"@type":"CommentAction","name":"Comment","target":["https:\/\/www.gaveanews.com\/index.php\/2022\/09\/10\/tite-explica-como-pretende-utilizar-pedro-do-flamengo-na-selecao-brasileira\/#respond"]}],"copyrightYear":"2022","copyrightHolder":{"@id":"https:\/\/www.gaveanews.com\/#organization"}},{"@type":"WebPage","@id":"https:\/\/www.gaveanews.com\/index.php\/2022\/09\/10\/tite-explica-como-pretende-utilizar-pedro-do-flamengo-na-selecao-brasileira\/","url":"https:\/\/www.gaveanews.com\/index.php\/2022\/09\/10\/tite-explica-como-pretende-utilizar-pedro-do-flamengo-na-selecao-brasileira\/","name":"Tite explica como pretende utilizar Pedro, do Flamengo, na sele\u00e7\u00e3o brasileira","isPartOf":{"@id":"https:\/\/www.gaveanews.com\/#website"},"primaryImageOfPage":{"@id":"https:\/\/www.gaveanews.com\/index.php\/2022\/09\/10\/tite-explica-como-pretende-utilizar-pedro-do-flamengo-na-selecao-brasileira\/#primaryimage"},"image":{"@id":"https:\/\/www.gaveanews.com\/index.php\/2022\/09\/10\/tite-explica-como-pretende-utilizar-pedro-do-flamengo-na-selecao-brasileira\/#primaryimage"},"thumbnailUrl":"https:\/\/www.gaveanews.com\/wp-content\/uploads\/Tite-tecnico-da-Selecao-Brasileira-em-entrevista-coletiva.webp","datePublished":"2022-09-10T21:19:22+00:00","dateModified":"2024-04-07T02:21:58+00:00","author":{"@id":"https:\/\/www.gaveanews.com\/#\/schema\/person\/2ec14f73fb96be2caf28f91afb14749d"},"breadcrumb":{"@id":"https:\/\/www.gaveanews.com\/index.php\/2022\/09\/10\/tite-explica-como-pretende-utilizar-pedro-do-flamengo-na-selecao-brasileira\/#breadcrumb"},"inLanguage":"pt-BR","potentialAction":[{"@type":"ReadAction","target":["https:\/\/www.gaveanews.com\/index.php\/2022\/09\/10\/tite-explica-como-pretende-utilizar-pedro-do-flamengo-na-selecao-brasileira\/"]}]},{"@type":"ImageObject","inLanguage":"pt-BR","@id":"https:\/\/www.gaveanews.com\/index.php\/2022\/09\/10\/tite-explica-como-pretende-utilizar-pedro-do-flamengo-na-selecao-brasileira\/#primaryimage","url":"https:\/\/www.gaveanews.com\/wp-content\/uploads\/Tite-tecnico-da-Selecao-Brasileira-em-entrevista-coletiva.webp","contentUrl":"https:\/\/www.gaveanews.com\/wp-content\/uploads\/Tite-tecnico-da-Selecao-Brasileira-em-entrevista-coletiva.webp","width":600,"height":400,"caption":"Tite, ex-t\u00e9cnico da Sele\u00e7\u00e3o Brasileira, em entrevista coletiva (Foto: Lucas Figueiredo\/CBF)"},{"@type":"BreadcrumbList","@id":"https:\/\/www.gaveanews.com\/index.php\/2022\/09\/10\/tite-explica-como-pretende-utilizar-pedro-do-flamengo-na-selecao-brasileira\/#breadcrumb","itemListElement":[{"@type":"ListItem","position":1,"name":"Home","item":"https:\/\/www.gaveanews.com\/"},{"@type":"ListItem","position":2,"name":"Tite explica como pretende utilizar Pedro, do Flamengo, na sele\u00e7\u00e3o brasileira"}]},{"@type":"WebSite","@id":"https:\/\/www.gaveanews.com\/#website","url":"https:\/\/www.gaveanews.com\/","name":"G\u00e1vea News","description":"Veja todas as not\u00edcias sobre o Flamengo: Contrata\u00e7\u00f5es, categorias de base, resultados das partidas, tabela de classifica\u00e7\u00e3o, pr\u00f3ximos jogos!","potentialAction":[{"@type":"SearchAction","target":{"@type":"EntryPoint","urlTemplate":"https:\/\/www.gaveanews.com\/?s={search_term_string}"},"query-input":{"@type":"PropertyValueSpecification","valueRequired":true,"valueName":"search_term_string"}}],"inLanguage":"pt-BR"},{"@type":"Person","@id":"https:\/\/www.gaveanews.com\/#\/schema\/person\/2ec14f73fb96be2caf28f91afb14749d","name":"Equipe G\u00e1vea News","image":{"@type":"ImageObject","inLanguage":"pt-BR","@id":"https:\/\/www.gaveanews.com\/#\/schema\/person\/image\/","url":"https:\/\/secure.gravatar.com\/avatar\/1e1956f1facbffd3f8fa53a326721950116b3b9dc9bd44939c01180fd4a745a9?s=96&d=mm&r=g","contentUrl":"https:\/\/secure.gravatar.com\/avatar\/1e1956f1facbffd3f8fa53a326721950116b3b9dc9bd44939c01180fd4a745a9?s=96&d=mm&r=g","caption":"Equipe G\u00e1vea News"}}]}},"_links":{"self":[{"href":"https:\/\/www.gaveanews.com\/index.php\/wp-json\/wp\/v2\/posts\/87139","targetHints":{"allow":["GET"]}}],"collection":[{"href":"https:\/\/www.gaveanews.com\/index.php\/wp-json\/wp\/v2\/posts"}],"about":[{"href":"https:\/\/www.gaveanews.com\/index.php\/wp-json\/wp\/v2\/types\/post"}],"author":[{"embeddable":true,"href":"https:\/\/www.gaveanews.com\/index.php\/wp-json\/wp\/v2\/users\/1"}],"replies":[{"embeddable":true,"href":"https:\/\/www.gaveanews.com\/index.php\/wp-json\/wp\/v2\/comments?post=87139"}],"version-history":[{"count":1,"href":"https:\/\/www.gaveanews.com\/index.php\/wp-json\/wp\/v2\/posts\/87139\/revisions"}],"predecessor-version":[{"id":135007,"href":"https:\/\/www.gaveanews.com\/index.php\/wp-json\/wp\/v2\/posts\/87139\/revisions\/135007"}],"wp:featuredmedia":[{"embeddable":true,"href":"https:\/\/www.gaveanews.com\/index.php\/wp-json\/wp\/v2\/media\/87049"}],"wp:attachment":[{"href":"https:\/\/www.gaveanews.com\/index.php\/wp-json\/wp\/v2\/media?parent=87139"}],"wp:term":[{"taxonomy":"category","embeddable":true,"href":"https:\/\/www.gaveanews.com\/index.php\/wp-json\/wp\/v2\/categories?post=87139"},{"taxonomy":"post_tag","embeddable":true,"href":"https:\/\/www.gaveanews.com\/index.php\/wp-json\/wp\/v2\/tags?post=87139"}],"curies":[{"name":"wp","href":"https:\/\/api.w.org\/{rel}","templated":true}]}}