{"id":87147,"date":"2022-09-10T21:40:28","date_gmt":"2022-09-11T00:40:28","guid":{"rendered":"https:\/\/www.gaveanews.com\/?p=87147"},"modified":"2022-09-10T21:40:31","modified_gmt":"2022-09-11T00:40:31","slug":"david-luiz-tem-propostas-para-deixar-o-flamengo","status":"publish","type":"post","link":"https:\/\/www.gaveanews.com\/index.php\/2022\/09\/10\/david-luiz-tem-propostas-para-deixar-o-flamengo\/","title":{"rendered":"David Luiz tem propostas para deixar o Flamengo"},"content":{"rendered":"\n<p>O futuro de David Luiz no Flamengo \u00e9 um grande ponto de interroga\u00e7\u00e3o. Antes criticado sob o comando de Paulo Sousa, o zagueiro retomou as boas atua\u00e7\u00f5es e hoje \u00e9 titular da equipe dirigida por Dorival J\u00fanior. O contrato atual termina no final desta temporada e, at\u00e9 o momento n\u00e3o h\u00e1 conversas em andamento.<\/p>\n\n\n\n<p>Segundo informa\u00e7\u00f5es de Julio Miguel Neto, David Luiz tem em m\u00e3os ofertas para deixar o Flamengo. No entanto, \u00e9 desejo do jogador renovar seu v\u00ednculo com o clube carioca. Vale lembrar que ele j\u00e1 pode assinar um pr\u00e9-contrato com qualquer outra equipe, deixando o rubro-negro de gra\u00e7a a partir de janeiro.<\/p>\n\n\n\n<p>Ainda de acordo com Julio, David Luiz e Flamengo devem nas pr\u00f3ximas semanas discutir uma extens\u00e3o do v\u00ednculo. Em situa\u00e7\u00e3o parecida est\u00e1 Filipe Lu\u00eds, mas tamb\u00e9m n\u00e3o h\u00e1 ainda qualquer negocia\u00e7\u00e3o em andamento.<\/p>\n\n\n\n<p>Recentemente, o vice-presidente de futebol do Flamengo, Marcos Braz, abordou ambas as situa\u00e7\u00f5es. O dirigente se mostrou bastante tranquilo e ir\u00e1 abrir conversas no momento que considerar oportuno.<\/p>\n\n\n\n<p>\u201cAinda n\u00e3o iniciamos nada em rela\u00e7\u00e3o a renova\u00e7\u00e3o de contrato. S\u00e3o dois jogadores important\u00edssimos e titulares, mas na hora certa, se tiver que conversar, a gente vai conversar. S\u00e3o dois jogadores experientes, que n\u00e3o s\u00e3o garotos, sabem bem, tem a autoconfian\u00e7a necess\u00e1ria para que possa esperar um pouco mais e esperar a hora para a gente conversar\u201d.<\/p>\n\n\n\n<p>\u201cN\u00e3o vou te falar que a gente quer renovar nem que n\u00e3o quer renovar. Eles est\u00e3o no meio de um contrato em vig\u00eancia. A gente est\u00e1 dentro do prazo e n\u00e3o temos que afobar nem estar numa situa\u00e7\u00e3o desconfort\u00e1vel. Posso te falar que temos uma excelente rela\u00e7\u00e3o com os dois atletas e na hora certa vamos conversar e tomar as atitudes que temos que tomar \u2014 concluiu o vice-presidente do Flamengo.<\/p>\n\n\n\n<p>Certeza mesmo \u00e9 que Diego Alves est\u00e1 de sa\u00edda do Flamengo. Em outra ocasi\u00e3o, Braz indicou que o goleiro n\u00e3o ter\u00e1 seu contrato renovado para 2023.<\/p>\n\n\n\n<p>\u201cO Diego Alves, muito provavelmente n\u00e3o iremos renovar. Ele tem seis meses de contrato, est\u00e1 no meio deste contrato, existe um titular na posi\u00e7\u00e3o e que est\u00e1 muito bem. N\u00f3s temos confian\u00e7a no Hugo, que j\u00e1 tem jogos importantes pelo Flamengo. Eu acho que tudo na vida h\u00e1 ciclos, alguns demoram um pouco mais, outros menos. O importante \u00e9 voc\u00ea estar ciente disso, tudo tem um come\u00e7o, meio e fim\u201d.<\/p>\n\n\n\n<p>Retirado de: Torcedores<\/p>\n","protected":false},"excerpt":{"rendered":"<p>O futuro de David Luiz no Flamengo \u00e9 um grande ponto de interroga\u00e7\u00e3o. Antes criticado sob o comando de Paulo Sousa, o zagueiro retomou as boas atua\u00e7\u00f5es e hoje \u00e9 titular da equipe dirigida por Dorival J\u00fanior. O contrato atual termina no final desta temporada e, at\u00e9 o momento n\u00e3o h\u00e1 conversas em andamento. Segundo [&hellip;]<\/p>\n","protected":false},"author":1,"featured_media":84717,"comment_status":"open","ping_status":"closed","sticky":false,"template":"","format":"standard","meta":{"footnotes":""},"categories":[1],"tags":[],"class_list":["post-87147","post","type-post","status-publish","format-standard","has-post-thumbnail","hentry","category-flamengo"],"yoast_head":"<!-- This site is optimized with the Yoast SEO Premium plugin v24.2 (Yoast SEO v26.9) - https:\/\/yoast.com\/product\/yoast-seo-premium-wordpress\/ -->\n<title>David Luiz tem propostas para deixar o Flamengo<\/title>\n<meta name=\"robots\" content=\"index, follow, max-snippet:-1, max-image-preview:large, max-video-preview:-1\" \/>\n<link rel=\"canonical\" href=\"https:\/\/www.gaveanews.com\/index.php\/2022\/09\/10\/david-luiz-tem-propostas-para-deixar-o-flamengo\/\" \/>\n<meta property=\"og:locale\" content=\"pt_BR\" \/>\n<meta property=\"og:type\" content=\"article\" \/>\n<meta property=\"og:title\" content=\"David Luiz tem propostas para deixar o Flamengo\" \/>\n<meta property=\"og:description\" content=\"O futuro de David Luiz no Flamengo \u00e9 um grande ponto de interroga\u00e7\u00e3o. Antes criticado sob o comando de Paulo Sousa, o zagueiro retomou as boas atua\u00e7\u00f5es e hoje \u00e9 titular da equipe dirigida por Dorival J\u00fanior. O contrato atual termina no final desta temporada e, at\u00e9 o momento n\u00e3o h\u00e1 conversas em andamento. Segundo [&hellip;]\" \/>\n<meta property=\"og:url\" content=\"https:\/\/www.gaveanews.com\/index.php\/2022\/09\/10\/david-luiz-tem-propostas-para-deixar-o-flamengo\/\" \/>\n<meta property=\"og:site_name\" content=\"G\u00e1vea News\" \/>\n<meta property=\"article:publisher\" content=\"https:\/\/facebook.com\/gaveaNews\/\" \/>\n<meta property=\"article:published_time\" content=\"2022-09-11T00:40:28+00:00\" \/>\n<meta property=\"article:modified_time\" content=\"2022-09-11T00:40:31+00:00\" \/>\n<meta property=\"og:image\" content=\"https:\/\/www.gaveanews.com\/wp-content\/uploads\/David-Luiz-na-vitoria-do-Flamengo-sobre-o-Atletico-MG-pela-Copa-do-Brasil.webp\" \/>\n\t<meta property=\"og:image:width\" content=\"800\" \/>\n\t<meta property=\"og:image:height\" content=\"533\" \/>\n\t<meta property=\"og:image:type\" content=\"image\/jpeg\" \/>\n<meta name=\"author\" content=\"Equipe G\u00e1vea News\" \/>\n<meta name=\"twitter:card\" content=\"summary_large_image\" \/>\n<meta name=\"twitter:label1\" content=\"Escrito por\" \/>\n\t<meta name=\"twitter:data1\" content=\"Equipe G\u00e1vea News\" \/>\n\t<meta name=\"twitter:label2\" content=\"Est. tempo de leitura\" \/>\n\t<meta name=\"twitter:data2\" content=\"3 minutos\" \/>\n<script type=\"application\/ld+json\" class=\"yoast-schema-graph\">{\"@context\":\"https:\/\/schema.org\",\"@graph\":[{\"@type\":\"NewsArticle\",\"@id\":\"https:\/\/www.gaveanews.com\/index.php\/2022\/09\/10\/david-luiz-tem-propostas-para-deixar-o-flamengo\/#article\",\"isPartOf\":{\"@id\":\"https:\/\/www.gaveanews.com\/index.php\/2022\/09\/10\/david-luiz-tem-propostas-para-deixar-o-flamengo\/\"},\"author\":{\"name\":\"Equipe G\u00e1vea News\",\"@id\":\"https:\/\/www.gaveanews.com\/#\/schema\/person\/2ec14f73fb96be2caf28f91afb14749d\"},\"headline\":\"David Luiz tem propostas para deixar o Flamengo\",\"datePublished\":\"2022-09-11T00:40:28+00:00\",\"dateModified\":\"2022-09-11T00:40:31+00:00\",\"mainEntityOfPage\":{\"@id\":\"https:\/\/www.gaveanews.com\/index.php\/2022\/09\/10\/david-luiz-tem-propostas-para-deixar-o-flamengo\/\"},\"wordCount\":438,\"commentCount\":0,\"image\":{\"@id\":\"https:\/\/www.gaveanews.com\/index.php\/2022\/09\/10\/david-luiz-tem-propostas-para-deixar-o-flamengo\/#primaryimage\"},\"thumbnailUrl\":\"https:\/\/www.gaveanews.com\/wp-content\/uploads\/David-Luiz-na-vitoria-do-Flamengo-sobre-o-Atletico-MG-pela-Copa-do-Brasil.webp\",\"articleSection\":[\"Flamengo\"],\"inLanguage\":\"pt-BR\",\"potentialAction\":[{\"@type\":\"CommentAction\",\"name\":\"Comment\",\"target\":[\"https:\/\/www.gaveanews.com\/index.php\/2022\/09\/10\/david-luiz-tem-propostas-para-deixar-o-flamengo\/#respond\"]}],\"copyrightYear\":\"2022\",\"copyrightHolder\":{\"@id\":\"https:\/\/www.gaveanews.com\/#organization\"}},{\"@type\":\"WebPage\",\"@id\":\"https:\/\/www.gaveanews.com\/index.php\/2022\/09\/10\/david-luiz-tem-propostas-para-deixar-o-flamengo\/\",\"url\":\"https:\/\/www.gaveanews.com\/index.php\/2022\/09\/10\/david-luiz-tem-propostas-para-deixar-o-flamengo\/\",\"name\":\"David Luiz tem propostas para deixar o Flamengo\",\"isPartOf\":{\"@id\":\"https:\/\/www.gaveanews.com\/#website\"},\"primaryImageOfPage\":{\"@id\":\"https:\/\/www.gaveanews.com\/index.php\/2022\/09\/10\/david-luiz-tem-propostas-para-deixar-o-flamengo\/#primaryimage\"},\"image\":{\"@id\":\"https:\/\/www.gaveanews.com\/index.php\/2022\/09\/10\/david-luiz-tem-propostas-para-deixar-o-flamengo\/#primaryimage\"},\"thumbnailUrl\":\"https:\/\/www.gaveanews.com\/wp-content\/uploads\/David-Luiz-na-vitoria-do-Flamengo-sobre-o-Atletico-MG-pela-Copa-do-Brasil.webp\",\"datePublished\":\"2022-09-11T00:40:28+00:00\",\"dateModified\":\"2022-09-11T00:40:31+00:00\",\"author\":{\"@id\":\"https:\/\/www.gaveanews.com\/#\/schema\/person\/2ec14f73fb96be2caf28f91afb14749d\"},\"breadcrumb\":{\"@id\":\"https:\/\/www.gaveanews.com\/index.php\/2022\/09\/10\/david-luiz-tem-propostas-para-deixar-o-flamengo\/#breadcrumb\"},\"inLanguage\":\"pt-BR\",\"potentialAction\":[{\"@type\":\"ReadAction\",\"target\":[\"https:\/\/www.gaveanews.com\/index.php\/2022\/09\/10\/david-luiz-tem-propostas-para-deixar-o-flamengo\/\"]}]},{\"@type\":\"ImageObject\",\"inLanguage\":\"pt-BR\",\"@id\":\"https:\/\/www.gaveanews.com\/index.php\/2022\/09\/10\/david-luiz-tem-propostas-para-deixar-o-flamengo\/#primaryimage\",\"url\":\"https:\/\/www.gaveanews.com\/wp-content\/uploads\/David-Luiz-na-vitoria-do-Flamengo-sobre-o-Atletico-MG-pela-Copa-do-Brasil.webp\",\"contentUrl\":\"https:\/\/www.gaveanews.com\/wp-content\/uploads\/David-Luiz-na-vitoria-do-Flamengo-sobre-o-Atletico-MG-pela-Copa-do-Brasil.webp\",\"width\":800,\"height\":533,\"caption\":\"David Luiz na vit\u00f3ria do Flamengo sobre o Atl\u00e9tico-MG pela Copa do Brasil (Foto: Marcelo Cortes\/Flamengo)\"},{\"@type\":\"BreadcrumbList\",\"@id\":\"https:\/\/www.gaveanews.com\/index.php\/2022\/09\/10\/david-luiz-tem-propostas-para-deixar-o-flamengo\/#breadcrumb\",\"itemListElement\":[{\"@type\":\"ListItem\",\"position\":1,\"name\":\"Home\",\"item\":\"https:\/\/www.gaveanews.com\/\"},{\"@type\":\"ListItem\",\"position\":2,\"name\":\"David Luiz tem propostas para deixar o Flamengo\"}]},{\"@type\":\"WebSite\",\"@id\":\"https:\/\/www.gaveanews.com\/#website\",\"url\":\"https:\/\/www.gaveanews.com\/\",\"name\":\"G\u00e1vea News\",\"description\":\"Veja todas as not\u00edcias sobre o Flamengo: Contrata\u00e7\u00f5es, categorias de base, resultados das partidas, tabela de classifica\u00e7\u00e3o, pr\u00f3ximos jogos!\",\"potentialAction\":[{\"@type\":\"SearchAction\",\"target\":{\"@type\":\"EntryPoint\",\"urlTemplate\":\"https:\/\/www.gaveanews.com\/?s={search_term_string}\"},\"query-input\":{\"@type\":\"PropertyValueSpecification\",\"valueRequired\":true,\"valueName\":\"search_term_string\"}}],\"inLanguage\":\"pt-BR\"},{\"@type\":\"Person\",\"@id\":\"https:\/\/www.gaveanews.com\/#\/schema\/person\/2ec14f73fb96be2caf28f91afb14749d\",\"name\":\"Equipe G\u00e1vea News\",\"image\":{\"@type\":\"ImageObject\",\"inLanguage\":\"pt-BR\",\"@id\":\"https:\/\/www.gaveanews.com\/#\/schema\/person\/image\/\",\"url\":\"https:\/\/secure.gravatar.com\/avatar\/1e1956f1facbffd3f8fa53a326721950116b3b9dc9bd44939c01180fd4a745a9?s=96&d=mm&r=g\",\"contentUrl\":\"https:\/\/secure.gravatar.com\/avatar\/1e1956f1facbffd3f8fa53a326721950116b3b9dc9bd44939c01180fd4a745a9?s=96&d=mm&r=g\",\"caption\":\"Equipe G\u00e1vea News\"}}]}<\/script>\n<!-- \/ Yoast SEO Premium plugin. -->","yoast_head_json":{"title":"David Luiz tem propostas para deixar o Flamengo","robots":{"index":"index","follow":"follow","max-snippet":"max-snippet:-1","max-image-preview":"max-image-preview:large","max-video-preview":"max-video-preview:-1"},"canonical":"https:\/\/www.gaveanews.com\/index.php\/2022\/09\/10\/david-luiz-tem-propostas-para-deixar-o-flamengo\/","og_locale":"pt_BR","og_type":"article","og_title":"David Luiz tem propostas para deixar o Flamengo","og_description":"O futuro de David Luiz no Flamengo \u00e9 um grande ponto de interroga\u00e7\u00e3o. Antes criticado sob o comando de Paulo Sousa, o zagueiro retomou as boas atua\u00e7\u00f5es e hoje \u00e9 titular da equipe dirigida por Dorival J\u00fanior. O contrato atual termina no final desta temporada e, at\u00e9 o momento n\u00e3o h\u00e1 conversas em andamento. Segundo [&hellip;]","og_url":"https:\/\/www.gaveanews.com\/index.php\/2022\/09\/10\/david-luiz-tem-propostas-para-deixar-o-flamengo\/","og_site_name":"G\u00e1vea News","article_publisher":"https:\/\/facebook.com\/gaveaNews\/","article_published_time":"2022-09-11T00:40:28+00:00","article_modified_time":"2022-09-11T00:40:31+00:00","og_image":[{"width":800,"height":533,"url":"https:\/\/www.gaveanews.com\/wp-content\/uploads\/David-Luiz-na-vitoria-do-Flamengo-sobre-o-Atletico-MG-pela-Copa-do-Brasil.webp","type":"image\/jpeg"}],"author":"Equipe G\u00e1vea News","twitter_card":"summary_large_image","twitter_misc":{"Escrito por":"Equipe G\u00e1vea News","Est. tempo de leitura":"3 minutos"},"schema":{"@context":"https:\/\/schema.org","@graph":[{"@type":"NewsArticle","@id":"https:\/\/www.gaveanews.com\/index.php\/2022\/09\/10\/david-luiz-tem-propostas-para-deixar-o-flamengo\/#article","isPartOf":{"@id":"https:\/\/www.gaveanews.com\/index.php\/2022\/09\/10\/david-luiz-tem-propostas-para-deixar-o-flamengo\/"},"author":{"name":"Equipe G\u00e1vea News","@id":"https:\/\/www.gaveanews.com\/#\/schema\/person\/2ec14f73fb96be2caf28f91afb14749d"},"headline":"David Luiz tem propostas para deixar o Flamengo","datePublished":"2022-09-11T00:40:28+00:00","dateModified":"2022-09-11T00:40:31+00:00","mainEntityOfPage":{"@id":"https:\/\/www.gaveanews.com\/index.php\/2022\/09\/10\/david-luiz-tem-propostas-para-deixar-o-flamengo\/"},"wordCount":438,"commentCount":0,"image":{"@id":"https:\/\/www.gaveanews.com\/index.php\/2022\/09\/10\/david-luiz-tem-propostas-para-deixar-o-flamengo\/#primaryimage"},"thumbnailUrl":"https:\/\/www.gaveanews.com\/wp-content\/uploads\/David-Luiz-na-vitoria-do-Flamengo-sobre-o-Atletico-MG-pela-Copa-do-Brasil.webp","articleSection":["Flamengo"],"inLanguage":"pt-BR","potentialAction":[{"@type":"CommentAction","name":"Comment","target":["https:\/\/www.gaveanews.com\/index.php\/2022\/09\/10\/david-luiz-tem-propostas-para-deixar-o-flamengo\/#respond"]}],"copyrightYear":"2022","copyrightHolder":{"@id":"https:\/\/www.gaveanews.com\/#organization"}},{"@type":"WebPage","@id":"https:\/\/www.gaveanews.com\/index.php\/2022\/09\/10\/david-luiz-tem-propostas-para-deixar-o-flamengo\/","url":"https:\/\/www.gaveanews.com\/index.php\/2022\/09\/10\/david-luiz-tem-propostas-para-deixar-o-flamengo\/","name":"David Luiz tem propostas para deixar o Flamengo","isPartOf":{"@id":"https:\/\/www.gaveanews.com\/#website"},"primaryImageOfPage":{"@id":"https:\/\/www.gaveanews.com\/index.php\/2022\/09\/10\/david-luiz-tem-propostas-para-deixar-o-flamengo\/#primaryimage"},"image":{"@id":"https:\/\/www.gaveanews.com\/index.php\/2022\/09\/10\/david-luiz-tem-propostas-para-deixar-o-flamengo\/#primaryimage"},"thumbnailUrl":"https:\/\/www.gaveanews.com\/wp-content\/uploads\/David-Luiz-na-vitoria-do-Flamengo-sobre-o-Atletico-MG-pela-Copa-do-Brasil.webp","datePublished":"2022-09-11T00:40:28+00:00","dateModified":"2022-09-11T00:40:31+00:00","author":{"@id":"https:\/\/www.gaveanews.com\/#\/schema\/person\/2ec14f73fb96be2caf28f91afb14749d"},"breadcrumb":{"@id":"https:\/\/www.gaveanews.com\/index.php\/2022\/09\/10\/david-luiz-tem-propostas-para-deixar-o-flamengo\/#breadcrumb"},"inLanguage":"pt-BR","potentialAction":[{"@type":"ReadAction","target":["https:\/\/www.gaveanews.com\/index.php\/2022\/09\/10\/david-luiz-tem-propostas-para-deixar-o-flamengo\/"]}]},{"@type":"ImageObject","inLanguage":"pt-BR","@id":"https:\/\/www.gaveanews.com\/index.php\/2022\/09\/10\/david-luiz-tem-propostas-para-deixar-o-flamengo\/#primaryimage","url":"https:\/\/www.gaveanews.com\/wp-content\/uploads\/David-Luiz-na-vitoria-do-Flamengo-sobre-o-Atletico-MG-pela-Copa-do-Brasil.webp","contentUrl":"https:\/\/www.gaveanews.com\/wp-content\/uploads\/David-Luiz-na-vitoria-do-Flamengo-sobre-o-Atletico-MG-pela-Copa-do-Brasil.webp","width":800,"height":533,"caption":"David Luiz na vit\u00f3ria do Flamengo sobre o Atl\u00e9tico-MG pela Copa do Brasil (Foto: Marcelo Cortes\/Flamengo)"},{"@type":"BreadcrumbList","@id":"https:\/\/www.gaveanews.com\/index.php\/2022\/09\/10\/david-luiz-tem-propostas-para-deixar-o-flamengo\/#breadcrumb","itemListElement":[{"@type":"ListItem","position":1,"name":"Home","item":"https:\/\/www.gaveanews.com\/"},{"@type":"ListItem","position":2,"name":"David Luiz tem propostas para deixar o Flamengo"}]},{"@type":"WebSite","@id":"https:\/\/www.gaveanews.com\/#website","url":"https:\/\/www.gaveanews.com\/","name":"G\u00e1vea News","description":"Veja todas as not\u00edcias sobre o Flamengo: Contrata\u00e7\u00f5es, categorias de base, resultados das partidas, tabela de classifica\u00e7\u00e3o, pr\u00f3ximos jogos!","potentialAction":[{"@type":"SearchAction","target":{"@type":"EntryPoint","urlTemplate":"https:\/\/www.gaveanews.com\/?s={search_term_string}"},"query-input":{"@type":"PropertyValueSpecification","valueRequired":true,"valueName":"search_term_string"}}],"inLanguage":"pt-BR"},{"@type":"Person","@id":"https:\/\/www.gaveanews.com\/#\/schema\/person\/2ec14f73fb96be2caf28f91afb14749d","name":"Equipe G\u00e1vea News","image":{"@type":"ImageObject","inLanguage":"pt-BR","@id":"https:\/\/www.gaveanews.com\/#\/schema\/person\/image\/","url":"https:\/\/secure.gravatar.com\/avatar\/1e1956f1facbffd3f8fa53a326721950116b3b9dc9bd44939c01180fd4a745a9?s=96&d=mm&r=g","contentUrl":"https:\/\/secure.gravatar.com\/avatar\/1e1956f1facbffd3f8fa53a326721950116b3b9dc9bd44939c01180fd4a745a9?s=96&d=mm&r=g","caption":"Equipe G\u00e1vea News"}}]}},"_links":{"self":[{"href":"https:\/\/www.gaveanews.com\/index.php\/wp-json\/wp\/v2\/posts\/87147","targetHints":{"allow":["GET"]}}],"collection":[{"href":"https:\/\/www.gaveanews.com\/index.php\/wp-json\/wp\/v2\/posts"}],"about":[{"href":"https:\/\/www.gaveanews.com\/index.php\/wp-json\/wp\/v2\/types\/post"}],"author":[{"embeddable":true,"href":"https:\/\/www.gaveanews.com\/index.php\/wp-json\/wp\/v2\/users\/1"}],"replies":[{"embeddable":true,"href":"https:\/\/www.gaveanews.com\/index.php\/wp-json\/wp\/v2\/comments?post=87147"}],"version-history":[{"count":0,"href":"https:\/\/www.gaveanews.com\/index.php\/wp-json\/wp\/v2\/posts\/87147\/revisions"}],"wp:featuredmedia":[{"embeddable":true,"href":"https:\/\/www.gaveanews.com\/index.php\/wp-json\/wp\/v2\/media\/84717"}],"wp:attachment":[{"href":"https:\/\/www.gaveanews.com\/index.php\/wp-json\/wp\/v2\/media?parent=87147"}],"wp:term":[{"taxonomy":"category","embeddable":true,"href":"https:\/\/www.gaveanews.com\/index.php\/wp-json\/wp\/v2\/categories?post=87147"},{"taxonomy":"post_tag","embeddable":true,"href":"https:\/\/www.gaveanews.com\/index.php\/wp-json\/wp\/v2\/tags?post=87147"}],"curies":[{"name":"wp","href":"https:\/\/api.w.org\/{rel}","templated":true}]}}