{"id":87149,"date":"2022-09-10T21:54:21","date_gmt":"2022-09-11T00:54:21","guid":{"rendered":"https:\/\/www.gaveanews.com\/?p=87149"},"modified":"2022-09-10T21:54:23","modified_gmt":"2022-09-11T00:54:23","slug":"veja-em-quais-jogos-pedro-e-everton-ribeiro-devem-desfalcar-o-flamengo","status":"publish","type":"post","link":"https:\/\/www.gaveanews.com\/index.php\/2022\/09\/10\/veja-em-quais-jogos-pedro-e-everton-ribeiro-devem-desfalcar-o-flamengo\/","title":{"rendered":"Veja em quais jogos Pedro e Everton Ribeiro devem desfalcar o Flamengo"},"content":{"rendered":"\n<p>Pedro e Everton Ribeiro foram convocados para a Sele\u00e7\u00e3o Brasileira nesta sexta-feira, de olho nos amistosos contra Gana e Tun\u00edsia, no fim deste m\u00eas. Com excelente n\u00edvel no Flamengo, Tite lembrou dos jogadores e aumentou a esperan\u00e7a de presen\u00e7a na Copa do Mundo. No entanto, para representar o Brasil, eles desfalcar\u00e3o o clube.<\/p>\n\n\n\n<p>A Sele\u00e7\u00e3o Brasileira deve se apresentar na segunda-feira, logo ap\u00f3s o confronto entre Flamengo e Fluminense, pelo Brasileir\u00e3o. Dessa forma, tudo indica que Pedro e Everton ser\u00e3o desfalques no duelo diante do Fortaleza, tamb\u00e9m pela liga nacional, enquanto presen\u00e7a no jogo contra o Red Bull Bragantino \u00e9 incerta.<\/p>\n\n\n\n<h2 class=\"wp-block-heading\" id=\"h-veja-o-calendario-do-flamengo\">Veja o calend\u00e1rio do Flamengo:<\/h2>\n\n\n\n<ul class=\"wp-block-list\"><li>Flamengo x Fluminense &#8211; 18\/09 &#8211; Maracan\u00e3<\/li><li>\u200bBrasil x Gana &#8211; 23\/09 &#8211; Stade Oce\u00e1ne (FRA)<\/li><li>Brasil x Tun\u00edsia &#8211; 27\/09 &#8211; Parque dos Pr\u00edncipes (FRA)<\/li><li>Fortaleza x Flamengo &#8211; 28\/09 &#8211; Arena Castel\u00e3o<\/li><li>Flamengo x Red Bull Bragantino &#8211; 01\/10 &#8211; Maracan\u00e3<\/li><\/ul>\n\n\n\n<p>Depois de definir de vez uma poss\u00edvel classifica\u00e7\u00e3o para a final da Copa do Brasil, o Flamengo ter\u00e1 apenas o Brasileir\u00e3o para disputar at\u00e9 meados de outubro. Com isso, \u00e9 improv\u00e1vel que o Rubro-Negro force uma volta dos jogadores para disputar o jogo em Fortaleza, um dia depois deles enfrentarem a Tun\u00edsia, em dia antes.<\/p>\n\n\n\n<p>Al\u00e9m disso, pelo tradicional rod\u00edzio de Dorival, a presen\u00e7a do centroavante e do meia no jogo contra o Red Bull Bragantino tamb\u00e9m \u00e9 considerada incerta. Por\u00e9m, \u00e9 bem mais prov\u00e1vel que ele esteja em campo, j\u00e1 que o duelo ser\u00e1 no Maracan\u00e3 e tr\u00eas dias depois da volta de Paris.<\/p>\n\n\n\n<p>Pedro e Everton seguem \u00e0 disposi\u00e7\u00e3o de Dorival e devem ser relacionados para o pr\u00f3ximo compromisso do Rubro-Negro, que ser\u00e1 neste domingo. O Flamengo enfrenta o Goi\u00e1s, \u00e0s 19h (de Bras\u00edlia), no Maracan\u00e3, em jogo v\u00e1lido pela 26\u00aa rodada do Brasileir\u00e3o.<\/p>\n\n\n\n<p>Retirado de: Lance<\/p>\n","protected":false},"excerpt":{"rendered":"<p>Pedro e Everton Ribeiro foram convocados para a Sele\u00e7\u00e3o Brasileira nesta sexta-feira, de olho nos amistosos contra Gana e Tun\u00edsia, no fim deste m\u00eas. Com excelente n\u00edvel no Flamengo, Tite lembrou dos jogadores e aumentou a esperan\u00e7a de presen\u00e7a na Copa do Mundo. No entanto, para representar o Brasil, eles desfalcar\u00e3o o clube. A Sele\u00e7\u00e3o [&hellip;]<\/p>\n","protected":false},"author":1,"featured_media":62470,"comment_status":"open","ping_status":"closed","sticky":false,"template":"","format":"standard","meta":{"footnotes":""},"categories":[1],"tags":[],"class_list":["post-87149","post","type-post","status-publish","format-standard","has-post-thumbnail","hentry","category-flamengo"],"yoast_head":"<!-- This site is optimized with the Yoast SEO Premium plugin v24.2 (Yoast SEO v26.9) - https:\/\/yoast.com\/product\/yoast-seo-premium-wordpress\/ -->\n<title>Veja em quais jogos Pedro e Everton Ribeiro devem desfalcar o Flamengo<\/title>\n<meta name=\"robots\" content=\"index, follow, max-snippet:-1, max-image-preview:large, max-video-preview:-1\" \/>\n<link rel=\"canonical\" href=\"https:\/\/www.gaveanews.com\/index.php\/2022\/09\/10\/veja-em-quais-jogos-pedro-e-everton-ribeiro-devem-desfalcar-o-flamengo\/\" \/>\n<meta property=\"og:locale\" content=\"pt_BR\" \/>\n<meta property=\"og:type\" content=\"article\" \/>\n<meta property=\"og:title\" content=\"Veja em quais jogos Pedro e Everton Ribeiro devem desfalcar o Flamengo\" \/>\n<meta property=\"og:description\" content=\"Pedro e Everton Ribeiro foram convocados para a Sele\u00e7\u00e3o Brasileira nesta sexta-feira, de olho nos amistosos contra Gana e Tun\u00edsia, no fim deste m\u00eas. Com excelente n\u00edvel no Flamengo, Tite lembrou dos jogadores e aumentou a esperan\u00e7a de presen\u00e7a na Copa do Mundo. No entanto, para representar o Brasil, eles desfalcar\u00e3o o clube. A Sele\u00e7\u00e3o [&hellip;]\" \/>\n<meta property=\"og:url\" content=\"https:\/\/www.gaveanews.com\/index.php\/2022\/09\/10\/veja-em-quais-jogos-pedro-e-everton-ribeiro-devem-desfalcar-o-flamengo\/\" \/>\n<meta property=\"og:site_name\" content=\"G\u00e1vea News\" \/>\n<meta property=\"article:publisher\" content=\"https:\/\/facebook.com\/gaveaNews\/\" \/>\n<meta property=\"article:published_time\" content=\"2022-09-11T00:54:21+00:00\" \/>\n<meta property=\"article:modified_time\" content=\"2022-09-11T00:54:23+00:00\" \/>\n<meta property=\"og:image\" content=\"https:\/\/www.gaveanews.com\/wp-content\/uploads\/Pedro-durante-o-treinamento-do-Brasil.webp\" \/>\n\t<meta property=\"og:image:width\" content=\"984\" \/>\n\t<meta property=\"og:image:height\" content=\"656\" \/>\n\t<meta property=\"og:image:type\" content=\"image\/jpeg\" \/>\n<meta name=\"author\" content=\"Equipe G\u00e1vea News\" \/>\n<meta name=\"twitter:card\" content=\"summary_large_image\" \/>\n<meta name=\"twitter:label1\" content=\"Escrito por\" \/>\n\t<meta name=\"twitter:data1\" content=\"Equipe G\u00e1vea News\" \/>\n\t<meta name=\"twitter:label2\" content=\"Est. tempo de leitura\" \/>\n\t<meta name=\"twitter:data2\" content=\"2 minutos\" \/>\n<script type=\"application\/ld+json\" class=\"yoast-schema-graph\">{\"@context\":\"https:\/\/schema.org\",\"@graph\":[{\"@type\":\"NewsArticle\",\"@id\":\"https:\/\/www.gaveanews.com\/index.php\/2022\/09\/10\/veja-em-quais-jogos-pedro-e-everton-ribeiro-devem-desfalcar-o-flamengo\/#article\",\"isPartOf\":{\"@id\":\"https:\/\/www.gaveanews.com\/index.php\/2022\/09\/10\/veja-em-quais-jogos-pedro-e-everton-ribeiro-devem-desfalcar-o-flamengo\/\"},\"author\":{\"name\":\"Equipe G\u00e1vea News\",\"@id\":\"https:\/\/www.gaveanews.com\/#\/schema\/person\/2ec14f73fb96be2caf28f91afb14749d\"},\"headline\":\"Veja em quais jogos Pedro e Everton Ribeiro devem desfalcar o Flamengo\",\"datePublished\":\"2022-09-11T00:54:21+00:00\",\"dateModified\":\"2022-09-11T00:54:23+00:00\",\"mainEntityOfPage\":{\"@id\":\"https:\/\/www.gaveanews.com\/index.php\/2022\/09\/10\/veja-em-quais-jogos-pedro-e-everton-ribeiro-devem-desfalcar-o-flamengo\/\"},\"wordCount\":335,\"commentCount\":0,\"image\":{\"@id\":\"https:\/\/www.gaveanews.com\/index.php\/2022\/09\/10\/veja-em-quais-jogos-pedro-e-everton-ribeiro-devem-desfalcar-o-flamengo\/#primaryimage\"},\"thumbnailUrl\":\"https:\/\/www.gaveanews.com\/wp-content\/uploads\/Pedro-durante-o-treinamento-do-Brasil.webp\",\"articleSection\":[\"Flamengo\"],\"inLanguage\":\"pt-BR\",\"potentialAction\":[{\"@type\":\"CommentAction\",\"name\":\"Comment\",\"target\":[\"https:\/\/www.gaveanews.com\/index.php\/2022\/09\/10\/veja-em-quais-jogos-pedro-e-everton-ribeiro-devem-desfalcar-o-flamengo\/#respond\"]}],\"copyrightYear\":\"2022\",\"copyrightHolder\":{\"@id\":\"https:\/\/www.gaveanews.com\/#organization\"}},{\"@type\":\"WebPage\",\"@id\":\"https:\/\/www.gaveanews.com\/index.php\/2022\/09\/10\/veja-em-quais-jogos-pedro-e-everton-ribeiro-devem-desfalcar-o-flamengo\/\",\"url\":\"https:\/\/www.gaveanews.com\/index.php\/2022\/09\/10\/veja-em-quais-jogos-pedro-e-everton-ribeiro-devem-desfalcar-o-flamengo\/\",\"name\":\"Veja em quais jogos Pedro e Everton Ribeiro devem desfalcar o Flamengo\",\"isPartOf\":{\"@id\":\"https:\/\/www.gaveanews.com\/#website\"},\"primaryImageOfPage\":{\"@id\":\"https:\/\/www.gaveanews.com\/index.php\/2022\/09\/10\/veja-em-quais-jogos-pedro-e-everton-ribeiro-devem-desfalcar-o-flamengo\/#primaryimage\"},\"image\":{\"@id\":\"https:\/\/www.gaveanews.com\/index.php\/2022\/09\/10\/veja-em-quais-jogos-pedro-e-everton-ribeiro-devem-desfalcar-o-flamengo\/#primaryimage\"},\"thumbnailUrl\":\"https:\/\/www.gaveanews.com\/wp-content\/uploads\/Pedro-durante-o-treinamento-do-Brasil.webp\",\"datePublished\":\"2022-09-11T00:54:21+00:00\",\"dateModified\":\"2022-09-11T00:54:23+00:00\",\"author\":{\"@id\":\"https:\/\/www.gaveanews.com\/#\/schema\/person\/2ec14f73fb96be2caf28f91afb14749d\"},\"breadcrumb\":{\"@id\":\"https:\/\/www.gaveanews.com\/index.php\/2022\/09\/10\/veja-em-quais-jogos-pedro-e-everton-ribeiro-devem-desfalcar-o-flamengo\/#breadcrumb\"},\"inLanguage\":\"pt-BR\",\"potentialAction\":[{\"@type\":\"ReadAction\",\"target\":[\"https:\/\/www.gaveanews.com\/index.php\/2022\/09\/10\/veja-em-quais-jogos-pedro-e-everton-ribeiro-devem-desfalcar-o-flamengo\/\"]}]},{\"@type\":\"ImageObject\",\"inLanguage\":\"pt-BR\",\"@id\":\"https:\/\/www.gaveanews.com\/index.php\/2022\/09\/10\/veja-em-quais-jogos-pedro-e-everton-ribeiro-devem-desfalcar-o-flamengo\/#primaryimage\",\"url\":\"https:\/\/www.gaveanews.com\/wp-content\/uploads\/Pedro-durante-o-treinamento-do-Brasil.webp\",\"contentUrl\":\"https:\/\/www.gaveanews.com\/wp-content\/uploads\/Pedro-durante-o-treinamento-do-Brasil.webp\",\"width\":984,\"height\":656,\"caption\":\"Pedro durante o treinamento do Brasil (Foto: Aleksandar Djorovic\/CBF)\"},{\"@type\":\"BreadcrumbList\",\"@id\":\"https:\/\/www.gaveanews.com\/index.php\/2022\/09\/10\/veja-em-quais-jogos-pedro-e-everton-ribeiro-devem-desfalcar-o-flamengo\/#breadcrumb\",\"itemListElement\":[{\"@type\":\"ListItem\",\"position\":1,\"name\":\"Home\",\"item\":\"https:\/\/www.gaveanews.com\/\"},{\"@type\":\"ListItem\",\"position\":2,\"name\":\"Veja em quais jogos Pedro e Everton Ribeiro devem desfalcar o Flamengo\"}]},{\"@type\":\"WebSite\",\"@id\":\"https:\/\/www.gaveanews.com\/#website\",\"url\":\"https:\/\/www.gaveanews.com\/\",\"name\":\"G\u00e1vea News\",\"description\":\"Veja todas as not\u00edcias sobre o Flamengo: Contrata\u00e7\u00f5es, categorias de base, resultados das partidas, tabela de classifica\u00e7\u00e3o, pr\u00f3ximos jogos!\",\"potentialAction\":[{\"@type\":\"SearchAction\",\"target\":{\"@type\":\"EntryPoint\",\"urlTemplate\":\"https:\/\/www.gaveanews.com\/?s={search_term_string}\"},\"query-input\":{\"@type\":\"PropertyValueSpecification\",\"valueRequired\":true,\"valueName\":\"search_term_string\"}}],\"inLanguage\":\"pt-BR\"},{\"@type\":\"Person\",\"@id\":\"https:\/\/www.gaveanews.com\/#\/schema\/person\/2ec14f73fb96be2caf28f91afb14749d\",\"name\":\"Equipe G\u00e1vea News\",\"image\":{\"@type\":\"ImageObject\",\"inLanguage\":\"pt-BR\",\"@id\":\"https:\/\/www.gaveanews.com\/#\/schema\/person\/image\/\",\"url\":\"https:\/\/secure.gravatar.com\/avatar\/1e1956f1facbffd3f8fa53a326721950116b3b9dc9bd44939c01180fd4a745a9?s=96&d=mm&r=g\",\"contentUrl\":\"https:\/\/secure.gravatar.com\/avatar\/1e1956f1facbffd3f8fa53a326721950116b3b9dc9bd44939c01180fd4a745a9?s=96&d=mm&r=g\",\"caption\":\"Equipe G\u00e1vea News\"}}]}<\/script>\n<!-- \/ Yoast SEO Premium plugin. -->","yoast_head_json":{"title":"Veja em quais jogos Pedro e Everton Ribeiro devem desfalcar o Flamengo","robots":{"index":"index","follow":"follow","max-snippet":"max-snippet:-1","max-image-preview":"max-image-preview:large","max-video-preview":"max-video-preview:-1"},"canonical":"https:\/\/www.gaveanews.com\/index.php\/2022\/09\/10\/veja-em-quais-jogos-pedro-e-everton-ribeiro-devem-desfalcar-o-flamengo\/","og_locale":"pt_BR","og_type":"article","og_title":"Veja em quais jogos Pedro e Everton Ribeiro devem desfalcar o Flamengo","og_description":"Pedro e Everton Ribeiro foram convocados para a Sele\u00e7\u00e3o Brasileira nesta sexta-feira, de olho nos amistosos contra Gana e Tun\u00edsia, no fim deste m\u00eas. Com excelente n\u00edvel no Flamengo, Tite lembrou dos jogadores e aumentou a esperan\u00e7a de presen\u00e7a na Copa do Mundo. No entanto, para representar o Brasil, eles desfalcar\u00e3o o clube. A Sele\u00e7\u00e3o [&hellip;]","og_url":"https:\/\/www.gaveanews.com\/index.php\/2022\/09\/10\/veja-em-quais-jogos-pedro-e-everton-ribeiro-devem-desfalcar-o-flamengo\/","og_site_name":"G\u00e1vea News","article_publisher":"https:\/\/facebook.com\/gaveaNews\/","article_published_time":"2022-09-11T00:54:21+00:00","article_modified_time":"2022-09-11T00:54:23+00:00","og_image":[{"width":984,"height":656,"url":"https:\/\/www.gaveanews.com\/wp-content\/uploads\/Pedro-durante-o-treinamento-do-Brasil.webp","type":"image\/jpeg"}],"author":"Equipe G\u00e1vea News","twitter_card":"summary_large_image","twitter_misc":{"Escrito por":"Equipe G\u00e1vea News","Est. tempo de leitura":"2 minutos"},"schema":{"@context":"https:\/\/schema.org","@graph":[{"@type":"NewsArticle","@id":"https:\/\/www.gaveanews.com\/index.php\/2022\/09\/10\/veja-em-quais-jogos-pedro-e-everton-ribeiro-devem-desfalcar-o-flamengo\/#article","isPartOf":{"@id":"https:\/\/www.gaveanews.com\/index.php\/2022\/09\/10\/veja-em-quais-jogos-pedro-e-everton-ribeiro-devem-desfalcar-o-flamengo\/"},"author":{"name":"Equipe G\u00e1vea News","@id":"https:\/\/www.gaveanews.com\/#\/schema\/person\/2ec14f73fb96be2caf28f91afb14749d"},"headline":"Veja em quais jogos Pedro e Everton Ribeiro devem desfalcar o Flamengo","datePublished":"2022-09-11T00:54:21+00:00","dateModified":"2022-09-11T00:54:23+00:00","mainEntityOfPage":{"@id":"https:\/\/www.gaveanews.com\/index.php\/2022\/09\/10\/veja-em-quais-jogos-pedro-e-everton-ribeiro-devem-desfalcar-o-flamengo\/"},"wordCount":335,"commentCount":0,"image":{"@id":"https:\/\/www.gaveanews.com\/index.php\/2022\/09\/10\/veja-em-quais-jogos-pedro-e-everton-ribeiro-devem-desfalcar-o-flamengo\/#primaryimage"},"thumbnailUrl":"https:\/\/www.gaveanews.com\/wp-content\/uploads\/Pedro-durante-o-treinamento-do-Brasil.webp","articleSection":["Flamengo"],"inLanguage":"pt-BR","potentialAction":[{"@type":"CommentAction","name":"Comment","target":["https:\/\/www.gaveanews.com\/index.php\/2022\/09\/10\/veja-em-quais-jogos-pedro-e-everton-ribeiro-devem-desfalcar-o-flamengo\/#respond"]}],"copyrightYear":"2022","copyrightHolder":{"@id":"https:\/\/www.gaveanews.com\/#organization"}},{"@type":"WebPage","@id":"https:\/\/www.gaveanews.com\/index.php\/2022\/09\/10\/veja-em-quais-jogos-pedro-e-everton-ribeiro-devem-desfalcar-o-flamengo\/","url":"https:\/\/www.gaveanews.com\/index.php\/2022\/09\/10\/veja-em-quais-jogos-pedro-e-everton-ribeiro-devem-desfalcar-o-flamengo\/","name":"Veja em quais jogos Pedro e Everton Ribeiro devem desfalcar o Flamengo","isPartOf":{"@id":"https:\/\/www.gaveanews.com\/#website"},"primaryImageOfPage":{"@id":"https:\/\/www.gaveanews.com\/index.php\/2022\/09\/10\/veja-em-quais-jogos-pedro-e-everton-ribeiro-devem-desfalcar-o-flamengo\/#primaryimage"},"image":{"@id":"https:\/\/www.gaveanews.com\/index.php\/2022\/09\/10\/veja-em-quais-jogos-pedro-e-everton-ribeiro-devem-desfalcar-o-flamengo\/#primaryimage"},"thumbnailUrl":"https:\/\/www.gaveanews.com\/wp-content\/uploads\/Pedro-durante-o-treinamento-do-Brasil.webp","datePublished":"2022-09-11T00:54:21+00:00","dateModified":"2022-09-11T00:54:23+00:00","author":{"@id":"https:\/\/www.gaveanews.com\/#\/schema\/person\/2ec14f73fb96be2caf28f91afb14749d"},"breadcrumb":{"@id":"https:\/\/www.gaveanews.com\/index.php\/2022\/09\/10\/veja-em-quais-jogos-pedro-e-everton-ribeiro-devem-desfalcar-o-flamengo\/#breadcrumb"},"inLanguage":"pt-BR","potentialAction":[{"@type":"ReadAction","target":["https:\/\/www.gaveanews.com\/index.php\/2022\/09\/10\/veja-em-quais-jogos-pedro-e-everton-ribeiro-devem-desfalcar-o-flamengo\/"]}]},{"@type":"ImageObject","inLanguage":"pt-BR","@id":"https:\/\/www.gaveanews.com\/index.php\/2022\/09\/10\/veja-em-quais-jogos-pedro-e-everton-ribeiro-devem-desfalcar-o-flamengo\/#primaryimage","url":"https:\/\/www.gaveanews.com\/wp-content\/uploads\/Pedro-durante-o-treinamento-do-Brasil.webp","contentUrl":"https:\/\/www.gaveanews.com\/wp-content\/uploads\/Pedro-durante-o-treinamento-do-Brasil.webp","width":984,"height":656,"caption":"Pedro durante o treinamento do Brasil (Foto: Aleksandar Djorovic\/CBF)"},{"@type":"BreadcrumbList","@id":"https:\/\/www.gaveanews.com\/index.php\/2022\/09\/10\/veja-em-quais-jogos-pedro-e-everton-ribeiro-devem-desfalcar-o-flamengo\/#breadcrumb","itemListElement":[{"@type":"ListItem","position":1,"name":"Home","item":"https:\/\/www.gaveanews.com\/"},{"@type":"ListItem","position":2,"name":"Veja em quais jogos Pedro e Everton Ribeiro devem desfalcar o Flamengo"}]},{"@type":"WebSite","@id":"https:\/\/www.gaveanews.com\/#website","url":"https:\/\/www.gaveanews.com\/","name":"G\u00e1vea News","description":"Veja todas as not\u00edcias sobre o Flamengo: Contrata\u00e7\u00f5es, categorias de base, resultados das partidas, tabela de classifica\u00e7\u00e3o, pr\u00f3ximos jogos!","potentialAction":[{"@type":"SearchAction","target":{"@type":"EntryPoint","urlTemplate":"https:\/\/www.gaveanews.com\/?s={search_term_string}"},"query-input":{"@type":"PropertyValueSpecification","valueRequired":true,"valueName":"search_term_string"}}],"inLanguage":"pt-BR"},{"@type":"Person","@id":"https:\/\/www.gaveanews.com\/#\/schema\/person\/2ec14f73fb96be2caf28f91afb14749d","name":"Equipe G\u00e1vea News","image":{"@type":"ImageObject","inLanguage":"pt-BR","@id":"https:\/\/www.gaveanews.com\/#\/schema\/person\/image\/","url":"https:\/\/secure.gravatar.com\/avatar\/1e1956f1facbffd3f8fa53a326721950116b3b9dc9bd44939c01180fd4a745a9?s=96&d=mm&r=g","contentUrl":"https:\/\/secure.gravatar.com\/avatar\/1e1956f1facbffd3f8fa53a326721950116b3b9dc9bd44939c01180fd4a745a9?s=96&d=mm&r=g","caption":"Equipe G\u00e1vea News"}}]}},"_links":{"self":[{"href":"https:\/\/www.gaveanews.com\/index.php\/wp-json\/wp\/v2\/posts\/87149","targetHints":{"allow":["GET"]}}],"collection":[{"href":"https:\/\/www.gaveanews.com\/index.php\/wp-json\/wp\/v2\/posts"}],"about":[{"href":"https:\/\/www.gaveanews.com\/index.php\/wp-json\/wp\/v2\/types\/post"}],"author":[{"embeddable":true,"href":"https:\/\/www.gaveanews.com\/index.php\/wp-json\/wp\/v2\/users\/1"}],"replies":[{"embeddable":true,"href":"https:\/\/www.gaveanews.com\/index.php\/wp-json\/wp\/v2\/comments?post=87149"}],"version-history":[{"count":0,"href":"https:\/\/www.gaveanews.com\/index.php\/wp-json\/wp\/v2\/posts\/87149\/revisions"}],"wp:featuredmedia":[{"embeddable":true,"href":"https:\/\/www.gaveanews.com\/index.php\/wp-json\/wp\/v2\/media\/62470"}],"wp:attachment":[{"href":"https:\/\/www.gaveanews.com\/index.php\/wp-json\/wp\/v2\/media?parent=87149"}],"wp:term":[{"taxonomy":"category","embeddable":true,"href":"https:\/\/www.gaveanews.com\/index.php\/wp-json\/wp\/v2\/categories?post=87149"},{"taxonomy":"post_tag","embeddable":true,"href":"https:\/\/www.gaveanews.com\/index.php\/wp-json\/wp\/v2\/tags?post=87149"}],"curies":[{"name":"wp","href":"https:\/\/api.w.org\/{rel}","templated":true}]}}