{"id":87155,"date":"2022-09-10T23:39:41","date_gmt":"2022-09-11T02:39:41","guid":{"rendered":"https:\/\/www.gaveanews.com\/?p=87155"},"modified":"2022-09-10T23:39:44","modified_gmt":"2022-09-11T02:39:44","slug":"marcos-braz-fala-sobre-excesso-de-cartoes-de-gabigol-no-flamengo","status":"publish","type":"post","link":"https:\/\/www.gaveanews.com\/index.php\/2022\/09\/10\/marcos-braz-fala-sobre-excesso-de-cartoes-de-gabigol-no-flamengo\/","title":{"rendered":"Marcos Braz fala sobre excesso de cart\u00f5es de Gabigol no Flamengo"},"content":{"rendered":"\n<p>A idolatria de Gabigol no Flamengo n\u00e3o se discute, mas o temperamento forte do camisa 9 tem lhe prejudicado nos \u00faltimos jogos. O centroavante foi expulso contra o Cear\u00e1 por reclama\u00e7\u00e3o e vem sendo criticado pelo excesso de cart\u00f5es amarelos que sofre por reclama\u00e7\u00e3o.<\/p>\n\n\n\n<p>Em entrevista ao S1 Live e Paparazzo Rubro-Negro, o vice-presidente de futebol do Flamengo, Marcos Braz comentou sobre a situa\u00e7\u00e3o e admitiu que Gabigol, em alguns momentos, \u2018passa do ponto\u2019. Por outro lado, justificou dando um poss\u00edvel motivo.<\/p>\n\n\n\n<p><em>\u2014 Acho que falar que ele n\u00e3o passa dos limites, n\u00e3o \u00e9 justo e nem honesto. Agora, a grande quest\u00e3o \u00e9 a \u00e2nsia dele, a vontade dele no dia a dia e dentro dos jogos. Ele, \u00e0s vezes acha que a arbitragem est\u00e1 com dificuldade de apitar o que \u00e9 correto. Muitas vezes ele tem uma an\u00e1lise de que est\u00e1 sendo perseguido (pelos \u00e1rbitros)<\/em>, iniciou.<\/p>\n\n\n\n<p><em>\u2014 Enfim, acho que tem um pouco de cada coisa, acho que ele tem que se policiar um pouco mais. Agora, tamb\u00e9m j\u00e1 tiveram excessos com ele, sem querer minimizar ou defender ele. H\u00e1 um pouco de cada coisa, mas ele tem que entender que n\u00e3o ter essa somat\u00f3ria. Estou falando de maneira ampla, mas \u00e9 um jogador importante para o Flamengo<\/em>, indicou Braz.<\/p>\n\n\n\n<p>Retirado de: Mercado do Futebol<\/p>\n","protected":false},"excerpt":{"rendered":"<p>A idolatria de Gabigol no Flamengo n\u00e3o se discute, mas o temperamento forte do camisa 9 tem lhe prejudicado nos \u00faltimos jogos. O centroavante foi expulso contra o Cear\u00e1 por reclama\u00e7\u00e3o e vem sendo criticado pelo excesso de cart\u00f5es amarelos que sofre por reclama\u00e7\u00e3o. Em entrevista ao S1 Live e Paparazzo Rubro-Negro, o vice-presidente de [&hellip;]<\/p>\n","protected":false},"author":1,"featured_media":85562,"comment_status":"open","ping_status":"closed","sticky":false,"template":"","format":"standard","meta":{"footnotes":""},"categories":[1],"tags":[],"class_list":["post-87155","post","type-post","status-publish","format-standard","has-post-thumbnail","hentry","category-flamengo"],"yoast_head":"<!-- This site is optimized with the Yoast SEO Premium plugin v24.2 (Yoast SEO v26.9) - https:\/\/yoast.com\/product\/yoast-seo-premium-wordpress\/ -->\n<title>Marcos Braz fala sobre excesso de cart\u00f5es de Gabigol no Flamengo<\/title>\n<meta name=\"robots\" content=\"index, follow, max-snippet:-1, max-image-preview:large, max-video-preview:-1\" \/>\n<link rel=\"canonical\" href=\"https:\/\/www.gaveanews.com\/index.php\/2022\/09\/10\/marcos-braz-fala-sobre-excesso-de-cartoes-de-gabigol-no-flamengo\/\" \/>\n<meta property=\"og:locale\" content=\"pt_BR\" \/>\n<meta property=\"og:type\" content=\"article\" \/>\n<meta property=\"og:title\" content=\"Marcos Braz fala sobre excesso de cart\u00f5es de Gabigol no Flamengo\" \/>\n<meta property=\"og:description\" content=\"A idolatria de Gabigol no Flamengo n\u00e3o se discute, mas o temperamento forte do camisa 9 tem lhe prejudicado nos \u00faltimos jogos. O centroavante foi expulso contra o Cear\u00e1 por reclama\u00e7\u00e3o e vem sendo criticado pelo excesso de cart\u00f5es amarelos que sofre por reclama\u00e7\u00e3o. Em entrevista ao S1 Live e Paparazzo Rubro-Negro, o vice-presidente de [&hellip;]\" \/>\n<meta property=\"og:url\" content=\"https:\/\/www.gaveanews.com\/index.php\/2022\/09\/10\/marcos-braz-fala-sobre-excesso-de-cartoes-de-gabigol-no-flamengo\/\" \/>\n<meta property=\"og:site_name\" content=\"G\u00e1vea News\" \/>\n<meta property=\"article:publisher\" content=\"https:\/\/facebook.com\/gaveaNews\/\" \/>\n<meta property=\"article:published_time\" content=\"2022-09-11T02:39:41+00:00\" \/>\n<meta property=\"article:modified_time\" content=\"2022-09-11T02:39:44+00:00\" \/>\n<meta property=\"og:image\" content=\"https:\/\/www.gaveanews.com\/wp-content\/uploads\/Marcos-Braz-em-entrevista-no-CT-do-Flamengo-1.webp\" \/>\n\t<meta property=\"og:image:width\" content=\"799\" \/>\n\t<meta property=\"og:image:height\" content=\"533\" \/>\n\t<meta property=\"og:image:type\" content=\"image\/jpeg\" \/>\n<meta name=\"author\" content=\"Equipe G\u00e1vea News\" \/>\n<meta name=\"twitter:card\" content=\"summary_large_image\" \/>\n<meta name=\"twitter:label1\" content=\"Escrito por\" \/>\n\t<meta name=\"twitter:data1\" content=\"Equipe G\u00e1vea News\" \/>\n\t<meta name=\"twitter:label2\" content=\"Est. tempo de leitura\" \/>\n\t<meta name=\"twitter:data2\" content=\"2 minutos\" \/>\n<script type=\"application\/ld+json\" class=\"yoast-schema-graph\">{\"@context\":\"https:\/\/schema.org\",\"@graph\":[{\"@type\":\"NewsArticle\",\"@id\":\"https:\/\/www.gaveanews.com\/index.php\/2022\/09\/10\/marcos-braz-fala-sobre-excesso-de-cartoes-de-gabigol-no-flamengo\/#article\",\"isPartOf\":{\"@id\":\"https:\/\/www.gaveanews.com\/index.php\/2022\/09\/10\/marcos-braz-fala-sobre-excesso-de-cartoes-de-gabigol-no-flamengo\/\"},\"author\":{\"name\":\"Equipe G\u00e1vea News\",\"@id\":\"https:\/\/www.gaveanews.com\/#\/schema\/person\/2ec14f73fb96be2caf28f91afb14749d\"},\"headline\":\"Marcos Braz fala sobre excesso de cart\u00f5es de Gabigol no Flamengo\",\"datePublished\":\"2022-09-11T02:39:41+00:00\",\"dateModified\":\"2022-09-11T02:39:44+00:00\",\"mainEntityOfPage\":{\"@id\":\"https:\/\/www.gaveanews.com\/index.php\/2022\/09\/10\/marcos-braz-fala-sobre-excesso-de-cartoes-de-gabigol-no-flamengo\/\"},\"wordCount\":234,\"commentCount\":0,\"image\":{\"@id\":\"https:\/\/www.gaveanews.com\/index.php\/2022\/09\/10\/marcos-braz-fala-sobre-excesso-de-cartoes-de-gabigol-no-flamengo\/#primaryimage\"},\"thumbnailUrl\":\"https:\/\/www.gaveanews.com\/wp-content\/uploads\/Marcos-Braz-em-entrevista-no-CT-do-Flamengo-1.webp\",\"articleSection\":[\"Flamengo\"],\"inLanguage\":\"pt-BR\",\"potentialAction\":[{\"@type\":\"CommentAction\",\"name\":\"Comment\",\"target\":[\"https:\/\/www.gaveanews.com\/index.php\/2022\/09\/10\/marcos-braz-fala-sobre-excesso-de-cartoes-de-gabigol-no-flamengo\/#respond\"]}],\"copyrightYear\":\"2022\",\"copyrightHolder\":{\"@id\":\"https:\/\/www.gaveanews.com\/#organization\"}},{\"@type\":\"WebPage\",\"@id\":\"https:\/\/www.gaveanews.com\/index.php\/2022\/09\/10\/marcos-braz-fala-sobre-excesso-de-cartoes-de-gabigol-no-flamengo\/\",\"url\":\"https:\/\/www.gaveanews.com\/index.php\/2022\/09\/10\/marcos-braz-fala-sobre-excesso-de-cartoes-de-gabigol-no-flamengo\/\",\"name\":\"Marcos Braz fala sobre excesso de cart\u00f5es de Gabigol no Flamengo\",\"isPartOf\":{\"@id\":\"https:\/\/www.gaveanews.com\/#website\"},\"primaryImageOfPage\":{\"@id\":\"https:\/\/www.gaveanews.com\/index.php\/2022\/09\/10\/marcos-braz-fala-sobre-excesso-de-cartoes-de-gabigol-no-flamengo\/#primaryimage\"},\"image\":{\"@id\":\"https:\/\/www.gaveanews.com\/index.php\/2022\/09\/10\/marcos-braz-fala-sobre-excesso-de-cartoes-de-gabigol-no-flamengo\/#primaryimage\"},\"thumbnailUrl\":\"https:\/\/www.gaveanews.com\/wp-content\/uploads\/Marcos-Braz-em-entrevista-no-CT-do-Flamengo-1.webp\",\"datePublished\":\"2022-09-11T02:39:41+00:00\",\"dateModified\":\"2022-09-11T02:39:44+00:00\",\"author\":{\"@id\":\"https:\/\/www.gaveanews.com\/#\/schema\/person\/2ec14f73fb96be2caf28f91afb14749d\"},\"breadcrumb\":{\"@id\":\"https:\/\/www.gaveanews.com\/index.php\/2022\/09\/10\/marcos-braz-fala-sobre-excesso-de-cartoes-de-gabigol-no-flamengo\/#breadcrumb\"},\"inLanguage\":\"pt-BR\",\"potentialAction\":[{\"@type\":\"ReadAction\",\"target\":[\"https:\/\/www.gaveanews.com\/index.php\/2022\/09\/10\/marcos-braz-fala-sobre-excesso-de-cartoes-de-gabigol-no-flamengo\/\"]}]},{\"@type\":\"ImageObject\",\"inLanguage\":\"pt-BR\",\"@id\":\"https:\/\/www.gaveanews.com\/index.php\/2022\/09\/10\/marcos-braz-fala-sobre-excesso-de-cartoes-de-gabigol-no-flamengo\/#primaryimage\",\"url\":\"https:\/\/www.gaveanews.com\/wp-content\/uploads\/Marcos-Braz-em-entrevista-no-CT-do-Flamengo-1.webp\",\"contentUrl\":\"https:\/\/www.gaveanews.com\/wp-content\/uploads\/Marcos-Braz-em-entrevista-no-CT-do-Flamengo-1.webp\",\"width\":799,\"height\":533,\"caption\":\"Marcos Braz em entrevista no CT do Flamengo (Foto: Gilvan de Souza\/Flamengo)\"},{\"@type\":\"BreadcrumbList\",\"@id\":\"https:\/\/www.gaveanews.com\/index.php\/2022\/09\/10\/marcos-braz-fala-sobre-excesso-de-cartoes-de-gabigol-no-flamengo\/#breadcrumb\",\"itemListElement\":[{\"@type\":\"ListItem\",\"position\":1,\"name\":\"Home\",\"item\":\"https:\/\/www.gaveanews.com\/\"},{\"@type\":\"ListItem\",\"position\":2,\"name\":\"Marcos Braz fala sobre excesso de cart\u00f5es de Gabigol no Flamengo\"}]},{\"@type\":\"WebSite\",\"@id\":\"https:\/\/www.gaveanews.com\/#website\",\"url\":\"https:\/\/www.gaveanews.com\/\",\"name\":\"G\u00e1vea News\",\"description\":\"Veja todas as not\u00edcias sobre o Flamengo: Contrata\u00e7\u00f5es, categorias de base, resultados das partidas, tabela de classifica\u00e7\u00e3o, pr\u00f3ximos jogos!\",\"potentialAction\":[{\"@type\":\"SearchAction\",\"target\":{\"@type\":\"EntryPoint\",\"urlTemplate\":\"https:\/\/www.gaveanews.com\/?s={search_term_string}\"},\"query-input\":{\"@type\":\"PropertyValueSpecification\",\"valueRequired\":true,\"valueName\":\"search_term_string\"}}],\"inLanguage\":\"pt-BR\"},{\"@type\":\"Person\",\"@id\":\"https:\/\/www.gaveanews.com\/#\/schema\/person\/2ec14f73fb96be2caf28f91afb14749d\",\"name\":\"Equipe G\u00e1vea News\",\"image\":{\"@type\":\"ImageObject\",\"inLanguage\":\"pt-BR\",\"@id\":\"https:\/\/www.gaveanews.com\/#\/schema\/person\/image\/\",\"url\":\"https:\/\/secure.gravatar.com\/avatar\/1e1956f1facbffd3f8fa53a326721950116b3b9dc9bd44939c01180fd4a745a9?s=96&d=mm&r=g\",\"contentUrl\":\"https:\/\/secure.gravatar.com\/avatar\/1e1956f1facbffd3f8fa53a326721950116b3b9dc9bd44939c01180fd4a745a9?s=96&d=mm&r=g\",\"caption\":\"Equipe G\u00e1vea News\"}}]}<\/script>\n<!-- \/ Yoast SEO Premium plugin. -->","yoast_head_json":{"title":"Marcos Braz fala sobre excesso de cart\u00f5es de Gabigol no Flamengo","robots":{"index":"index","follow":"follow","max-snippet":"max-snippet:-1","max-image-preview":"max-image-preview:large","max-video-preview":"max-video-preview:-1"},"canonical":"https:\/\/www.gaveanews.com\/index.php\/2022\/09\/10\/marcos-braz-fala-sobre-excesso-de-cartoes-de-gabigol-no-flamengo\/","og_locale":"pt_BR","og_type":"article","og_title":"Marcos Braz fala sobre excesso de cart\u00f5es de Gabigol no Flamengo","og_description":"A idolatria de Gabigol no Flamengo n\u00e3o se discute, mas o temperamento forte do camisa 9 tem lhe prejudicado nos \u00faltimos jogos. O centroavante foi expulso contra o Cear\u00e1 por reclama\u00e7\u00e3o e vem sendo criticado pelo excesso de cart\u00f5es amarelos que sofre por reclama\u00e7\u00e3o. Em entrevista ao S1 Live e Paparazzo Rubro-Negro, o vice-presidente de [&hellip;]","og_url":"https:\/\/www.gaveanews.com\/index.php\/2022\/09\/10\/marcos-braz-fala-sobre-excesso-de-cartoes-de-gabigol-no-flamengo\/","og_site_name":"G\u00e1vea News","article_publisher":"https:\/\/facebook.com\/gaveaNews\/","article_published_time":"2022-09-11T02:39:41+00:00","article_modified_time":"2022-09-11T02:39:44+00:00","og_image":[{"width":799,"height":533,"url":"https:\/\/www.gaveanews.com\/wp-content\/uploads\/Marcos-Braz-em-entrevista-no-CT-do-Flamengo-1.webp","type":"image\/jpeg"}],"author":"Equipe G\u00e1vea News","twitter_card":"summary_large_image","twitter_misc":{"Escrito por":"Equipe G\u00e1vea News","Est. tempo de leitura":"2 minutos"},"schema":{"@context":"https:\/\/schema.org","@graph":[{"@type":"NewsArticle","@id":"https:\/\/www.gaveanews.com\/index.php\/2022\/09\/10\/marcos-braz-fala-sobre-excesso-de-cartoes-de-gabigol-no-flamengo\/#article","isPartOf":{"@id":"https:\/\/www.gaveanews.com\/index.php\/2022\/09\/10\/marcos-braz-fala-sobre-excesso-de-cartoes-de-gabigol-no-flamengo\/"},"author":{"name":"Equipe G\u00e1vea News","@id":"https:\/\/www.gaveanews.com\/#\/schema\/person\/2ec14f73fb96be2caf28f91afb14749d"},"headline":"Marcos Braz fala sobre excesso de cart\u00f5es de Gabigol no Flamengo","datePublished":"2022-09-11T02:39:41+00:00","dateModified":"2022-09-11T02:39:44+00:00","mainEntityOfPage":{"@id":"https:\/\/www.gaveanews.com\/index.php\/2022\/09\/10\/marcos-braz-fala-sobre-excesso-de-cartoes-de-gabigol-no-flamengo\/"},"wordCount":234,"commentCount":0,"image":{"@id":"https:\/\/www.gaveanews.com\/index.php\/2022\/09\/10\/marcos-braz-fala-sobre-excesso-de-cartoes-de-gabigol-no-flamengo\/#primaryimage"},"thumbnailUrl":"https:\/\/www.gaveanews.com\/wp-content\/uploads\/Marcos-Braz-em-entrevista-no-CT-do-Flamengo-1.webp","articleSection":["Flamengo"],"inLanguage":"pt-BR","potentialAction":[{"@type":"CommentAction","name":"Comment","target":["https:\/\/www.gaveanews.com\/index.php\/2022\/09\/10\/marcos-braz-fala-sobre-excesso-de-cartoes-de-gabigol-no-flamengo\/#respond"]}],"copyrightYear":"2022","copyrightHolder":{"@id":"https:\/\/www.gaveanews.com\/#organization"}},{"@type":"WebPage","@id":"https:\/\/www.gaveanews.com\/index.php\/2022\/09\/10\/marcos-braz-fala-sobre-excesso-de-cartoes-de-gabigol-no-flamengo\/","url":"https:\/\/www.gaveanews.com\/index.php\/2022\/09\/10\/marcos-braz-fala-sobre-excesso-de-cartoes-de-gabigol-no-flamengo\/","name":"Marcos Braz fala sobre excesso de cart\u00f5es de Gabigol no Flamengo","isPartOf":{"@id":"https:\/\/www.gaveanews.com\/#website"},"primaryImageOfPage":{"@id":"https:\/\/www.gaveanews.com\/index.php\/2022\/09\/10\/marcos-braz-fala-sobre-excesso-de-cartoes-de-gabigol-no-flamengo\/#primaryimage"},"image":{"@id":"https:\/\/www.gaveanews.com\/index.php\/2022\/09\/10\/marcos-braz-fala-sobre-excesso-de-cartoes-de-gabigol-no-flamengo\/#primaryimage"},"thumbnailUrl":"https:\/\/www.gaveanews.com\/wp-content\/uploads\/Marcos-Braz-em-entrevista-no-CT-do-Flamengo-1.webp","datePublished":"2022-09-11T02:39:41+00:00","dateModified":"2022-09-11T02:39:44+00:00","author":{"@id":"https:\/\/www.gaveanews.com\/#\/schema\/person\/2ec14f73fb96be2caf28f91afb14749d"},"breadcrumb":{"@id":"https:\/\/www.gaveanews.com\/index.php\/2022\/09\/10\/marcos-braz-fala-sobre-excesso-de-cartoes-de-gabigol-no-flamengo\/#breadcrumb"},"inLanguage":"pt-BR","potentialAction":[{"@type":"ReadAction","target":["https:\/\/www.gaveanews.com\/index.php\/2022\/09\/10\/marcos-braz-fala-sobre-excesso-de-cartoes-de-gabigol-no-flamengo\/"]}]},{"@type":"ImageObject","inLanguage":"pt-BR","@id":"https:\/\/www.gaveanews.com\/index.php\/2022\/09\/10\/marcos-braz-fala-sobre-excesso-de-cartoes-de-gabigol-no-flamengo\/#primaryimage","url":"https:\/\/www.gaveanews.com\/wp-content\/uploads\/Marcos-Braz-em-entrevista-no-CT-do-Flamengo-1.webp","contentUrl":"https:\/\/www.gaveanews.com\/wp-content\/uploads\/Marcos-Braz-em-entrevista-no-CT-do-Flamengo-1.webp","width":799,"height":533,"caption":"Marcos Braz em entrevista no CT do Flamengo (Foto: Gilvan de Souza\/Flamengo)"},{"@type":"BreadcrumbList","@id":"https:\/\/www.gaveanews.com\/index.php\/2022\/09\/10\/marcos-braz-fala-sobre-excesso-de-cartoes-de-gabigol-no-flamengo\/#breadcrumb","itemListElement":[{"@type":"ListItem","position":1,"name":"Home","item":"https:\/\/www.gaveanews.com\/"},{"@type":"ListItem","position":2,"name":"Marcos Braz fala sobre excesso de cart\u00f5es de Gabigol no Flamengo"}]},{"@type":"WebSite","@id":"https:\/\/www.gaveanews.com\/#website","url":"https:\/\/www.gaveanews.com\/","name":"G\u00e1vea News","description":"Veja todas as not\u00edcias sobre o Flamengo: Contrata\u00e7\u00f5es, categorias de base, resultados das partidas, tabela de classifica\u00e7\u00e3o, pr\u00f3ximos jogos!","potentialAction":[{"@type":"SearchAction","target":{"@type":"EntryPoint","urlTemplate":"https:\/\/www.gaveanews.com\/?s={search_term_string}"},"query-input":{"@type":"PropertyValueSpecification","valueRequired":true,"valueName":"search_term_string"}}],"inLanguage":"pt-BR"},{"@type":"Person","@id":"https:\/\/www.gaveanews.com\/#\/schema\/person\/2ec14f73fb96be2caf28f91afb14749d","name":"Equipe G\u00e1vea News","image":{"@type":"ImageObject","inLanguage":"pt-BR","@id":"https:\/\/www.gaveanews.com\/#\/schema\/person\/image\/","url":"https:\/\/secure.gravatar.com\/avatar\/1e1956f1facbffd3f8fa53a326721950116b3b9dc9bd44939c01180fd4a745a9?s=96&d=mm&r=g","contentUrl":"https:\/\/secure.gravatar.com\/avatar\/1e1956f1facbffd3f8fa53a326721950116b3b9dc9bd44939c01180fd4a745a9?s=96&d=mm&r=g","caption":"Equipe G\u00e1vea News"}}]}},"_links":{"self":[{"href":"https:\/\/www.gaveanews.com\/index.php\/wp-json\/wp\/v2\/posts\/87155","targetHints":{"allow":["GET"]}}],"collection":[{"href":"https:\/\/www.gaveanews.com\/index.php\/wp-json\/wp\/v2\/posts"}],"about":[{"href":"https:\/\/www.gaveanews.com\/index.php\/wp-json\/wp\/v2\/types\/post"}],"author":[{"embeddable":true,"href":"https:\/\/www.gaveanews.com\/index.php\/wp-json\/wp\/v2\/users\/1"}],"replies":[{"embeddable":true,"href":"https:\/\/www.gaveanews.com\/index.php\/wp-json\/wp\/v2\/comments?post=87155"}],"version-history":[{"count":0,"href":"https:\/\/www.gaveanews.com\/index.php\/wp-json\/wp\/v2\/posts\/87155\/revisions"}],"wp:featuredmedia":[{"embeddable":true,"href":"https:\/\/www.gaveanews.com\/index.php\/wp-json\/wp\/v2\/media\/85562"}],"wp:attachment":[{"href":"https:\/\/www.gaveanews.com\/index.php\/wp-json\/wp\/v2\/media?parent=87155"}],"wp:term":[{"taxonomy":"category","embeddable":true,"href":"https:\/\/www.gaveanews.com\/index.php\/wp-json\/wp\/v2\/categories?post=87155"},{"taxonomy":"post_tag","embeddable":true,"href":"https:\/\/www.gaveanews.com\/index.php\/wp-json\/wp\/v2\/tags?post=87155"}],"curies":[{"name":"wp","href":"https:\/\/api.w.org\/{rel}","templated":true}]}}